{"id":11068,"date":"2022-08-12T09:58:31","date_gmt":"2022-08-12T07:58:31","guid":{"rendered":"https:\/\/encompaniastj.org\/rosalina-antunes-araujo-12-de-agosto-de-2022-fatima-residencia\/"},"modified":"2025-07-07T16:23:22","modified_gmt":"2025-07-07T14:23:22","slug":"rosalina-antunes-araujo-12-de-agosto-de-2022-fatima-residencia","status":"publish","type":"post","link":"https:\/\/encompaniastj.org\/pt-pt\/rosalina-antunes-araujo-12-de-agosto-de-2022-fatima-residencia\/","title":{"rendered":"Rosalina Antunes Ara\u00fajo. 12 de agosto de 2022 (F\u00e1tima Residencia)"},"content":{"rendered":"<p>No dia 13 de agosto de 2022, com 99 anos, faleceu em F\u00e1tima, a nossa querida irm\u00e3 Rosalina Antunes de Ara\u00fajo. Nasceu em Caldelas, Amares \u2013 Braga. Entrou na Companhia no dia 18\/03\/1943.<\/p>\n<p>A Irm\u00e3 Rosalina de Santa Teresa Antunes Ara\u00fajo, fez parte do grupo das fundadoras da Companhia de Santa Teresa de Jesus em Angola, um grupo de mission\u00e1rias escolhidas dentre as muitas que voluntariamente se ofereceram para trabalhar em Angola. Partiram de Lisboa no navio \u201cMo\u00e7ambique\u201d que realizava a sua primeira viagem, no dia 19 de novembro de 1949, e chegaram a Bela Vista \u2013 Huambo, no dia 3 de dezembro de 1949, festa do grande Mission\u00e1rio S\u00e3o Francisco Xavier.<\/p>\n<p>As irm\u00e3s Teresianas de Angola que a conheceram, dizem que ela se entregou totalmente na sua vida de mission\u00e1ria. N\u00e3o havia trabalho ou ocupa\u00e7\u00e3o que n\u00e3o estivesse disposta a assumir, respondendo sempre com eximia responsabilidade. Tinha iniciativas para socorrer qualquer dificuldade que aparecesse e procurava meios e maneira de atender as necessidades que via ou lhe eram apresentadas.<\/p>\n<p>A disponibilidade sempre foi a marca da sua vida e mesmo j\u00e1 de idade avan\u00e7ada, estava sempre pronta para ajudar em tudo o que podia. Interessava-se por todas as obras que ainda se levavam nas miss\u00f5es da Companhia, perguntando e acompanhando, sempre que se encontrasse com as mission\u00e1rias. A recorda\u00e7\u00e3o da Irm\u00e3 Rosalina, estimula-nos a viver com entusiasmo a nossa vida em miss\u00e3o.<\/p>\n<p>Como Teresiana e Mission\u00e1ria em Angola, passou por v\u00e1rias casas onde se entregou de alma e cora\u00e7\u00e3o \u00e0 miss\u00e3o evangelizadora. Regressou a Portugal no ano de 1975.<\/p>\n<p>As irm\u00e3s Teresianas, a sua Fam\u00edlia e Amigos, todos somos testemunhas de que a Irm\u00e3 Rosalina era uma irm\u00e3 alegre e servi\u00e7al. Sempre tinha um sorriso a quem se aproximasse dela.<\/p>\n<p>Acreditamos que, na misteriosa passagem desta vida para o Pai, a Irm\u00e3 Rosalina j\u00e1 recebeu o abra\u00e7o do Senhor a Quem amou e por Quem se entregou totalmente, ao servi\u00e7o dos irm\u00e3os. Ela que viveu na f\u00e9, praticou o bem, vive j\u00e1 a realidade do seu Encontro com o Pai Misericordioso que a acolhe de bra\u00e7os abertos.<\/p>\n<p>Vivemos a saudade da sua partida, do seu estar entre n\u00f3s; mas, partilhamos a mesma F\u00e9 e damos gra\u00e7as a Deus pelo dom da sua vida entregue ao servi\u00e7o da Igreja na Companhia de Santa Teresa de Jesus.<\/p>\n","protected":false},"excerpt":{"rendered":"<p>No dia 13 de agosto de 2022, com 99 anos, faleceu em F\u00e1tima, a nossa querida irm\u00e3 Rosalina Antunes de Ara\u00fajo. Nasceu em Caldelas, Amares \u2013 Braga. Entrou na Companhia [&hellip;]<\/p>\n","protected":false},"author":1,"featured_media":7965,"comment_status":"open","ping_status":"open","sticky":false,"template":"","format":"standard","meta":{"_acf_changed":false,"footnotes":""},"categories":[69],"tags":[],"class_list":["post-11068","post","type-post","status-publish","format-standard","has-post-thumbnail","hentry","category-falecimentos"],"acf":[],"yoast_head":"<!-- This site is optimized with the Yoast SEO plugin v27.5 - https:\/\/yoast.com\/product\/yoast-seo-wordpress\/ -->\n<title>Rosalina Antunes Ara\u00fajo. 12 de agosto de 2022 (F\u00e1tima Residencia) - En Compa\u00f1\u00eda STJ<\/title>\n<meta name=\"robots\" content=\"index, follow, max-snippet:-1, max-image-preview:large, max-video-preview:-1\" \/>\n<link rel=\"canonical\" href=\"https:\/\/encompaniastj.org\/pt-pt\/rosalina-antunes-araujo-12-de-agosto-de-2022-fatima-residencia\/\" \/>\n<meta property=\"og:locale\" content=\"pt_PT\" \/>\n<meta property=\"og:type\" content=\"article\" \/>\n<meta property=\"og:title\" content=\"Rosalina Antunes Ara\u00fajo. 12 de agosto de 2022 (F\u00e1tima Residencia) - En Compa\u00f1\u00eda STJ\" \/>\n<meta property=\"og:description\" content=\"No dia 13 de agosto de 2022, com 99 anos, faleceu em F\u00e1tima, a nossa querida irm\u00e3 Rosalina Antunes de Ara\u00fajo. Nasceu em Caldelas, Amares \u2013 Braga. Entrou na Companhia [&hellip;]\" \/>\n<meta property=\"og:url\" content=\"https:\/\/encompaniastj.org\/pt-pt\/rosalina-antunes-araujo-12-de-agosto-de-2022-fatima-residencia\/\" \/>\n<meta property=\"og:site_name\" content=\"En Compa\u00f1\u00eda STJ\" \/>\n<meta property=\"article:published_time\" content=\"2022-08-12T07:58:31+00:00\" \/>\n<meta property=\"article:modified_time\" content=\"2025-07-07T14:23:22+00:00\" \/>\n<meta property=\"og:image\" content=\"https:\/\/encompaniastj.org\/wp-content\/uploads\/2025\/05\/istockphoto-1176580963-612x612-1.jpg\" \/>\n\t<meta property=\"og:image:width\" content=\"612\" \/>\n\t<meta property=\"og:image:height\" content=\"348\" \/>\n\t<meta property=\"og:image:type\" content=\"image\/jpeg\" \/>\n<meta name=\"author\" content=\"admin\" \/>\n<meta name=\"twitter:card\" content=\"summary_large_image\" \/>\n<meta name=\"twitter:label1\" content=\"Escrito por\" \/>\n\t<meta name=\"twitter:data1\" content=\"admin\" \/>\n\t<meta name=\"twitter:label2\" content=\"Tempo estimado de leitura\" \/>\n\t<meta name=\"twitter:data2\" content=\"2 minutos\" \/>\n<script type=\"application\/ld+json\" class=\"yoast-schema-graph\">{\"@context\":\"https:\\\/\\\/schema.org\",\"@graph\":[{\"@type\":\"Article\",\"@id\":\"https:\\\/\\\/encompaniastj.org\\\/pt-pt\\\/rosalina-antunes-araujo-12-de-agosto-de-2022-fatima-residencia\\\/#article\",\"isPartOf\":{\"@id\":\"https:\\\/\\\/encompaniastj.org\\\/pt-pt\\\/rosalina-antunes-araujo-12-de-agosto-de-2022-fatima-residencia\\\/\"},\"author\":{\"name\":\"admin\",\"@id\":\"https:\\\/\\\/encompaniastj.org\\\/pt-pt\\\/#\\\/schema\\\/person\\\/520e7ecc314793d40091993c2a02b651\"},\"headline\":\"Rosalina Antunes Ara\u00fajo. 12 de agosto de 2022 (F\u00e1tima Residencia)\",\"datePublished\":\"2022-08-12T07:58:31+00:00\",\"dateModified\":\"2025-07-07T14:23:22+00:00\",\"mainEntityOfPage\":{\"@id\":\"https:\\\/\\\/encompaniastj.org\\\/pt-pt\\\/rosalina-antunes-araujo-12-de-agosto-de-2022-fatima-residencia\\\/\"},\"wordCount\":415,\"commentCount\":0,\"publisher\":{\"@id\":\"https:\\\/\\\/encompaniastj.org\\\/pt-pt\\\/#organization\"},\"image\":{\"@id\":\"https:\\\/\\\/encompaniastj.org\\\/pt-pt\\\/rosalina-antunes-araujo-12-de-agosto-de-2022-fatima-residencia\\\/#primaryimage\"},\"thumbnailUrl\":\"https:\\\/\\\/encompaniastj.org\\\/wp-content\\\/uploads\\\/2025\\\/05\\\/istockphoto-1176580963-612x612-1.jpg\",\"articleSection\":[\"Falecimentos\"],\"inLanguage\":\"pt-PT\",\"potentialAction\":[{\"@type\":\"CommentAction\",\"name\":\"Comment\",\"target\":[\"https:\\\/\\\/encompaniastj.org\\\/pt-pt\\\/rosalina-antunes-araujo-12-de-agosto-de-2022-fatima-residencia\\\/#respond\"]}]},{\"@type\":\"WebPage\",\"@id\":\"https:\\\/\\\/encompaniastj.org\\\/pt-pt\\\/rosalina-antunes-araujo-12-de-agosto-de-2022-fatima-residencia\\\/\",\"url\":\"https:\\\/\\\/encompaniastj.org\\\/pt-pt\\\/rosalina-antunes-araujo-12-de-agosto-de-2022-fatima-residencia\\\/\",\"name\":\"Rosalina Antunes Ara\u00fajo. 12 de agosto de 2022 (F\u00e1tima Residencia) - En Compa\u00f1\u00eda STJ\",\"isPartOf\":{\"@id\":\"https:\\\/\\\/encompaniastj.org\\\/pt-pt\\\/#website\"},\"primaryImageOfPage\":{\"@id\":\"https:\\\/\\\/encompaniastj.org\\\/pt-pt\\\/rosalina-antunes-araujo-12-de-agosto-de-2022-fatima-residencia\\\/#primaryimage\"},\"image\":{\"@id\":\"https:\\\/\\\/encompaniastj.org\\\/pt-pt\\\/rosalina-antunes-araujo-12-de-agosto-de-2022-fatima-residencia\\\/#primaryimage\"},\"thumbnailUrl\":\"https:\\\/\\\/encompaniastj.org\\\/wp-content\\\/uploads\\\/2025\\\/05\\\/istockphoto-1176580963-612x612-1.jpg\",\"datePublished\":\"2022-08-12T07:58:31+00:00\",\"dateModified\":\"2025-07-07T14:23:22+00:00\",\"breadcrumb\":{\"@id\":\"https:\\\/\\\/encompaniastj.org\\\/pt-pt\\\/rosalina-antunes-araujo-12-de-agosto-de-2022-fatima-residencia\\\/#breadcrumb\"},\"inLanguage\":\"pt-PT\",\"potentialAction\":[{\"@type\":\"ReadAction\",\"target\":[\"https:\\\/\\\/encompaniastj.org\\\/pt-pt\\\/rosalina-antunes-araujo-12-de-agosto-de-2022-fatima-residencia\\\/\"]}]},{\"@type\":\"ImageObject\",\"inLanguage\":\"pt-PT\",\"@id\":\"https:\\\/\\\/encompaniastj.org\\\/pt-pt\\\/rosalina-antunes-araujo-12-de-agosto-de-2022-fatima-residencia\\\/#primaryimage\",\"url\":\"https:\\\/\\\/encompaniastj.org\\\/wp-content\\\/uploads\\\/2025\\\/05\\\/istockphoto-1176580963-612x612-1.jpg\",\"contentUrl\":\"https:\\\/\\\/encompaniastj.org\\\/wp-content\\\/uploads\\\/2025\\\/05\\\/istockphoto-1176580963-612x612-1.jpg\",\"width\":612,\"height\":348},{\"@type\":\"BreadcrumbList\",\"@id\":\"https:\\\/\\\/encompaniastj.org\\\/pt-pt\\\/rosalina-antunes-araujo-12-de-agosto-de-2022-fatima-residencia\\\/#breadcrumb\",\"itemListElement\":[{\"@type\":\"ListItem\",\"position\":1,\"name\":\"Portada\",\"item\":\"https:\\\/\\\/encompaniastj.org\\\/pt-pt\\\/\"},{\"@type\":\"ListItem\",\"position\":2,\"name\":\"Rosalina Antunes Ara\u00fajo. 12 de agosto de 2022 (F\u00e1tima Residencia)\"}]},{\"@type\":\"WebSite\",\"@id\":\"https:\\\/\\\/encompaniastj.org\\\/pt-pt\\\/#website\",\"url\":\"https:\\\/\\\/encompaniastj.org\\\/pt-pt\\\/\",\"name\":\"En Compa\u00f1\u00eda STJ\",\"description\":\"Bolet\u00edn de la Compa\u00f1\u00eda de Santa Teresa de Jes\u00fas\",\"publisher\":{\"@id\":\"https:\\\/\\\/encompaniastj.org\\\/pt-pt\\\/#organization\"},\"potentialAction\":[{\"@type\":\"SearchAction\",\"target\":{\"@type\":\"EntryPoint\",\"urlTemplate\":\"https:\\\/\\\/encompaniastj.org\\\/pt-pt\\\/?s={search_term_string}\"},\"query-input\":{\"@type\":\"PropertyValueSpecification\",\"valueRequired\":true,\"valueName\":\"search_term_string\"}}],\"inLanguage\":\"pt-PT\"},{\"@type\":\"Organization\",\"@id\":\"https:\\\/\\\/encompaniastj.org\\\/pt-pt\\\/#organization\",\"name\":\"Compa\u00f1\u00eda de Santa Teresa de Jes\u00fas\",\"url\":\"https:\\\/\\\/encompaniastj.org\\\/pt-pt\\\/\",\"logo\":{\"@type\":\"ImageObject\",\"inLanguage\":\"pt-PT\",\"@id\":\"https:\\\/\\\/encompaniastj.org\\\/pt-pt\\\/#\\\/schema\\\/logo\\\/image\\\/\",\"url\":\"https:\\\/\\\/encompaniastj.org\\\/wp-content\\\/uploads\\\/2025\\\/04\\\/logo_provincias02-1-3.png\",\"contentUrl\":\"https:\\\/\\\/encompaniastj.org\\\/wp-content\\\/uploads\\\/2025\\\/04\\\/logo_provincias02-1-3.png\",\"width\":2368,\"height\":825,\"caption\":\"Compa\u00f1\u00eda de Santa Teresa de Jes\u00fas\"},\"image\":{\"@id\":\"https:\\\/\\\/encompaniastj.org\\\/pt-pt\\\/#\\\/schema\\\/logo\\\/image\\\/\"}},{\"@type\":\"Person\",\"@id\":\"https:\\\/\\\/encompaniastj.org\\\/pt-pt\\\/#\\\/schema\\\/person\\\/520e7ecc314793d40091993c2a02b651\",\"name\":\"admin\",\"image\":{\"@type\":\"ImageObject\",\"inLanguage\":\"pt-PT\",\"@id\":\"https:\\\/\\\/secure.gravatar.com\\\/avatar\\\/948b492cce32b586ac2db0eaa926ee87024f7afe218d73b397ea5ddfc5f43ea1?s=96&d=mm&r=g\",\"url\":\"https:\\\/\\\/secure.gravatar.com\\\/avatar\\\/948b492cce32b586ac2db0eaa926ee87024f7afe218d73b397ea5ddfc5f43ea1?s=96&d=mm&r=g\",\"contentUrl\":\"https:\\\/\\\/secure.gravatar.com\\\/avatar\\\/948b492cce32b586ac2db0eaa926ee87024f7afe218d73b397ea5ddfc5f43ea1?s=96&d=mm&r=g\",\"caption\":\"admin\"},\"sameAs\":[\"https:\\\/\\\/encompaniastj.org\"],\"url\":\"https:\\\/\\\/encompaniastj.org\\\/pt-pt\\\/author\\\/sjdigital\\\/\"}]}<\/script>\n<!-- \/ Yoast SEO plugin. -->","yoast_head_json":{"title":"Rosalina Antunes Ara\u00fajo. 12 de agosto de 2022 (F\u00e1tima Residencia) - En Compa\u00f1\u00eda STJ","robots":{"index":"index","follow":"follow","max-snippet":"max-snippet:-1","max-image-preview":"max-image-preview:large","max-video-preview":"max-video-preview:-1"},"canonical":"https:\/\/encompaniastj.org\/pt-pt\/rosalina-antunes-araujo-12-de-agosto-de-2022-fatima-residencia\/","og_locale":"pt_PT","og_type":"article","og_title":"Rosalina Antunes Ara\u00fajo. 12 de agosto de 2022 (F\u00e1tima Residencia) - En Compa\u00f1\u00eda STJ","og_description":"No dia 13 de agosto de 2022, com 99 anos, faleceu em F\u00e1tima, a nossa querida irm\u00e3 Rosalina Antunes de Ara\u00fajo. Nasceu em Caldelas, Amares \u2013 Braga. Entrou na Companhia [&hellip;]","og_url":"https:\/\/encompaniastj.org\/pt-pt\/rosalina-antunes-araujo-12-de-agosto-de-2022-fatima-residencia\/","og_site_name":"En Compa\u00f1\u00eda STJ","article_published_time":"2022-08-12T07:58:31+00:00","article_modified_time":"2025-07-07T14:23:22+00:00","og_image":[{"width":612,"height":348,"url":"https:\/\/encompaniastj.org\/wp-content\/uploads\/2025\/05\/istockphoto-1176580963-612x612-1.jpg","type":"image\/jpeg"}],"author":"admin","twitter_card":"summary_large_image","twitter_misc":{"Escrito por":"admin","Tempo estimado de leitura":"2 minutos"},"schema":{"@context":"https:\/\/schema.org","@graph":[{"@type":"Article","@id":"https:\/\/encompaniastj.org\/pt-pt\/rosalina-antunes-araujo-12-de-agosto-de-2022-fatima-residencia\/#article","isPartOf":{"@id":"https:\/\/encompaniastj.org\/pt-pt\/rosalina-antunes-araujo-12-de-agosto-de-2022-fatima-residencia\/"},"author":{"name":"admin","@id":"https:\/\/encompaniastj.org\/pt-pt\/#\/schema\/person\/520e7ecc314793d40091993c2a02b651"},"headline":"Rosalina Antunes Ara\u00fajo. 12 de agosto de 2022 (F\u00e1tima Residencia)","datePublished":"2022-08-12T07:58:31+00:00","dateModified":"2025-07-07T14:23:22+00:00","mainEntityOfPage":{"@id":"https:\/\/encompaniastj.org\/pt-pt\/rosalina-antunes-araujo-12-de-agosto-de-2022-fatima-residencia\/"},"wordCount":415,"commentCount":0,"publisher":{"@id":"https:\/\/encompaniastj.org\/pt-pt\/#organization"},"image":{"@id":"https:\/\/encompaniastj.org\/pt-pt\/rosalina-antunes-araujo-12-de-agosto-de-2022-fatima-residencia\/#primaryimage"},"thumbnailUrl":"https:\/\/encompaniastj.org\/wp-content\/uploads\/2025\/05\/istockphoto-1176580963-612x612-1.jpg","articleSection":["Falecimentos"],"inLanguage":"pt-PT","potentialAction":[{"@type":"CommentAction","name":"Comment","target":["https:\/\/encompaniastj.org\/pt-pt\/rosalina-antunes-araujo-12-de-agosto-de-2022-fatima-residencia\/#respond"]}]},{"@type":"WebPage","@id":"https:\/\/encompaniastj.org\/pt-pt\/rosalina-antunes-araujo-12-de-agosto-de-2022-fatima-residencia\/","url":"https:\/\/encompaniastj.org\/pt-pt\/rosalina-antunes-araujo-12-de-agosto-de-2022-fatima-residencia\/","name":"Rosalina Antunes Ara\u00fajo. 12 de agosto de 2022 (F\u00e1tima Residencia) - En Compa\u00f1\u00eda STJ","isPartOf":{"@id":"https:\/\/encompaniastj.org\/pt-pt\/#website"},"primaryImageOfPage":{"@id":"https:\/\/encompaniastj.org\/pt-pt\/rosalina-antunes-araujo-12-de-agosto-de-2022-fatima-residencia\/#primaryimage"},"image":{"@id":"https:\/\/encompaniastj.org\/pt-pt\/rosalina-antunes-araujo-12-de-agosto-de-2022-fatima-residencia\/#primaryimage"},"thumbnailUrl":"https:\/\/encompaniastj.org\/wp-content\/uploads\/2025\/05\/istockphoto-1176580963-612x612-1.jpg","datePublished":"2022-08-12T07:58:31+00:00","dateModified":"2025-07-07T14:23:22+00:00","breadcrumb":{"@id":"https:\/\/encompaniastj.org\/pt-pt\/rosalina-antunes-araujo-12-de-agosto-de-2022-fatima-residencia\/#breadcrumb"},"inLanguage":"pt-PT","potentialAction":[{"@type":"ReadAction","target":["https:\/\/encompaniastj.org\/pt-pt\/rosalina-antunes-araujo-12-de-agosto-de-2022-fatima-residencia\/"]}]},{"@type":"ImageObject","inLanguage":"pt-PT","@id":"https:\/\/encompaniastj.org\/pt-pt\/rosalina-antunes-araujo-12-de-agosto-de-2022-fatima-residencia\/#primaryimage","url":"https:\/\/encompaniastj.org\/wp-content\/uploads\/2025\/05\/istockphoto-1176580963-612x612-1.jpg","contentUrl":"https:\/\/encompaniastj.org\/wp-content\/uploads\/2025\/05\/istockphoto-1176580963-612x612-1.jpg","width":612,"height":348},{"@type":"BreadcrumbList","@id":"https:\/\/encompaniastj.org\/pt-pt\/rosalina-antunes-araujo-12-de-agosto-de-2022-fatima-residencia\/#breadcrumb","itemListElement":[{"@type":"ListItem","position":1,"name":"Portada","item":"https:\/\/encompaniastj.org\/pt-pt\/"},{"@type":"ListItem","position":2,"name":"Rosalina Antunes Ara\u00fajo. 12 de agosto de 2022 (F\u00e1tima Residencia)"}]},{"@type":"WebSite","@id":"https:\/\/encompaniastj.org\/pt-pt\/#website","url":"https:\/\/encompaniastj.org\/pt-pt\/","name":"En Compa\u00f1\u00eda STJ","description":"Bolet\u00edn de la Compa\u00f1\u00eda de Santa Teresa de Jes\u00fas","publisher":{"@id":"https:\/\/encompaniastj.org\/pt-pt\/#organization"},"potentialAction":[{"@type":"SearchAction","target":{"@type":"EntryPoint","urlTemplate":"https:\/\/encompaniastj.org\/pt-pt\/?s={search_term_string}"},"query-input":{"@type":"PropertyValueSpecification","valueRequired":true,"valueName":"search_term_string"}}],"inLanguage":"pt-PT"},{"@type":"Organization","@id":"https:\/\/encompaniastj.org\/pt-pt\/#organization","name":"Compa\u00f1\u00eda de Santa Teresa de Jes\u00fas","url":"https:\/\/encompaniastj.org\/pt-pt\/","logo":{"@type":"ImageObject","inLanguage":"pt-PT","@id":"https:\/\/encompaniastj.org\/pt-pt\/#\/schema\/logo\/image\/","url":"https:\/\/encompaniastj.org\/wp-content\/uploads\/2025\/04\/logo_provincias02-1-3.png","contentUrl":"https:\/\/encompaniastj.org\/wp-content\/uploads\/2025\/04\/logo_provincias02-1-3.png","width":2368,"height":825,"caption":"Compa\u00f1\u00eda de Santa Teresa de Jes\u00fas"},"image":{"@id":"https:\/\/encompaniastj.org\/pt-pt\/#\/schema\/logo\/image\/"}},{"@type":"Person","@id":"https:\/\/encompaniastj.org\/pt-pt\/#\/schema\/person\/520e7ecc314793d40091993c2a02b651","name":"admin","image":{"@type":"ImageObject","inLanguage":"pt-PT","@id":"https:\/\/secure.gravatar.com\/avatar\/948b492cce32b586ac2db0eaa926ee87024f7afe218d73b397ea5ddfc5f43ea1?s=96&d=mm&r=g","url":"https:\/\/secure.gravatar.com\/avatar\/948b492cce32b586ac2db0eaa926ee87024f7afe218d73b397ea5ddfc5f43ea1?s=96&d=mm&r=g","contentUrl":"https:\/\/secure.gravatar.com\/avatar\/948b492cce32b586ac2db0eaa926ee87024f7afe218d73b397ea5ddfc5f43ea1?s=96&d=mm&r=g","caption":"admin"},"sameAs":["https:\/\/encompaniastj.org"],"url":"https:\/\/encompaniastj.org\/pt-pt\/author\/sjdigital\/"}]}},"_links":{"self":[{"href":"https:\/\/encompaniastj.org\/pt-pt\/wp-json\/wp\/v2\/posts\/11068","targetHints":{"allow":["GET"]}}],"collection":[{"href":"https:\/\/encompaniastj.org\/pt-pt\/wp-json\/wp\/v2\/posts"}],"about":[{"href":"https:\/\/encompaniastj.org\/pt-pt\/wp-json\/wp\/v2\/types\/post"}],"author":[{"embeddable":true,"href":"https:\/\/encompaniastj.org\/pt-pt\/wp-json\/wp\/v2\/users\/1"}],"replies":[{"embeddable":true,"href":"https:\/\/encompaniastj.org\/pt-pt\/wp-json\/wp\/v2\/comments?post=11068"}],"version-history":[{"count":1,"href":"https:\/\/encompaniastj.org\/pt-pt\/wp-json\/wp\/v2\/posts\/11068\/revisions"}],"predecessor-version":[{"id":11069,"href":"https:\/\/encompaniastj.org\/pt-pt\/wp-json\/wp\/v2\/posts\/11068\/revisions\/11069"}],"wp:featuredmedia":[{"embeddable":true,"href":"https:\/\/encompaniastj.org\/pt-pt\/wp-json\/wp\/v2\/media\/7965"}],"wp:attachment":[{"href":"https:\/\/encompaniastj.org\/pt-pt\/wp-json\/wp\/v2\/media?parent=11068"}],"wp:term":[{"taxonomy":"category","embeddable":true,"href":"https:\/\/encompaniastj.org\/pt-pt\/wp-json\/wp\/v2\/categories?post=11068"},{"taxonomy":"post_tag","embeddable":true,"href":"https:\/\/encompaniastj.org\/pt-pt\/wp-json\/wp\/v2\/tags?post=11068"}],"curies":[{"name":"wp","href":"https:\/\/api.w.org\/{rel}","templated":true}]}}