{"id":11050,"date":"2022-07-26T13:39:56","date_gmt":"2022-07-26T11:39:56","guid":{"rendered":"https:\/\/encompaniastj.org\/bernarda-sevillano-garcia-19-de-julio-de-2022-salamanca-residencia-2\/"},"modified":"2025-07-07T16:23:20","modified_gmt":"2025-07-07T14:23:20","slug":"bernarda-sevillano-garcia-19-de-julio-de-2022-salamanca-residencia-2","status":"publish","type":"post","link":"https:\/\/encompaniastj.org\/pt-pt\/bernarda-sevillano-garcia-19-de-julio-de-2022-salamanca-residencia-2\/","title":{"rendered":"Bernarda Sevillano Garc\u00eda. 19 de julio de 2022 (Salamanca Residencia)"},"content":{"rendered":"<p><strong>\u201cA minha boca cantar\u00e1 a tua salva\u00e7\u00e3o, Senhor\u201d <\/strong>(Salmo 70)<\/p>\n<p>Nasceu h\u00e1 96 anos em Majuges, uma pequena aldeia da prov\u00edncia de Salamanca, no seio de uma fam\u00edlia simples de agricultores, onde aprendeu desde cedo a rezar e confiar em Deus e ajudar nas tarefas dom\u00e9sticas.<\/p>\n<p>Entrou no noviciado com apenas 18 anos e depois de passar o primeiro ano como professa em Ganduxer, em 1947 foi enviada para Cuba, onde permaneceu 11 anos entre as casas de Santa Clara e Cienfuegos. Em 1958 foi para Nicar\u00e1gua, para as comunidades de Granada e Man\u00e1gua at\u00e9 ao seu regresso a Espanha em 1965, para o col\u00e9gio de Salamanca. As comunidades de Huelva, Sevilha, Oviedo, Due\u00f1as, Madrid Puebla, Ciudad Rodrigo e finalmente, no ano de 2002 nesta Comunidade Teresiana de Salamanca, conhecemos a sua vida dedicada a diferentes of\u00edcios e ocupa\u00e7\u00f5es, realizados com discri\u00e7\u00e3o e cuidado.<\/p>\n<p>Tinha uma habilidade especial de &#8220;<em>sair com a sua<\/em>&#8221; e conseguir o que queria. Na comunidade guardamos v\u00e1rias anedotas de dentro e de fora de casa. Uma das suas &#8220;<em>amigas de andan\u00e7as pela cidade<\/em>&#8220;, ao mesmo tempo que sofria por ficar sem &#8220;<em>a sua insepar\u00e1vel Bernarda<\/em>&#8220;, confessou no dia do seu funeral que de vez em quando tinham feito &#8220;algumas travessuras&#8221;. A sua confiss\u00e3o fez-nos sorrir\u2026<\/p>\n<p>At\u00e9 ao m\u00eas de abril, quando tiveram que oper\u00e1-la \u00e0 anca, devido a uma queda, da qual ela j\u00e1 n\u00e3o se recuperou e se foi deteriorando progressivamente, fazia uma vida normal e era totalmente aut\u00f3noma, cuidando de algumas tarefas dom\u00e9sticas. Ela gostava de estar comos seus amigos e conhecidos.<\/p>\n<p>A sua confian\u00e7a no Senhor era grande. Grande amante da Virgem de Lourdes, e do Pai Nosso, a quem sempre procurava p\u00f4r flores nas imagens que colocava. E especialmente de S\u00e3o Jos\u00e9. Todas as noites ele se despedia da imagem no corredor ao lado de seu quarto e dava bom dia bem cedo, \u00e0s vezes <em>\u201cqueixando-se a ele\u201d<\/em> porque n\u00e3o enviava voca\u00e7\u00f5es ou n\u00e3o lhe concedia o que pedia.<\/p>\n<p>Embora fosse de poucas palavras, observava e percebia as necessidades que surgiam e tentava suprir o m\u00e1ximo que podia. Generosa e boa irm\u00e3 com todos. Nos \u00faltimos meses ela sofria por n\u00e3o poder comunicar o que queria dizer e vimos como ela se deteriorou f\u00edsica e mentalmente dia a dia e em poucos meses, o Senhor a despojou de tudo para lev\u00e1-la para junto d\u2019 Ele com &#8220;o cora\u00e7\u00e3o cheio de nomes e generosa dedica\u00e7\u00e3o\u201d.<\/p>\n<p>J\u00e1 repousa junto ao Pai e com o Salmo da Eucaristia no 19\u00ba dia de sua morte, pedimos-lhe que \u201c<em>lhe mostre a sua miseric\u00f3rdia\u201d.<\/em><\/p>\n","protected":false},"excerpt":{"rendered":"<p>\u201cA minha boca cantar\u00e1 a tua salva\u00e7\u00e3o, Senhor\u201d (Salmo 70) Nasceu h\u00e1 96 anos em Majuges, uma pequena aldeia da prov\u00edncia de Salamanca, no seio de uma fam\u00edlia simples de [&hellip;]<\/p>\n","protected":false},"author":1,"featured_media":7955,"comment_status":"open","ping_status":"open","sticky":false,"template":"","format":"standard","meta":{"_acf_changed":false,"footnotes":""},"categories":[69,63],"tags":[],"class_list":["post-11050","post","type-post","status-publish","format-standard","has-post-thumbnail","hentry","category-falecimentos","category-fallecimientos"],"acf":[],"yoast_head":"<!-- This site is optimized with the Yoast SEO plugin v27.5 - https:\/\/yoast.com\/product\/yoast-seo-wordpress\/ -->\n<title>Bernarda Sevillano Garc\u00eda. 19 de julio de 2022 (Salamanca Residencia) - En Compa\u00f1\u00eda STJ<\/title>\n<meta name=\"robots\" content=\"index, follow, max-snippet:-1, max-image-preview:large, max-video-preview:-1\" \/>\n<link rel=\"canonical\" href=\"https:\/\/encompaniastj.org\/pt-pt\/bernarda-sevillano-garcia-19-de-julio-de-2022-salamanca-residencia-2\/\" \/>\n<meta property=\"og:locale\" content=\"pt_PT\" \/>\n<meta property=\"og:type\" content=\"article\" \/>\n<meta property=\"og:title\" content=\"Bernarda Sevillano Garc\u00eda. 19 de julio de 2022 (Salamanca Residencia) - En Compa\u00f1\u00eda STJ\" \/>\n<meta property=\"og:description\" content=\"\u201cA minha boca cantar\u00e1 a tua salva\u00e7\u00e3o, Senhor\u201d (Salmo 70) Nasceu h\u00e1 96 anos em Majuges, uma pequena aldeia da prov\u00edncia de Salamanca, no seio de uma fam\u00edlia simples de [&hellip;]\" \/>\n<meta property=\"og:url\" content=\"https:\/\/encompaniastj.org\/pt-pt\/bernarda-sevillano-garcia-19-de-julio-de-2022-salamanca-residencia-2\/\" \/>\n<meta property=\"og:site_name\" content=\"En Compa\u00f1\u00eda STJ\" \/>\n<meta property=\"article:published_time\" content=\"2022-07-26T11:39:56+00:00\" \/>\n<meta property=\"article:modified_time\" content=\"2025-07-07T14:23:20+00:00\" \/>\n<meta property=\"og:image\" content=\"https:\/\/encompaniastj.org\/wp-content\/uploads\/2025\/05\/foto1-1.jpg\" \/>\n\t<meta property=\"og:image:width\" content=\"1920\" \/>\n\t<meta property=\"og:image:height\" content=\"1221\" \/>\n\t<meta property=\"og:image:type\" content=\"image\/jpeg\" \/>\n<meta name=\"author\" content=\"admin\" \/>\n<meta name=\"twitter:card\" content=\"summary_large_image\" \/>\n<meta name=\"twitter:label1\" content=\"Escrito por\" \/>\n\t<meta name=\"twitter:data1\" content=\"admin\" \/>\n\t<meta name=\"twitter:label2\" content=\"Tempo estimado de leitura\" \/>\n\t<meta name=\"twitter:data2\" content=\"2 minutos\" \/>\n<script type=\"application\/ld+json\" class=\"yoast-schema-graph\">{\"@context\":\"https:\\\/\\\/schema.org\",\"@graph\":[{\"@type\":\"Article\",\"@id\":\"https:\\\/\\\/encompaniastj.org\\\/pt-pt\\\/bernarda-sevillano-garcia-19-de-julio-de-2022-salamanca-residencia-2\\\/#article\",\"isPartOf\":{\"@id\":\"https:\\\/\\\/encompaniastj.org\\\/pt-pt\\\/bernarda-sevillano-garcia-19-de-julio-de-2022-salamanca-residencia-2\\\/\"},\"author\":{\"name\":\"admin\",\"@id\":\"https:\\\/\\\/encompaniastj.org\\\/pt-pt\\\/#\\\/schema\\\/person\\\/520e7ecc314793d40091993c2a02b651\"},\"headline\":\"Bernarda Sevillano Garc\u00eda. 19 de julio de 2022 (Salamanca Residencia)\",\"datePublished\":\"2022-07-26T11:39:56+00:00\",\"dateModified\":\"2025-07-07T14:23:20+00:00\",\"mainEntityOfPage\":{\"@id\":\"https:\\\/\\\/encompaniastj.org\\\/pt-pt\\\/bernarda-sevillano-garcia-19-de-julio-de-2022-salamanca-residencia-2\\\/\"},\"wordCount\":459,\"commentCount\":0,\"publisher\":{\"@id\":\"https:\\\/\\\/encompaniastj.org\\\/pt-pt\\\/#organization\"},\"image\":{\"@id\":\"https:\\\/\\\/encompaniastj.org\\\/pt-pt\\\/bernarda-sevillano-garcia-19-de-julio-de-2022-salamanca-residencia-2\\\/#primaryimage\"},\"thumbnailUrl\":\"https:\\\/\\\/encompaniastj.org\\\/wp-content\\\/uploads\\\/2025\\\/05\\\/foto1-1.jpg\",\"articleSection\":[\"Falecimentos\",\"Fallecimientos\"],\"inLanguage\":\"pt-PT\",\"potentialAction\":[{\"@type\":\"CommentAction\",\"name\":\"Comment\",\"target\":[\"https:\\\/\\\/encompaniastj.org\\\/pt-pt\\\/bernarda-sevillano-garcia-19-de-julio-de-2022-salamanca-residencia-2\\\/#respond\"]}]},{\"@type\":\"WebPage\",\"@id\":\"https:\\\/\\\/encompaniastj.org\\\/pt-pt\\\/bernarda-sevillano-garcia-19-de-julio-de-2022-salamanca-residencia-2\\\/\",\"url\":\"https:\\\/\\\/encompaniastj.org\\\/pt-pt\\\/bernarda-sevillano-garcia-19-de-julio-de-2022-salamanca-residencia-2\\\/\",\"name\":\"Bernarda Sevillano Garc\u00eda. 19 de julio de 2022 (Salamanca Residencia) - En Compa\u00f1\u00eda STJ\",\"isPartOf\":{\"@id\":\"https:\\\/\\\/encompaniastj.org\\\/pt-pt\\\/#website\"},\"primaryImageOfPage\":{\"@id\":\"https:\\\/\\\/encompaniastj.org\\\/pt-pt\\\/bernarda-sevillano-garcia-19-de-julio-de-2022-salamanca-residencia-2\\\/#primaryimage\"},\"image\":{\"@id\":\"https:\\\/\\\/encompaniastj.org\\\/pt-pt\\\/bernarda-sevillano-garcia-19-de-julio-de-2022-salamanca-residencia-2\\\/#primaryimage\"},\"thumbnailUrl\":\"https:\\\/\\\/encompaniastj.org\\\/wp-content\\\/uploads\\\/2025\\\/05\\\/foto1-1.jpg\",\"datePublished\":\"2022-07-26T11:39:56+00:00\",\"dateModified\":\"2025-07-07T14:23:20+00:00\",\"breadcrumb\":{\"@id\":\"https:\\\/\\\/encompaniastj.org\\\/pt-pt\\\/bernarda-sevillano-garcia-19-de-julio-de-2022-salamanca-residencia-2\\\/#breadcrumb\"},\"inLanguage\":\"pt-PT\",\"potentialAction\":[{\"@type\":\"ReadAction\",\"target\":[\"https:\\\/\\\/encompaniastj.org\\\/pt-pt\\\/bernarda-sevillano-garcia-19-de-julio-de-2022-salamanca-residencia-2\\\/\"]}]},{\"@type\":\"ImageObject\",\"inLanguage\":\"pt-PT\",\"@id\":\"https:\\\/\\\/encompaniastj.org\\\/pt-pt\\\/bernarda-sevillano-garcia-19-de-julio-de-2022-salamanca-residencia-2\\\/#primaryimage\",\"url\":\"https:\\\/\\\/encompaniastj.org\\\/wp-content\\\/uploads\\\/2025\\\/05\\\/foto1-1.jpg\",\"contentUrl\":\"https:\\\/\\\/encompaniastj.org\\\/wp-content\\\/uploads\\\/2025\\\/05\\\/foto1-1.jpg\",\"width\":1920,\"height\":1221},{\"@type\":\"BreadcrumbList\",\"@id\":\"https:\\\/\\\/encompaniastj.org\\\/pt-pt\\\/bernarda-sevillano-garcia-19-de-julio-de-2022-salamanca-residencia-2\\\/#breadcrumb\",\"itemListElement\":[{\"@type\":\"ListItem\",\"position\":1,\"name\":\"Portada\",\"item\":\"https:\\\/\\\/encompaniastj.org\\\/pt-pt\\\/\"},{\"@type\":\"ListItem\",\"position\":2,\"name\":\"Bernarda Sevillano Garc\u00eda. 19 de julio de 2022 (Salamanca Residencia)\"}]},{\"@type\":\"WebSite\",\"@id\":\"https:\\\/\\\/encompaniastj.org\\\/pt-pt\\\/#website\",\"url\":\"https:\\\/\\\/encompaniastj.org\\\/pt-pt\\\/\",\"name\":\"En Compa\u00f1\u00eda STJ\",\"description\":\"Bolet\u00edn de la Compa\u00f1\u00eda de Santa Teresa de Jes\u00fas\",\"publisher\":{\"@id\":\"https:\\\/\\\/encompaniastj.org\\\/pt-pt\\\/#organization\"},\"potentialAction\":[{\"@type\":\"SearchAction\",\"target\":{\"@type\":\"EntryPoint\",\"urlTemplate\":\"https:\\\/\\\/encompaniastj.org\\\/pt-pt\\\/?s={search_term_string}\"},\"query-input\":{\"@type\":\"PropertyValueSpecification\",\"valueRequired\":true,\"valueName\":\"search_term_string\"}}],\"inLanguage\":\"pt-PT\"},{\"@type\":\"Organization\",\"@id\":\"https:\\\/\\\/encompaniastj.org\\\/pt-pt\\\/#organization\",\"name\":\"Compa\u00f1\u00eda de Santa Teresa de Jes\u00fas\",\"url\":\"https:\\\/\\\/encompaniastj.org\\\/pt-pt\\\/\",\"logo\":{\"@type\":\"ImageObject\",\"inLanguage\":\"pt-PT\",\"@id\":\"https:\\\/\\\/encompaniastj.org\\\/pt-pt\\\/#\\\/schema\\\/logo\\\/image\\\/\",\"url\":\"https:\\\/\\\/encompaniastj.org\\\/wp-content\\\/uploads\\\/2025\\\/04\\\/logo_provincias02-1-3.png\",\"contentUrl\":\"https:\\\/\\\/encompaniastj.org\\\/wp-content\\\/uploads\\\/2025\\\/04\\\/logo_provincias02-1-3.png\",\"width\":2368,\"height\":825,\"caption\":\"Compa\u00f1\u00eda de Santa Teresa de Jes\u00fas\"},\"image\":{\"@id\":\"https:\\\/\\\/encompaniastj.org\\\/pt-pt\\\/#\\\/schema\\\/logo\\\/image\\\/\"}},{\"@type\":\"Person\",\"@id\":\"https:\\\/\\\/encompaniastj.org\\\/pt-pt\\\/#\\\/schema\\\/person\\\/520e7ecc314793d40091993c2a02b651\",\"name\":\"admin\",\"image\":{\"@type\":\"ImageObject\",\"inLanguage\":\"pt-PT\",\"@id\":\"https:\\\/\\\/secure.gravatar.com\\\/avatar\\\/948b492cce32b586ac2db0eaa926ee87024f7afe218d73b397ea5ddfc5f43ea1?s=96&d=mm&r=g\",\"url\":\"https:\\\/\\\/secure.gravatar.com\\\/avatar\\\/948b492cce32b586ac2db0eaa926ee87024f7afe218d73b397ea5ddfc5f43ea1?s=96&d=mm&r=g\",\"contentUrl\":\"https:\\\/\\\/secure.gravatar.com\\\/avatar\\\/948b492cce32b586ac2db0eaa926ee87024f7afe218d73b397ea5ddfc5f43ea1?s=96&d=mm&r=g\",\"caption\":\"admin\"},\"sameAs\":[\"https:\\\/\\\/encompaniastj.org\"],\"url\":\"https:\\\/\\\/encompaniastj.org\\\/pt-pt\\\/author\\\/sjdigital\\\/\"}]}<\/script>\n<!-- \/ Yoast SEO plugin. -->","yoast_head_json":{"title":"Bernarda Sevillano Garc\u00eda. 19 de julio de 2022 (Salamanca Residencia) - En Compa\u00f1\u00eda STJ","robots":{"index":"index","follow":"follow","max-snippet":"max-snippet:-1","max-image-preview":"max-image-preview:large","max-video-preview":"max-video-preview:-1"},"canonical":"https:\/\/encompaniastj.org\/pt-pt\/bernarda-sevillano-garcia-19-de-julio-de-2022-salamanca-residencia-2\/","og_locale":"pt_PT","og_type":"article","og_title":"Bernarda Sevillano Garc\u00eda. 19 de julio de 2022 (Salamanca Residencia) - En Compa\u00f1\u00eda STJ","og_description":"\u201cA minha boca cantar\u00e1 a tua salva\u00e7\u00e3o, Senhor\u201d (Salmo 70) Nasceu h\u00e1 96 anos em Majuges, uma pequena aldeia da prov\u00edncia de Salamanca, no seio de uma fam\u00edlia simples de [&hellip;]","og_url":"https:\/\/encompaniastj.org\/pt-pt\/bernarda-sevillano-garcia-19-de-julio-de-2022-salamanca-residencia-2\/","og_site_name":"En Compa\u00f1\u00eda STJ","article_published_time":"2022-07-26T11:39:56+00:00","article_modified_time":"2025-07-07T14:23:20+00:00","og_image":[{"width":1920,"height":1221,"url":"https:\/\/encompaniastj.org\/wp-content\/uploads\/2025\/05\/foto1-1.jpg","type":"image\/jpeg"}],"author":"admin","twitter_card":"summary_large_image","twitter_misc":{"Escrito por":"admin","Tempo estimado de leitura":"2 minutos"},"schema":{"@context":"https:\/\/schema.org","@graph":[{"@type":"Article","@id":"https:\/\/encompaniastj.org\/pt-pt\/bernarda-sevillano-garcia-19-de-julio-de-2022-salamanca-residencia-2\/#article","isPartOf":{"@id":"https:\/\/encompaniastj.org\/pt-pt\/bernarda-sevillano-garcia-19-de-julio-de-2022-salamanca-residencia-2\/"},"author":{"name":"admin","@id":"https:\/\/encompaniastj.org\/pt-pt\/#\/schema\/person\/520e7ecc314793d40091993c2a02b651"},"headline":"Bernarda Sevillano Garc\u00eda. 19 de julio de 2022 (Salamanca Residencia)","datePublished":"2022-07-26T11:39:56+00:00","dateModified":"2025-07-07T14:23:20+00:00","mainEntityOfPage":{"@id":"https:\/\/encompaniastj.org\/pt-pt\/bernarda-sevillano-garcia-19-de-julio-de-2022-salamanca-residencia-2\/"},"wordCount":459,"commentCount":0,"publisher":{"@id":"https:\/\/encompaniastj.org\/pt-pt\/#organization"},"image":{"@id":"https:\/\/encompaniastj.org\/pt-pt\/bernarda-sevillano-garcia-19-de-julio-de-2022-salamanca-residencia-2\/#primaryimage"},"thumbnailUrl":"https:\/\/encompaniastj.org\/wp-content\/uploads\/2025\/05\/foto1-1.jpg","articleSection":["Falecimentos","Fallecimientos"],"inLanguage":"pt-PT","potentialAction":[{"@type":"CommentAction","name":"Comment","target":["https:\/\/encompaniastj.org\/pt-pt\/bernarda-sevillano-garcia-19-de-julio-de-2022-salamanca-residencia-2\/#respond"]}]},{"@type":"WebPage","@id":"https:\/\/encompaniastj.org\/pt-pt\/bernarda-sevillano-garcia-19-de-julio-de-2022-salamanca-residencia-2\/","url":"https:\/\/encompaniastj.org\/pt-pt\/bernarda-sevillano-garcia-19-de-julio-de-2022-salamanca-residencia-2\/","name":"Bernarda Sevillano Garc\u00eda. 19 de julio de 2022 (Salamanca Residencia) - En Compa\u00f1\u00eda STJ","isPartOf":{"@id":"https:\/\/encompaniastj.org\/pt-pt\/#website"},"primaryImageOfPage":{"@id":"https:\/\/encompaniastj.org\/pt-pt\/bernarda-sevillano-garcia-19-de-julio-de-2022-salamanca-residencia-2\/#primaryimage"},"image":{"@id":"https:\/\/encompaniastj.org\/pt-pt\/bernarda-sevillano-garcia-19-de-julio-de-2022-salamanca-residencia-2\/#primaryimage"},"thumbnailUrl":"https:\/\/encompaniastj.org\/wp-content\/uploads\/2025\/05\/foto1-1.jpg","datePublished":"2022-07-26T11:39:56+00:00","dateModified":"2025-07-07T14:23:20+00:00","breadcrumb":{"@id":"https:\/\/encompaniastj.org\/pt-pt\/bernarda-sevillano-garcia-19-de-julio-de-2022-salamanca-residencia-2\/#breadcrumb"},"inLanguage":"pt-PT","potentialAction":[{"@type":"ReadAction","target":["https:\/\/encompaniastj.org\/pt-pt\/bernarda-sevillano-garcia-19-de-julio-de-2022-salamanca-residencia-2\/"]}]},{"@type":"ImageObject","inLanguage":"pt-PT","@id":"https:\/\/encompaniastj.org\/pt-pt\/bernarda-sevillano-garcia-19-de-julio-de-2022-salamanca-residencia-2\/#primaryimage","url":"https:\/\/encompaniastj.org\/wp-content\/uploads\/2025\/05\/foto1-1.jpg","contentUrl":"https:\/\/encompaniastj.org\/wp-content\/uploads\/2025\/05\/foto1-1.jpg","width":1920,"height":1221},{"@type":"BreadcrumbList","@id":"https:\/\/encompaniastj.org\/pt-pt\/bernarda-sevillano-garcia-19-de-julio-de-2022-salamanca-residencia-2\/#breadcrumb","itemListElement":[{"@type":"ListItem","position":1,"name":"Portada","item":"https:\/\/encompaniastj.org\/pt-pt\/"},{"@type":"ListItem","position":2,"name":"Bernarda Sevillano Garc\u00eda. 19 de julio de 2022 (Salamanca Residencia)"}]},{"@type":"WebSite","@id":"https:\/\/encompaniastj.org\/pt-pt\/#website","url":"https:\/\/encompaniastj.org\/pt-pt\/","name":"En Compa\u00f1\u00eda STJ","description":"Bolet\u00edn de la Compa\u00f1\u00eda de Santa Teresa de Jes\u00fas","publisher":{"@id":"https:\/\/encompaniastj.org\/pt-pt\/#organization"},"potentialAction":[{"@type":"SearchAction","target":{"@type":"EntryPoint","urlTemplate":"https:\/\/encompaniastj.org\/pt-pt\/?s={search_term_string}"},"query-input":{"@type":"PropertyValueSpecification","valueRequired":true,"valueName":"search_term_string"}}],"inLanguage":"pt-PT"},{"@type":"Organization","@id":"https:\/\/encompaniastj.org\/pt-pt\/#organization","name":"Compa\u00f1\u00eda de Santa Teresa de Jes\u00fas","url":"https:\/\/encompaniastj.org\/pt-pt\/","logo":{"@type":"ImageObject","inLanguage":"pt-PT","@id":"https:\/\/encompaniastj.org\/pt-pt\/#\/schema\/logo\/image\/","url":"https:\/\/encompaniastj.org\/wp-content\/uploads\/2025\/04\/logo_provincias02-1-3.png","contentUrl":"https:\/\/encompaniastj.org\/wp-content\/uploads\/2025\/04\/logo_provincias02-1-3.png","width":2368,"height":825,"caption":"Compa\u00f1\u00eda de Santa Teresa de Jes\u00fas"},"image":{"@id":"https:\/\/encompaniastj.org\/pt-pt\/#\/schema\/logo\/image\/"}},{"@type":"Person","@id":"https:\/\/encompaniastj.org\/pt-pt\/#\/schema\/person\/520e7ecc314793d40091993c2a02b651","name":"admin","image":{"@type":"ImageObject","inLanguage":"pt-PT","@id":"https:\/\/secure.gravatar.com\/avatar\/948b492cce32b586ac2db0eaa926ee87024f7afe218d73b397ea5ddfc5f43ea1?s=96&d=mm&r=g","url":"https:\/\/secure.gravatar.com\/avatar\/948b492cce32b586ac2db0eaa926ee87024f7afe218d73b397ea5ddfc5f43ea1?s=96&d=mm&r=g","contentUrl":"https:\/\/secure.gravatar.com\/avatar\/948b492cce32b586ac2db0eaa926ee87024f7afe218d73b397ea5ddfc5f43ea1?s=96&d=mm&r=g","caption":"admin"},"sameAs":["https:\/\/encompaniastj.org"],"url":"https:\/\/encompaniastj.org\/pt-pt\/author\/sjdigital\/"}]}},"_links":{"self":[{"href":"https:\/\/encompaniastj.org\/pt-pt\/wp-json\/wp\/v2\/posts\/11050","targetHints":{"allow":["GET"]}}],"collection":[{"href":"https:\/\/encompaniastj.org\/pt-pt\/wp-json\/wp\/v2\/posts"}],"about":[{"href":"https:\/\/encompaniastj.org\/pt-pt\/wp-json\/wp\/v2\/types\/post"}],"author":[{"embeddable":true,"href":"https:\/\/encompaniastj.org\/pt-pt\/wp-json\/wp\/v2\/users\/1"}],"replies":[{"embeddable":true,"href":"https:\/\/encompaniastj.org\/pt-pt\/wp-json\/wp\/v2\/comments?post=11050"}],"version-history":[{"count":1,"href":"https:\/\/encompaniastj.org\/pt-pt\/wp-json\/wp\/v2\/posts\/11050\/revisions"}],"predecessor-version":[{"id":11051,"href":"https:\/\/encompaniastj.org\/pt-pt\/wp-json\/wp\/v2\/posts\/11050\/revisions\/11051"}],"wp:featuredmedia":[{"embeddable":true,"href":"https:\/\/encompaniastj.org\/pt-pt\/wp-json\/wp\/v2\/media\/7955"}],"wp:attachment":[{"href":"https:\/\/encompaniastj.org\/pt-pt\/wp-json\/wp\/v2\/media?parent=11050"}],"wp:term":[{"taxonomy":"category","embeddable":true,"href":"https:\/\/encompaniastj.org\/pt-pt\/wp-json\/wp\/v2\/categories?post=11050"},{"taxonomy":"post_tag","embeddable":true,"href":"https:\/\/encompaniastj.org\/pt-pt\/wp-json\/wp\/v2\/tags?post=11050"}],"curies":[{"name":"wp","href":"https:\/\/api.w.org\/{rel}","templated":true}]}}