{"id":11046,"date":"2022-07-18T10:48:02","date_gmt":"2022-07-18T08:48:02","guid":{"rendered":"https:\/\/encompaniastj.org\/o-que-dizem-os-jovens-que-participaram-nos-retiros-vocacionais-de-berakah\/"},"modified":"2025-07-07T16:23:18","modified_gmt":"2025-07-07T14:23:18","slug":"o-que-dizem-os-jovens-que-participaram-nos-retiros-vocacionais-de-berakah","status":"publish","type":"post","link":"https:\/\/encompaniastj.org\/pt-pt\/o-que-dizem-os-jovens-que-participaram-nos-retiros-vocacionais-de-berakah\/","title":{"rendered":"JOVENS QUE PARTICIPARAM NOS RETIROS VOCACIONAIS DE BERAKAH"},"content":{"rendered":"<p>Da PJVT-Europa e a poucos dias do in\u00edcio do encontro de ver\u00e3o <em>Berakah <\/em>(b\u00ean\u00e7\u00e3o, em hebraico), partilhamos convosco alguns testemunhos dos jovens que viveram a experi\u00eancia dos retiros durante este ano escolar. No total, foram realizados sete retiros em cinco cidades: F\u00e1tima, Madrid, Salamanca, Barcelona e Val\u00eancia, acompanhados por irm\u00e3s e leigos teresianos.<\/p>\n<p>Isto \u00e9 o que eles nos contam:<\/p>\n<p>\u201cPara mim, o retiro de Berakah \u00e9 uma viagem espiritual que nos aproxima de Jesus e nos ajuda a senti-lo mais pr\u00f3ximo. \u00c9 o caminho para a uni\u00e3o, o amor, a f\u00e9 e a esperan\u00e7a. \u00c9 o conhecimento de si mesmo e dos que nos rodeiam, partilhando experi\u00eancias que nos levaram \u00e0s l\u00e1grimas, pela empatia com cada um dos membros. Ter a Jesus contigo, Berakah \u00e9 arte, \u00e9 escrita, \u00e9 festa, \u00e9 cren\u00e7a. Eu recomendo-o sinceramente porque fiz um trabalho de profunda introspe\u00e7\u00e3o e fez-me refletir sobre o meu futuro profissional e pessoal. Obrigada pela excelente experi\u00eancia!&#8221; <em>Sandra Font<\/em><\/p>\n<p>\u201cLembro-me de chegar \u00e0 pequena casa de campo carregada de bagagem, quase sem f\u00f4lego; acabava de chegar no comboio para Val\u00eancia e s\u00f3 podia pensar que estava atrasada. Assim que consegui deixar as preocupa\u00e7\u00f5es para tr\u00e1s, encontrei-me num pequeno o\u00e1sis de paz que me acolheu como a uma crian\u00e7a. Eu tinha uma lista de tudo o que queria perguntar e os temas que queria tratar, mas as minhas expectativas ficaram de lado. No encontro Berakah fizemos toda a esp\u00e9cie de atividades: pequenos orat\u00f3rios, din\u00e2micas de reflex\u00e3o, visitas a uma pequena capela&#8230; Gostei muito dos momentos de estar com as companheiras e de partilhar no grupo. Foi como voltar a casa depois de muito tempo, porque era semelhante a muitas outras din\u00e2micas que eu tinha feito no col\u00e9gio. Quando sa\u00ed senti-me muito reconfortada e tranquila, porque senti que tinha recuperado um antigo apoio ao qual j\u00e1 h\u00e1 muito tempo n\u00e3o voltara. Tinha um nome novo\u201d. \u00a0<em>Anna Fontanella<\/em><\/p>\n<p>\u201cNo retiro de Berakah conheci muitas pessoas excelentes com quem partilh\u00e1mos um dia de muita paz, ora\u00e7\u00e3o e gratid\u00e3o pela Vida. O ambiente de proximidade que existia entre n\u00f3s permitiu que nos aproxim\u00e1ssemos mais de Deus. As testemunhas que gentilmente vieram, contaram-nos as experi\u00eancias, dificuldades ou mudan\u00e7as existenciais que tiveram ao longo da sua vida. Isto foi um aspecto muito importante do retiro, pois nos permitiu ver a vida a partir de outra perspetiva. A mim ajudou-me a estar mais presente e agradecido a Deus pelas coisas mais simples que \u00e0s vezes damos como certas e que podem desaparecer a qualquer momento. Foi um grande dia em muito boa companhia que serviu para fazer uma pausa nas nossas vidas ocupadas para sermos conscientes e agradecermos a Deus por tudo o que temos. <em>Alex Little<\/em><\/p>\n<p>\u201cFui para o encontro de ora\u00e7\u00e3o completamente sem expectativas. Estava numa altura complicada a n\u00edvel dos estudos, cansada e stressada e o encontro calhou na altura ideal; encontrei a calma e a paz que precisava!<\/p>\n<p>A partilha de todos e a envolv\u00eancia nas atividades foi o que mais me tocou e me surpreendeu, conseguimos descobrir-nos melhor a n\u00f3s e aos outros.<\/p>\n<p>Todos os momentos de riso e reflex\u00e3o foram inesquec\u00edveis e com eles, acima de tudo, consegui aprofundar mais um pouco a minha f\u00e9. Sa\u00ed deste encontro muito mais leve! \u00a0\u00a0<em>In\u00eas Carvalho<\/em><\/p>\n<p>Damos gra\u00e7as a Deus pelo seu modo de se tornar um Companheiro no caminho para estes jovens e para tantas pessoas que colaboraram nestas experi\u00eancias.<\/p>\n<p>Mauge Aranda stj<\/p>\n<p><img loading=\"lazy\" decoding=\"async\" class=\" wp-image-9029 aligncenter\" src=\"https:\/\/encompaniastj.org\/wp-content\/uploads\/2025\/05\/foto1-1.png\" alt=\"\" width=\"415\" height=\"415\" \/><\/p>\n<p>&nbsp;<\/p>\n","protected":false},"excerpt":{"rendered":"<p>Da PJVT-Europa e a poucos dias do in\u00edcio do encontro de ver\u00e3o Berakah (b\u00ean\u00e7\u00e3o, em hebraico), partilhamos convosco alguns testemunhos dos jovens que viveram a experi\u00eancia dos retiros durante este [&hellip;]<\/p>\n","protected":false},"author":1,"featured_media":7950,"comment_status":"open","ping_status":"open","sticky":false,"template":"","format":"standard","meta":{"_acf_changed":false,"footnotes":""},"categories":[61,64],"tags":[],"class_list":["post-11046","post","type-post","status-publish","format-standard","has-post-thumbnail","hentry","category-noticias","category-pjvt"],"acf":[],"yoast_head":"<!-- This site is optimized with the Yoast SEO plugin v27.5 - https:\/\/yoast.com\/product\/yoast-seo-wordpress\/ -->\n<title>JOVENS QUE PARTICIPARAM NOS RETIROS VOCACIONAIS DE BERAKAH - En Compa\u00f1\u00eda STJ<\/title>\n<meta name=\"robots\" content=\"index, follow, max-snippet:-1, max-image-preview:large, max-video-preview:-1\" \/>\n<link rel=\"canonical\" href=\"https:\/\/encompaniastj.org\/pt-pt\/o-que-dizem-os-jovens-que-participaram-nos-retiros-vocacionais-de-berakah\/\" \/>\n<meta property=\"og:locale\" content=\"pt_PT\" \/>\n<meta property=\"og:type\" content=\"article\" \/>\n<meta property=\"og:title\" content=\"JOVENS QUE PARTICIPARAM NOS RETIROS VOCACIONAIS DE BERAKAH - En Compa\u00f1\u00eda STJ\" \/>\n<meta property=\"og:description\" content=\"Da PJVT-Europa e a poucos dias do in\u00edcio do encontro de ver\u00e3o Berakah (b\u00ean\u00e7\u00e3o, em hebraico), partilhamos convosco alguns testemunhos dos jovens que viveram a experi\u00eancia dos retiros durante este [&hellip;]\" \/>\n<meta property=\"og:url\" content=\"https:\/\/encompaniastj.org\/pt-pt\/o-que-dizem-os-jovens-que-participaram-nos-retiros-vocacionais-de-berakah\/\" \/>\n<meta property=\"og:site_name\" content=\"En Compa\u00f1\u00eda STJ\" \/>\n<meta property=\"article:published_time\" content=\"2022-07-18T08:48:02+00:00\" \/>\n<meta property=\"article:modified_time\" content=\"2025-07-07T14:23:18+00:00\" \/>\n<meta property=\"og:image\" content=\"https:\/\/encompaniastj.org\/wp-content\/uploads\/2025\/05\/foto5-1.jpeg\" \/>\n\t<meta property=\"og:image:width\" content=\"1586\" \/>\n\t<meta property=\"og:image:height\" content=\"655\" \/>\n\t<meta property=\"og:image:type\" content=\"image\/jpeg\" \/>\n<meta name=\"author\" content=\"admin\" \/>\n<meta name=\"twitter:card\" content=\"summary_large_image\" \/>\n<meta name=\"twitter:label1\" content=\"Escrito por\" \/>\n\t<meta name=\"twitter:data1\" content=\"admin\" \/>\n\t<meta name=\"twitter:label2\" content=\"Tempo estimado de leitura\" \/>\n\t<meta name=\"twitter:data2\" content=\"3 minutos\" \/>\n<script type=\"application\/ld+json\" class=\"yoast-schema-graph\">{\"@context\":\"https:\\\/\\\/schema.org\",\"@graph\":[{\"@type\":\"Article\",\"@id\":\"https:\\\/\\\/encompaniastj.org\\\/pt-pt\\\/o-que-dizem-os-jovens-que-participaram-nos-retiros-vocacionais-de-berakah\\\/#article\",\"isPartOf\":{\"@id\":\"https:\\\/\\\/encompaniastj.org\\\/pt-pt\\\/o-que-dizem-os-jovens-que-participaram-nos-retiros-vocacionais-de-berakah\\\/\"},\"author\":{\"name\":\"admin\",\"@id\":\"https:\\\/\\\/encompaniastj.org\\\/pt-pt\\\/#\\\/schema\\\/person\\\/520e7ecc314793d40091993c2a02b651\"},\"headline\":\"JOVENS QUE PARTICIPARAM NOS RETIROS VOCACIONAIS DE BERAKAH\",\"datePublished\":\"2022-07-18T08:48:02+00:00\",\"dateModified\":\"2025-07-07T14:23:18+00:00\",\"mainEntityOfPage\":{\"@id\":\"https:\\\/\\\/encompaniastj.org\\\/pt-pt\\\/o-que-dizem-os-jovens-que-participaram-nos-retiros-vocacionais-de-berakah\\\/\"},\"wordCount\":614,\"commentCount\":0,\"publisher\":{\"@id\":\"https:\\\/\\\/encompaniastj.org\\\/pt-pt\\\/#organization\"},\"image\":{\"@id\":\"https:\\\/\\\/encompaniastj.org\\\/pt-pt\\\/o-que-dizem-os-jovens-que-participaram-nos-retiros-vocacionais-de-berakah\\\/#primaryimage\"},\"thumbnailUrl\":\"https:\\\/\\\/encompaniastj.org\\\/wp-content\\\/uploads\\\/2025\\\/05\\\/foto5-1.jpeg\",\"articleSection\":[\"Noticias\",\"PJVT\"],\"inLanguage\":\"pt-PT\",\"potentialAction\":[{\"@type\":\"CommentAction\",\"name\":\"Comment\",\"target\":[\"https:\\\/\\\/encompaniastj.org\\\/pt-pt\\\/o-que-dizem-os-jovens-que-participaram-nos-retiros-vocacionais-de-berakah\\\/#respond\"]}]},{\"@type\":\"WebPage\",\"@id\":\"https:\\\/\\\/encompaniastj.org\\\/pt-pt\\\/o-que-dizem-os-jovens-que-participaram-nos-retiros-vocacionais-de-berakah\\\/\",\"url\":\"https:\\\/\\\/encompaniastj.org\\\/pt-pt\\\/o-que-dizem-os-jovens-que-participaram-nos-retiros-vocacionais-de-berakah\\\/\",\"name\":\"JOVENS QUE PARTICIPARAM NOS RETIROS VOCACIONAIS DE BERAKAH - En Compa\u00f1\u00eda STJ\",\"isPartOf\":{\"@id\":\"https:\\\/\\\/encompaniastj.org\\\/pt-pt\\\/#website\"},\"primaryImageOfPage\":{\"@id\":\"https:\\\/\\\/encompaniastj.org\\\/pt-pt\\\/o-que-dizem-os-jovens-que-participaram-nos-retiros-vocacionais-de-berakah\\\/#primaryimage\"},\"image\":{\"@id\":\"https:\\\/\\\/encompaniastj.org\\\/pt-pt\\\/o-que-dizem-os-jovens-que-participaram-nos-retiros-vocacionais-de-berakah\\\/#primaryimage\"},\"thumbnailUrl\":\"https:\\\/\\\/encompaniastj.org\\\/wp-content\\\/uploads\\\/2025\\\/05\\\/foto5-1.jpeg\",\"datePublished\":\"2022-07-18T08:48:02+00:00\",\"dateModified\":\"2025-07-07T14:23:18+00:00\",\"breadcrumb\":{\"@id\":\"https:\\\/\\\/encompaniastj.org\\\/pt-pt\\\/o-que-dizem-os-jovens-que-participaram-nos-retiros-vocacionais-de-berakah\\\/#breadcrumb\"},\"inLanguage\":\"pt-PT\",\"potentialAction\":[{\"@type\":\"ReadAction\",\"target\":[\"https:\\\/\\\/encompaniastj.org\\\/pt-pt\\\/o-que-dizem-os-jovens-que-participaram-nos-retiros-vocacionais-de-berakah\\\/\"]}]},{\"@type\":\"ImageObject\",\"inLanguage\":\"pt-PT\",\"@id\":\"https:\\\/\\\/encompaniastj.org\\\/pt-pt\\\/o-que-dizem-os-jovens-que-participaram-nos-retiros-vocacionais-de-berakah\\\/#primaryimage\",\"url\":\"https:\\\/\\\/encompaniastj.org\\\/wp-content\\\/uploads\\\/2025\\\/05\\\/foto5-1.jpeg\",\"contentUrl\":\"https:\\\/\\\/encompaniastj.org\\\/wp-content\\\/uploads\\\/2025\\\/05\\\/foto5-1.jpeg\",\"width\":1586,\"height\":655},{\"@type\":\"BreadcrumbList\",\"@id\":\"https:\\\/\\\/encompaniastj.org\\\/pt-pt\\\/o-que-dizem-os-jovens-que-participaram-nos-retiros-vocacionais-de-berakah\\\/#breadcrumb\",\"itemListElement\":[{\"@type\":\"ListItem\",\"position\":1,\"name\":\"Portada\",\"item\":\"https:\\\/\\\/encompaniastj.org\\\/pt-pt\\\/\"},{\"@type\":\"ListItem\",\"position\":2,\"name\":\"JOVENS QUE PARTICIPARAM NOS RETIROS VOCACIONAIS DE BERAKAH\"}]},{\"@type\":\"WebSite\",\"@id\":\"https:\\\/\\\/encompaniastj.org\\\/pt-pt\\\/#website\",\"url\":\"https:\\\/\\\/encompaniastj.org\\\/pt-pt\\\/\",\"name\":\"En Compa\u00f1\u00eda STJ\",\"description\":\"Bolet\u00edn de la Compa\u00f1\u00eda de Santa Teresa de Jes\u00fas\",\"publisher\":{\"@id\":\"https:\\\/\\\/encompaniastj.org\\\/pt-pt\\\/#organization\"},\"potentialAction\":[{\"@type\":\"SearchAction\",\"target\":{\"@type\":\"EntryPoint\",\"urlTemplate\":\"https:\\\/\\\/encompaniastj.org\\\/pt-pt\\\/?s={search_term_string}\"},\"query-input\":{\"@type\":\"PropertyValueSpecification\",\"valueRequired\":true,\"valueName\":\"search_term_string\"}}],\"inLanguage\":\"pt-PT\"},{\"@type\":\"Organization\",\"@id\":\"https:\\\/\\\/encompaniastj.org\\\/pt-pt\\\/#organization\",\"name\":\"Compa\u00f1\u00eda de Santa Teresa de Jes\u00fas\",\"url\":\"https:\\\/\\\/encompaniastj.org\\\/pt-pt\\\/\",\"logo\":{\"@type\":\"ImageObject\",\"inLanguage\":\"pt-PT\",\"@id\":\"https:\\\/\\\/encompaniastj.org\\\/pt-pt\\\/#\\\/schema\\\/logo\\\/image\\\/\",\"url\":\"https:\\\/\\\/encompaniastj.org\\\/wp-content\\\/uploads\\\/2025\\\/04\\\/logo_provincias02-1-3.png\",\"contentUrl\":\"https:\\\/\\\/encompaniastj.org\\\/wp-content\\\/uploads\\\/2025\\\/04\\\/logo_provincias02-1-3.png\",\"width\":2368,\"height\":825,\"caption\":\"Compa\u00f1\u00eda de Santa Teresa de Jes\u00fas\"},\"image\":{\"@id\":\"https:\\\/\\\/encompaniastj.org\\\/pt-pt\\\/#\\\/schema\\\/logo\\\/image\\\/\"}},{\"@type\":\"Person\",\"@id\":\"https:\\\/\\\/encompaniastj.org\\\/pt-pt\\\/#\\\/schema\\\/person\\\/520e7ecc314793d40091993c2a02b651\",\"name\":\"admin\",\"image\":{\"@type\":\"ImageObject\",\"inLanguage\":\"pt-PT\",\"@id\":\"https:\\\/\\\/secure.gravatar.com\\\/avatar\\\/948b492cce32b586ac2db0eaa926ee87024f7afe218d73b397ea5ddfc5f43ea1?s=96&d=mm&r=g\",\"url\":\"https:\\\/\\\/secure.gravatar.com\\\/avatar\\\/948b492cce32b586ac2db0eaa926ee87024f7afe218d73b397ea5ddfc5f43ea1?s=96&d=mm&r=g\",\"contentUrl\":\"https:\\\/\\\/secure.gravatar.com\\\/avatar\\\/948b492cce32b586ac2db0eaa926ee87024f7afe218d73b397ea5ddfc5f43ea1?s=96&d=mm&r=g\",\"caption\":\"admin\"},\"sameAs\":[\"https:\\\/\\\/encompaniastj.org\"],\"url\":\"https:\\\/\\\/encompaniastj.org\\\/pt-pt\\\/author\\\/sjdigital\\\/\"}]}<\/script>\n<!-- \/ Yoast SEO plugin. -->","yoast_head_json":{"title":"JOVENS QUE PARTICIPARAM NOS RETIROS VOCACIONAIS DE BERAKAH - En Compa\u00f1\u00eda STJ","robots":{"index":"index","follow":"follow","max-snippet":"max-snippet:-1","max-image-preview":"max-image-preview:large","max-video-preview":"max-video-preview:-1"},"canonical":"https:\/\/encompaniastj.org\/pt-pt\/o-que-dizem-os-jovens-que-participaram-nos-retiros-vocacionais-de-berakah\/","og_locale":"pt_PT","og_type":"article","og_title":"JOVENS QUE PARTICIPARAM NOS RETIROS VOCACIONAIS DE BERAKAH - En Compa\u00f1\u00eda STJ","og_description":"Da PJVT-Europa e a poucos dias do in\u00edcio do encontro de ver\u00e3o Berakah (b\u00ean\u00e7\u00e3o, em hebraico), partilhamos convosco alguns testemunhos dos jovens que viveram a experi\u00eancia dos retiros durante este [&hellip;]","og_url":"https:\/\/encompaniastj.org\/pt-pt\/o-que-dizem-os-jovens-que-participaram-nos-retiros-vocacionais-de-berakah\/","og_site_name":"En Compa\u00f1\u00eda STJ","article_published_time":"2022-07-18T08:48:02+00:00","article_modified_time":"2025-07-07T14:23:18+00:00","og_image":[{"width":1586,"height":655,"url":"https:\/\/encompaniastj.org\/wp-content\/uploads\/2025\/05\/foto5-1.jpeg","type":"image\/jpeg"}],"author":"admin","twitter_card":"summary_large_image","twitter_misc":{"Escrito por":"admin","Tempo estimado de leitura":"3 minutos"},"schema":{"@context":"https:\/\/schema.org","@graph":[{"@type":"Article","@id":"https:\/\/encompaniastj.org\/pt-pt\/o-que-dizem-os-jovens-que-participaram-nos-retiros-vocacionais-de-berakah\/#article","isPartOf":{"@id":"https:\/\/encompaniastj.org\/pt-pt\/o-que-dizem-os-jovens-que-participaram-nos-retiros-vocacionais-de-berakah\/"},"author":{"name":"admin","@id":"https:\/\/encompaniastj.org\/pt-pt\/#\/schema\/person\/520e7ecc314793d40091993c2a02b651"},"headline":"JOVENS QUE PARTICIPARAM NOS RETIROS VOCACIONAIS DE BERAKAH","datePublished":"2022-07-18T08:48:02+00:00","dateModified":"2025-07-07T14:23:18+00:00","mainEntityOfPage":{"@id":"https:\/\/encompaniastj.org\/pt-pt\/o-que-dizem-os-jovens-que-participaram-nos-retiros-vocacionais-de-berakah\/"},"wordCount":614,"commentCount":0,"publisher":{"@id":"https:\/\/encompaniastj.org\/pt-pt\/#organization"},"image":{"@id":"https:\/\/encompaniastj.org\/pt-pt\/o-que-dizem-os-jovens-que-participaram-nos-retiros-vocacionais-de-berakah\/#primaryimage"},"thumbnailUrl":"https:\/\/encompaniastj.org\/wp-content\/uploads\/2025\/05\/foto5-1.jpeg","articleSection":["Noticias","PJVT"],"inLanguage":"pt-PT","potentialAction":[{"@type":"CommentAction","name":"Comment","target":["https:\/\/encompaniastj.org\/pt-pt\/o-que-dizem-os-jovens-que-participaram-nos-retiros-vocacionais-de-berakah\/#respond"]}]},{"@type":"WebPage","@id":"https:\/\/encompaniastj.org\/pt-pt\/o-que-dizem-os-jovens-que-participaram-nos-retiros-vocacionais-de-berakah\/","url":"https:\/\/encompaniastj.org\/pt-pt\/o-que-dizem-os-jovens-que-participaram-nos-retiros-vocacionais-de-berakah\/","name":"JOVENS QUE PARTICIPARAM NOS RETIROS VOCACIONAIS DE BERAKAH - En Compa\u00f1\u00eda STJ","isPartOf":{"@id":"https:\/\/encompaniastj.org\/pt-pt\/#website"},"primaryImageOfPage":{"@id":"https:\/\/encompaniastj.org\/pt-pt\/o-que-dizem-os-jovens-que-participaram-nos-retiros-vocacionais-de-berakah\/#primaryimage"},"image":{"@id":"https:\/\/encompaniastj.org\/pt-pt\/o-que-dizem-os-jovens-que-participaram-nos-retiros-vocacionais-de-berakah\/#primaryimage"},"thumbnailUrl":"https:\/\/encompaniastj.org\/wp-content\/uploads\/2025\/05\/foto5-1.jpeg","datePublished":"2022-07-18T08:48:02+00:00","dateModified":"2025-07-07T14:23:18+00:00","breadcrumb":{"@id":"https:\/\/encompaniastj.org\/pt-pt\/o-que-dizem-os-jovens-que-participaram-nos-retiros-vocacionais-de-berakah\/#breadcrumb"},"inLanguage":"pt-PT","potentialAction":[{"@type":"ReadAction","target":["https:\/\/encompaniastj.org\/pt-pt\/o-que-dizem-os-jovens-que-participaram-nos-retiros-vocacionais-de-berakah\/"]}]},{"@type":"ImageObject","inLanguage":"pt-PT","@id":"https:\/\/encompaniastj.org\/pt-pt\/o-que-dizem-os-jovens-que-participaram-nos-retiros-vocacionais-de-berakah\/#primaryimage","url":"https:\/\/encompaniastj.org\/wp-content\/uploads\/2025\/05\/foto5-1.jpeg","contentUrl":"https:\/\/encompaniastj.org\/wp-content\/uploads\/2025\/05\/foto5-1.jpeg","width":1586,"height":655},{"@type":"BreadcrumbList","@id":"https:\/\/encompaniastj.org\/pt-pt\/o-que-dizem-os-jovens-que-participaram-nos-retiros-vocacionais-de-berakah\/#breadcrumb","itemListElement":[{"@type":"ListItem","position":1,"name":"Portada","item":"https:\/\/encompaniastj.org\/pt-pt\/"},{"@type":"ListItem","position":2,"name":"JOVENS QUE PARTICIPARAM NOS RETIROS VOCACIONAIS DE BERAKAH"}]},{"@type":"WebSite","@id":"https:\/\/encompaniastj.org\/pt-pt\/#website","url":"https:\/\/encompaniastj.org\/pt-pt\/","name":"En Compa\u00f1\u00eda STJ","description":"Bolet\u00edn de la Compa\u00f1\u00eda de Santa Teresa de Jes\u00fas","publisher":{"@id":"https:\/\/encompaniastj.org\/pt-pt\/#organization"},"potentialAction":[{"@type":"SearchAction","target":{"@type":"EntryPoint","urlTemplate":"https:\/\/encompaniastj.org\/pt-pt\/?s={search_term_string}"},"query-input":{"@type":"PropertyValueSpecification","valueRequired":true,"valueName":"search_term_string"}}],"inLanguage":"pt-PT"},{"@type":"Organization","@id":"https:\/\/encompaniastj.org\/pt-pt\/#organization","name":"Compa\u00f1\u00eda de Santa Teresa de Jes\u00fas","url":"https:\/\/encompaniastj.org\/pt-pt\/","logo":{"@type":"ImageObject","inLanguage":"pt-PT","@id":"https:\/\/encompaniastj.org\/pt-pt\/#\/schema\/logo\/image\/","url":"https:\/\/encompaniastj.org\/wp-content\/uploads\/2025\/04\/logo_provincias02-1-3.png","contentUrl":"https:\/\/encompaniastj.org\/wp-content\/uploads\/2025\/04\/logo_provincias02-1-3.png","width":2368,"height":825,"caption":"Compa\u00f1\u00eda de Santa Teresa de Jes\u00fas"},"image":{"@id":"https:\/\/encompaniastj.org\/pt-pt\/#\/schema\/logo\/image\/"}},{"@type":"Person","@id":"https:\/\/encompaniastj.org\/pt-pt\/#\/schema\/person\/520e7ecc314793d40091993c2a02b651","name":"admin","image":{"@type":"ImageObject","inLanguage":"pt-PT","@id":"https:\/\/secure.gravatar.com\/avatar\/948b492cce32b586ac2db0eaa926ee87024f7afe218d73b397ea5ddfc5f43ea1?s=96&d=mm&r=g","url":"https:\/\/secure.gravatar.com\/avatar\/948b492cce32b586ac2db0eaa926ee87024f7afe218d73b397ea5ddfc5f43ea1?s=96&d=mm&r=g","contentUrl":"https:\/\/secure.gravatar.com\/avatar\/948b492cce32b586ac2db0eaa926ee87024f7afe218d73b397ea5ddfc5f43ea1?s=96&d=mm&r=g","caption":"admin"},"sameAs":["https:\/\/encompaniastj.org"],"url":"https:\/\/encompaniastj.org\/pt-pt\/author\/sjdigital\/"}]}},"_links":{"self":[{"href":"https:\/\/encompaniastj.org\/pt-pt\/wp-json\/wp\/v2\/posts\/11046","targetHints":{"allow":["GET"]}}],"collection":[{"href":"https:\/\/encompaniastj.org\/pt-pt\/wp-json\/wp\/v2\/posts"}],"about":[{"href":"https:\/\/encompaniastj.org\/pt-pt\/wp-json\/wp\/v2\/types\/post"}],"author":[{"embeddable":true,"href":"https:\/\/encompaniastj.org\/pt-pt\/wp-json\/wp\/v2\/users\/1"}],"replies":[{"embeddable":true,"href":"https:\/\/encompaniastj.org\/pt-pt\/wp-json\/wp\/v2\/comments?post=11046"}],"version-history":[{"count":1,"href":"https:\/\/encompaniastj.org\/pt-pt\/wp-json\/wp\/v2\/posts\/11046\/revisions"}],"predecessor-version":[{"id":11047,"href":"https:\/\/encompaniastj.org\/pt-pt\/wp-json\/wp\/v2\/posts\/11046\/revisions\/11047"}],"wp:featuredmedia":[{"embeddable":true,"href":"https:\/\/encompaniastj.org\/pt-pt\/wp-json\/wp\/v2\/media\/7950"}],"wp:attachment":[{"href":"https:\/\/encompaniastj.org\/pt-pt\/wp-json\/wp\/v2\/media?parent=11046"}],"wp:term":[{"taxonomy":"category","embeddable":true,"href":"https:\/\/encompaniastj.org\/pt-pt\/wp-json\/wp\/v2\/categories?post=11046"},{"taxonomy":"post_tag","embeddable":true,"href":"https:\/\/encompaniastj.org\/pt-pt\/wp-json\/wp\/v2\/tags?post=11046"}],"curies":[{"name":"wp","href":"https:\/\/api.w.org\/{rel}","templated":true}]}}