{"id":11038,"date":"2022-07-06T09:40:21","date_gmt":"2022-07-06T07:40:21","guid":{"rendered":"https:\/\/encompaniastj.org\/mta-dinamiza-catequese-para-adolescentes-em-lisboa\/"},"modified":"2025-07-07T16:23:18","modified_gmt":"2025-07-07T14:23:18","slug":"mta-dinamiza-catequese-para-adolescentes-em-lisboa","status":"publish","type":"post","link":"https:\/\/encompaniastj.org\/pt-pt\/mta-dinamiza-catequese-para-adolescentes-em-lisboa\/","title":{"rendered":"MTA DINAMIZA CATEQUESE PARA ADOLESCENTES EM LISBOA"},"content":{"rendered":"<p>O MTA Portugal associou-se uma vez mais ao Patriarcado de Lisboa, desta vez para colaborar no Encontro Diocesano de Adolescentes, Say Yes Day\u201922: \u00abCom Maria ensaiamos o sim\u00bb, realizado no passado dia 25 de junho.<\/p>\n<p>O MTA preparou e dinamizou um catequese para 200 dos 1600 adolescentes e respectivos catequistas que participaram no encontro e puderam aprofundar, atrav\u00e9s do testemunho dos jovens do MTA, a dimens\u00e3o vocacional da vida crist\u00e3, reconhecendo Maria como modelo de disponibilidade.<\/p>\n<p>&nbsp;<\/p>\n<p><img loading=\"lazy\" decoding=\"async\" class=\"size-medium wp-image-9001 alignleft\" src=\"https:\/\/encompaniastj.org\/wp-content\/uploads\/2025\/05\/fot2.png\" alt=\"\" width=\"300\" height=\"300\" \/><\/p>\n<p><img loading=\"lazy\" decoding=\"async\" class=\"aligncenter size-medium wp-image-8999\" src=\"https:\/\/encompaniastj.org\/wp-content\/uploads\/2025\/05\/fot1.png\" alt=\"\" width=\"300\" height=\"300\" \/><\/p>\n","protected":false},"excerpt":{"rendered":"<p>O MTA Portugal associou-se uma vez mais ao Patriarcado de Lisboa, desta vez para colaborar no Encontro Diocesano de Adolescentes, Say Yes Day\u201922: \u00abCom Maria ensaiamos o sim\u00bb, realizado no [&hellip;]<\/p>\n","protected":false},"author":1,"featured_media":7946,"comment_status":"open","ping_status":"open","sticky":false,"template":"","format":"standard","meta":{"_acf_changed":false,"footnotes":""},"categories":[61,64],"tags":[],"class_list":["post-11038","post","type-post","status-publish","format-standard","has-post-thumbnail","hentry","category-noticias","category-pjvt"],"acf":[],"yoast_head":"<!-- This site is optimized with the Yoast SEO plugin v27.5 - https:\/\/yoast.com\/product\/yoast-seo-wordpress\/ -->\n<title>MTA DINAMIZA CATEQUESE PARA ADOLESCENTES EM LISBOA - En Compa\u00f1\u00eda STJ<\/title>\n<meta name=\"robots\" content=\"index, follow, max-snippet:-1, max-image-preview:large, max-video-preview:-1\" \/>\n<link rel=\"canonical\" href=\"https:\/\/encompaniastj.org\/pt-pt\/mta-dinamiza-catequese-para-adolescentes-em-lisboa\/\" \/>\n<meta property=\"og:locale\" content=\"pt_PT\" \/>\n<meta property=\"og:type\" content=\"article\" \/>\n<meta property=\"og:title\" content=\"MTA DINAMIZA CATEQUESE PARA ADOLESCENTES EM LISBOA - En Compa\u00f1\u00eda STJ\" \/>\n<meta property=\"og:description\" content=\"O MTA Portugal associou-se uma vez mais ao Patriarcado de Lisboa, desta vez para colaborar no Encontro Diocesano de Adolescentes, Say Yes Day\u201922: \u00abCom Maria ensaiamos o sim\u00bb, realizado no [&hellip;]\" \/>\n<meta property=\"og:url\" content=\"https:\/\/encompaniastj.org\/pt-pt\/mta-dinamiza-catequese-para-adolescentes-em-lisboa\/\" \/>\n<meta property=\"og:site_name\" content=\"En Compa\u00f1\u00eda STJ\" \/>\n<meta property=\"article:published_time\" content=\"2022-07-06T07:40:21+00:00\" \/>\n<meta property=\"article:modified_time\" content=\"2025-07-07T14:23:18+00:00\" \/>\n<meta property=\"og:image\" content=\"https:\/\/encompaniastj.org\/wp-content\/uploads\/2025\/05\/WhatsApp-Image-2022-07-02-at-19.43.20.jpeg\" \/>\n\t<meta property=\"og:image:width\" content=\"1920\" \/>\n\t<meta property=\"og:image:height\" content=\"1440\" \/>\n\t<meta property=\"og:image:type\" content=\"image\/jpeg\" \/>\n<meta name=\"author\" content=\"admin\" \/>\n<meta name=\"twitter:card\" content=\"summary_large_image\" \/>\n<meta name=\"twitter:label1\" content=\"Escrito por\" \/>\n\t<meta name=\"twitter:data1\" content=\"admin\" \/>\n\t<meta name=\"twitter:label2\" content=\"Tempo estimado de leitura\" \/>\n\t<meta name=\"twitter:data2\" content=\"1 minuto\" \/>\n<script type=\"application\/ld+json\" class=\"yoast-schema-graph\">{\"@context\":\"https:\\\/\\\/schema.org\",\"@graph\":[{\"@type\":\"Article\",\"@id\":\"https:\\\/\\\/encompaniastj.org\\\/pt-pt\\\/mta-dinamiza-catequese-para-adolescentes-em-lisboa\\\/#article\",\"isPartOf\":{\"@id\":\"https:\\\/\\\/encompaniastj.org\\\/pt-pt\\\/mta-dinamiza-catequese-para-adolescentes-em-lisboa\\\/\"},\"author\":{\"name\":\"admin\",\"@id\":\"https:\\\/\\\/encompaniastj.org\\\/pt-pt\\\/#\\\/schema\\\/person\\\/520e7ecc314793d40091993c2a02b651\"},\"headline\":\"MTA DINAMIZA CATEQUESE PARA ADOLESCENTES EM LISBOA\",\"datePublished\":\"2022-07-06T07:40:21+00:00\",\"dateModified\":\"2025-07-07T14:23:18+00:00\",\"mainEntityOfPage\":{\"@id\":\"https:\\\/\\\/encompaniastj.org\\\/pt-pt\\\/mta-dinamiza-catequese-para-adolescentes-em-lisboa\\\/\"},\"wordCount\":83,\"commentCount\":0,\"publisher\":{\"@id\":\"https:\\\/\\\/encompaniastj.org\\\/pt-pt\\\/#organization\"},\"image\":{\"@id\":\"https:\\\/\\\/encompaniastj.org\\\/pt-pt\\\/mta-dinamiza-catequese-para-adolescentes-em-lisboa\\\/#primaryimage\"},\"thumbnailUrl\":\"https:\\\/\\\/encompaniastj.org\\\/wp-content\\\/uploads\\\/2025\\\/05\\\/WhatsApp-Image-2022-07-02-at-19.43.20.jpeg\",\"articleSection\":[\"Noticias\",\"PJVT\"],\"inLanguage\":\"pt-PT\",\"potentialAction\":[{\"@type\":\"CommentAction\",\"name\":\"Comment\",\"target\":[\"https:\\\/\\\/encompaniastj.org\\\/pt-pt\\\/mta-dinamiza-catequese-para-adolescentes-em-lisboa\\\/#respond\"]}]},{\"@type\":\"WebPage\",\"@id\":\"https:\\\/\\\/encompaniastj.org\\\/pt-pt\\\/mta-dinamiza-catequese-para-adolescentes-em-lisboa\\\/\",\"url\":\"https:\\\/\\\/encompaniastj.org\\\/pt-pt\\\/mta-dinamiza-catequese-para-adolescentes-em-lisboa\\\/\",\"name\":\"MTA DINAMIZA CATEQUESE PARA ADOLESCENTES EM LISBOA - En Compa\u00f1\u00eda STJ\",\"isPartOf\":{\"@id\":\"https:\\\/\\\/encompaniastj.org\\\/pt-pt\\\/#website\"},\"primaryImageOfPage\":{\"@id\":\"https:\\\/\\\/encompaniastj.org\\\/pt-pt\\\/mta-dinamiza-catequese-para-adolescentes-em-lisboa\\\/#primaryimage\"},\"image\":{\"@id\":\"https:\\\/\\\/encompaniastj.org\\\/pt-pt\\\/mta-dinamiza-catequese-para-adolescentes-em-lisboa\\\/#primaryimage\"},\"thumbnailUrl\":\"https:\\\/\\\/encompaniastj.org\\\/wp-content\\\/uploads\\\/2025\\\/05\\\/WhatsApp-Image-2022-07-02-at-19.43.20.jpeg\",\"datePublished\":\"2022-07-06T07:40:21+00:00\",\"dateModified\":\"2025-07-07T14:23:18+00:00\",\"breadcrumb\":{\"@id\":\"https:\\\/\\\/encompaniastj.org\\\/pt-pt\\\/mta-dinamiza-catequese-para-adolescentes-em-lisboa\\\/#breadcrumb\"},\"inLanguage\":\"pt-PT\",\"potentialAction\":[{\"@type\":\"ReadAction\",\"target\":[\"https:\\\/\\\/encompaniastj.org\\\/pt-pt\\\/mta-dinamiza-catequese-para-adolescentes-em-lisboa\\\/\"]}]},{\"@type\":\"ImageObject\",\"inLanguage\":\"pt-PT\",\"@id\":\"https:\\\/\\\/encompaniastj.org\\\/pt-pt\\\/mta-dinamiza-catequese-para-adolescentes-em-lisboa\\\/#primaryimage\",\"url\":\"https:\\\/\\\/encompaniastj.org\\\/wp-content\\\/uploads\\\/2025\\\/05\\\/WhatsApp-Image-2022-07-02-at-19.43.20.jpeg\",\"contentUrl\":\"https:\\\/\\\/encompaniastj.org\\\/wp-content\\\/uploads\\\/2025\\\/05\\\/WhatsApp-Image-2022-07-02-at-19.43.20.jpeg\",\"width\":1920,\"height\":1440},{\"@type\":\"BreadcrumbList\",\"@id\":\"https:\\\/\\\/encompaniastj.org\\\/pt-pt\\\/mta-dinamiza-catequese-para-adolescentes-em-lisboa\\\/#breadcrumb\",\"itemListElement\":[{\"@type\":\"ListItem\",\"position\":1,\"name\":\"Portada\",\"item\":\"https:\\\/\\\/encompaniastj.org\\\/pt-pt\\\/\"},{\"@type\":\"ListItem\",\"position\":2,\"name\":\"MTA DINAMIZA CATEQUESE PARA ADOLESCENTES EM LISBOA\"}]},{\"@type\":\"WebSite\",\"@id\":\"https:\\\/\\\/encompaniastj.org\\\/pt-pt\\\/#website\",\"url\":\"https:\\\/\\\/encompaniastj.org\\\/pt-pt\\\/\",\"name\":\"En Compa\u00f1\u00eda STJ\",\"description\":\"Bolet\u00edn de la Compa\u00f1\u00eda de Santa Teresa de Jes\u00fas\",\"publisher\":{\"@id\":\"https:\\\/\\\/encompaniastj.org\\\/pt-pt\\\/#organization\"},\"potentialAction\":[{\"@type\":\"SearchAction\",\"target\":{\"@type\":\"EntryPoint\",\"urlTemplate\":\"https:\\\/\\\/encompaniastj.org\\\/pt-pt\\\/?s={search_term_string}\"},\"query-input\":{\"@type\":\"PropertyValueSpecification\",\"valueRequired\":true,\"valueName\":\"search_term_string\"}}],\"inLanguage\":\"pt-PT\"},{\"@type\":\"Organization\",\"@id\":\"https:\\\/\\\/encompaniastj.org\\\/pt-pt\\\/#organization\",\"name\":\"Compa\u00f1\u00eda de Santa Teresa de Jes\u00fas\",\"url\":\"https:\\\/\\\/encompaniastj.org\\\/pt-pt\\\/\",\"logo\":{\"@type\":\"ImageObject\",\"inLanguage\":\"pt-PT\",\"@id\":\"https:\\\/\\\/encompaniastj.org\\\/pt-pt\\\/#\\\/schema\\\/logo\\\/image\\\/\",\"url\":\"https:\\\/\\\/encompaniastj.org\\\/wp-content\\\/uploads\\\/2025\\\/04\\\/logo_provincias02-1-3.png\",\"contentUrl\":\"https:\\\/\\\/encompaniastj.org\\\/wp-content\\\/uploads\\\/2025\\\/04\\\/logo_provincias02-1-3.png\",\"width\":2368,\"height\":825,\"caption\":\"Compa\u00f1\u00eda de Santa Teresa de Jes\u00fas\"},\"image\":{\"@id\":\"https:\\\/\\\/encompaniastj.org\\\/pt-pt\\\/#\\\/schema\\\/logo\\\/image\\\/\"}},{\"@type\":\"Person\",\"@id\":\"https:\\\/\\\/encompaniastj.org\\\/pt-pt\\\/#\\\/schema\\\/person\\\/520e7ecc314793d40091993c2a02b651\",\"name\":\"admin\",\"image\":{\"@type\":\"ImageObject\",\"inLanguage\":\"pt-PT\",\"@id\":\"https:\\\/\\\/secure.gravatar.com\\\/avatar\\\/948b492cce32b586ac2db0eaa926ee87024f7afe218d73b397ea5ddfc5f43ea1?s=96&d=mm&r=g\",\"url\":\"https:\\\/\\\/secure.gravatar.com\\\/avatar\\\/948b492cce32b586ac2db0eaa926ee87024f7afe218d73b397ea5ddfc5f43ea1?s=96&d=mm&r=g\",\"contentUrl\":\"https:\\\/\\\/secure.gravatar.com\\\/avatar\\\/948b492cce32b586ac2db0eaa926ee87024f7afe218d73b397ea5ddfc5f43ea1?s=96&d=mm&r=g\",\"caption\":\"admin\"},\"sameAs\":[\"https:\\\/\\\/encompaniastj.org\"],\"url\":\"https:\\\/\\\/encompaniastj.org\\\/pt-pt\\\/author\\\/sjdigital\\\/\"}]}<\/script>\n<!-- \/ Yoast SEO plugin. -->","yoast_head_json":{"title":"MTA DINAMIZA CATEQUESE PARA ADOLESCENTES EM LISBOA - En Compa\u00f1\u00eda STJ","robots":{"index":"index","follow":"follow","max-snippet":"max-snippet:-1","max-image-preview":"max-image-preview:large","max-video-preview":"max-video-preview:-1"},"canonical":"https:\/\/encompaniastj.org\/pt-pt\/mta-dinamiza-catequese-para-adolescentes-em-lisboa\/","og_locale":"pt_PT","og_type":"article","og_title":"MTA DINAMIZA CATEQUESE PARA ADOLESCENTES EM LISBOA - En Compa\u00f1\u00eda STJ","og_description":"O MTA Portugal associou-se uma vez mais ao Patriarcado de Lisboa, desta vez para colaborar no Encontro Diocesano de Adolescentes, Say Yes Day\u201922: \u00abCom Maria ensaiamos o sim\u00bb, realizado no [&hellip;]","og_url":"https:\/\/encompaniastj.org\/pt-pt\/mta-dinamiza-catequese-para-adolescentes-em-lisboa\/","og_site_name":"En Compa\u00f1\u00eda STJ","article_published_time":"2022-07-06T07:40:21+00:00","article_modified_time":"2025-07-07T14:23:18+00:00","og_image":[{"width":1920,"height":1440,"url":"https:\/\/encompaniastj.org\/wp-content\/uploads\/2025\/05\/WhatsApp-Image-2022-07-02-at-19.43.20.jpeg","type":"image\/jpeg"}],"author":"admin","twitter_card":"summary_large_image","twitter_misc":{"Escrito por":"admin","Tempo estimado de leitura":"1 minuto"},"schema":{"@context":"https:\/\/schema.org","@graph":[{"@type":"Article","@id":"https:\/\/encompaniastj.org\/pt-pt\/mta-dinamiza-catequese-para-adolescentes-em-lisboa\/#article","isPartOf":{"@id":"https:\/\/encompaniastj.org\/pt-pt\/mta-dinamiza-catequese-para-adolescentes-em-lisboa\/"},"author":{"name":"admin","@id":"https:\/\/encompaniastj.org\/pt-pt\/#\/schema\/person\/520e7ecc314793d40091993c2a02b651"},"headline":"MTA DINAMIZA CATEQUESE PARA ADOLESCENTES EM LISBOA","datePublished":"2022-07-06T07:40:21+00:00","dateModified":"2025-07-07T14:23:18+00:00","mainEntityOfPage":{"@id":"https:\/\/encompaniastj.org\/pt-pt\/mta-dinamiza-catequese-para-adolescentes-em-lisboa\/"},"wordCount":83,"commentCount":0,"publisher":{"@id":"https:\/\/encompaniastj.org\/pt-pt\/#organization"},"image":{"@id":"https:\/\/encompaniastj.org\/pt-pt\/mta-dinamiza-catequese-para-adolescentes-em-lisboa\/#primaryimage"},"thumbnailUrl":"https:\/\/encompaniastj.org\/wp-content\/uploads\/2025\/05\/WhatsApp-Image-2022-07-02-at-19.43.20.jpeg","articleSection":["Noticias","PJVT"],"inLanguage":"pt-PT","potentialAction":[{"@type":"CommentAction","name":"Comment","target":["https:\/\/encompaniastj.org\/pt-pt\/mta-dinamiza-catequese-para-adolescentes-em-lisboa\/#respond"]}]},{"@type":"WebPage","@id":"https:\/\/encompaniastj.org\/pt-pt\/mta-dinamiza-catequese-para-adolescentes-em-lisboa\/","url":"https:\/\/encompaniastj.org\/pt-pt\/mta-dinamiza-catequese-para-adolescentes-em-lisboa\/","name":"MTA DINAMIZA CATEQUESE PARA ADOLESCENTES EM LISBOA - En Compa\u00f1\u00eda STJ","isPartOf":{"@id":"https:\/\/encompaniastj.org\/pt-pt\/#website"},"primaryImageOfPage":{"@id":"https:\/\/encompaniastj.org\/pt-pt\/mta-dinamiza-catequese-para-adolescentes-em-lisboa\/#primaryimage"},"image":{"@id":"https:\/\/encompaniastj.org\/pt-pt\/mta-dinamiza-catequese-para-adolescentes-em-lisboa\/#primaryimage"},"thumbnailUrl":"https:\/\/encompaniastj.org\/wp-content\/uploads\/2025\/05\/WhatsApp-Image-2022-07-02-at-19.43.20.jpeg","datePublished":"2022-07-06T07:40:21+00:00","dateModified":"2025-07-07T14:23:18+00:00","breadcrumb":{"@id":"https:\/\/encompaniastj.org\/pt-pt\/mta-dinamiza-catequese-para-adolescentes-em-lisboa\/#breadcrumb"},"inLanguage":"pt-PT","potentialAction":[{"@type":"ReadAction","target":["https:\/\/encompaniastj.org\/pt-pt\/mta-dinamiza-catequese-para-adolescentes-em-lisboa\/"]}]},{"@type":"ImageObject","inLanguage":"pt-PT","@id":"https:\/\/encompaniastj.org\/pt-pt\/mta-dinamiza-catequese-para-adolescentes-em-lisboa\/#primaryimage","url":"https:\/\/encompaniastj.org\/wp-content\/uploads\/2025\/05\/WhatsApp-Image-2022-07-02-at-19.43.20.jpeg","contentUrl":"https:\/\/encompaniastj.org\/wp-content\/uploads\/2025\/05\/WhatsApp-Image-2022-07-02-at-19.43.20.jpeg","width":1920,"height":1440},{"@type":"BreadcrumbList","@id":"https:\/\/encompaniastj.org\/pt-pt\/mta-dinamiza-catequese-para-adolescentes-em-lisboa\/#breadcrumb","itemListElement":[{"@type":"ListItem","position":1,"name":"Portada","item":"https:\/\/encompaniastj.org\/pt-pt\/"},{"@type":"ListItem","position":2,"name":"MTA DINAMIZA CATEQUESE PARA ADOLESCENTES EM LISBOA"}]},{"@type":"WebSite","@id":"https:\/\/encompaniastj.org\/pt-pt\/#website","url":"https:\/\/encompaniastj.org\/pt-pt\/","name":"En Compa\u00f1\u00eda STJ","description":"Bolet\u00edn de la Compa\u00f1\u00eda de Santa Teresa de Jes\u00fas","publisher":{"@id":"https:\/\/encompaniastj.org\/pt-pt\/#organization"},"potentialAction":[{"@type":"SearchAction","target":{"@type":"EntryPoint","urlTemplate":"https:\/\/encompaniastj.org\/pt-pt\/?s={search_term_string}"},"query-input":{"@type":"PropertyValueSpecification","valueRequired":true,"valueName":"search_term_string"}}],"inLanguage":"pt-PT"},{"@type":"Organization","@id":"https:\/\/encompaniastj.org\/pt-pt\/#organization","name":"Compa\u00f1\u00eda de Santa Teresa de Jes\u00fas","url":"https:\/\/encompaniastj.org\/pt-pt\/","logo":{"@type":"ImageObject","inLanguage":"pt-PT","@id":"https:\/\/encompaniastj.org\/pt-pt\/#\/schema\/logo\/image\/","url":"https:\/\/encompaniastj.org\/wp-content\/uploads\/2025\/04\/logo_provincias02-1-3.png","contentUrl":"https:\/\/encompaniastj.org\/wp-content\/uploads\/2025\/04\/logo_provincias02-1-3.png","width":2368,"height":825,"caption":"Compa\u00f1\u00eda de Santa Teresa de Jes\u00fas"},"image":{"@id":"https:\/\/encompaniastj.org\/pt-pt\/#\/schema\/logo\/image\/"}},{"@type":"Person","@id":"https:\/\/encompaniastj.org\/pt-pt\/#\/schema\/person\/520e7ecc314793d40091993c2a02b651","name":"admin","image":{"@type":"ImageObject","inLanguage":"pt-PT","@id":"https:\/\/secure.gravatar.com\/avatar\/948b492cce32b586ac2db0eaa926ee87024f7afe218d73b397ea5ddfc5f43ea1?s=96&d=mm&r=g","url":"https:\/\/secure.gravatar.com\/avatar\/948b492cce32b586ac2db0eaa926ee87024f7afe218d73b397ea5ddfc5f43ea1?s=96&d=mm&r=g","contentUrl":"https:\/\/secure.gravatar.com\/avatar\/948b492cce32b586ac2db0eaa926ee87024f7afe218d73b397ea5ddfc5f43ea1?s=96&d=mm&r=g","caption":"admin"},"sameAs":["https:\/\/encompaniastj.org"],"url":"https:\/\/encompaniastj.org\/pt-pt\/author\/sjdigital\/"}]}},"_links":{"self":[{"href":"https:\/\/encompaniastj.org\/pt-pt\/wp-json\/wp\/v2\/posts\/11038","targetHints":{"allow":["GET"]}}],"collection":[{"href":"https:\/\/encompaniastj.org\/pt-pt\/wp-json\/wp\/v2\/posts"}],"about":[{"href":"https:\/\/encompaniastj.org\/pt-pt\/wp-json\/wp\/v2\/types\/post"}],"author":[{"embeddable":true,"href":"https:\/\/encompaniastj.org\/pt-pt\/wp-json\/wp\/v2\/users\/1"}],"replies":[{"embeddable":true,"href":"https:\/\/encompaniastj.org\/pt-pt\/wp-json\/wp\/v2\/comments?post=11038"}],"version-history":[{"count":1,"href":"https:\/\/encompaniastj.org\/pt-pt\/wp-json\/wp\/v2\/posts\/11038\/revisions"}],"predecessor-version":[{"id":11039,"href":"https:\/\/encompaniastj.org\/pt-pt\/wp-json\/wp\/v2\/posts\/11038\/revisions\/11039"}],"wp:featuredmedia":[{"embeddable":true,"href":"https:\/\/encompaniastj.org\/pt-pt\/wp-json\/wp\/v2\/media\/7946"}],"wp:attachment":[{"href":"https:\/\/encompaniastj.org\/pt-pt\/wp-json\/wp\/v2\/media?parent=11038"}],"wp:term":[{"taxonomy":"category","embeddable":true,"href":"https:\/\/encompaniastj.org\/pt-pt\/wp-json\/wp\/v2\/categories?post=11038"},{"taxonomy":"post_tag","embeddable":true,"href":"https:\/\/encompaniastj.org\/pt-pt\/wp-json\/wp\/v2\/tags?post=11038"}],"curies":[{"name":"wp","href":"https:\/\/api.w.org\/{rel}","templated":true}]}}