{"id":11022,"date":"2022-05-30T07:50:40","date_gmt":"2022-05-30T05:50:40","guid":{"rendered":"https:\/\/encompaniastj.org\/natividad-ferrer-ruiz-29-de-mayo-de-2022-avila-residencia-2\/"},"modified":"2025-07-07T16:23:15","modified_gmt":"2025-07-07T14:23:15","slug":"natividad-ferrer-ruiz-29-de-mayo-de-2022-avila-residencia-2","status":"publish","type":"post","link":"https:\/\/encompaniastj.org\/pt-pt\/natividad-ferrer-ruiz-29-de-mayo-de-2022-avila-residencia-2\/","title":{"rendered":"Natividad Ferrer Ruiz. 29 de mayo de 2022 (\u00c1vila Residencia)"},"content":{"rendered":"<p>Jesus, referindo-se a Natanael, diz: &#8220;Eis um israelita que n\u00e3o conhece o mal&#8221;.<\/p>\n<p>Podemos dizer o mesmo de Natividade: uma pessoa que se destacou pela sua honestidade, retid\u00e3o e sentido da verdade.<\/p>\n<p>Natividade nasceu em S. Sebasti\u00e3o no dia 4 de junho de 1929. Entrou na Companhia, em Tortosa, no grupo de Santa Teresa em 1947 e cumpriu a sua miss\u00e3o em Oviedo, Sarago\u00e7a, Madrid, Valladolid, Salamanca, Toledo e \u00c1vila.<\/p>\n<p>\u00c9 importante destacar-se o amor pela Companhia que manifestou na sua vida e que contagiava a partir das responsabilidades que tinha.<\/p>\n<p>Identificada com Teresa e Henrique, conhecia de cor as obras da Santa e aplicava os textos com frequ\u00eancia na sua conversa e nos seus trabalhos.<\/p>\n<p>Trabalhadora incans\u00e1vel em todas as miss\u00f5es e servi\u00e7os. O Senhor deu-lhe uma extraordin\u00e1ria capacidade intelectual e colocou-a ao servi\u00e7o dos interesses de Jesus como professora, delegada provincial da educa\u00e7\u00e3o, coordenadora provincial, dire\u00e7\u00e3o da CONFER&#8230;<\/p>\n<p>O seu sentido do dever em todas as facetas da vida: a sua vida pessoal, a sua consagra\u00e7\u00e3o, nas responsabilidades que tinha na Companhia e na colabora\u00e7\u00e3o com outras organiza\u00e7\u00f5es.<\/p>\n<p>A atitude de ajudar e buscar o bem das irm\u00e3s em todos os campos. Muitas de n\u00f3s podemos lembrar os seus anos como prefeita provincial, sendo ela muito jovem, punha-se ao n\u00edvel das outras para nos acompanhar, guiar e fazer que cada uma mostrasse o melhor de si.<\/p>\n<p>Muitas irm\u00e3s testemunham o seu zelo incans\u00e1vel, organizando cursos de curta dura\u00e7\u00e3o para irm\u00e3s e leigos que trabalham nos col\u00e9gios e orientando para outros cursos de curta dura\u00e7\u00e3o das organiza\u00e7\u00f5es que foram pioneiras no ensino. N\u00e3o olhava ao sacrif\u00edcio nem ao custo econ\u00f3mico. O importante era a forma\u00e7\u00e3o e prepara\u00e7\u00e3o das irm\u00e3s e dos col\u00e9gios.<\/p>\n<p>O seu af\u00e3 pela leitura para &#8220;manter-se atualizada&#8221; sobre o que estava acontecendo no mundo e comunic\u00e1-lo \u00e0s outras. At\u00e9 a sua doen\u00e7a estar bem avan\u00e7ada, ela gostava de ler o jornal todos os dias.<\/p>\n<p>A sua simplicidade e humildade, que demonstrou mesmo na sua \u00faltima fase: como aceitou a sua doen\u00e7a, no in\u00edcio do Alzheimer ela apercebeu-se do seu agravamento e disse muitas vezes: &#8220;o Senhor deu-me a mem\u00f3ria quando precisava, agora j\u00e1 n\u00e3o a necessito.&#8221;<\/p>\n<p>Hoje agradecemos a sua vida, as suas palavras e o seu sil\u00eancio. Alegramo-nos com ela e por ela porque j\u00e1 est\u00e1 com o Senhor da sua vida e repousa em Deus.<\/p>\n","protected":false},"excerpt":{"rendered":"<p>Jesus, referindo-se a Natanael, diz: &#8220;Eis um israelita que n\u00e3o conhece o mal&#8221;. Podemos dizer o mesmo de Natividade: uma pessoa que se destacou pela sua honestidade, retid\u00e3o e sentido [&hellip;]<\/p>\n","protected":false},"author":1,"featured_media":7930,"comment_status":"open","ping_status":"open","sticky":false,"template":"","format":"standard","meta":{"_acf_changed":false,"footnotes":""},"categories":[69],"tags":[],"class_list":["post-11022","post","type-post","status-publish","format-standard","has-post-thumbnail","hentry","category-falecimentos"],"acf":[],"yoast_head":"<!-- This site is optimized with the Yoast SEO plugin v27.5 - https:\/\/yoast.com\/product\/yoast-seo-wordpress\/ -->\n<title>Natividad Ferrer Ruiz. 29 de mayo de 2022 (\u00c1vila Residencia) - En Compa\u00f1\u00eda STJ<\/title>\n<meta name=\"robots\" content=\"index, follow, max-snippet:-1, max-image-preview:large, max-video-preview:-1\" \/>\n<link rel=\"canonical\" href=\"https:\/\/encompaniastj.org\/pt-pt\/natividad-ferrer-ruiz-29-de-mayo-de-2022-avila-residencia-2\/\" \/>\n<meta property=\"og:locale\" content=\"pt_PT\" \/>\n<meta property=\"og:type\" content=\"article\" \/>\n<meta property=\"og:title\" content=\"Natividad Ferrer Ruiz. 29 de mayo de 2022 (\u00c1vila Residencia) - En Compa\u00f1\u00eda STJ\" \/>\n<meta property=\"og:description\" content=\"Jesus, referindo-se a Natanael, diz: &#8220;Eis um israelita que n\u00e3o conhece o mal&#8221;. Podemos dizer o mesmo de Natividade: uma pessoa que se destacou pela sua honestidade, retid\u00e3o e sentido [&hellip;]\" \/>\n<meta property=\"og:url\" content=\"https:\/\/encompaniastj.org\/pt-pt\/natividad-ferrer-ruiz-29-de-mayo-de-2022-avila-residencia-2\/\" \/>\n<meta property=\"og:site_name\" content=\"En Compa\u00f1\u00eda STJ\" \/>\n<meta property=\"article:published_time\" content=\"2022-05-30T05:50:40+00:00\" \/>\n<meta property=\"article:modified_time\" content=\"2025-07-07T14:23:15+00:00\" \/>\n<meta property=\"og:image\" content=\"https:\/\/encompaniastj.org\/wp-content\/uploads\/2025\/05\/Natividad.jpg\" \/>\n\t<meta property=\"og:image:width\" content=\"1280\" \/>\n\t<meta property=\"og:image:height\" content=\"577\" \/>\n\t<meta property=\"og:image:type\" content=\"image\/jpeg\" \/>\n<meta name=\"author\" content=\"admin\" \/>\n<meta name=\"twitter:card\" content=\"summary_large_image\" \/>\n<meta name=\"twitter:label1\" content=\"Escrito por\" \/>\n\t<meta name=\"twitter:data1\" content=\"admin\" \/>\n\t<meta name=\"twitter:label2\" content=\"Tempo estimado de leitura\" \/>\n\t<meta name=\"twitter:data2\" content=\"2 minutos\" \/>\n<script type=\"application\/ld+json\" class=\"yoast-schema-graph\">{\"@context\":\"https:\\\/\\\/schema.org\",\"@graph\":[{\"@type\":\"Article\",\"@id\":\"https:\\\/\\\/encompaniastj.org\\\/pt-pt\\\/natividad-ferrer-ruiz-29-de-mayo-de-2022-avila-residencia-2\\\/#article\",\"isPartOf\":{\"@id\":\"https:\\\/\\\/encompaniastj.org\\\/pt-pt\\\/natividad-ferrer-ruiz-29-de-mayo-de-2022-avila-residencia-2\\\/\"},\"author\":{\"name\":\"admin\",\"@id\":\"https:\\\/\\\/encompaniastj.org\\\/pt-pt\\\/#\\\/schema\\\/person\\\/520e7ecc314793d40091993c2a02b651\"},\"headline\":\"Natividad Ferrer Ruiz. 29 de mayo de 2022 (\u00c1vila Residencia)\",\"datePublished\":\"2022-05-30T05:50:40+00:00\",\"dateModified\":\"2025-07-07T14:23:15+00:00\",\"mainEntityOfPage\":{\"@id\":\"https:\\\/\\\/encompaniastj.org\\\/pt-pt\\\/natividad-ferrer-ruiz-29-de-mayo-de-2022-avila-residencia-2\\\/\"},\"wordCount\":436,\"commentCount\":0,\"publisher\":{\"@id\":\"https:\\\/\\\/encompaniastj.org\\\/pt-pt\\\/#organization\"},\"image\":{\"@id\":\"https:\\\/\\\/encompaniastj.org\\\/pt-pt\\\/natividad-ferrer-ruiz-29-de-mayo-de-2022-avila-residencia-2\\\/#primaryimage\"},\"thumbnailUrl\":\"https:\\\/\\\/encompaniastj.org\\\/wp-content\\\/uploads\\\/2025\\\/05\\\/Natividad.jpg\",\"articleSection\":[\"Falecimentos\"],\"inLanguage\":\"pt-PT\",\"potentialAction\":[{\"@type\":\"CommentAction\",\"name\":\"Comment\",\"target\":[\"https:\\\/\\\/encompaniastj.org\\\/pt-pt\\\/natividad-ferrer-ruiz-29-de-mayo-de-2022-avila-residencia-2\\\/#respond\"]}]},{\"@type\":\"WebPage\",\"@id\":\"https:\\\/\\\/encompaniastj.org\\\/pt-pt\\\/natividad-ferrer-ruiz-29-de-mayo-de-2022-avila-residencia-2\\\/\",\"url\":\"https:\\\/\\\/encompaniastj.org\\\/pt-pt\\\/natividad-ferrer-ruiz-29-de-mayo-de-2022-avila-residencia-2\\\/\",\"name\":\"Natividad Ferrer Ruiz. 29 de mayo de 2022 (\u00c1vila Residencia) - En Compa\u00f1\u00eda STJ\",\"isPartOf\":{\"@id\":\"https:\\\/\\\/encompaniastj.org\\\/pt-pt\\\/#website\"},\"primaryImageOfPage\":{\"@id\":\"https:\\\/\\\/encompaniastj.org\\\/pt-pt\\\/natividad-ferrer-ruiz-29-de-mayo-de-2022-avila-residencia-2\\\/#primaryimage\"},\"image\":{\"@id\":\"https:\\\/\\\/encompaniastj.org\\\/pt-pt\\\/natividad-ferrer-ruiz-29-de-mayo-de-2022-avila-residencia-2\\\/#primaryimage\"},\"thumbnailUrl\":\"https:\\\/\\\/encompaniastj.org\\\/wp-content\\\/uploads\\\/2025\\\/05\\\/Natividad.jpg\",\"datePublished\":\"2022-05-30T05:50:40+00:00\",\"dateModified\":\"2025-07-07T14:23:15+00:00\",\"breadcrumb\":{\"@id\":\"https:\\\/\\\/encompaniastj.org\\\/pt-pt\\\/natividad-ferrer-ruiz-29-de-mayo-de-2022-avila-residencia-2\\\/#breadcrumb\"},\"inLanguage\":\"pt-PT\",\"potentialAction\":[{\"@type\":\"ReadAction\",\"target\":[\"https:\\\/\\\/encompaniastj.org\\\/pt-pt\\\/natividad-ferrer-ruiz-29-de-mayo-de-2022-avila-residencia-2\\\/\"]}]},{\"@type\":\"ImageObject\",\"inLanguage\":\"pt-PT\",\"@id\":\"https:\\\/\\\/encompaniastj.org\\\/pt-pt\\\/natividad-ferrer-ruiz-29-de-mayo-de-2022-avila-residencia-2\\\/#primaryimage\",\"url\":\"https:\\\/\\\/encompaniastj.org\\\/wp-content\\\/uploads\\\/2025\\\/05\\\/Natividad.jpg\",\"contentUrl\":\"https:\\\/\\\/encompaniastj.org\\\/wp-content\\\/uploads\\\/2025\\\/05\\\/Natividad.jpg\",\"width\":1280,\"height\":577},{\"@type\":\"BreadcrumbList\",\"@id\":\"https:\\\/\\\/encompaniastj.org\\\/pt-pt\\\/natividad-ferrer-ruiz-29-de-mayo-de-2022-avila-residencia-2\\\/#breadcrumb\",\"itemListElement\":[{\"@type\":\"ListItem\",\"position\":1,\"name\":\"Portada\",\"item\":\"https:\\\/\\\/encompaniastj.org\\\/pt-pt\\\/\"},{\"@type\":\"ListItem\",\"position\":2,\"name\":\"Natividad Ferrer Ruiz. 29 de mayo de 2022 (\u00c1vila Residencia)\"}]},{\"@type\":\"WebSite\",\"@id\":\"https:\\\/\\\/encompaniastj.org\\\/pt-pt\\\/#website\",\"url\":\"https:\\\/\\\/encompaniastj.org\\\/pt-pt\\\/\",\"name\":\"En Compa\u00f1\u00eda STJ\",\"description\":\"Bolet\u00edn de la Compa\u00f1\u00eda de Santa Teresa de Jes\u00fas\",\"publisher\":{\"@id\":\"https:\\\/\\\/encompaniastj.org\\\/pt-pt\\\/#organization\"},\"potentialAction\":[{\"@type\":\"SearchAction\",\"target\":{\"@type\":\"EntryPoint\",\"urlTemplate\":\"https:\\\/\\\/encompaniastj.org\\\/pt-pt\\\/?s={search_term_string}\"},\"query-input\":{\"@type\":\"PropertyValueSpecification\",\"valueRequired\":true,\"valueName\":\"search_term_string\"}}],\"inLanguage\":\"pt-PT\"},{\"@type\":\"Organization\",\"@id\":\"https:\\\/\\\/encompaniastj.org\\\/pt-pt\\\/#organization\",\"name\":\"Compa\u00f1\u00eda de Santa Teresa de Jes\u00fas\",\"url\":\"https:\\\/\\\/encompaniastj.org\\\/pt-pt\\\/\",\"logo\":{\"@type\":\"ImageObject\",\"inLanguage\":\"pt-PT\",\"@id\":\"https:\\\/\\\/encompaniastj.org\\\/pt-pt\\\/#\\\/schema\\\/logo\\\/image\\\/\",\"url\":\"https:\\\/\\\/encompaniastj.org\\\/wp-content\\\/uploads\\\/2025\\\/04\\\/logo_provincias02-1-3.png\",\"contentUrl\":\"https:\\\/\\\/encompaniastj.org\\\/wp-content\\\/uploads\\\/2025\\\/04\\\/logo_provincias02-1-3.png\",\"width\":2368,\"height\":825,\"caption\":\"Compa\u00f1\u00eda de Santa Teresa de Jes\u00fas\"},\"image\":{\"@id\":\"https:\\\/\\\/encompaniastj.org\\\/pt-pt\\\/#\\\/schema\\\/logo\\\/image\\\/\"}},{\"@type\":\"Person\",\"@id\":\"https:\\\/\\\/encompaniastj.org\\\/pt-pt\\\/#\\\/schema\\\/person\\\/520e7ecc314793d40091993c2a02b651\",\"name\":\"admin\",\"image\":{\"@type\":\"ImageObject\",\"inLanguage\":\"pt-PT\",\"@id\":\"https:\\\/\\\/secure.gravatar.com\\\/avatar\\\/948b492cce32b586ac2db0eaa926ee87024f7afe218d73b397ea5ddfc5f43ea1?s=96&d=mm&r=g\",\"url\":\"https:\\\/\\\/secure.gravatar.com\\\/avatar\\\/948b492cce32b586ac2db0eaa926ee87024f7afe218d73b397ea5ddfc5f43ea1?s=96&d=mm&r=g\",\"contentUrl\":\"https:\\\/\\\/secure.gravatar.com\\\/avatar\\\/948b492cce32b586ac2db0eaa926ee87024f7afe218d73b397ea5ddfc5f43ea1?s=96&d=mm&r=g\",\"caption\":\"admin\"},\"sameAs\":[\"https:\\\/\\\/encompaniastj.org\"],\"url\":\"https:\\\/\\\/encompaniastj.org\\\/pt-pt\\\/author\\\/sjdigital\\\/\"}]}<\/script>\n<!-- \/ Yoast SEO plugin. -->","yoast_head_json":{"title":"Natividad Ferrer Ruiz. 29 de mayo de 2022 (\u00c1vila Residencia) - En Compa\u00f1\u00eda STJ","robots":{"index":"index","follow":"follow","max-snippet":"max-snippet:-1","max-image-preview":"max-image-preview:large","max-video-preview":"max-video-preview:-1"},"canonical":"https:\/\/encompaniastj.org\/pt-pt\/natividad-ferrer-ruiz-29-de-mayo-de-2022-avila-residencia-2\/","og_locale":"pt_PT","og_type":"article","og_title":"Natividad Ferrer Ruiz. 29 de mayo de 2022 (\u00c1vila Residencia) - En Compa\u00f1\u00eda STJ","og_description":"Jesus, referindo-se a Natanael, diz: &#8220;Eis um israelita que n\u00e3o conhece o mal&#8221;. Podemos dizer o mesmo de Natividade: uma pessoa que se destacou pela sua honestidade, retid\u00e3o e sentido [&hellip;]","og_url":"https:\/\/encompaniastj.org\/pt-pt\/natividad-ferrer-ruiz-29-de-mayo-de-2022-avila-residencia-2\/","og_site_name":"En Compa\u00f1\u00eda STJ","article_published_time":"2022-05-30T05:50:40+00:00","article_modified_time":"2025-07-07T14:23:15+00:00","og_image":[{"width":1280,"height":577,"url":"https:\/\/encompaniastj.org\/wp-content\/uploads\/2025\/05\/Natividad.jpg","type":"image\/jpeg"}],"author":"admin","twitter_card":"summary_large_image","twitter_misc":{"Escrito por":"admin","Tempo estimado de leitura":"2 minutos"},"schema":{"@context":"https:\/\/schema.org","@graph":[{"@type":"Article","@id":"https:\/\/encompaniastj.org\/pt-pt\/natividad-ferrer-ruiz-29-de-mayo-de-2022-avila-residencia-2\/#article","isPartOf":{"@id":"https:\/\/encompaniastj.org\/pt-pt\/natividad-ferrer-ruiz-29-de-mayo-de-2022-avila-residencia-2\/"},"author":{"name":"admin","@id":"https:\/\/encompaniastj.org\/pt-pt\/#\/schema\/person\/520e7ecc314793d40091993c2a02b651"},"headline":"Natividad Ferrer Ruiz. 29 de mayo de 2022 (\u00c1vila Residencia)","datePublished":"2022-05-30T05:50:40+00:00","dateModified":"2025-07-07T14:23:15+00:00","mainEntityOfPage":{"@id":"https:\/\/encompaniastj.org\/pt-pt\/natividad-ferrer-ruiz-29-de-mayo-de-2022-avila-residencia-2\/"},"wordCount":436,"commentCount":0,"publisher":{"@id":"https:\/\/encompaniastj.org\/pt-pt\/#organization"},"image":{"@id":"https:\/\/encompaniastj.org\/pt-pt\/natividad-ferrer-ruiz-29-de-mayo-de-2022-avila-residencia-2\/#primaryimage"},"thumbnailUrl":"https:\/\/encompaniastj.org\/wp-content\/uploads\/2025\/05\/Natividad.jpg","articleSection":["Falecimentos"],"inLanguage":"pt-PT","potentialAction":[{"@type":"CommentAction","name":"Comment","target":["https:\/\/encompaniastj.org\/pt-pt\/natividad-ferrer-ruiz-29-de-mayo-de-2022-avila-residencia-2\/#respond"]}]},{"@type":"WebPage","@id":"https:\/\/encompaniastj.org\/pt-pt\/natividad-ferrer-ruiz-29-de-mayo-de-2022-avila-residencia-2\/","url":"https:\/\/encompaniastj.org\/pt-pt\/natividad-ferrer-ruiz-29-de-mayo-de-2022-avila-residencia-2\/","name":"Natividad Ferrer Ruiz. 29 de mayo de 2022 (\u00c1vila Residencia) - En Compa\u00f1\u00eda STJ","isPartOf":{"@id":"https:\/\/encompaniastj.org\/pt-pt\/#website"},"primaryImageOfPage":{"@id":"https:\/\/encompaniastj.org\/pt-pt\/natividad-ferrer-ruiz-29-de-mayo-de-2022-avila-residencia-2\/#primaryimage"},"image":{"@id":"https:\/\/encompaniastj.org\/pt-pt\/natividad-ferrer-ruiz-29-de-mayo-de-2022-avila-residencia-2\/#primaryimage"},"thumbnailUrl":"https:\/\/encompaniastj.org\/wp-content\/uploads\/2025\/05\/Natividad.jpg","datePublished":"2022-05-30T05:50:40+00:00","dateModified":"2025-07-07T14:23:15+00:00","breadcrumb":{"@id":"https:\/\/encompaniastj.org\/pt-pt\/natividad-ferrer-ruiz-29-de-mayo-de-2022-avila-residencia-2\/#breadcrumb"},"inLanguage":"pt-PT","potentialAction":[{"@type":"ReadAction","target":["https:\/\/encompaniastj.org\/pt-pt\/natividad-ferrer-ruiz-29-de-mayo-de-2022-avila-residencia-2\/"]}]},{"@type":"ImageObject","inLanguage":"pt-PT","@id":"https:\/\/encompaniastj.org\/pt-pt\/natividad-ferrer-ruiz-29-de-mayo-de-2022-avila-residencia-2\/#primaryimage","url":"https:\/\/encompaniastj.org\/wp-content\/uploads\/2025\/05\/Natividad.jpg","contentUrl":"https:\/\/encompaniastj.org\/wp-content\/uploads\/2025\/05\/Natividad.jpg","width":1280,"height":577},{"@type":"BreadcrumbList","@id":"https:\/\/encompaniastj.org\/pt-pt\/natividad-ferrer-ruiz-29-de-mayo-de-2022-avila-residencia-2\/#breadcrumb","itemListElement":[{"@type":"ListItem","position":1,"name":"Portada","item":"https:\/\/encompaniastj.org\/pt-pt\/"},{"@type":"ListItem","position":2,"name":"Natividad Ferrer Ruiz. 29 de mayo de 2022 (\u00c1vila Residencia)"}]},{"@type":"WebSite","@id":"https:\/\/encompaniastj.org\/pt-pt\/#website","url":"https:\/\/encompaniastj.org\/pt-pt\/","name":"En Compa\u00f1\u00eda STJ","description":"Bolet\u00edn de la Compa\u00f1\u00eda de Santa Teresa de Jes\u00fas","publisher":{"@id":"https:\/\/encompaniastj.org\/pt-pt\/#organization"},"potentialAction":[{"@type":"SearchAction","target":{"@type":"EntryPoint","urlTemplate":"https:\/\/encompaniastj.org\/pt-pt\/?s={search_term_string}"},"query-input":{"@type":"PropertyValueSpecification","valueRequired":true,"valueName":"search_term_string"}}],"inLanguage":"pt-PT"},{"@type":"Organization","@id":"https:\/\/encompaniastj.org\/pt-pt\/#organization","name":"Compa\u00f1\u00eda de Santa Teresa de Jes\u00fas","url":"https:\/\/encompaniastj.org\/pt-pt\/","logo":{"@type":"ImageObject","inLanguage":"pt-PT","@id":"https:\/\/encompaniastj.org\/pt-pt\/#\/schema\/logo\/image\/","url":"https:\/\/encompaniastj.org\/wp-content\/uploads\/2025\/04\/logo_provincias02-1-3.png","contentUrl":"https:\/\/encompaniastj.org\/wp-content\/uploads\/2025\/04\/logo_provincias02-1-3.png","width":2368,"height":825,"caption":"Compa\u00f1\u00eda de Santa Teresa de Jes\u00fas"},"image":{"@id":"https:\/\/encompaniastj.org\/pt-pt\/#\/schema\/logo\/image\/"}},{"@type":"Person","@id":"https:\/\/encompaniastj.org\/pt-pt\/#\/schema\/person\/520e7ecc314793d40091993c2a02b651","name":"admin","image":{"@type":"ImageObject","inLanguage":"pt-PT","@id":"https:\/\/secure.gravatar.com\/avatar\/948b492cce32b586ac2db0eaa926ee87024f7afe218d73b397ea5ddfc5f43ea1?s=96&d=mm&r=g","url":"https:\/\/secure.gravatar.com\/avatar\/948b492cce32b586ac2db0eaa926ee87024f7afe218d73b397ea5ddfc5f43ea1?s=96&d=mm&r=g","contentUrl":"https:\/\/secure.gravatar.com\/avatar\/948b492cce32b586ac2db0eaa926ee87024f7afe218d73b397ea5ddfc5f43ea1?s=96&d=mm&r=g","caption":"admin"},"sameAs":["https:\/\/encompaniastj.org"],"url":"https:\/\/encompaniastj.org\/pt-pt\/author\/sjdigital\/"}]}},"_links":{"self":[{"href":"https:\/\/encompaniastj.org\/pt-pt\/wp-json\/wp\/v2\/posts\/11022","targetHints":{"allow":["GET"]}}],"collection":[{"href":"https:\/\/encompaniastj.org\/pt-pt\/wp-json\/wp\/v2\/posts"}],"about":[{"href":"https:\/\/encompaniastj.org\/pt-pt\/wp-json\/wp\/v2\/types\/post"}],"author":[{"embeddable":true,"href":"https:\/\/encompaniastj.org\/pt-pt\/wp-json\/wp\/v2\/users\/1"}],"replies":[{"embeddable":true,"href":"https:\/\/encompaniastj.org\/pt-pt\/wp-json\/wp\/v2\/comments?post=11022"}],"version-history":[{"count":1,"href":"https:\/\/encompaniastj.org\/pt-pt\/wp-json\/wp\/v2\/posts\/11022\/revisions"}],"predecessor-version":[{"id":11023,"href":"https:\/\/encompaniastj.org\/pt-pt\/wp-json\/wp\/v2\/posts\/11022\/revisions\/11023"}],"wp:featuredmedia":[{"embeddable":true,"href":"https:\/\/encompaniastj.org\/pt-pt\/wp-json\/wp\/v2\/media\/7930"}],"wp:attachment":[{"href":"https:\/\/encompaniastj.org\/pt-pt\/wp-json\/wp\/v2\/media?parent=11022"}],"wp:term":[{"taxonomy":"category","embeddable":true,"href":"https:\/\/encompaniastj.org\/pt-pt\/wp-json\/wp\/v2\/categories?post=11022"},{"taxonomy":"post_tag","embeddable":true,"href":"https:\/\/encompaniastj.org\/pt-pt\/wp-json\/wp\/v2\/tags?post=11022"}],"curies":[{"name":"wp","href":"https:\/\/api.w.org\/{rel}","templated":true}]}}