{"id":11008,"date":"2022-05-16T14:04:10","date_gmt":"2022-05-16T12:04:10","guid":{"rendered":"https:\/\/encompaniastj.org\/gloria-garcia-alvarez-14-de-mayo-de-2022-oviedo-residencia\/"},"modified":"2025-07-07T16:23:15","modified_gmt":"2025-07-07T14:23:15","slug":"gloria-garcia-alvarez-14-de-mayo-de-2022-oviedo-residencia","status":"publish","type":"post","link":"https:\/\/encompaniastj.org\/pt-pt\/gloria-garcia-alvarez-14-de-mayo-de-2022-oviedo-residencia\/","title":{"rendered":"Gloria Garc\u00eda \u00c1lvarez. 14 de mayo de 2022 (Oviedo Residencia)"},"content":{"rendered":"<p>No dia 14 de maio de 2022 \u00e0s 19h00 a nossa irm\u00e3 Gl\u00f3ria deixou-nos depois de um bom passeio \u00e0 volta da casa, aproveitando o bom tempo e as flores que j\u00e1 estavam no seu esplendor. Mais tarde, passou pela capela para se despedir do Senhor e, ao entrar no quarto dela, um ataque card\u00edaco a levou para Deus.<\/p>\n<p>Gl\u00f3ria, desde que caiu em setembro deste ano e partiu a anca, esteve internada um m\u00eas e meio e regressou \u00e0 comunidade para ficar numa cadeira de rodas. Pens\u00e1vamos que lhe iria custar muito aceitar esta situa\u00e7\u00e3o, mas o Senhor a foi modelando e preparando para outra etapa de maior depend\u00eancia.<\/p>\n<p>Nasceu em Coa\u00f1ana de Quir\u00f3s (Ast\u00farias) no dia 19 de julho de 1930. Entrou na Companhia em dezembro de 1949 e, ao fazer os votos tempor\u00e1rios, foi destinada ao M\u00e9xico, onde permaneceu por 23 anos. Essa experi\u00eancia de vida tinha-a gravada a fogo e era o que, na sua perda de mem\u00f3ria, ela mais lembrava. Mais tarde, quando regressou a Espanha, passou por Tortosa, Toledo, \u00c1vila, Salamanca e os seus \u00faltimos 33 anos passou-os \u200b\u200bna sua querida terra asturiana, entre Oviedo, onde foi fundadora de Mieres, e Oviedo novamente.<\/p>\n<p>Foi uma mulher muito apost\u00f3lica e trabalhadora nos col\u00e9gios, em casa, no campo social e na par\u00f3quia. Entre outros projetos, colaborou no Projeto Homem e Telefone da Esperan\u00e7a.<\/p>\n<p>Uma mulher de grande cabe\u00e7a e de grande cora\u00e7\u00e3o, mulher de f\u00e9, orante, alegre, austera, servi\u00e7al, amante da Eucaristia e da Virgem nas suas duas invoca\u00e7\u00f5es Guadalupe e Covadonga, &#8220;<em>a Santina<\/em>&#8220;. O carinho aos nosso Padre e Santa Teresa, como mestres de vida, tamb\u00e9m eram muito not\u00f3rios nela.<\/p>\n<p>Nos seus \u00faltimos meses, em que as limita\u00e7\u00f5es mentais eram mais fortes, era bom ver que em pequenos raios de luz lhe brotava a vida dentro dela, do que tinha vivido e sempre lhe aparecia um OBRIGADA por tudo o que se lhe fazia.<\/p>\n<p>Descansa em Paz, Gl\u00f3ria, e continua gozando desse refr\u00e3o: \u201cCantarei eternamente as miseric\u00f3rdias do Senhor.<\/p>\n","protected":false},"excerpt":{"rendered":"<p>No dia 14 de maio de 2022 \u00e0s 19h00 a nossa irm\u00e3 Gl\u00f3ria deixou-nos depois de um bom passeio \u00e0 volta da casa, aproveitando o bom tempo e as flores [&hellip;]<\/p>\n","protected":false},"author":1,"featured_media":7924,"comment_status":"open","ping_status":"open","sticky":false,"template":"","format":"standard","meta":{"_acf_changed":false,"footnotes":""},"categories":[69],"tags":[],"class_list":["post-11008","post","type-post","status-publish","format-standard","has-post-thumbnail","hentry","category-falecimentos"],"acf":[],"yoast_head":"<!-- This site is optimized with the Yoast SEO plugin v27.5 - https:\/\/yoast.com\/product\/yoast-seo-wordpress\/ -->\n<title>Gloria Garc\u00eda \u00c1lvarez. 14 de mayo de 2022 (Oviedo Residencia) - En Compa\u00f1\u00eda STJ<\/title>\n<meta name=\"robots\" content=\"index, follow, max-snippet:-1, max-image-preview:large, max-video-preview:-1\" \/>\n<link rel=\"canonical\" href=\"https:\/\/encompaniastj.org\/pt-pt\/gloria-garcia-alvarez-14-de-mayo-de-2022-oviedo-residencia\/\" \/>\n<meta property=\"og:locale\" content=\"pt_PT\" \/>\n<meta property=\"og:type\" content=\"article\" \/>\n<meta property=\"og:title\" content=\"Gloria Garc\u00eda \u00c1lvarez. 14 de mayo de 2022 (Oviedo Residencia) - En Compa\u00f1\u00eda STJ\" \/>\n<meta property=\"og:description\" content=\"No dia 14 de maio de 2022 \u00e0s 19h00 a nossa irm\u00e3 Gl\u00f3ria deixou-nos depois de um bom passeio \u00e0 volta da casa, aproveitando o bom tempo e as flores [&hellip;]\" \/>\n<meta property=\"og:url\" content=\"https:\/\/encompaniastj.org\/pt-pt\/gloria-garcia-alvarez-14-de-mayo-de-2022-oviedo-residencia\/\" \/>\n<meta property=\"og:site_name\" content=\"En Compa\u00f1\u00eda STJ\" \/>\n<meta property=\"article:published_time\" content=\"2022-05-16T12:04:10+00:00\" \/>\n<meta property=\"article:modified_time\" content=\"2025-07-07T14:23:15+00:00\" \/>\n<meta property=\"og:image\" content=\"https:\/\/encompaniastj.org\/wp-content\/uploads\/2025\/05\/hortensias.jpg\" \/>\n\t<meta property=\"og:image:width\" content=\"1280\" \/>\n\t<meta property=\"og:image:height\" content=\"707\" \/>\n\t<meta property=\"og:image:type\" content=\"image\/jpeg\" \/>\n<meta name=\"author\" content=\"admin\" \/>\n<meta name=\"twitter:card\" content=\"summary_large_image\" \/>\n<meta name=\"twitter:label1\" content=\"Escrito por\" \/>\n\t<meta name=\"twitter:data1\" content=\"admin\" \/>\n\t<meta name=\"twitter:label2\" content=\"Tempo estimado de leitura\" \/>\n\t<meta name=\"twitter:data2\" content=\"2 minutos\" \/>\n<script type=\"application\/ld+json\" class=\"yoast-schema-graph\">{\"@context\":\"https:\\\/\\\/schema.org\",\"@graph\":[{\"@type\":\"Article\",\"@id\":\"https:\\\/\\\/encompaniastj.org\\\/pt-pt\\\/gloria-garcia-alvarez-14-de-mayo-de-2022-oviedo-residencia\\\/#article\",\"isPartOf\":{\"@id\":\"https:\\\/\\\/encompaniastj.org\\\/pt-pt\\\/gloria-garcia-alvarez-14-de-mayo-de-2022-oviedo-residencia\\\/\"},\"author\":{\"name\":\"admin\",\"@id\":\"https:\\\/\\\/encompaniastj.org\\\/pt-pt\\\/#\\\/schema\\\/person\\\/520e7ecc314793d40091993c2a02b651\"},\"headline\":\"Gloria Garc\u00eda \u00c1lvarez. 14 de mayo de 2022 (Oviedo Residencia)\",\"datePublished\":\"2022-05-16T12:04:10+00:00\",\"dateModified\":\"2025-07-07T14:23:15+00:00\",\"mainEntityOfPage\":{\"@id\":\"https:\\\/\\\/encompaniastj.org\\\/pt-pt\\\/gloria-garcia-alvarez-14-de-mayo-de-2022-oviedo-residencia\\\/\"},\"wordCount\":362,\"commentCount\":0,\"publisher\":{\"@id\":\"https:\\\/\\\/encompaniastj.org\\\/pt-pt\\\/#organization\"},\"image\":{\"@id\":\"https:\\\/\\\/encompaniastj.org\\\/pt-pt\\\/gloria-garcia-alvarez-14-de-mayo-de-2022-oviedo-residencia\\\/#primaryimage\"},\"thumbnailUrl\":\"https:\\\/\\\/encompaniastj.org\\\/wp-content\\\/uploads\\\/2025\\\/05\\\/hortensias.jpg\",\"articleSection\":[\"Falecimentos\"],\"inLanguage\":\"pt-PT\",\"potentialAction\":[{\"@type\":\"CommentAction\",\"name\":\"Comment\",\"target\":[\"https:\\\/\\\/encompaniastj.org\\\/pt-pt\\\/gloria-garcia-alvarez-14-de-mayo-de-2022-oviedo-residencia\\\/#respond\"]}]},{\"@type\":\"WebPage\",\"@id\":\"https:\\\/\\\/encompaniastj.org\\\/pt-pt\\\/gloria-garcia-alvarez-14-de-mayo-de-2022-oviedo-residencia\\\/\",\"url\":\"https:\\\/\\\/encompaniastj.org\\\/pt-pt\\\/gloria-garcia-alvarez-14-de-mayo-de-2022-oviedo-residencia\\\/\",\"name\":\"Gloria Garc\u00eda \u00c1lvarez. 14 de mayo de 2022 (Oviedo Residencia) - En Compa\u00f1\u00eda STJ\",\"isPartOf\":{\"@id\":\"https:\\\/\\\/encompaniastj.org\\\/pt-pt\\\/#website\"},\"primaryImageOfPage\":{\"@id\":\"https:\\\/\\\/encompaniastj.org\\\/pt-pt\\\/gloria-garcia-alvarez-14-de-mayo-de-2022-oviedo-residencia\\\/#primaryimage\"},\"image\":{\"@id\":\"https:\\\/\\\/encompaniastj.org\\\/pt-pt\\\/gloria-garcia-alvarez-14-de-mayo-de-2022-oviedo-residencia\\\/#primaryimage\"},\"thumbnailUrl\":\"https:\\\/\\\/encompaniastj.org\\\/wp-content\\\/uploads\\\/2025\\\/05\\\/hortensias.jpg\",\"datePublished\":\"2022-05-16T12:04:10+00:00\",\"dateModified\":\"2025-07-07T14:23:15+00:00\",\"breadcrumb\":{\"@id\":\"https:\\\/\\\/encompaniastj.org\\\/pt-pt\\\/gloria-garcia-alvarez-14-de-mayo-de-2022-oviedo-residencia\\\/#breadcrumb\"},\"inLanguage\":\"pt-PT\",\"potentialAction\":[{\"@type\":\"ReadAction\",\"target\":[\"https:\\\/\\\/encompaniastj.org\\\/pt-pt\\\/gloria-garcia-alvarez-14-de-mayo-de-2022-oviedo-residencia\\\/\"]}]},{\"@type\":\"ImageObject\",\"inLanguage\":\"pt-PT\",\"@id\":\"https:\\\/\\\/encompaniastj.org\\\/pt-pt\\\/gloria-garcia-alvarez-14-de-mayo-de-2022-oviedo-residencia\\\/#primaryimage\",\"url\":\"https:\\\/\\\/encompaniastj.org\\\/wp-content\\\/uploads\\\/2025\\\/05\\\/hortensias.jpg\",\"contentUrl\":\"https:\\\/\\\/encompaniastj.org\\\/wp-content\\\/uploads\\\/2025\\\/05\\\/hortensias.jpg\",\"width\":1280,\"height\":707},{\"@type\":\"BreadcrumbList\",\"@id\":\"https:\\\/\\\/encompaniastj.org\\\/pt-pt\\\/gloria-garcia-alvarez-14-de-mayo-de-2022-oviedo-residencia\\\/#breadcrumb\",\"itemListElement\":[{\"@type\":\"ListItem\",\"position\":1,\"name\":\"Portada\",\"item\":\"https:\\\/\\\/encompaniastj.org\\\/pt-pt\\\/\"},{\"@type\":\"ListItem\",\"position\":2,\"name\":\"Gloria Garc\u00eda \u00c1lvarez. 14 de mayo de 2022 (Oviedo Residencia)\"}]},{\"@type\":\"WebSite\",\"@id\":\"https:\\\/\\\/encompaniastj.org\\\/pt-pt\\\/#website\",\"url\":\"https:\\\/\\\/encompaniastj.org\\\/pt-pt\\\/\",\"name\":\"En Compa\u00f1\u00eda STJ\",\"description\":\"Bolet\u00edn de la Compa\u00f1\u00eda de Santa Teresa de Jes\u00fas\",\"publisher\":{\"@id\":\"https:\\\/\\\/encompaniastj.org\\\/pt-pt\\\/#organization\"},\"potentialAction\":[{\"@type\":\"SearchAction\",\"target\":{\"@type\":\"EntryPoint\",\"urlTemplate\":\"https:\\\/\\\/encompaniastj.org\\\/pt-pt\\\/?s={search_term_string}\"},\"query-input\":{\"@type\":\"PropertyValueSpecification\",\"valueRequired\":true,\"valueName\":\"search_term_string\"}}],\"inLanguage\":\"pt-PT\"},{\"@type\":\"Organization\",\"@id\":\"https:\\\/\\\/encompaniastj.org\\\/pt-pt\\\/#organization\",\"name\":\"Compa\u00f1\u00eda de Santa Teresa de Jes\u00fas\",\"url\":\"https:\\\/\\\/encompaniastj.org\\\/pt-pt\\\/\",\"logo\":{\"@type\":\"ImageObject\",\"inLanguage\":\"pt-PT\",\"@id\":\"https:\\\/\\\/encompaniastj.org\\\/pt-pt\\\/#\\\/schema\\\/logo\\\/image\\\/\",\"url\":\"https:\\\/\\\/encompaniastj.org\\\/wp-content\\\/uploads\\\/2025\\\/04\\\/logo_provincias02-1-3.png\",\"contentUrl\":\"https:\\\/\\\/encompaniastj.org\\\/wp-content\\\/uploads\\\/2025\\\/04\\\/logo_provincias02-1-3.png\",\"width\":2368,\"height\":825,\"caption\":\"Compa\u00f1\u00eda de Santa Teresa de Jes\u00fas\"},\"image\":{\"@id\":\"https:\\\/\\\/encompaniastj.org\\\/pt-pt\\\/#\\\/schema\\\/logo\\\/image\\\/\"}},{\"@type\":\"Person\",\"@id\":\"https:\\\/\\\/encompaniastj.org\\\/pt-pt\\\/#\\\/schema\\\/person\\\/520e7ecc314793d40091993c2a02b651\",\"name\":\"admin\",\"image\":{\"@type\":\"ImageObject\",\"inLanguage\":\"pt-PT\",\"@id\":\"https:\\\/\\\/secure.gravatar.com\\\/avatar\\\/948b492cce32b586ac2db0eaa926ee87024f7afe218d73b397ea5ddfc5f43ea1?s=96&d=mm&r=g\",\"url\":\"https:\\\/\\\/secure.gravatar.com\\\/avatar\\\/948b492cce32b586ac2db0eaa926ee87024f7afe218d73b397ea5ddfc5f43ea1?s=96&d=mm&r=g\",\"contentUrl\":\"https:\\\/\\\/secure.gravatar.com\\\/avatar\\\/948b492cce32b586ac2db0eaa926ee87024f7afe218d73b397ea5ddfc5f43ea1?s=96&d=mm&r=g\",\"caption\":\"admin\"},\"sameAs\":[\"https:\\\/\\\/encompaniastj.org\"],\"url\":\"https:\\\/\\\/encompaniastj.org\\\/pt-pt\\\/author\\\/sjdigital\\\/\"}]}<\/script>\n<!-- \/ Yoast SEO plugin. -->","yoast_head_json":{"title":"Gloria Garc\u00eda \u00c1lvarez. 14 de mayo de 2022 (Oviedo Residencia) - En Compa\u00f1\u00eda STJ","robots":{"index":"index","follow":"follow","max-snippet":"max-snippet:-1","max-image-preview":"max-image-preview:large","max-video-preview":"max-video-preview:-1"},"canonical":"https:\/\/encompaniastj.org\/pt-pt\/gloria-garcia-alvarez-14-de-mayo-de-2022-oviedo-residencia\/","og_locale":"pt_PT","og_type":"article","og_title":"Gloria Garc\u00eda \u00c1lvarez. 14 de mayo de 2022 (Oviedo Residencia) - En Compa\u00f1\u00eda STJ","og_description":"No dia 14 de maio de 2022 \u00e0s 19h00 a nossa irm\u00e3 Gl\u00f3ria deixou-nos depois de um bom passeio \u00e0 volta da casa, aproveitando o bom tempo e as flores [&hellip;]","og_url":"https:\/\/encompaniastj.org\/pt-pt\/gloria-garcia-alvarez-14-de-mayo-de-2022-oviedo-residencia\/","og_site_name":"En Compa\u00f1\u00eda STJ","article_published_time":"2022-05-16T12:04:10+00:00","article_modified_time":"2025-07-07T14:23:15+00:00","og_image":[{"width":1280,"height":707,"url":"https:\/\/encompaniastj.org\/wp-content\/uploads\/2025\/05\/hortensias.jpg","type":"image\/jpeg"}],"author":"admin","twitter_card":"summary_large_image","twitter_misc":{"Escrito por":"admin","Tempo estimado de leitura":"2 minutos"},"schema":{"@context":"https:\/\/schema.org","@graph":[{"@type":"Article","@id":"https:\/\/encompaniastj.org\/pt-pt\/gloria-garcia-alvarez-14-de-mayo-de-2022-oviedo-residencia\/#article","isPartOf":{"@id":"https:\/\/encompaniastj.org\/pt-pt\/gloria-garcia-alvarez-14-de-mayo-de-2022-oviedo-residencia\/"},"author":{"name":"admin","@id":"https:\/\/encompaniastj.org\/pt-pt\/#\/schema\/person\/520e7ecc314793d40091993c2a02b651"},"headline":"Gloria Garc\u00eda \u00c1lvarez. 14 de mayo de 2022 (Oviedo Residencia)","datePublished":"2022-05-16T12:04:10+00:00","dateModified":"2025-07-07T14:23:15+00:00","mainEntityOfPage":{"@id":"https:\/\/encompaniastj.org\/pt-pt\/gloria-garcia-alvarez-14-de-mayo-de-2022-oviedo-residencia\/"},"wordCount":362,"commentCount":0,"publisher":{"@id":"https:\/\/encompaniastj.org\/pt-pt\/#organization"},"image":{"@id":"https:\/\/encompaniastj.org\/pt-pt\/gloria-garcia-alvarez-14-de-mayo-de-2022-oviedo-residencia\/#primaryimage"},"thumbnailUrl":"https:\/\/encompaniastj.org\/wp-content\/uploads\/2025\/05\/hortensias.jpg","articleSection":["Falecimentos"],"inLanguage":"pt-PT","potentialAction":[{"@type":"CommentAction","name":"Comment","target":["https:\/\/encompaniastj.org\/pt-pt\/gloria-garcia-alvarez-14-de-mayo-de-2022-oviedo-residencia\/#respond"]}]},{"@type":"WebPage","@id":"https:\/\/encompaniastj.org\/pt-pt\/gloria-garcia-alvarez-14-de-mayo-de-2022-oviedo-residencia\/","url":"https:\/\/encompaniastj.org\/pt-pt\/gloria-garcia-alvarez-14-de-mayo-de-2022-oviedo-residencia\/","name":"Gloria Garc\u00eda \u00c1lvarez. 14 de mayo de 2022 (Oviedo Residencia) - En Compa\u00f1\u00eda STJ","isPartOf":{"@id":"https:\/\/encompaniastj.org\/pt-pt\/#website"},"primaryImageOfPage":{"@id":"https:\/\/encompaniastj.org\/pt-pt\/gloria-garcia-alvarez-14-de-mayo-de-2022-oviedo-residencia\/#primaryimage"},"image":{"@id":"https:\/\/encompaniastj.org\/pt-pt\/gloria-garcia-alvarez-14-de-mayo-de-2022-oviedo-residencia\/#primaryimage"},"thumbnailUrl":"https:\/\/encompaniastj.org\/wp-content\/uploads\/2025\/05\/hortensias.jpg","datePublished":"2022-05-16T12:04:10+00:00","dateModified":"2025-07-07T14:23:15+00:00","breadcrumb":{"@id":"https:\/\/encompaniastj.org\/pt-pt\/gloria-garcia-alvarez-14-de-mayo-de-2022-oviedo-residencia\/#breadcrumb"},"inLanguage":"pt-PT","potentialAction":[{"@type":"ReadAction","target":["https:\/\/encompaniastj.org\/pt-pt\/gloria-garcia-alvarez-14-de-mayo-de-2022-oviedo-residencia\/"]}]},{"@type":"ImageObject","inLanguage":"pt-PT","@id":"https:\/\/encompaniastj.org\/pt-pt\/gloria-garcia-alvarez-14-de-mayo-de-2022-oviedo-residencia\/#primaryimage","url":"https:\/\/encompaniastj.org\/wp-content\/uploads\/2025\/05\/hortensias.jpg","contentUrl":"https:\/\/encompaniastj.org\/wp-content\/uploads\/2025\/05\/hortensias.jpg","width":1280,"height":707},{"@type":"BreadcrumbList","@id":"https:\/\/encompaniastj.org\/pt-pt\/gloria-garcia-alvarez-14-de-mayo-de-2022-oviedo-residencia\/#breadcrumb","itemListElement":[{"@type":"ListItem","position":1,"name":"Portada","item":"https:\/\/encompaniastj.org\/pt-pt\/"},{"@type":"ListItem","position":2,"name":"Gloria Garc\u00eda \u00c1lvarez. 14 de mayo de 2022 (Oviedo Residencia)"}]},{"@type":"WebSite","@id":"https:\/\/encompaniastj.org\/pt-pt\/#website","url":"https:\/\/encompaniastj.org\/pt-pt\/","name":"En Compa\u00f1\u00eda STJ","description":"Bolet\u00edn de la Compa\u00f1\u00eda de Santa Teresa de Jes\u00fas","publisher":{"@id":"https:\/\/encompaniastj.org\/pt-pt\/#organization"},"potentialAction":[{"@type":"SearchAction","target":{"@type":"EntryPoint","urlTemplate":"https:\/\/encompaniastj.org\/pt-pt\/?s={search_term_string}"},"query-input":{"@type":"PropertyValueSpecification","valueRequired":true,"valueName":"search_term_string"}}],"inLanguage":"pt-PT"},{"@type":"Organization","@id":"https:\/\/encompaniastj.org\/pt-pt\/#organization","name":"Compa\u00f1\u00eda de Santa Teresa de Jes\u00fas","url":"https:\/\/encompaniastj.org\/pt-pt\/","logo":{"@type":"ImageObject","inLanguage":"pt-PT","@id":"https:\/\/encompaniastj.org\/pt-pt\/#\/schema\/logo\/image\/","url":"https:\/\/encompaniastj.org\/wp-content\/uploads\/2025\/04\/logo_provincias02-1-3.png","contentUrl":"https:\/\/encompaniastj.org\/wp-content\/uploads\/2025\/04\/logo_provincias02-1-3.png","width":2368,"height":825,"caption":"Compa\u00f1\u00eda de Santa Teresa de Jes\u00fas"},"image":{"@id":"https:\/\/encompaniastj.org\/pt-pt\/#\/schema\/logo\/image\/"}},{"@type":"Person","@id":"https:\/\/encompaniastj.org\/pt-pt\/#\/schema\/person\/520e7ecc314793d40091993c2a02b651","name":"admin","image":{"@type":"ImageObject","inLanguage":"pt-PT","@id":"https:\/\/secure.gravatar.com\/avatar\/948b492cce32b586ac2db0eaa926ee87024f7afe218d73b397ea5ddfc5f43ea1?s=96&d=mm&r=g","url":"https:\/\/secure.gravatar.com\/avatar\/948b492cce32b586ac2db0eaa926ee87024f7afe218d73b397ea5ddfc5f43ea1?s=96&d=mm&r=g","contentUrl":"https:\/\/secure.gravatar.com\/avatar\/948b492cce32b586ac2db0eaa926ee87024f7afe218d73b397ea5ddfc5f43ea1?s=96&d=mm&r=g","caption":"admin"},"sameAs":["https:\/\/encompaniastj.org"],"url":"https:\/\/encompaniastj.org\/pt-pt\/author\/sjdigital\/"}]}},"_links":{"self":[{"href":"https:\/\/encompaniastj.org\/pt-pt\/wp-json\/wp\/v2\/posts\/11008","targetHints":{"allow":["GET"]}}],"collection":[{"href":"https:\/\/encompaniastj.org\/pt-pt\/wp-json\/wp\/v2\/posts"}],"about":[{"href":"https:\/\/encompaniastj.org\/pt-pt\/wp-json\/wp\/v2\/types\/post"}],"author":[{"embeddable":true,"href":"https:\/\/encompaniastj.org\/pt-pt\/wp-json\/wp\/v2\/users\/1"}],"replies":[{"embeddable":true,"href":"https:\/\/encompaniastj.org\/pt-pt\/wp-json\/wp\/v2\/comments?post=11008"}],"version-history":[{"count":1,"href":"https:\/\/encompaniastj.org\/pt-pt\/wp-json\/wp\/v2\/posts\/11008\/revisions"}],"predecessor-version":[{"id":11009,"href":"https:\/\/encompaniastj.org\/pt-pt\/wp-json\/wp\/v2\/posts\/11008\/revisions\/11009"}],"wp:featuredmedia":[{"embeddable":true,"href":"https:\/\/encompaniastj.org\/pt-pt\/wp-json\/wp\/v2\/media\/7924"}],"wp:attachment":[{"href":"https:\/\/encompaniastj.org\/pt-pt\/wp-json\/wp\/v2\/media?parent=11008"}],"wp:term":[{"taxonomy":"category","embeddable":true,"href":"https:\/\/encompaniastj.org\/pt-pt\/wp-json\/wp\/v2\/categories?post=11008"},{"taxonomy":"post_tag","embeddable":true,"href":"https:\/\/encompaniastj.org\/pt-pt\/wp-json\/wp\/v2\/tags?post=11008"}],"curies":[{"name":"wp","href":"https:\/\/api.w.org\/{rel}","templated":true}]}}