{"id":10968,"date":"2022-05-09T08:00:26","date_gmt":"2022-05-09T06:00:26","guid":{"rendered":"https:\/\/encompaniastj.org\/camara-de-nisa-atribui-medalha-de-merito-as-irmas-teresianas-de-alpalhao\/"},"modified":"2025-07-07T16:23:11","modified_gmt":"2025-07-07T14:23:11","slug":"camara-de-nisa-atribui-medalha-de-merito-as-irmas-teresianas-de-alpalhao","status":"publish","type":"post","link":"https:\/\/encompaniastj.org\/pt-pt\/camara-de-nisa-atribui-medalha-de-merito-as-irmas-teresianas-de-alpalhao\/","title":{"rendered":"C\u00c2MARA DE NISA ATRIBUI MEDALHA DE M\u00c9RITO \u00c0S IRM\u00c3S TERESIANAS DE ALPALH\u00c3O"},"content":{"rendered":"<p>Foi em Nisa, na manh\u00e3 das celebra\u00e7\u00f5es do dia 25 de Abril que a Sr.\u00aa Presidente da C\u00e2mara de Nisa, quis homenagear a Companhia de Santa Teresa de Jesus, representada em Alpalh\u00e3o pelas Irm\u00e3s M\u00aa Teresa da Silva e Sousa, Elvira da Gl\u00f3ria da Silva e Sousa e Carlota J\u00falia da Costa Domingues<strong>. <\/strong><\/p>\n<p>A pandemia impediu que esta homenagem fosse realizada no ano 2020 como estava prevista, pois fazia nesse ano, 40 anos da Funda\u00e7\u00e3o da comunidade teresiana em Alpalh\u00e3o. A Companhia chegou a esta linda vila alentejana em setembro do ano 1980 a pedido do Sr. Bispo da Diocese de Portalegre - Castelo Branco D. Augusto C\u00e9sar Alves Ferreira da Silva para, inseridas na Igreja local, servirmos o povo simples, com forte religiosidade popular, necessitado de a\u00e7\u00e3o humanit\u00e1ria e evangelizadora. O Centro Social, resid\u00eancia da Irm\u00e3s \u00e9 uma porta aberta para todos: crian\u00e7as, jovens e adultos.<\/p>\n<p>S\u00e3o de reconhecimento e gratid\u00e3o as palavras da Presidente da C\u00e2mara de Nisa ao entregar-nos a Medalha: - <em>\u00abEsta Medalha de M\u00e9rito \u00e9 atribu\u00edda \u00e0s Irm\u00e3s pela sua louv\u00e1vel resposta social e comunit\u00e1ria provida de eleva\u00e7\u00e3o do n\u00edvel e da qualidade de vida da popula\u00e7\u00e3o da Freguesia de Alpalh\u00e3o, nomeadamente no panorama socioeducativo e de solidariedade<\/em>.\u00bb<\/p>\n<p>Hoje estamos n\u00f3s, mas por aqui passaram muitas e boas teresianas que marcaram t\u00e3o positivamente este povo de Alpalh\u00e2o! Por isso, esta homenagem \u00e9 dedicada a todas!\u00a0 \u00a0 \u00a0 \u00a0 \u00a0 \u00a0 \u00a0 \u00a0 \u00a0 \u00a0 \u00a0Maria Teresa Sousa, stj<\/p>\n<p><img loading=\"lazy\" decoding=\"async\" class=\"aligncenter size-medium wp-image-8752\" src=\"https:\/\/encompaniastj.org\/wp-content\/uploads\/2025\/05\/foto1.png\" alt=\"\" width=\"300\" height=\"177\" \/><\/p>\n","protected":false},"excerpt":{"rendered":"<p>Foi em Nisa, na manh\u00e3 das celebra\u00e7\u00f5es do dia 25 de Abril que a Sr.\u00aa Presidente da C\u00e2mara de Nisa, quis homenagear a Companhia de Santa Teresa de Jesus, representada [&hellip;]<\/p>\n","protected":false},"author":1,"featured_media":7904,"comment_status":"open","ping_status":"open","sticky":false,"template":"","format":"standard","meta":{"_acf_changed":false,"footnotes":""},"categories":[61,80],"tags":[],"class_list":["post-10968","post","type-post","status-publish","format-standard","has-post-thumbnail","hentry","category-noticias","category-paroquial-eclesial"],"acf":[],"yoast_head":"<!-- This site is optimized with the Yoast SEO plugin v27.5 - https:\/\/yoast.com\/product\/yoast-seo-wordpress\/ -->\n<title>C\u00c2MARA DE NISA ATRIBUI MEDALHA DE M\u00c9RITO \u00c0S IRM\u00c3S TERESIANAS DE ALPALH\u00c3O - En Compa\u00f1\u00eda STJ<\/title>\n<meta name=\"robots\" content=\"index, follow, max-snippet:-1, max-image-preview:large, max-video-preview:-1\" \/>\n<link rel=\"canonical\" href=\"https:\/\/encompaniastj.org\/pt-pt\/camara-de-nisa-atribui-medalha-de-merito-as-irmas-teresianas-de-alpalhao\/\" \/>\n<meta property=\"og:locale\" content=\"pt_PT\" \/>\n<meta property=\"og:type\" content=\"article\" \/>\n<meta property=\"og:title\" content=\"C\u00c2MARA DE NISA ATRIBUI MEDALHA DE M\u00c9RITO \u00c0S IRM\u00c3S TERESIANAS DE ALPALH\u00c3O - En Compa\u00f1\u00eda STJ\" \/>\n<meta property=\"og:description\" content=\"Foi em Nisa, na manh\u00e3 das celebra\u00e7\u00f5es do dia 25 de Abril que a Sr.\u00aa Presidente da C\u00e2mara de Nisa, quis homenagear a Companhia de Santa Teresa de Jesus, representada [&hellip;]\" \/>\n<meta property=\"og:url\" content=\"https:\/\/encompaniastj.org\/pt-pt\/camara-de-nisa-atribui-medalha-de-merito-as-irmas-teresianas-de-alpalhao\/\" \/>\n<meta property=\"og:site_name\" content=\"En Compa\u00f1\u00eda STJ\" \/>\n<meta property=\"article:published_time\" content=\"2022-05-09T06:00:26+00:00\" \/>\n<meta property=\"article:modified_time\" content=\"2025-07-07T14:23:11+00:00\" \/>\n<meta property=\"og:image\" content=\"https:\/\/encompaniastj.org\/wp-content\/uploads\/2025\/05\/foto1.png\" \/>\n\t<meta property=\"og:image:width\" content=\"450\" \/>\n\t<meta property=\"og:image:height\" content=\"265\" \/>\n\t<meta property=\"og:image:type\" content=\"image\/png\" \/>\n<meta name=\"author\" content=\"admin\" \/>\n<meta name=\"twitter:card\" content=\"summary_large_image\" \/>\n<meta name=\"twitter:label1\" content=\"Escrito por\" \/>\n\t<meta name=\"twitter:data1\" content=\"admin\" \/>\n\t<meta name=\"twitter:label2\" content=\"Tempo estimado de leitura\" \/>\n\t<meta name=\"twitter:data2\" content=\"2 minutos\" \/>\n<script type=\"application\/ld+json\" class=\"yoast-schema-graph\">{\"@context\":\"https:\\\/\\\/schema.org\",\"@graph\":[{\"@type\":\"Article\",\"@id\":\"https:\\\/\\\/encompaniastj.org\\\/pt-pt\\\/camara-de-nisa-atribui-medalha-de-merito-as-irmas-teresianas-de-alpalhao\\\/#article\",\"isPartOf\":{\"@id\":\"https:\\\/\\\/encompaniastj.org\\\/pt-pt\\\/camara-de-nisa-atribui-medalha-de-merito-as-irmas-teresianas-de-alpalhao\\\/\"},\"author\":{\"name\":\"admin\",\"@id\":\"https:\\\/\\\/encompaniastj.org\\\/pt-pt\\\/#\\\/schema\\\/person\\\/520e7ecc314793d40091993c2a02b651\"},\"headline\":\"C\u00c2MARA DE NISA ATRIBUI MEDALHA DE M\u00c9RITO \u00c0S IRM\u00c3S TERESIANAS DE ALPALH\u00c3O\",\"datePublished\":\"2022-05-09T06:00:26+00:00\",\"dateModified\":\"2025-07-07T14:23:11+00:00\",\"mainEntityOfPage\":{\"@id\":\"https:\\\/\\\/encompaniastj.org\\\/pt-pt\\\/camara-de-nisa-atribui-medalha-de-merito-as-irmas-teresianas-de-alpalhao\\\/\"},\"wordCount\":272,\"commentCount\":0,\"publisher\":{\"@id\":\"https:\\\/\\\/encompaniastj.org\\\/pt-pt\\\/#organization\"},\"image\":{\"@id\":\"https:\\\/\\\/encompaniastj.org\\\/pt-pt\\\/camara-de-nisa-atribui-medalha-de-merito-as-irmas-teresianas-de-alpalhao\\\/#primaryimage\"},\"thumbnailUrl\":\"https:\\\/\\\/encompaniastj.org\\\/wp-content\\\/uploads\\\/2025\\\/05\\\/foto1.png\",\"articleSection\":[\"Noticias\",\"Paroquial - eclesial\"],\"inLanguage\":\"pt-PT\",\"potentialAction\":[{\"@type\":\"CommentAction\",\"name\":\"Comment\",\"target\":[\"https:\\\/\\\/encompaniastj.org\\\/pt-pt\\\/camara-de-nisa-atribui-medalha-de-merito-as-irmas-teresianas-de-alpalhao\\\/#respond\"]}]},{\"@type\":\"WebPage\",\"@id\":\"https:\\\/\\\/encompaniastj.org\\\/pt-pt\\\/camara-de-nisa-atribui-medalha-de-merito-as-irmas-teresianas-de-alpalhao\\\/\",\"url\":\"https:\\\/\\\/encompaniastj.org\\\/pt-pt\\\/camara-de-nisa-atribui-medalha-de-merito-as-irmas-teresianas-de-alpalhao\\\/\",\"name\":\"C\u00c2MARA DE NISA ATRIBUI MEDALHA DE M\u00c9RITO \u00c0S IRM\u00c3S TERESIANAS DE ALPALH\u00c3O - En Compa\u00f1\u00eda STJ\",\"isPartOf\":{\"@id\":\"https:\\\/\\\/encompaniastj.org\\\/pt-pt\\\/#website\"},\"primaryImageOfPage\":{\"@id\":\"https:\\\/\\\/encompaniastj.org\\\/pt-pt\\\/camara-de-nisa-atribui-medalha-de-merito-as-irmas-teresianas-de-alpalhao\\\/#primaryimage\"},\"image\":{\"@id\":\"https:\\\/\\\/encompaniastj.org\\\/pt-pt\\\/camara-de-nisa-atribui-medalha-de-merito-as-irmas-teresianas-de-alpalhao\\\/#primaryimage\"},\"thumbnailUrl\":\"https:\\\/\\\/encompaniastj.org\\\/wp-content\\\/uploads\\\/2025\\\/05\\\/foto1.png\",\"datePublished\":\"2022-05-09T06:00:26+00:00\",\"dateModified\":\"2025-07-07T14:23:11+00:00\",\"breadcrumb\":{\"@id\":\"https:\\\/\\\/encompaniastj.org\\\/pt-pt\\\/camara-de-nisa-atribui-medalha-de-merito-as-irmas-teresianas-de-alpalhao\\\/#breadcrumb\"},\"inLanguage\":\"pt-PT\",\"potentialAction\":[{\"@type\":\"ReadAction\",\"target\":[\"https:\\\/\\\/encompaniastj.org\\\/pt-pt\\\/camara-de-nisa-atribui-medalha-de-merito-as-irmas-teresianas-de-alpalhao\\\/\"]}]},{\"@type\":\"ImageObject\",\"inLanguage\":\"pt-PT\",\"@id\":\"https:\\\/\\\/encompaniastj.org\\\/pt-pt\\\/camara-de-nisa-atribui-medalha-de-merito-as-irmas-teresianas-de-alpalhao\\\/#primaryimage\",\"url\":\"https:\\\/\\\/encompaniastj.org\\\/wp-content\\\/uploads\\\/2025\\\/05\\\/foto1.png\",\"contentUrl\":\"https:\\\/\\\/encompaniastj.org\\\/wp-content\\\/uploads\\\/2025\\\/05\\\/foto1.png\",\"width\":450,\"height\":265},{\"@type\":\"BreadcrumbList\",\"@id\":\"https:\\\/\\\/encompaniastj.org\\\/pt-pt\\\/camara-de-nisa-atribui-medalha-de-merito-as-irmas-teresianas-de-alpalhao\\\/#breadcrumb\",\"itemListElement\":[{\"@type\":\"ListItem\",\"position\":1,\"name\":\"Portada\",\"item\":\"https:\\\/\\\/encompaniastj.org\\\/pt-pt\\\/\"},{\"@type\":\"ListItem\",\"position\":2,\"name\":\"C\u00c2MARA DE NISA ATRIBUI MEDALHA DE M\u00c9RITO \u00c0S IRM\u00c3S TERESIANAS DE ALPALH\u00c3O\"}]},{\"@type\":\"WebSite\",\"@id\":\"https:\\\/\\\/encompaniastj.org\\\/pt-pt\\\/#website\",\"url\":\"https:\\\/\\\/encompaniastj.org\\\/pt-pt\\\/\",\"name\":\"En Compa\u00f1\u00eda STJ\",\"description\":\"Bolet\u00edn de la Compa\u00f1\u00eda de Santa Teresa de Jes\u00fas\",\"publisher\":{\"@id\":\"https:\\\/\\\/encompaniastj.org\\\/pt-pt\\\/#organization\"},\"potentialAction\":[{\"@type\":\"SearchAction\",\"target\":{\"@type\":\"EntryPoint\",\"urlTemplate\":\"https:\\\/\\\/encompaniastj.org\\\/pt-pt\\\/?s={search_term_string}\"},\"query-input\":{\"@type\":\"PropertyValueSpecification\",\"valueRequired\":true,\"valueName\":\"search_term_string\"}}],\"inLanguage\":\"pt-PT\"},{\"@type\":\"Organization\",\"@id\":\"https:\\\/\\\/encompaniastj.org\\\/pt-pt\\\/#organization\",\"name\":\"Compa\u00f1\u00eda de Santa Teresa de Jes\u00fas\",\"url\":\"https:\\\/\\\/encompaniastj.org\\\/pt-pt\\\/\",\"logo\":{\"@type\":\"ImageObject\",\"inLanguage\":\"pt-PT\",\"@id\":\"https:\\\/\\\/encompaniastj.org\\\/pt-pt\\\/#\\\/schema\\\/logo\\\/image\\\/\",\"url\":\"https:\\\/\\\/encompaniastj.org\\\/wp-content\\\/uploads\\\/2025\\\/04\\\/logo_provincias02-1-3.png\",\"contentUrl\":\"https:\\\/\\\/encompaniastj.org\\\/wp-content\\\/uploads\\\/2025\\\/04\\\/logo_provincias02-1-3.png\",\"width\":2368,\"height\":825,\"caption\":\"Compa\u00f1\u00eda de Santa Teresa de Jes\u00fas\"},\"image\":{\"@id\":\"https:\\\/\\\/encompaniastj.org\\\/pt-pt\\\/#\\\/schema\\\/logo\\\/image\\\/\"}},{\"@type\":\"Person\",\"@id\":\"https:\\\/\\\/encompaniastj.org\\\/pt-pt\\\/#\\\/schema\\\/person\\\/520e7ecc314793d40091993c2a02b651\",\"name\":\"admin\",\"image\":{\"@type\":\"ImageObject\",\"inLanguage\":\"pt-PT\",\"@id\":\"https:\\\/\\\/secure.gravatar.com\\\/avatar\\\/948b492cce32b586ac2db0eaa926ee87024f7afe218d73b397ea5ddfc5f43ea1?s=96&d=mm&r=g\",\"url\":\"https:\\\/\\\/secure.gravatar.com\\\/avatar\\\/948b492cce32b586ac2db0eaa926ee87024f7afe218d73b397ea5ddfc5f43ea1?s=96&d=mm&r=g\",\"contentUrl\":\"https:\\\/\\\/secure.gravatar.com\\\/avatar\\\/948b492cce32b586ac2db0eaa926ee87024f7afe218d73b397ea5ddfc5f43ea1?s=96&d=mm&r=g\",\"caption\":\"admin\"},\"sameAs\":[\"https:\\\/\\\/encompaniastj.org\"],\"url\":\"https:\\\/\\\/encompaniastj.org\\\/pt-pt\\\/author\\\/sjdigital\\\/\"}]}<\/script>\n<!-- \/ Yoast SEO plugin. -->","yoast_head_json":{"title":"C\u00c2MARA DE NISA ATRIBUI MEDALHA DE M\u00c9RITO \u00c0S IRM\u00c3S TERESIANAS DE ALPALH\u00c3O - En Compa\u00f1\u00eda STJ","robots":{"index":"index","follow":"follow","max-snippet":"max-snippet:-1","max-image-preview":"max-image-preview:large","max-video-preview":"max-video-preview:-1"},"canonical":"https:\/\/encompaniastj.org\/pt-pt\/camara-de-nisa-atribui-medalha-de-merito-as-irmas-teresianas-de-alpalhao\/","og_locale":"pt_PT","og_type":"article","og_title":"C\u00c2MARA DE NISA ATRIBUI MEDALHA DE M\u00c9RITO \u00c0S IRM\u00c3S TERESIANAS DE ALPALH\u00c3O - En Compa\u00f1\u00eda STJ","og_description":"Foi em Nisa, na manh\u00e3 das celebra\u00e7\u00f5es do dia 25 de Abril que a Sr.\u00aa Presidente da C\u00e2mara de Nisa, quis homenagear a Companhia de Santa Teresa de Jesus, representada [&hellip;]","og_url":"https:\/\/encompaniastj.org\/pt-pt\/camara-de-nisa-atribui-medalha-de-merito-as-irmas-teresianas-de-alpalhao\/","og_site_name":"En Compa\u00f1\u00eda STJ","article_published_time":"2022-05-09T06:00:26+00:00","article_modified_time":"2025-07-07T14:23:11+00:00","og_image":[{"width":450,"height":265,"url":"https:\/\/encompaniastj.org\/wp-content\/uploads\/2025\/05\/foto1.png","type":"image\/png"}],"author":"admin","twitter_card":"summary_large_image","twitter_misc":{"Escrito por":"admin","Tempo estimado de leitura":"2 minutos"},"schema":{"@context":"https:\/\/schema.org","@graph":[{"@type":"Article","@id":"https:\/\/encompaniastj.org\/pt-pt\/camara-de-nisa-atribui-medalha-de-merito-as-irmas-teresianas-de-alpalhao\/#article","isPartOf":{"@id":"https:\/\/encompaniastj.org\/pt-pt\/camara-de-nisa-atribui-medalha-de-merito-as-irmas-teresianas-de-alpalhao\/"},"author":{"name":"admin","@id":"https:\/\/encompaniastj.org\/pt-pt\/#\/schema\/person\/520e7ecc314793d40091993c2a02b651"},"headline":"C\u00c2MARA DE NISA ATRIBUI MEDALHA DE M\u00c9RITO \u00c0S IRM\u00c3S TERESIANAS DE ALPALH\u00c3O","datePublished":"2022-05-09T06:00:26+00:00","dateModified":"2025-07-07T14:23:11+00:00","mainEntityOfPage":{"@id":"https:\/\/encompaniastj.org\/pt-pt\/camara-de-nisa-atribui-medalha-de-merito-as-irmas-teresianas-de-alpalhao\/"},"wordCount":272,"commentCount":0,"publisher":{"@id":"https:\/\/encompaniastj.org\/pt-pt\/#organization"},"image":{"@id":"https:\/\/encompaniastj.org\/pt-pt\/camara-de-nisa-atribui-medalha-de-merito-as-irmas-teresianas-de-alpalhao\/#primaryimage"},"thumbnailUrl":"https:\/\/encompaniastj.org\/wp-content\/uploads\/2025\/05\/foto1.png","articleSection":["Noticias","Paroquial - eclesial"],"inLanguage":"pt-PT","potentialAction":[{"@type":"CommentAction","name":"Comment","target":["https:\/\/encompaniastj.org\/pt-pt\/camara-de-nisa-atribui-medalha-de-merito-as-irmas-teresianas-de-alpalhao\/#respond"]}]},{"@type":"WebPage","@id":"https:\/\/encompaniastj.org\/pt-pt\/camara-de-nisa-atribui-medalha-de-merito-as-irmas-teresianas-de-alpalhao\/","url":"https:\/\/encompaniastj.org\/pt-pt\/camara-de-nisa-atribui-medalha-de-merito-as-irmas-teresianas-de-alpalhao\/","name":"C\u00c2MARA DE NISA ATRIBUI MEDALHA DE M\u00c9RITO \u00c0S IRM\u00c3S TERESIANAS DE ALPALH\u00c3O - En Compa\u00f1\u00eda STJ","isPartOf":{"@id":"https:\/\/encompaniastj.org\/pt-pt\/#website"},"primaryImageOfPage":{"@id":"https:\/\/encompaniastj.org\/pt-pt\/camara-de-nisa-atribui-medalha-de-merito-as-irmas-teresianas-de-alpalhao\/#primaryimage"},"image":{"@id":"https:\/\/encompaniastj.org\/pt-pt\/camara-de-nisa-atribui-medalha-de-merito-as-irmas-teresianas-de-alpalhao\/#primaryimage"},"thumbnailUrl":"https:\/\/encompaniastj.org\/wp-content\/uploads\/2025\/05\/foto1.png","datePublished":"2022-05-09T06:00:26+00:00","dateModified":"2025-07-07T14:23:11+00:00","breadcrumb":{"@id":"https:\/\/encompaniastj.org\/pt-pt\/camara-de-nisa-atribui-medalha-de-merito-as-irmas-teresianas-de-alpalhao\/#breadcrumb"},"inLanguage":"pt-PT","potentialAction":[{"@type":"ReadAction","target":["https:\/\/encompaniastj.org\/pt-pt\/camara-de-nisa-atribui-medalha-de-merito-as-irmas-teresianas-de-alpalhao\/"]}]},{"@type":"ImageObject","inLanguage":"pt-PT","@id":"https:\/\/encompaniastj.org\/pt-pt\/camara-de-nisa-atribui-medalha-de-merito-as-irmas-teresianas-de-alpalhao\/#primaryimage","url":"https:\/\/encompaniastj.org\/wp-content\/uploads\/2025\/05\/foto1.png","contentUrl":"https:\/\/encompaniastj.org\/wp-content\/uploads\/2025\/05\/foto1.png","width":450,"height":265},{"@type":"BreadcrumbList","@id":"https:\/\/encompaniastj.org\/pt-pt\/camara-de-nisa-atribui-medalha-de-merito-as-irmas-teresianas-de-alpalhao\/#breadcrumb","itemListElement":[{"@type":"ListItem","position":1,"name":"Portada","item":"https:\/\/encompaniastj.org\/pt-pt\/"},{"@type":"ListItem","position":2,"name":"C\u00c2MARA DE NISA ATRIBUI MEDALHA DE M\u00c9RITO \u00c0S IRM\u00c3S TERESIANAS DE ALPALH\u00c3O"}]},{"@type":"WebSite","@id":"https:\/\/encompaniastj.org\/pt-pt\/#website","url":"https:\/\/encompaniastj.org\/pt-pt\/","name":"En Compa\u00f1\u00eda STJ","description":"Bolet\u00edn de la Compa\u00f1\u00eda de Santa Teresa de Jes\u00fas","publisher":{"@id":"https:\/\/encompaniastj.org\/pt-pt\/#organization"},"potentialAction":[{"@type":"SearchAction","target":{"@type":"EntryPoint","urlTemplate":"https:\/\/encompaniastj.org\/pt-pt\/?s={search_term_string}"},"query-input":{"@type":"PropertyValueSpecification","valueRequired":true,"valueName":"search_term_string"}}],"inLanguage":"pt-PT"},{"@type":"Organization","@id":"https:\/\/encompaniastj.org\/pt-pt\/#organization","name":"Compa\u00f1\u00eda de Santa Teresa de Jes\u00fas","url":"https:\/\/encompaniastj.org\/pt-pt\/","logo":{"@type":"ImageObject","inLanguage":"pt-PT","@id":"https:\/\/encompaniastj.org\/pt-pt\/#\/schema\/logo\/image\/","url":"https:\/\/encompaniastj.org\/wp-content\/uploads\/2025\/04\/logo_provincias02-1-3.png","contentUrl":"https:\/\/encompaniastj.org\/wp-content\/uploads\/2025\/04\/logo_provincias02-1-3.png","width":2368,"height":825,"caption":"Compa\u00f1\u00eda de Santa Teresa de Jes\u00fas"},"image":{"@id":"https:\/\/encompaniastj.org\/pt-pt\/#\/schema\/logo\/image\/"}},{"@type":"Person","@id":"https:\/\/encompaniastj.org\/pt-pt\/#\/schema\/person\/520e7ecc314793d40091993c2a02b651","name":"admin","image":{"@type":"ImageObject","inLanguage":"pt-PT","@id":"https:\/\/secure.gravatar.com\/avatar\/948b492cce32b586ac2db0eaa926ee87024f7afe218d73b397ea5ddfc5f43ea1?s=96&d=mm&r=g","url":"https:\/\/secure.gravatar.com\/avatar\/948b492cce32b586ac2db0eaa926ee87024f7afe218d73b397ea5ddfc5f43ea1?s=96&d=mm&r=g","contentUrl":"https:\/\/secure.gravatar.com\/avatar\/948b492cce32b586ac2db0eaa926ee87024f7afe218d73b397ea5ddfc5f43ea1?s=96&d=mm&r=g","caption":"admin"},"sameAs":["https:\/\/encompaniastj.org"],"url":"https:\/\/encompaniastj.org\/pt-pt\/author\/sjdigital\/"}]}},"_links":{"self":[{"href":"https:\/\/encompaniastj.org\/pt-pt\/wp-json\/wp\/v2\/posts\/10968","targetHints":{"allow":["GET"]}}],"collection":[{"href":"https:\/\/encompaniastj.org\/pt-pt\/wp-json\/wp\/v2\/posts"}],"about":[{"href":"https:\/\/encompaniastj.org\/pt-pt\/wp-json\/wp\/v2\/types\/post"}],"author":[{"embeddable":true,"href":"https:\/\/encompaniastj.org\/pt-pt\/wp-json\/wp\/v2\/users\/1"}],"replies":[{"embeddable":true,"href":"https:\/\/encompaniastj.org\/pt-pt\/wp-json\/wp\/v2\/comments?post=10968"}],"version-history":[{"count":1,"href":"https:\/\/encompaniastj.org\/pt-pt\/wp-json\/wp\/v2\/posts\/10968\/revisions"}],"predecessor-version":[{"id":10969,"href":"https:\/\/encompaniastj.org\/pt-pt\/wp-json\/wp\/v2\/posts\/10968\/revisions\/10969"}],"wp:featuredmedia":[{"embeddable":true,"href":"https:\/\/encompaniastj.org\/pt-pt\/wp-json\/wp\/v2\/media\/7904"}],"wp:attachment":[{"href":"https:\/\/encompaniastj.org\/pt-pt\/wp-json\/wp\/v2\/media?parent=10968"}],"wp:term":[{"taxonomy":"category","embeddable":true,"href":"https:\/\/encompaniastj.org\/pt-pt\/wp-json\/wp\/v2\/categories?post=10968"},{"taxonomy":"post_tag","embeddable":true,"href":"https:\/\/encompaniastj.org\/pt-pt\/wp-json\/wp\/v2\/tags?post=10968"}],"curies":[{"name":"wp","href":"https:\/\/api.w.org\/{rel}","templated":true}]}}