{"id":10966,"date":"2022-04-30T08:31:47","date_gmt":"2022-04-30T06:31:47","guid":{"rendered":"https:\/\/encompaniastj.org\/ma-jacinta-jorge-herrero-30-de-abril-de-2022-madrid-casa-provincial\/"},"modified":"2025-07-07T16:23:11","modified_gmt":"2025-07-07T14:23:11","slug":"ma-jacinta-jorge-herrero-30-de-abril-de-2022-madrid-casa-provincial","status":"publish","type":"post","link":"https:\/\/encompaniastj.org\/pt-pt\/ma-jacinta-jorge-herrero-30-de-abril-de-2022-madrid-casa-provincial\/","title":{"rendered":"M\u00aa Jacinta Jorge Herrero. 30 de abril de 2022 (Madrid - Casa Provincial)"},"content":{"rendered":"<p>Em plena P\u00e1scoa da Ressurrei\u00e7\u00e3o o Senhor chamou a nossa Irm\u00e3 Jacinta, depois de uma temporada de cruz e de dor. No dia 30 de abril, bem cedo, pela manh\u00e3, foi \u00e0 consulta. Ela tinha 92 anos e 74 de Companhia.<\/p>\n<p>Cedo cruzou os mares e viveu a vontade de Deus em Cuba, M\u00e9xico e Venezuela, onde encontrou parte da sua fam\u00edlia. De volta \u00e0 Espanha esteve em Cidade Rodrigo, Toledo, Telde e Madrid, Casa Provincial. O pouco espa\u00e7o verde que esta casa possui foi suficiente para lhe relembrar e reviver tudo o que aprendera com seu pai sobre plantas e arbustos. Ela era realmente apaixonada por flores e frutas. Ter, cultivar e fazer crescer \u201cos seus vasos\u201d dava-lhe muita alegria; da\u00ed a sua amizade e colabora\u00e7\u00e3o com a senhora que se encarrega da decora\u00e7\u00e3o das flores na Par\u00f3quia.<\/p>\n<p>Ela tinha uma mem\u00f3ria not\u00e1vel; no recreio era capaz de contar com todo o pormenor acontecimentos e pessoas, Irm\u00e3s que conheceu na Am\u00e9rica, e que viveu com toda a intensidade que a caracterizava.<\/p>\n<p>O seu tempo, nesta etapa final, foi gasto rezando o Ter\u00e7o que tinha sempre nas suas m\u00e3os, e no seu jeito para tecer. Quantos novelos de l\u00e3 gastou e a C\u00e1ritas quantos enxovais para beb\u00e9s e crian\u00e7as recebeu para os necessitados! Tamb\u00e9m gorros e cachec\u00f3is para quem os pediu. N\u00e3o parava.<\/p>\n<p>Ela estava ciente de que as suas for\u00e7as se iam debilitando, e foi por causa de uma queda que ela teve que deixar tudo, e as Irm\u00e3s que cuidaram dela verificaram que as doen\u00e7as que ela sofria eram insuper\u00e1veis. Sem poder falar, ela apertava as m\u00e3os quando lhe diz\u00edamos jaculat\u00f3rias ou nome\u00e1vamos S\u00e3o Jos\u00e9, de quem era muito devota. Tamb\u00e9m o era do nosso Padre, Santo Henrique; quando se faziam concursos e jogos sobre ele, ela acertava sempre. Ter-se-\u00e1 j\u00e1 encontrado com eles. Descanse em paz.<\/p>\n","protected":false},"excerpt":{"rendered":"<p>Em plena P\u00e1scoa da Ressurrei\u00e7\u00e3o o Senhor chamou a nossa Irm\u00e3 Jacinta, depois de uma temporada de cruz e de dor. No dia 30 de abril, bem cedo, pela manh\u00e3, [&hellip;]<\/p>\n","protected":false},"author":1,"featured_media":7902,"comment_status":"open","ping_status":"open","sticky":false,"template":"","format":"standard","meta":{"_acf_changed":false,"footnotes":""},"categories":[69,63],"tags":[],"class_list":["post-10966","post","type-post","status-publish","format-standard","has-post-thumbnail","hentry","category-falecimentos","category-fallecimientos"],"acf":[],"yoast_head":"<!-- This site is optimized with the Yoast SEO plugin v27.5 - https:\/\/yoast.com\/product\/yoast-seo-wordpress\/ -->\n<title>M\u00aa Jacinta Jorge Herrero. 30 de abril de 2022 (Madrid - Casa Provincial) - En Compa\u00f1\u00eda STJ<\/title>\n<meta name=\"robots\" content=\"index, follow, max-snippet:-1, max-image-preview:large, max-video-preview:-1\" \/>\n<link rel=\"canonical\" href=\"https:\/\/encompaniastj.org\/pt-pt\/ma-jacinta-jorge-herrero-30-de-abril-de-2022-madrid-casa-provincial\/\" \/>\n<meta property=\"og:locale\" content=\"pt_PT\" \/>\n<meta property=\"og:type\" content=\"article\" \/>\n<meta property=\"og:title\" content=\"M\u00aa Jacinta Jorge Herrero. 30 de abril de 2022 (Madrid - Casa Provincial) - En Compa\u00f1\u00eda STJ\" \/>\n<meta property=\"og:description\" content=\"Em plena P\u00e1scoa da Ressurrei\u00e7\u00e3o o Senhor chamou a nossa Irm\u00e3 Jacinta, depois de uma temporada de cruz e de dor. No dia 30 de abril, bem cedo, pela manh\u00e3, [&hellip;]\" \/>\n<meta property=\"og:url\" content=\"https:\/\/encompaniastj.org\/pt-pt\/ma-jacinta-jorge-herrero-30-de-abril-de-2022-madrid-casa-provincial\/\" \/>\n<meta property=\"og:site_name\" content=\"En Compa\u00f1\u00eda STJ\" \/>\n<meta property=\"article:published_time\" content=\"2022-04-30T06:31:47+00:00\" \/>\n<meta property=\"article:modified_time\" content=\"2025-07-07T14:23:11+00:00\" \/>\n<meta property=\"og:image\" content=\"https:\/\/encompaniastj.org\/wp-content\/uploads\/2025\/05\/flores.jpg\" \/>\n\t<meta property=\"og:image:width\" content=\"1280\" \/>\n\t<meta property=\"og:image:height\" content=\"854\" \/>\n\t<meta property=\"og:image:type\" content=\"image\/jpeg\" \/>\n<meta name=\"author\" content=\"admin\" \/>\n<meta name=\"twitter:card\" content=\"summary_large_image\" \/>\n<meta name=\"twitter:label1\" content=\"Escrito por\" \/>\n\t<meta name=\"twitter:data1\" content=\"admin\" \/>\n\t<meta name=\"twitter:label2\" content=\"Tempo estimado de leitura\" \/>\n\t<meta name=\"twitter:data2\" content=\"2 minutos\" \/>\n<script type=\"application\/ld+json\" class=\"yoast-schema-graph\">{\"@context\":\"https:\\\/\\\/schema.org\",\"@graph\":[{\"@type\":\"Article\",\"@id\":\"https:\\\/\\\/encompaniastj.org\\\/pt-pt\\\/ma-jacinta-jorge-herrero-30-de-abril-de-2022-madrid-casa-provincial\\\/#article\",\"isPartOf\":{\"@id\":\"https:\\\/\\\/encompaniastj.org\\\/pt-pt\\\/ma-jacinta-jorge-herrero-30-de-abril-de-2022-madrid-casa-provincial\\\/\"},\"author\":{\"name\":\"admin\",\"@id\":\"https:\\\/\\\/encompaniastj.org\\\/pt-pt\\\/#\\\/schema\\\/person\\\/520e7ecc314793d40091993c2a02b651\"},\"headline\":\"M\u00aa Jacinta Jorge Herrero. 30 de abril de 2022 (Madrid - Casa Provincial)\",\"datePublished\":\"2022-04-30T06:31:47+00:00\",\"dateModified\":\"2025-07-07T14:23:11+00:00\",\"mainEntityOfPage\":{\"@id\":\"https:\\\/\\\/encompaniastj.org\\\/pt-pt\\\/ma-jacinta-jorge-herrero-30-de-abril-de-2022-madrid-casa-provincial\\\/\"},\"wordCount\":345,\"commentCount\":0,\"publisher\":{\"@id\":\"https:\\\/\\\/encompaniastj.org\\\/pt-pt\\\/#organization\"},\"image\":{\"@id\":\"https:\\\/\\\/encompaniastj.org\\\/pt-pt\\\/ma-jacinta-jorge-herrero-30-de-abril-de-2022-madrid-casa-provincial\\\/#primaryimage\"},\"thumbnailUrl\":\"https:\\\/\\\/encompaniastj.org\\\/wp-content\\\/uploads\\\/2025\\\/05\\\/flores.jpg\",\"articleSection\":[\"Falecimentos\",\"Fallecimientos\"],\"inLanguage\":\"pt-PT\",\"potentialAction\":[{\"@type\":\"CommentAction\",\"name\":\"Comment\",\"target\":[\"https:\\\/\\\/encompaniastj.org\\\/pt-pt\\\/ma-jacinta-jorge-herrero-30-de-abril-de-2022-madrid-casa-provincial\\\/#respond\"]}]},{\"@type\":\"WebPage\",\"@id\":\"https:\\\/\\\/encompaniastj.org\\\/pt-pt\\\/ma-jacinta-jorge-herrero-30-de-abril-de-2022-madrid-casa-provincial\\\/\",\"url\":\"https:\\\/\\\/encompaniastj.org\\\/pt-pt\\\/ma-jacinta-jorge-herrero-30-de-abril-de-2022-madrid-casa-provincial\\\/\",\"name\":\"M\u00aa Jacinta Jorge Herrero. 30 de abril de 2022 (Madrid - Casa Provincial) - En Compa\u00f1\u00eda STJ\",\"isPartOf\":{\"@id\":\"https:\\\/\\\/encompaniastj.org\\\/pt-pt\\\/#website\"},\"primaryImageOfPage\":{\"@id\":\"https:\\\/\\\/encompaniastj.org\\\/pt-pt\\\/ma-jacinta-jorge-herrero-30-de-abril-de-2022-madrid-casa-provincial\\\/#primaryimage\"},\"image\":{\"@id\":\"https:\\\/\\\/encompaniastj.org\\\/pt-pt\\\/ma-jacinta-jorge-herrero-30-de-abril-de-2022-madrid-casa-provincial\\\/#primaryimage\"},\"thumbnailUrl\":\"https:\\\/\\\/encompaniastj.org\\\/wp-content\\\/uploads\\\/2025\\\/05\\\/flores.jpg\",\"datePublished\":\"2022-04-30T06:31:47+00:00\",\"dateModified\":\"2025-07-07T14:23:11+00:00\",\"breadcrumb\":{\"@id\":\"https:\\\/\\\/encompaniastj.org\\\/pt-pt\\\/ma-jacinta-jorge-herrero-30-de-abril-de-2022-madrid-casa-provincial\\\/#breadcrumb\"},\"inLanguage\":\"pt-PT\",\"potentialAction\":[{\"@type\":\"ReadAction\",\"target\":[\"https:\\\/\\\/encompaniastj.org\\\/pt-pt\\\/ma-jacinta-jorge-herrero-30-de-abril-de-2022-madrid-casa-provincial\\\/\"]}]},{\"@type\":\"ImageObject\",\"inLanguage\":\"pt-PT\",\"@id\":\"https:\\\/\\\/encompaniastj.org\\\/pt-pt\\\/ma-jacinta-jorge-herrero-30-de-abril-de-2022-madrid-casa-provincial\\\/#primaryimage\",\"url\":\"https:\\\/\\\/encompaniastj.org\\\/wp-content\\\/uploads\\\/2025\\\/05\\\/flores.jpg\",\"contentUrl\":\"https:\\\/\\\/encompaniastj.org\\\/wp-content\\\/uploads\\\/2025\\\/05\\\/flores.jpg\",\"width\":1280,\"height\":854},{\"@type\":\"BreadcrumbList\",\"@id\":\"https:\\\/\\\/encompaniastj.org\\\/pt-pt\\\/ma-jacinta-jorge-herrero-30-de-abril-de-2022-madrid-casa-provincial\\\/#breadcrumb\",\"itemListElement\":[{\"@type\":\"ListItem\",\"position\":1,\"name\":\"Portada\",\"item\":\"https:\\\/\\\/encompaniastj.org\\\/pt-pt\\\/\"},{\"@type\":\"ListItem\",\"position\":2,\"name\":\"M\u00aa Jacinta Jorge Herrero. 30 de abril de 2022 (Madrid - Casa Provincial)\"}]},{\"@type\":\"WebSite\",\"@id\":\"https:\\\/\\\/encompaniastj.org\\\/pt-pt\\\/#website\",\"url\":\"https:\\\/\\\/encompaniastj.org\\\/pt-pt\\\/\",\"name\":\"En Compa\u00f1\u00eda STJ\",\"description\":\"Bolet\u00edn de la Compa\u00f1\u00eda de Santa Teresa de Jes\u00fas\",\"publisher\":{\"@id\":\"https:\\\/\\\/encompaniastj.org\\\/pt-pt\\\/#organization\"},\"potentialAction\":[{\"@type\":\"SearchAction\",\"target\":{\"@type\":\"EntryPoint\",\"urlTemplate\":\"https:\\\/\\\/encompaniastj.org\\\/pt-pt\\\/?s={search_term_string}\"},\"query-input\":{\"@type\":\"PropertyValueSpecification\",\"valueRequired\":true,\"valueName\":\"search_term_string\"}}],\"inLanguage\":\"pt-PT\"},{\"@type\":\"Organization\",\"@id\":\"https:\\\/\\\/encompaniastj.org\\\/pt-pt\\\/#organization\",\"name\":\"Compa\u00f1\u00eda de Santa Teresa de Jes\u00fas\",\"url\":\"https:\\\/\\\/encompaniastj.org\\\/pt-pt\\\/\",\"logo\":{\"@type\":\"ImageObject\",\"inLanguage\":\"pt-PT\",\"@id\":\"https:\\\/\\\/encompaniastj.org\\\/pt-pt\\\/#\\\/schema\\\/logo\\\/image\\\/\",\"url\":\"https:\\\/\\\/encompaniastj.org\\\/wp-content\\\/uploads\\\/2025\\\/04\\\/logo_provincias02-1-3.png\",\"contentUrl\":\"https:\\\/\\\/encompaniastj.org\\\/wp-content\\\/uploads\\\/2025\\\/04\\\/logo_provincias02-1-3.png\",\"width\":2368,\"height\":825,\"caption\":\"Compa\u00f1\u00eda de Santa Teresa de Jes\u00fas\"},\"image\":{\"@id\":\"https:\\\/\\\/encompaniastj.org\\\/pt-pt\\\/#\\\/schema\\\/logo\\\/image\\\/\"}},{\"@type\":\"Person\",\"@id\":\"https:\\\/\\\/encompaniastj.org\\\/pt-pt\\\/#\\\/schema\\\/person\\\/520e7ecc314793d40091993c2a02b651\",\"name\":\"admin\",\"image\":{\"@type\":\"ImageObject\",\"inLanguage\":\"pt-PT\",\"@id\":\"https:\\\/\\\/secure.gravatar.com\\\/avatar\\\/948b492cce32b586ac2db0eaa926ee87024f7afe218d73b397ea5ddfc5f43ea1?s=96&d=mm&r=g\",\"url\":\"https:\\\/\\\/secure.gravatar.com\\\/avatar\\\/948b492cce32b586ac2db0eaa926ee87024f7afe218d73b397ea5ddfc5f43ea1?s=96&d=mm&r=g\",\"contentUrl\":\"https:\\\/\\\/secure.gravatar.com\\\/avatar\\\/948b492cce32b586ac2db0eaa926ee87024f7afe218d73b397ea5ddfc5f43ea1?s=96&d=mm&r=g\",\"caption\":\"admin\"},\"sameAs\":[\"https:\\\/\\\/encompaniastj.org\"],\"url\":\"https:\\\/\\\/encompaniastj.org\\\/pt-pt\\\/author\\\/sjdigital\\\/\"}]}<\/script>\n<!-- \/ Yoast SEO plugin. -->","yoast_head_json":{"title":"M\u00aa Jacinta Jorge Herrero. 30 de abril de 2022 (Madrid - Casa Provincial) - En Compa\u00f1\u00eda STJ","robots":{"index":"index","follow":"follow","max-snippet":"max-snippet:-1","max-image-preview":"max-image-preview:large","max-video-preview":"max-video-preview:-1"},"canonical":"https:\/\/encompaniastj.org\/pt-pt\/ma-jacinta-jorge-herrero-30-de-abril-de-2022-madrid-casa-provincial\/","og_locale":"pt_PT","og_type":"article","og_title":"M\u00aa Jacinta Jorge Herrero. 30 de abril de 2022 (Madrid - Casa Provincial) - En Compa\u00f1\u00eda STJ","og_description":"Em plena P\u00e1scoa da Ressurrei\u00e7\u00e3o o Senhor chamou a nossa Irm\u00e3 Jacinta, depois de uma temporada de cruz e de dor. No dia 30 de abril, bem cedo, pela manh\u00e3, [&hellip;]","og_url":"https:\/\/encompaniastj.org\/pt-pt\/ma-jacinta-jorge-herrero-30-de-abril-de-2022-madrid-casa-provincial\/","og_site_name":"En Compa\u00f1\u00eda STJ","article_published_time":"2022-04-30T06:31:47+00:00","article_modified_time":"2025-07-07T14:23:11+00:00","og_image":[{"width":1280,"height":854,"url":"https:\/\/encompaniastj.org\/wp-content\/uploads\/2025\/05\/flores.jpg","type":"image\/jpeg"}],"author":"admin","twitter_card":"summary_large_image","twitter_misc":{"Escrito por":"admin","Tempo estimado de leitura":"2 minutos"},"schema":{"@context":"https:\/\/schema.org","@graph":[{"@type":"Article","@id":"https:\/\/encompaniastj.org\/pt-pt\/ma-jacinta-jorge-herrero-30-de-abril-de-2022-madrid-casa-provincial\/#article","isPartOf":{"@id":"https:\/\/encompaniastj.org\/pt-pt\/ma-jacinta-jorge-herrero-30-de-abril-de-2022-madrid-casa-provincial\/"},"author":{"name":"admin","@id":"https:\/\/encompaniastj.org\/pt-pt\/#\/schema\/person\/520e7ecc314793d40091993c2a02b651"},"headline":"M\u00aa Jacinta Jorge Herrero. 30 de abril de 2022 (Madrid - Casa Provincial)","datePublished":"2022-04-30T06:31:47+00:00","dateModified":"2025-07-07T14:23:11+00:00","mainEntityOfPage":{"@id":"https:\/\/encompaniastj.org\/pt-pt\/ma-jacinta-jorge-herrero-30-de-abril-de-2022-madrid-casa-provincial\/"},"wordCount":345,"commentCount":0,"publisher":{"@id":"https:\/\/encompaniastj.org\/pt-pt\/#organization"},"image":{"@id":"https:\/\/encompaniastj.org\/pt-pt\/ma-jacinta-jorge-herrero-30-de-abril-de-2022-madrid-casa-provincial\/#primaryimage"},"thumbnailUrl":"https:\/\/encompaniastj.org\/wp-content\/uploads\/2025\/05\/flores.jpg","articleSection":["Falecimentos","Fallecimientos"],"inLanguage":"pt-PT","potentialAction":[{"@type":"CommentAction","name":"Comment","target":["https:\/\/encompaniastj.org\/pt-pt\/ma-jacinta-jorge-herrero-30-de-abril-de-2022-madrid-casa-provincial\/#respond"]}]},{"@type":"WebPage","@id":"https:\/\/encompaniastj.org\/pt-pt\/ma-jacinta-jorge-herrero-30-de-abril-de-2022-madrid-casa-provincial\/","url":"https:\/\/encompaniastj.org\/pt-pt\/ma-jacinta-jorge-herrero-30-de-abril-de-2022-madrid-casa-provincial\/","name":"M\u00aa Jacinta Jorge Herrero. 30 de abril de 2022 (Madrid - Casa Provincial) - En Compa\u00f1\u00eda STJ","isPartOf":{"@id":"https:\/\/encompaniastj.org\/pt-pt\/#website"},"primaryImageOfPage":{"@id":"https:\/\/encompaniastj.org\/pt-pt\/ma-jacinta-jorge-herrero-30-de-abril-de-2022-madrid-casa-provincial\/#primaryimage"},"image":{"@id":"https:\/\/encompaniastj.org\/pt-pt\/ma-jacinta-jorge-herrero-30-de-abril-de-2022-madrid-casa-provincial\/#primaryimage"},"thumbnailUrl":"https:\/\/encompaniastj.org\/wp-content\/uploads\/2025\/05\/flores.jpg","datePublished":"2022-04-30T06:31:47+00:00","dateModified":"2025-07-07T14:23:11+00:00","breadcrumb":{"@id":"https:\/\/encompaniastj.org\/pt-pt\/ma-jacinta-jorge-herrero-30-de-abril-de-2022-madrid-casa-provincial\/#breadcrumb"},"inLanguage":"pt-PT","potentialAction":[{"@type":"ReadAction","target":["https:\/\/encompaniastj.org\/pt-pt\/ma-jacinta-jorge-herrero-30-de-abril-de-2022-madrid-casa-provincial\/"]}]},{"@type":"ImageObject","inLanguage":"pt-PT","@id":"https:\/\/encompaniastj.org\/pt-pt\/ma-jacinta-jorge-herrero-30-de-abril-de-2022-madrid-casa-provincial\/#primaryimage","url":"https:\/\/encompaniastj.org\/wp-content\/uploads\/2025\/05\/flores.jpg","contentUrl":"https:\/\/encompaniastj.org\/wp-content\/uploads\/2025\/05\/flores.jpg","width":1280,"height":854},{"@type":"BreadcrumbList","@id":"https:\/\/encompaniastj.org\/pt-pt\/ma-jacinta-jorge-herrero-30-de-abril-de-2022-madrid-casa-provincial\/#breadcrumb","itemListElement":[{"@type":"ListItem","position":1,"name":"Portada","item":"https:\/\/encompaniastj.org\/pt-pt\/"},{"@type":"ListItem","position":2,"name":"M\u00aa Jacinta Jorge Herrero. 30 de abril de 2022 (Madrid - Casa Provincial)"}]},{"@type":"WebSite","@id":"https:\/\/encompaniastj.org\/pt-pt\/#website","url":"https:\/\/encompaniastj.org\/pt-pt\/","name":"En Compa\u00f1\u00eda STJ","description":"Bolet\u00edn de la Compa\u00f1\u00eda de Santa Teresa de Jes\u00fas","publisher":{"@id":"https:\/\/encompaniastj.org\/pt-pt\/#organization"},"potentialAction":[{"@type":"SearchAction","target":{"@type":"EntryPoint","urlTemplate":"https:\/\/encompaniastj.org\/pt-pt\/?s={search_term_string}"},"query-input":{"@type":"PropertyValueSpecification","valueRequired":true,"valueName":"search_term_string"}}],"inLanguage":"pt-PT"},{"@type":"Organization","@id":"https:\/\/encompaniastj.org\/pt-pt\/#organization","name":"Compa\u00f1\u00eda de Santa Teresa de Jes\u00fas","url":"https:\/\/encompaniastj.org\/pt-pt\/","logo":{"@type":"ImageObject","inLanguage":"pt-PT","@id":"https:\/\/encompaniastj.org\/pt-pt\/#\/schema\/logo\/image\/","url":"https:\/\/encompaniastj.org\/wp-content\/uploads\/2025\/04\/logo_provincias02-1-3.png","contentUrl":"https:\/\/encompaniastj.org\/wp-content\/uploads\/2025\/04\/logo_provincias02-1-3.png","width":2368,"height":825,"caption":"Compa\u00f1\u00eda de Santa Teresa de Jes\u00fas"},"image":{"@id":"https:\/\/encompaniastj.org\/pt-pt\/#\/schema\/logo\/image\/"}},{"@type":"Person","@id":"https:\/\/encompaniastj.org\/pt-pt\/#\/schema\/person\/520e7ecc314793d40091993c2a02b651","name":"admin","image":{"@type":"ImageObject","inLanguage":"pt-PT","@id":"https:\/\/secure.gravatar.com\/avatar\/948b492cce32b586ac2db0eaa926ee87024f7afe218d73b397ea5ddfc5f43ea1?s=96&d=mm&r=g","url":"https:\/\/secure.gravatar.com\/avatar\/948b492cce32b586ac2db0eaa926ee87024f7afe218d73b397ea5ddfc5f43ea1?s=96&d=mm&r=g","contentUrl":"https:\/\/secure.gravatar.com\/avatar\/948b492cce32b586ac2db0eaa926ee87024f7afe218d73b397ea5ddfc5f43ea1?s=96&d=mm&r=g","caption":"admin"},"sameAs":["https:\/\/encompaniastj.org"],"url":"https:\/\/encompaniastj.org\/pt-pt\/author\/sjdigital\/"}]}},"_links":{"self":[{"href":"https:\/\/encompaniastj.org\/pt-pt\/wp-json\/wp\/v2\/posts\/10966","targetHints":{"allow":["GET"]}}],"collection":[{"href":"https:\/\/encompaniastj.org\/pt-pt\/wp-json\/wp\/v2\/posts"}],"about":[{"href":"https:\/\/encompaniastj.org\/pt-pt\/wp-json\/wp\/v2\/types\/post"}],"author":[{"embeddable":true,"href":"https:\/\/encompaniastj.org\/pt-pt\/wp-json\/wp\/v2\/users\/1"}],"replies":[{"embeddable":true,"href":"https:\/\/encompaniastj.org\/pt-pt\/wp-json\/wp\/v2\/comments?post=10966"}],"version-history":[{"count":1,"href":"https:\/\/encompaniastj.org\/pt-pt\/wp-json\/wp\/v2\/posts\/10966\/revisions"}],"predecessor-version":[{"id":10967,"href":"https:\/\/encompaniastj.org\/pt-pt\/wp-json\/wp\/v2\/posts\/10966\/revisions\/10967"}],"wp:featuredmedia":[{"embeddable":true,"href":"https:\/\/encompaniastj.org\/pt-pt\/wp-json\/wp\/v2\/media\/7902"}],"wp:attachment":[{"href":"https:\/\/encompaniastj.org\/pt-pt\/wp-json\/wp\/v2\/media?parent=10966"}],"wp:term":[{"taxonomy":"category","embeddable":true,"href":"https:\/\/encompaniastj.org\/pt-pt\/wp-json\/wp\/v2\/categories?post=10966"},{"taxonomy":"post_tag","embeddable":true,"href":"https:\/\/encompaniastj.org\/pt-pt\/wp-json\/wp\/v2\/tags?post=10966"}],"curies":[{"name":"wp","href":"https:\/\/api.w.org\/{rel}","templated":true}]}}