{"id":10958,"date":"2022-04-28T07:00:16","date_gmt":"2022-04-28T05:00:16","guid":{"rendered":"https:\/\/encompaniastj.org\/jornada-de-encontro-e-formacao-coordenadoras-e-irmas-de-residencia-enfermarias\/"},"modified":"2025-07-07T16:23:10","modified_gmt":"2025-07-07T14:23:10","slug":"jornada-de-encontro-e-formacao-coordenadoras-e-irmas-de-residencia-enfermarias","status":"publish","type":"post","link":"https:\/\/encompaniastj.org\/pt-pt\/jornada-de-encontro-e-formacao-coordenadoras-e-irmas-de-residencia-enfermarias\/","title":{"rendered":"JORNADA DE ENCONTRO E FORMA\u00c7\u00c3O COORDENADORAS E IRM\u00c3S DE RESID\u00caNCIA-ENFERMARIAS"},"content":{"rendered":"<p style=\"text-align: right;\">5 e 6 de abril - \u00c1vila<\/p>\n<p>E finalmente pudemos encontrar-nos novamente, ap\u00f3s o par\u00eantese da pandemia! As Coordenadoras de Enfermagem e as irm\u00e3s que acompanhamos as irm\u00e3s mais velhas, convocadas pela Ir. Isabel Robles, Delegada Provincial para nossas comunidades, e acompanhada por Ir. Isabel del Valle, nossa Provincial, encontr\u00e1mo-nos cerca de 30 pessoas, em \u00c1vila, nos dias 5 e 6 de abril.<\/p>\n<p>A nossa reflex\u00e3o foi orientada por Vicky Irigaray, com o tema: \u201cAcompanhamento humano e espiritual na velhice e na doen\u00e7a\u201d. Vicky falou por convic\u00e7\u00e3o e experi\u00eancia; as suas condi\u00e7\u00f5es f\u00edsicas fizeram com que ela precisasse de apoio durante a maior parte de sua vida e, agradecida, dedica-se a acompanhar e facilitar caminhos para os outros, principalmente aqueles que est\u00e3o vivendo a \u00faltima etapa de suas vidas<\/p>\n<p>Falou-nos, orientou-nos e ensinou-nos, inclusive \u00e0quelas de n\u00f3s que, durante anos, pens\u00e1vamos que sab\u00edamos tudo&#8230;. Foi um dia muito valioso. Sem dar conta, foi fortalecendo a nossa espiritualidade teresiana, desenvolveu tr\u00eas aspetos importantes que precisamos para acompanhar humana e espiritualmente, as nossas irm\u00e3s:<\/p>\n<ol>\n<li>O acompanhamento exige HUMILDADE. Aprender a n\u00e3o conseguir, mas continuar tentando; acostumar-nos a semear sem poder colher; a compreender e transmitir, mas nem sempre a solucionar; talvez a n\u00e3o poder alegrar-se, mas passar juntos pela dor&#8230; Ser canal da ternura e miseric\u00f3rdia de Deus, deixando-o agir atrav\u00e9s de n\u00f3s.<\/li>\n<\/ol>\n<ol start=\"2\">\n<li>Colocarmo-nos no lugar da outra exige sair antes de si mesma. A empatia requer DESAPEGO, olhar do seu ponto de vista para compreender, captar a partir de dentro o que est\u00e1 vivenciando. Escutar \u00e9 mais do que ouvir, requer vontade, focar a aten\u00e7\u00e3o na outra, acolher o que ela quer me dizer de forma verbal ou corporal. \u00c9 necess\u00e1rio esvaziar-se de si, das pr\u00f3prias ideias, preconceitos, pressas, para centrar-nos na outra. A escuta nasce do sil\u00eancio que acolhe.<\/li>\n<\/ol>\n<ol start=\"3\">\n<li>A velhice \u00e9 um processo de perdas cont\u00ednuas que deve ser vivenciada como um desafio e n\u00e3o como um problema. \u00c9 necess\u00e1rio p\u00f4r em a\u00e7\u00e3o o cora\u00e7\u00e3o, pois, se as dimens\u00f5es f\u00edsicas e intelectuais diminuem, as dimens\u00f5es emocionais, religiosas e espirituais crescem. E tem que se aprender a cuidar do interior. AMOR DE UMAS COM AS OUTRAS. Partilhamos a consagra\u00e7\u00e3o, descobrimos Jesus em cada uma das nossas irm\u00e3s. N\u00f3s nos encarregamos da sua situa\u00e7\u00e3o e, na medida do poss\u00edvel, damos-lhes a liberdade de pensamento e de a\u00e7\u00e3o, perguntamos-lhes para que possam exprimir-se, damos-lhes um pequeno trabalho e o valorizamos, lembramos-lhes todas as coisas boas que fizeram na vida&#8230;<\/li>\n<\/ol>\n<p>Muito realista, Vicky insistiu que, para viver a tarefa externa com pausa interna, precisamos conhecer os nossos limites e desconectar, porque nenhuma de n\u00f3s somos imprescind\u00edveis.<\/p>\n<p>Na manh\u00e3 do dia 6 mud\u00e1mos de assunto. A Ir. Isabel Robles falou-nos da necessidade que temos de conhecer e assumir a sustentabilidade e viabilidade das Resid\u00eancias da Prov\u00edncia, no \u00e2mbito do Plano de Viabilidade da Companhia. A Ir. Nina Bosch e Ignacio Acero, assessor econ\u00f3mico da Prov\u00edncia, desenvolveram o tema.<\/p>\n<p>O objetivo \u00e9 viabilizar a vida, a miss\u00e3o e o carisma, sem stresse, mas com responsabilidade. Partimos do relat\u00f3rio sobre a situa\u00e7\u00e3o das nossas comunidades, embora o ambiente esteja sempre a mudar, de forma a fazer uma proje\u00e7\u00e3o do futuro, a longo prazo, tendo em conta a demografia, que \u00e9 um facto determinante. N\u00e3o podemos investir no que n\u00e3o tem futuro.<\/p>\n<p>\u00c0 tarde tom\u00e1mos consci\u00eancia que est\u00e1vamos em \u00c1vila. Visit\u00e1mos o Museu de Santa Teresa, que os Carmelitas t\u00eam sob a Bas\u00edlica da Santa e que o Prior, Pe. David Jim\u00e9nez nos explicou maravilhosamente, e depois merend\u00e1mos na Lienzo Norte contemplando uma bela vista das muralhas e a neve que chegou tarde \u00e0 Serra de Gredos.<\/p>\n<p>Obrigada. Vale a pena, ter muitos Encontros como este.<\/p>\n<p><img loading=\"lazy\" decoding=\"async\" class=\"aligncenter size-full wp-image-8702\" src=\"https:\/\/encompaniastj.org\/wp-content\/uploads\/2025\/05\/collage.png\" alt=\"\" width=\"500\" height=\"500\" \/> <img loading=\"lazy\" decoding=\"async\" class=\"aligncenter size-full wp-image-8704\" src=\"https:\/\/encompaniastj.org\/wp-content\/uploads\/2025\/05\/collage2.png\" alt=\"\" width=\"500\" height=\"500\" \/> <img loading=\"lazy\" decoding=\"async\" class=\"aligncenter size-full wp-image-8706\" src=\"https:\/\/encompaniastj.org\/wp-content\/uploads\/2025\/05\/collage3.png\" alt=\"\" width=\"500\" height=\"500\" \/><\/p>\n","protected":false},"excerpt":{"rendered":"<p>5 e 6 de abril - \u00c1vila E finalmente pudemos encontrar-nos novamente, ap\u00f3s o par\u00eantese da pandemia! As Coordenadoras de Enfermagem e as irm\u00e3s que acompanhamos as irm\u00e3s mais velhas, [&hellip;]<\/p>\n","protected":false},"author":1,"featured_media":7897,"comment_status":"open","ping_status":"open","sticky":false,"template":"","format":"standard","meta":{"_acf_changed":false,"footnotes":""},"categories":[61,62,68],"tags":[],"class_list":["post-10958","post","type-post","status-publish","format-standard","has-post-thumbnail","hentry","category-noticias","category-otras","category-outras"],"acf":[],"yoast_head":"<!-- This site is optimized with the Yoast SEO plugin v27.5 - https:\/\/yoast.com\/product\/yoast-seo-wordpress\/ -->\n<title>JORNADA DE ENCONTRO E FORMA\u00c7\u00c3O COORDENADORAS E IRM\u00c3S DE RESID\u00caNCIA-ENFERMARIAS - En Compa\u00f1\u00eda STJ<\/title>\n<meta name=\"robots\" content=\"index, follow, max-snippet:-1, max-image-preview:large, max-video-preview:-1\" \/>\n<link rel=\"canonical\" href=\"https:\/\/encompaniastj.org\/pt-pt\/jornada-de-encontro-e-formacao-coordenadoras-e-irmas-de-residencia-enfermarias\/\" \/>\n<meta property=\"og:locale\" content=\"pt_PT\" \/>\n<meta property=\"og:type\" content=\"article\" \/>\n<meta property=\"og:title\" content=\"JORNADA DE ENCONTRO E FORMA\u00c7\u00c3O COORDENADORAS E IRM\u00c3S DE RESID\u00caNCIA-ENFERMARIAS - En Compa\u00f1\u00eda STJ\" \/>\n<meta property=\"og:description\" content=\"5 e 6 de abril - \u00c1vila E finalmente pudemos encontrar-nos novamente, ap\u00f3s o par\u00eantese da pandemia! As Coordenadoras de Enfermagem e as irm\u00e3s que acompanhamos as irm\u00e3s mais velhas, [&hellip;]\" \/>\n<meta property=\"og:url\" content=\"https:\/\/encompaniastj.org\/pt-pt\/jornada-de-encontro-e-formacao-coordenadoras-e-irmas-de-residencia-enfermarias\/\" \/>\n<meta property=\"og:site_name\" content=\"En Compa\u00f1\u00eda STJ\" \/>\n<meta property=\"article:published_time\" content=\"2022-04-28T05:00:16+00:00\" \/>\n<meta property=\"article:modified_time\" content=\"2025-07-07T14:23:10+00:00\" \/>\n<meta property=\"og:image\" content=\"https:\/\/encompaniastj.org\/wp-content\/uploads\/2025\/05\/20220406_135843.jpg\" \/>\n\t<meta property=\"og:image:width\" content=\"500\" \/>\n\t<meta property=\"og:image:height\" content=\"243\" \/>\n\t<meta property=\"og:image:type\" content=\"image\/jpeg\" \/>\n<meta name=\"author\" content=\"admin\" \/>\n<meta name=\"twitter:card\" content=\"summary_large_image\" \/>\n<meta name=\"twitter:label1\" content=\"Escrito por\" \/>\n\t<meta name=\"twitter:data1\" content=\"admin\" \/>\n\t<meta name=\"twitter:label2\" content=\"Tempo estimado de leitura\" \/>\n\t<meta name=\"twitter:data2\" content=\"4 minutos\" \/>\n<script type=\"application\/ld+json\" class=\"yoast-schema-graph\">{\"@context\":\"https:\\\/\\\/schema.org\",\"@graph\":[{\"@type\":\"Article\",\"@id\":\"https:\\\/\\\/encompaniastj.org\\\/pt-pt\\\/jornada-de-encontro-e-formacao-coordenadoras-e-irmas-de-residencia-enfermarias\\\/#article\",\"isPartOf\":{\"@id\":\"https:\\\/\\\/encompaniastj.org\\\/pt-pt\\\/jornada-de-encontro-e-formacao-coordenadoras-e-irmas-de-residencia-enfermarias\\\/\"},\"author\":{\"name\":\"admin\",\"@id\":\"https:\\\/\\\/encompaniastj.org\\\/pt-pt\\\/#\\\/schema\\\/person\\\/520e7ecc314793d40091993c2a02b651\"},\"headline\":\"JORNADA DE ENCONTRO E FORMA\u00c7\u00c3O COORDENADORAS E IRM\u00c3S DE RESID\u00caNCIA-ENFERMARIAS\",\"datePublished\":\"2022-04-28T05:00:16+00:00\",\"dateModified\":\"2025-07-07T14:23:10+00:00\",\"mainEntityOfPage\":{\"@id\":\"https:\\\/\\\/encompaniastj.org\\\/pt-pt\\\/jornada-de-encontro-e-formacao-coordenadoras-e-irmas-de-residencia-enfermarias\\\/\"},\"wordCount\":670,\"commentCount\":0,\"publisher\":{\"@id\":\"https:\\\/\\\/encompaniastj.org\\\/pt-pt\\\/#organization\"},\"image\":{\"@id\":\"https:\\\/\\\/encompaniastj.org\\\/pt-pt\\\/jornada-de-encontro-e-formacao-coordenadoras-e-irmas-de-residencia-enfermarias\\\/#primaryimage\"},\"thumbnailUrl\":\"https:\\\/\\\/encompaniastj.org\\\/wp-content\\\/uploads\\\/2025\\\/05\\\/20220406_135843.jpg\",\"articleSection\":[\"Noticias\",\"Otras\",\"Outras\"],\"inLanguage\":\"pt-PT\",\"potentialAction\":[{\"@type\":\"CommentAction\",\"name\":\"Comment\",\"target\":[\"https:\\\/\\\/encompaniastj.org\\\/pt-pt\\\/jornada-de-encontro-e-formacao-coordenadoras-e-irmas-de-residencia-enfermarias\\\/#respond\"]}]},{\"@type\":\"WebPage\",\"@id\":\"https:\\\/\\\/encompaniastj.org\\\/pt-pt\\\/jornada-de-encontro-e-formacao-coordenadoras-e-irmas-de-residencia-enfermarias\\\/\",\"url\":\"https:\\\/\\\/encompaniastj.org\\\/pt-pt\\\/jornada-de-encontro-e-formacao-coordenadoras-e-irmas-de-residencia-enfermarias\\\/\",\"name\":\"JORNADA DE ENCONTRO E FORMA\u00c7\u00c3O COORDENADORAS E IRM\u00c3S DE RESID\u00caNCIA-ENFERMARIAS - En Compa\u00f1\u00eda STJ\",\"isPartOf\":{\"@id\":\"https:\\\/\\\/encompaniastj.org\\\/pt-pt\\\/#website\"},\"primaryImageOfPage\":{\"@id\":\"https:\\\/\\\/encompaniastj.org\\\/pt-pt\\\/jornada-de-encontro-e-formacao-coordenadoras-e-irmas-de-residencia-enfermarias\\\/#primaryimage\"},\"image\":{\"@id\":\"https:\\\/\\\/encompaniastj.org\\\/pt-pt\\\/jornada-de-encontro-e-formacao-coordenadoras-e-irmas-de-residencia-enfermarias\\\/#primaryimage\"},\"thumbnailUrl\":\"https:\\\/\\\/encompaniastj.org\\\/wp-content\\\/uploads\\\/2025\\\/05\\\/20220406_135843.jpg\",\"datePublished\":\"2022-04-28T05:00:16+00:00\",\"dateModified\":\"2025-07-07T14:23:10+00:00\",\"breadcrumb\":{\"@id\":\"https:\\\/\\\/encompaniastj.org\\\/pt-pt\\\/jornada-de-encontro-e-formacao-coordenadoras-e-irmas-de-residencia-enfermarias\\\/#breadcrumb\"},\"inLanguage\":\"pt-PT\",\"potentialAction\":[{\"@type\":\"ReadAction\",\"target\":[\"https:\\\/\\\/encompaniastj.org\\\/pt-pt\\\/jornada-de-encontro-e-formacao-coordenadoras-e-irmas-de-residencia-enfermarias\\\/\"]}]},{\"@type\":\"ImageObject\",\"inLanguage\":\"pt-PT\",\"@id\":\"https:\\\/\\\/encompaniastj.org\\\/pt-pt\\\/jornada-de-encontro-e-formacao-coordenadoras-e-irmas-de-residencia-enfermarias\\\/#primaryimage\",\"url\":\"https:\\\/\\\/encompaniastj.org\\\/wp-content\\\/uploads\\\/2025\\\/05\\\/20220406_135843.jpg\",\"contentUrl\":\"https:\\\/\\\/encompaniastj.org\\\/wp-content\\\/uploads\\\/2025\\\/05\\\/20220406_135843.jpg\",\"width\":500,\"height\":243},{\"@type\":\"BreadcrumbList\",\"@id\":\"https:\\\/\\\/encompaniastj.org\\\/pt-pt\\\/jornada-de-encontro-e-formacao-coordenadoras-e-irmas-de-residencia-enfermarias\\\/#breadcrumb\",\"itemListElement\":[{\"@type\":\"ListItem\",\"position\":1,\"name\":\"Portada\",\"item\":\"https:\\\/\\\/encompaniastj.org\\\/pt-pt\\\/\"},{\"@type\":\"ListItem\",\"position\":2,\"name\":\"JORNADA DE ENCONTRO E FORMA\u00c7\u00c3O COORDENADORAS E IRM\u00c3S DE RESID\u00caNCIA-ENFERMARIAS\"}]},{\"@type\":\"WebSite\",\"@id\":\"https:\\\/\\\/encompaniastj.org\\\/pt-pt\\\/#website\",\"url\":\"https:\\\/\\\/encompaniastj.org\\\/pt-pt\\\/\",\"name\":\"En Compa\u00f1\u00eda STJ\",\"description\":\"Bolet\u00edn de la Compa\u00f1\u00eda de Santa Teresa de Jes\u00fas\",\"publisher\":{\"@id\":\"https:\\\/\\\/encompaniastj.org\\\/pt-pt\\\/#organization\"},\"potentialAction\":[{\"@type\":\"SearchAction\",\"target\":{\"@type\":\"EntryPoint\",\"urlTemplate\":\"https:\\\/\\\/encompaniastj.org\\\/pt-pt\\\/?s={search_term_string}\"},\"query-input\":{\"@type\":\"PropertyValueSpecification\",\"valueRequired\":true,\"valueName\":\"search_term_string\"}}],\"inLanguage\":\"pt-PT\"},{\"@type\":\"Organization\",\"@id\":\"https:\\\/\\\/encompaniastj.org\\\/pt-pt\\\/#organization\",\"name\":\"Compa\u00f1\u00eda de Santa Teresa de Jes\u00fas\",\"url\":\"https:\\\/\\\/encompaniastj.org\\\/pt-pt\\\/\",\"logo\":{\"@type\":\"ImageObject\",\"inLanguage\":\"pt-PT\",\"@id\":\"https:\\\/\\\/encompaniastj.org\\\/pt-pt\\\/#\\\/schema\\\/logo\\\/image\\\/\",\"url\":\"https:\\\/\\\/encompaniastj.org\\\/wp-content\\\/uploads\\\/2025\\\/04\\\/logo_provincias02-1-3.png\",\"contentUrl\":\"https:\\\/\\\/encompaniastj.org\\\/wp-content\\\/uploads\\\/2025\\\/04\\\/logo_provincias02-1-3.png\",\"width\":2368,\"height\":825,\"caption\":\"Compa\u00f1\u00eda de Santa Teresa de Jes\u00fas\"},\"image\":{\"@id\":\"https:\\\/\\\/encompaniastj.org\\\/pt-pt\\\/#\\\/schema\\\/logo\\\/image\\\/\"}},{\"@type\":\"Person\",\"@id\":\"https:\\\/\\\/encompaniastj.org\\\/pt-pt\\\/#\\\/schema\\\/person\\\/520e7ecc314793d40091993c2a02b651\",\"name\":\"admin\",\"image\":{\"@type\":\"ImageObject\",\"inLanguage\":\"pt-PT\",\"@id\":\"https:\\\/\\\/secure.gravatar.com\\\/avatar\\\/948b492cce32b586ac2db0eaa926ee87024f7afe218d73b397ea5ddfc5f43ea1?s=96&d=mm&r=g\",\"url\":\"https:\\\/\\\/secure.gravatar.com\\\/avatar\\\/948b492cce32b586ac2db0eaa926ee87024f7afe218d73b397ea5ddfc5f43ea1?s=96&d=mm&r=g\",\"contentUrl\":\"https:\\\/\\\/secure.gravatar.com\\\/avatar\\\/948b492cce32b586ac2db0eaa926ee87024f7afe218d73b397ea5ddfc5f43ea1?s=96&d=mm&r=g\",\"caption\":\"admin\"},\"sameAs\":[\"https:\\\/\\\/encompaniastj.org\"],\"url\":\"https:\\\/\\\/encompaniastj.org\\\/pt-pt\\\/author\\\/sjdigital\\\/\"}]}<\/script>\n<!-- \/ Yoast SEO plugin. -->","yoast_head_json":{"title":"JORNADA DE ENCONTRO E FORMA\u00c7\u00c3O COORDENADORAS E IRM\u00c3S DE RESID\u00caNCIA-ENFERMARIAS - En Compa\u00f1\u00eda STJ","robots":{"index":"index","follow":"follow","max-snippet":"max-snippet:-1","max-image-preview":"max-image-preview:large","max-video-preview":"max-video-preview:-1"},"canonical":"https:\/\/encompaniastj.org\/pt-pt\/jornada-de-encontro-e-formacao-coordenadoras-e-irmas-de-residencia-enfermarias\/","og_locale":"pt_PT","og_type":"article","og_title":"JORNADA DE ENCONTRO E FORMA\u00c7\u00c3O COORDENADORAS E IRM\u00c3S DE RESID\u00caNCIA-ENFERMARIAS - En Compa\u00f1\u00eda STJ","og_description":"5 e 6 de abril - \u00c1vila E finalmente pudemos encontrar-nos novamente, ap\u00f3s o par\u00eantese da pandemia! As Coordenadoras de Enfermagem e as irm\u00e3s que acompanhamos as irm\u00e3s mais velhas, [&hellip;]","og_url":"https:\/\/encompaniastj.org\/pt-pt\/jornada-de-encontro-e-formacao-coordenadoras-e-irmas-de-residencia-enfermarias\/","og_site_name":"En Compa\u00f1\u00eda STJ","article_published_time":"2022-04-28T05:00:16+00:00","article_modified_time":"2025-07-07T14:23:10+00:00","og_image":[{"width":500,"height":243,"url":"https:\/\/encompaniastj.org\/wp-content\/uploads\/2025\/05\/20220406_135843.jpg","type":"image\/jpeg"}],"author":"admin","twitter_card":"summary_large_image","twitter_misc":{"Escrito por":"admin","Tempo estimado de leitura":"4 minutos"},"schema":{"@context":"https:\/\/schema.org","@graph":[{"@type":"Article","@id":"https:\/\/encompaniastj.org\/pt-pt\/jornada-de-encontro-e-formacao-coordenadoras-e-irmas-de-residencia-enfermarias\/#article","isPartOf":{"@id":"https:\/\/encompaniastj.org\/pt-pt\/jornada-de-encontro-e-formacao-coordenadoras-e-irmas-de-residencia-enfermarias\/"},"author":{"name":"admin","@id":"https:\/\/encompaniastj.org\/pt-pt\/#\/schema\/person\/520e7ecc314793d40091993c2a02b651"},"headline":"JORNADA DE ENCONTRO E FORMA\u00c7\u00c3O COORDENADORAS E IRM\u00c3S DE RESID\u00caNCIA-ENFERMARIAS","datePublished":"2022-04-28T05:00:16+00:00","dateModified":"2025-07-07T14:23:10+00:00","mainEntityOfPage":{"@id":"https:\/\/encompaniastj.org\/pt-pt\/jornada-de-encontro-e-formacao-coordenadoras-e-irmas-de-residencia-enfermarias\/"},"wordCount":670,"commentCount":0,"publisher":{"@id":"https:\/\/encompaniastj.org\/pt-pt\/#organization"},"image":{"@id":"https:\/\/encompaniastj.org\/pt-pt\/jornada-de-encontro-e-formacao-coordenadoras-e-irmas-de-residencia-enfermarias\/#primaryimage"},"thumbnailUrl":"https:\/\/encompaniastj.org\/wp-content\/uploads\/2025\/05\/20220406_135843.jpg","articleSection":["Noticias","Otras","Outras"],"inLanguage":"pt-PT","potentialAction":[{"@type":"CommentAction","name":"Comment","target":["https:\/\/encompaniastj.org\/pt-pt\/jornada-de-encontro-e-formacao-coordenadoras-e-irmas-de-residencia-enfermarias\/#respond"]}]},{"@type":"WebPage","@id":"https:\/\/encompaniastj.org\/pt-pt\/jornada-de-encontro-e-formacao-coordenadoras-e-irmas-de-residencia-enfermarias\/","url":"https:\/\/encompaniastj.org\/pt-pt\/jornada-de-encontro-e-formacao-coordenadoras-e-irmas-de-residencia-enfermarias\/","name":"JORNADA DE ENCONTRO E FORMA\u00c7\u00c3O COORDENADORAS E IRM\u00c3S DE RESID\u00caNCIA-ENFERMARIAS - En Compa\u00f1\u00eda STJ","isPartOf":{"@id":"https:\/\/encompaniastj.org\/pt-pt\/#website"},"primaryImageOfPage":{"@id":"https:\/\/encompaniastj.org\/pt-pt\/jornada-de-encontro-e-formacao-coordenadoras-e-irmas-de-residencia-enfermarias\/#primaryimage"},"image":{"@id":"https:\/\/encompaniastj.org\/pt-pt\/jornada-de-encontro-e-formacao-coordenadoras-e-irmas-de-residencia-enfermarias\/#primaryimage"},"thumbnailUrl":"https:\/\/encompaniastj.org\/wp-content\/uploads\/2025\/05\/20220406_135843.jpg","datePublished":"2022-04-28T05:00:16+00:00","dateModified":"2025-07-07T14:23:10+00:00","breadcrumb":{"@id":"https:\/\/encompaniastj.org\/pt-pt\/jornada-de-encontro-e-formacao-coordenadoras-e-irmas-de-residencia-enfermarias\/#breadcrumb"},"inLanguage":"pt-PT","potentialAction":[{"@type":"ReadAction","target":["https:\/\/encompaniastj.org\/pt-pt\/jornada-de-encontro-e-formacao-coordenadoras-e-irmas-de-residencia-enfermarias\/"]}]},{"@type":"ImageObject","inLanguage":"pt-PT","@id":"https:\/\/encompaniastj.org\/pt-pt\/jornada-de-encontro-e-formacao-coordenadoras-e-irmas-de-residencia-enfermarias\/#primaryimage","url":"https:\/\/encompaniastj.org\/wp-content\/uploads\/2025\/05\/20220406_135843.jpg","contentUrl":"https:\/\/encompaniastj.org\/wp-content\/uploads\/2025\/05\/20220406_135843.jpg","width":500,"height":243},{"@type":"BreadcrumbList","@id":"https:\/\/encompaniastj.org\/pt-pt\/jornada-de-encontro-e-formacao-coordenadoras-e-irmas-de-residencia-enfermarias\/#breadcrumb","itemListElement":[{"@type":"ListItem","position":1,"name":"Portada","item":"https:\/\/encompaniastj.org\/pt-pt\/"},{"@type":"ListItem","position":2,"name":"JORNADA DE ENCONTRO E FORMA\u00c7\u00c3O COORDENADORAS E IRM\u00c3S DE RESID\u00caNCIA-ENFERMARIAS"}]},{"@type":"WebSite","@id":"https:\/\/encompaniastj.org\/pt-pt\/#website","url":"https:\/\/encompaniastj.org\/pt-pt\/","name":"En Compa\u00f1\u00eda STJ","description":"Bolet\u00edn de la Compa\u00f1\u00eda de Santa Teresa de Jes\u00fas","publisher":{"@id":"https:\/\/encompaniastj.org\/pt-pt\/#organization"},"potentialAction":[{"@type":"SearchAction","target":{"@type":"EntryPoint","urlTemplate":"https:\/\/encompaniastj.org\/pt-pt\/?s={search_term_string}"},"query-input":{"@type":"PropertyValueSpecification","valueRequired":true,"valueName":"search_term_string"}}],"inLanguage":"pt-PT"},{"@type":"Organization","@id":"https:\/\/encompaniastj.org\/pt-pt\/#organization","name":"Compa\u00f1\u00eda de Santa Teresa de Jes\u00fas","url":"https:\/\/encompaniastj.org\/pt-pt\/","logo":{"@type":"ImageObject","inLanguage":"pt-PT","@id":"https:\/\/encompaniastj.org\/pt-pt\/#\/schema\/logo\/image\/","url":"https:\/\/encompaniastj.org\/wp-content\/uploads\/2025\/04\/logo_provincias02-1-3.png","contentUrl":"https:\/\/encompaniastj.org\/wp-content\/uploads\/2025\/04\/logo_provincias02-1-3.png","width":2368,"height":825,"caption":"Compa\u00f1\u00eda de Santa Teresa de Jes\u00fas"},"image":{"@id":"https:\/\/encompaniastj.org\/pt-pt\/#\/schema\/logo\/image\/"}},{"@type":"Person","@id":"https:\/\/encompaniastj.org\/pt-pt\/#\/schema\/person\/520e7ecc314793d40091993c2a02b651","name":"admin","image":{"@type":"ImageObject","inLanguage":"pt-PT","@id":"https:\/\/secure.gravatar.com\/avatar\/948b492cce32b586ac2db0eaa926ee87024f7afe218d73b397ea5ddfc5f43ea1?s=96&d=mm&r=g","url":"https:\/\/secure.gravatar.com\/avatar\/948b492cce32b586ac2db0eaa926ee87024f7afe218d73b397ea5ddfc5f43ea1?s=96&d=mm&r=g","contentUrl":"https:\/\/secure.gravatar.com\/avatar\/948b492cce32b586ac2db0eaa926ee87024f7afe218d73b397ea5ddfc5f43ea1?s=96&d=mm&r=g","caption":"admin"},"sameAs":["https:\/\/encompaniastj.org"],"url":"https:\/\/encompaniastj.org\/pt-pt\/author\/sjdigital\/"}]}},"_links":{"self":[{"href":"https:\/\/encompaniastj.org\/pt-pt\/wp-json\/wp\/v2\/posts\/10958","targetHints":{"allow":["GET"]}}],"collection":[{"href":"https:\/\/encompaniastj.org\/pt-pt\/wp-json\/wp\/v2\/posts"}],"about":[{"href":"https:\/\/encompaniastj.org\/pt-pt\/wp-json\/wp\/v2\/types\/post"}],"author":[{"embeddable":true,"href":"https:\/\/encompaniastj.org\/pt-pt\/wp-json\/wp\/v2\/users\/1"}],"replies":[{"embeddable":true,"href":"https:\/\/encompaniastj.org\/pt-pt\/wp-json\/wp\/v2\/comments?post=10958"}],"version-history":[{"count":1,"href":"https:\/\/encompaniastj.org\/pt-pt\/wp-json\/wp\/v2\/posts\/10958\/revisions"}],"predecessor-version":[{"id":10959,"href":"https:\/\/encompaniastj.org\/pt-pt\/wp-json\/wp\/v2\/posts\/10958\/revisions\/10959"}],"wp:featuredmedia":[{"embeddable":true,"href":"https:\/\/encompaniastj.org\/pt-pt\/wp-json\/wp\/v2\/media\/7897"}],"wp:attachment":[{"href":"https:\/\/encompaniastj.org\/pt-pt\/wp-json\/wp\/v2\/media?parent=10958"}],"wp:term":[{"taxonomy":"category","embeddable":true,"href":"https:\/\/encompaniastj.org\/pt-pt\/wp-json\/wp\/v2\/categories?post=10958"},{"taxonomy":"post_tag","embeddable":true,"href":"https:\/\/encompaniastj.org\/pt-pt\/wp-json\/wp\/v2\/tags?post=10958"}],"curies":[{"name":"wp","href":"https:\/\/api.w.org\/{rel}","templated":true}]}}