{"id":10954,"date":"2022-04-28T06:37:07","date_gmt":"2022-04-28T04:37:07","guid":{"rendered":"https:\/\/encompaniastj.org\/a-comunidade-de-carabanchel-alto-passam-uns-dias-com-as-irmas-de-oviedo-re\/"},"modified":"2025-07-07T16:23:10","modified_gmt":"2025-07-07T14:23:10","slug":"a-comunidade-de-carabanchel-alto-passam-uns-dias-com-as-irmas-de-oviedo-re","status":"publish","type":"post","link":"https:\/\/encompaniastj.org\/pt-pt\/a-comunidade-de-carabanchel-alto-passam-uns-dias-com-as-irmas-de-oviedo-re\/","title":{"rendered":"A COMUNIDADE DE CARABANCHEL ALTO PASSAM UNS DIAS COM AS IRM\u00c3S DE OVIEDO RE"},"content":{"rendered":"<p>A comunidade de Carabanchel Alto, de 10 a 13 de abril, estivemos em Oviedo com as nossas irm\u00e3s da Resid\u00eancia-Enfermaria. Este passeio foi fruto do desejo expresso no projeto comunit\u00e1rio de nos aproximarmos de uma resid\u00eancia para irm\u00e3s. Escolhemos a comunidade de Oviedo RE, porque sentimos que era a mais afastada de outras presen\u00e7as teresianas e porque tamb\u00e9m nos ajudaria a descansar.<\/p>\n<p><strong>No dia 10, Domingo de Ramos, partimos<\/strong> para Oviedo. Comemos pelo caminho e cheg\u00e1mos a meio da tarde, onde as irm\u00e3s nos receberam com alegria, muito felizes com a nossa presen\u00e7a. Os dois dias seguintes tamb\u00e9m foram dois lindos dias para nos deleitarmos com a natureza e contemplar o mar.<\/p>\n<p><strong>No dia 11<\/strong>, visit\u00e1mos o Cabo de Pe\u00f1as e Cudillero, paisagens que expandem o olhar e dilatam o cora\u00e7\u00e3o. Regress\u00e1mos para almo\u00e7ar com as irm\u00e3s e \u00e0 tarde fomos a Gij\u00f3n, onde celebr\u00e1mos a Eucaristia na par\u00f3quia de San Pedro Ap\u00f3stolo Maior, numa das extremidades da praia de S. Louren\u00e7o e ao p\u00e9 do bairro Cimadevilla. Tem mosaicos de Rupnik, nos cinco corpos do ambulat\u00f3rio, na nave posterior que circunda o altar-mor e forma a abside do recinto, \u00e9 uma capela dedicada \u00e0 Teologia da Eucaristia, ao Esp\u00edrito Santo e \u00e0 Igreja. E no dia 12, depois do caf\u00e9 da manh\u00e3, visit\u00e1mos Llanes e Ribadesella, onde comemos, e voltamos no meio da tarde para partilhar a Eucaristia com as irm\u00e3s.<\/p>\n<p>\u00c0 noite, depois do jantar, nos momentos de conv\u00edvio, as irm\u00e3s ficavam contentes que tiv\u00e9ssemos gostado; eram momentos de partilhar o que t\u00ednhamos visto e t\u00ednhamos visitado, contando anedotas e, como \u00e9 natural, lembrando lugares e irm\u00e3s conhecidos.<\/p>\n<p>Agradecemos o carinho com que nos receberam e tratavam\u00a0 de nos acolher, sentimos que est\u00e1vamos em casa com irm\u00e3s que queriam fazer todo o poss\u00edvel para que pud\u00e9ssemos descansar e ficar contentes com a sua terra. N\u00e3o h\u00e1 pre\u00e7o para pagar pela proximidade, a fraternidade e o tempo gasto. Obrigada a todas e a cada uma.<\/p>\n<p><img loading=\"lazy\" decoding=\"async\" class=\"aligncenter size-full wp-image-8686\" src=\"https:\/\/encompaniastj.org\/wp-content\/uploads\/2025\/05\/collage-2.png\" alt=\"\" width=\"500\" height=\"500\" \/> <img loading=\"lazy\" decoding=\"async\" class=\"aligncenter size-full wp-image-8688\" src=\"https:\/\/encompaniastj.org\/wp-content\/uploads\/2025\/05\/collage1-1.png\" alt=\"\" width=\"500\" height=\"500\" \/><\/p>\n","protected":false},"excerpt":{"rendered":"<p>A comunidade de Carabanchel Alto, de 10 a 13 de abril, estivemos em Oviedo com as nossas irm\u00e3s da Resid\u00eancia-Enfermaria. Este passeio foi fruto do desejo expresso no projeto comunit\u00e1rio [&hellip;]<\/p>\n","protected":false},"author":1,"featured_media":7892,"comment_status":"open","ping_status":"open","sticky":false,"template":"","format":"standard","meta":{"_acf_changed":false,"footnotes":""},"categories":[61,62,68],"tags":[],"class_list":["post-10954","post","type-post","status-publish","format-standard","has-post-thumbnail","hentry","category-noticias","category-otras","category-outras"],"acf":[],"yoast_head":"<!-- This site is optimized with the Yoast SEO plugin v27.5 - https:\/\/yoast.com\/product\/yoast-seo-wordpress\/ -->\n<title>A COMUNIDADE DE CARABANCHEL ALTO PASSAM UNS DIAS COM AS IRM\u00c3S DE OVIEDO RE - En Compa\u00f1\u00eda STJ<\/title>\n<meta name=\"robots\" content=\"index, follow, max-snippet:-1, max-image-preview:large, max-video-preview:-1\" \/>\n<link rel=\"canonical\" href=\"https:\/\/encompaniastj.org\/pt-pt\/a-comunidade-de-carabanchel-alto-passam-uns-dias-com-as-irmas-de-oviedo-re\/\" \/>\n<meta property=\"og:locale\" content=\"pt_PT\" \/>\n<meta property=\"og:type\" content=\"article\" \/>\n<meta property=\"og:title\" content=\"A COMUNIDADE DE CARABANCHEL ALTO PASSAM UNS DIAS COM AS IRM\u00c3S DE OVIEDO RE - En Compa\u00f1\u00eda STJ\" \/>\n<meta property=\"og:description\" content=\"A comunidade de Carabanchel Alto, de 10 a 13 de abril, estivemos em Oviedo com as nossas irm\u00e3s da Resid\u00eancia-Enfermaria. Este passeio foi fruto do desejo expresso no projeto comunit\u00e1rio [&hellip;]\" \/>\n<meta property=\"og:url\" content=\"https:\/\/encompaniastj.org\/pt-pt\/a-comunidade-de-carabanchel-alto-passam-uns-dias-com-as-irmas-de-oviedo-re\/\" \/>\n<meta property=\"og:site_name\" content=\"En Compa\u00f1\u00eda STJ\" \/>\n<meta property=\"article:published_time\" content=\"2022-04-28T04:37:07+00:00\" \/>\n<meta property=\"article:modified_time\" content=\"2025-07-07T14:23:10+00:00\" \/>\n<meta property=\"og:image\" content=\"https:\/\/encompaniastj.org\/wp-content\/uploads\/2025\/05\/IMG-20220411-WA0010-1.jpg\" \/>\n\t<meta property=\"og:image:width\" content=\"500\" \/>\n\t<meta property=\"og:image:height\" content=\"375\" \/>\n\t<meta property=\"og:image:type\" content=\"image\/jpeg\" \/>\n<meta name=\"author\" content=\"admin\" \/>\n<meta name=\"twitter:card\" content=\"summary_large_image\" \/>\n<meta name=\"twitter:label1\" content=\"Escrito por\" \/>\n\t<meta name=\"twitter:data1\" content=\"admin\" \/>\n\t<meta name=\"twitter:label2\" content=\"Tempo estimado de leitura\" \/>\n\t<meta name=\"twitter:data2\" content=\"2 minutos\" \/>\n<script type=\"application\/ld+json\" class=\"yoast-schema-graph\">{\"@context\":\"https:\\\/\\\/schema.org\",\"@graph\":[{\"@type\":\"Article\",\"@id\":\"https:\\\/\\\/encompaniastj.org\\\/pt-pt\\\/a-comunidade-de-carabanchel-alto-passam-uns-dias-com-as-irmas-de-oviedo-re\\\/#article\",\"isPartOf\":{\"@id\":\"https:\\\/\\\/encompaniastj.org\\\/pt-pt\\\/a-comunidade-de-carabanchel-alto-passam-uns-dias-com-as-irmas-de-oviedo-re\\\/\"},\"author\":{\"name\":\"admin\",\"@id\":\"https:\\\/\\\/encompaniastj.org\\\/pt-pt\\\/#\\\/schema\\\/person\\\/520e7ecc314793d40091993c2a02b651\"},\"headline\":\"A COMUNIDADE DE CARABANCHEL ALTO PASSAM UNS DIAS COM AS IRM\u00c3S DE OVIEDO RE\",\"datePublished\":\"2022-04-28T04:37:07+00:00\",\"dateModified\":\"2025-07-07T14:23:10+00:00\",\"mainEntityOfPage\":{\"@id\":\"https:\\\/\\\/encompaniastj.org\\\/pt-pt\\\/a-comunidade-de-carabanchel-alto-passam-uns-dias-com-as-irmas-de-oviedo-re\\\/\"},\"wordCount\":368,\"commentCount\":0,\"publisher\":{\"@id\":\"https:\\\/\\\/encompaniastj.org\\\/pt-pt\\\/#organization\"},\"image\":{\"@id\":\"https:\\\/\\\/encompaniastj.org\\\/pt-pt\\\/a-comunidade-de-carabanchel-alto-passam-uns-dias-com-as-irmas-de-oviedo-re\\\/#primaryimage\"},\"thumbnailUrl\":\"https:\\\/\\\/encompaniastj.org\\\/wp-content\\\/uploads\\\/2025\\\/05\\\/IMG-20220411-WA0010-1.jpg\",\"articleSection\":[\"Noticias\",\"Otras\",\"Outras\"],\"inLanguage\":\"pt-PT\",\"potentialAction\":[{\"@type\":\"CommentAction\",\"name\":\"Comment\",\"target\":[\"https:\\\/\\\/encompaniastj.org\\\/pt-pt\\\/a-comunidade-de-carabanchel-alto-passam-uns-dias-com-as-irmas-de-oviedo-re\\\/#respond\"]}]},{\"@type\":\"WebPage\",\"@id\":\"https:\\\/\\\/encompaniastj.org\\\/pt-pt\\\/a-comunidade-de-carabanchel-alto-passam-uns-dias-com-as-irmas-de-oviedo-re\\\/\",\"url\":\"https:\\\/\\\/encompaniastj.org\\\/pt-pt\\\/a-comunidade-de-carabanchel-alto-passam-uns-dias-com-as-irmas-de-oviedo-re\\\/\",\"name\":\"A COMUNIDADE DE CARABANCHEL ALTO PASSAM UNS DIAS COM AS IRM\u00c3S DE OVIEDO RE - En Compa\u00f1\u00eda STJ\",\"isPartOf\":{\"@id\":\"https:\\\/\\\/encompaniastj.org\\\/pt-pt\\\/#website\"},\"primaryImageOfPage\":{\"@id\":\"https:\\\/\\\/encompaniastj.org\\\/pt-pt\\\/a-comunidade-de-carabanchel-alto-passam-uns-dias-com-as-irmas-de-oviedo-re\\\/#primaryimage\"},\"image\":{\"@id\":\"https:\\\/\\\/encompaniastj.org\\\/pt-pt\\\/a-comunidade-de-carabanchel-alto-passam-uns-dias-com-as-irmas-de-oviedo-re\\\/#primaryimage\"},\"thumbnailUrl\":\"https:\\\/\\\/encompaniastj.org\\\/wp-content\\\/uploads\\\/2025\\\/05\\\/IMG-20220411-WA0010-1.jpg\",\"datePublished\":\"2022-04-28T04:37:07+00:00\",\"dateModified\":\"2025-07-07T14:23:10+00:00\",\"breadcrumb\":{\"@id\":\"https:\\\/\\\/encompaniastj.org\\\/pt-pt\\\/a-comunidade-de-carabanchel-alto-passam-uns-dias-com-as-irmas-de-oviedo-re\\\/#breadcrumb\"},\"inLanguage\":\"pt-PT\",\"potentialAction\":[{\"@type\":\"ReadAction\",\"target\":[\"https:\\\/\\\/encompaniastj.org\\\/pt-pt\\\/a-comunidade-de-carabanchel-alto-passam-uns-dias-com-as-irmas-de-oviedo-re\\\/\"]}]},{\"@type\":\"ImageObject\",\"inLanguage\":\"pt-PT\",\"@id\":\"https:\\\/\\\/encompaniastj.org\\\/pt-pt\\\/a-comunidade-de-carabanchel-alto-passam-uns-dias-com-as-irmas-de-oviedo-re\\\/#primaryimage\",\"url\":\"https:\\\/\\\/encompaniastj.org\\\/wp-content\\\/uploads\\\/2025\\\/05\\\/IMG-20220411-WA0010-1.jpg\",\"contentUrl\":\"https:\\\/\\\/encompaniastj.org\\\/wp-content\\\/uploads\\\/2025\\\/05\\\/IMG-20220411-WA0010-1.jpg\",\"width\":500,\"height\":375},{\"@type\":\"BreadcrumbList\",\"@id\":\"https:\\\/\\\/encompaniastj.org\\\/pt-pt\\\/a-comunidade-de-carabanchel-alto-passam-uns-dias-com-as-irmas-de-oviedo-re\\\/#breadcrumb\",\"itemListElement\":[{\"@type\":\"ListItem\",\"position\":1,\"name\":\"Portada\",\"item\":\"https:\\\/\\\/encompaniastj.org\\\/pt-pt\\\/\"},{\"@type\":\"ListItem\",\"position\":2,\"name\":\"A COMUNIDADE DE CARABANCHEL ALTO PASSAM UNS DIAS COM AS IRM\u00c3S DE OVIEDO RE\"}]},{\"@type\":\"WebSite\",\"@id\":\"https:\\\/\\\/encompaniastj.org\\\/pt-pt\\\/#website\",\"url\":\"https:\\\/\\\/encompaniastj.org\\\/pt-pt\\\/\",\"name\":\"En Compa\u00f1\u00eda STJ\",\"description\":\"Bolet\u00edn de la Compa\u00f1\u00eda de Santa Teresa de Jes\u00fas\",\"publisher\":{\"@id\":\"https:\\\/\\\/encompaniastj.org\\\/pt-pt\\\/#organization\"},\"potentialAction\":[{\"@type\":\"SearchAction\",\"target\":{\"@type\":\"EntryPoint\",\"urlTemplate\":\"https:\\\/\\\/encompaniastj.org\\\/pt-pt\\\/?s={search_term_string}\"},\"query-input\":{\"@type\":\"PropertyValueSpecification\",\"valueRequired\":true,\"valueName\":\"search_term_string\"}}],\"inLanguage\":\"pt-PT\"},{\"@type\":\"Organization\",\"@id\":\"https:\\\/\\\/encompaniastj.org\\\/pt-pt\\\/#organization\",\"name\":\"Compa\u00f1\u00eda de Santa Teresa de Jes\u00fas\",\"url\":\"https:\\\/\\\/encompaniastj.org\\\/pt-pt\\\/\",\"logo\":{\"@type\":\"ImageObject\",\"inLanguage\":\"pt-PT\",\"@id\":\"https:\\\/\\\/encompaniastj.org\\\/pt-pt\\\/#\\\/schema\\\/logo\\\/image\\\/\",\"url\":\"https:\\\/\\\/encompaniastj.org\\\/wp-content\\\/uploads\\\/2025\\\/04\\\/logo_provincias02-1-3.png\",\"contentUrl\":\"https:\\\/\\\/encompaniastj.org\\\/wp-content\\\/uploads\\\/2025\\\/04\\\/logo_provincias02-1-3.png\",\"width\":2368,\"height\":825,\"caption\":\"Compa\u00f1\u00eda de Santa Teresa de Jes\u00fas\"},\"image\":{\"@id\":\"https:\\\/\\\/encompaniastj.org\\\/pt-pt\\\/#\\\/schema\\\/logo\\\/image\\\/\"}},{\"@type\":\"Person\",\"@id\":\"https:\\\/\\\/encompaniastj.org\\\/pt-pt\\\/#\\\/schema\\\/person\\\/520e7ecc314793d40091993c2a02b651\",\"name\":\"admin\",\"image\":{\"@type\":\"ImageObject\",\"inLanguage\":\"pt-PT\",\"@id\":\"https:\\\/\\\/secure.gravatar.com\\\/avatar\\\/948b492cce32b586ac2db0eaa926ee87024f7afe218d73b397ea5ddfc5f43ea1?s=96&d=mm&r=g\",\"url\":\"https:\\\/\\\/secure.gravatar.com\\\/avatar\\\/948b492cce32b586ac2db0eaa926ee87024f7afe218d73b397ea5ddfc5f43ea1?s=96&d=mm&r=g\",\"contentUrl\":\"https:\\\/\\\/secure.gravatar.com\\\/avatar\\\/948b492cce32b586ac2db0eaa926ee87024f7afe218d73b397ea5ddfc5f43ea1?s=96&d=mm&r=g\",\"caption\":\"admin\"},\"sameAs\":[\"https:\\\/\\\/encompaniastj.org\"],\"url\":\"https:\\\/\\\/encompaniastj.org\\\/pt-pt\\\/author\\\/sjdigital\\\/\"}]}<\/script>\n<!-- \/ Yoast SEO plugin. -->","yoast_head_json":{"title":"A COMUNIDADE DE CARABANCHEL ALTO PASSAM UNS DIAS COM AS IRM\u00c3S DE OVIEDO RE - En Compa\u00f1\u00eda STJ","robots":{"index":"index","follow":"follow","max-snippet":"max-snippet:-1","max-image-preview":"max-image-preview:large","max-video-preview":"max-video-preview:-1"},"canonical":"https:\/\/encompaniastj.org\/pt-pt\/a-comunidade-de-carabanchel-alto-passam-uns-dias-com-as-irmas-de-oviedo-re\/","og_locale":"pt_PT","og_type":"article","og_title":"A COMUNIDADE DE CARABANCHEL ALTO PASSAM UNS DIAS COM AS IRM\u00c3S DE OVIEDO RE - En Compa\u00f1\u00eda STJ","og_description":"A comunidade de Carabanchel Alto, de 10 a 13 de abril, estivemos em Oviedo com as nossas irm\u00e3s da Resid\u00eancia-Enfermaria. Este passeio foi fruto do desejo expresso no projeto comunit\u00e1rio [&hellip;]","og_url":"https:\/\/encompaniastj.org\/pt-pt\/a-comunidade-de-carabanchel-alto-passam-uns-dias-com-as-irmas-de-oviedo-re\/","og_site_name":"En Compa\u00f1\u00eda STJ","article_published_time":"2022-04-28T04:37:07+00:00","article_modified_time":"2025-07-07T14:23:10+00:00","og_image":[{"width":500,"height":375,"url":"https:\/\/encompaniastj.org\/wp-content\/uploads\/2025\/05\/IMG-20220411-WA0010-1.jpg","type":"image\/jpeg"}],"author":"admin","twitter_card":"summary_large_image","twitter_misc":{"Escrito por":"admin","Tempo estimado de leitura":"2 minutos"},"schema":{"@context":"https:\/\/schema.org","@graph":[{"@type":"Article","@id":"https:\/\/encompaniastj.org\/pt-pt\/a-comunidade-de-carabanchel-alto-passam-uns-dias-com-as-irmas-de-oviedo-re\/#article","isPartOf":{"@id":"https:\/\/encompaniastj.org\/pt-pt\/a-comunidade-de-carabanchel-alto-passam-uns-dias-com-as-irmas-de-oviedo-re\/"},"author":{"name":"admin","@id":"https:\/\/encompaniastj.org\/pt-pt\/#\/schema\/person\/520e7ecc314793d40091993c2a02b651"},"headline":"A COMUNIDADE DE CARABANCHEL ALTO PASSAM UNS DIAS COM AS IRM\u00c3S DE OVIEDO RE","datePublished":"2022-04-28T04:37:07+00:00","dateModified":"2025-07-07T14:23:10+00:00","mainEntityOfPage":{"@id":"https:\/\/encompaniastj.org\/pt-pt\/a-comunidade-de-carabanchel-alto-passam-uns-dias-com-as-irmas-de-oviedo-re\/"},"wordCount":368,"commentCount":0,"publisher":{"@id":"https:\/\/encompaniastj.org\/pt-pt\/#organization"},"image":{"@id":"https:\/\/encompaniastj.org\/pt-pt\/a-comunidade-de-carabanchel-alto-passam-uns-dias-com-as-irmas-de-oviedo-re\/#primaryimage"},"thumbnailUrl":"https:\/\/encompaniastj.org\/wp-content\/uploads\/2025\/05\/IMG-20220411-WA0010-1.jpg","articleSection":["Noticias","Otras","Outras"],"inLanguage":"pt-PT","potentialAction":[{"@type":"CommentAction","name":"Comment","target":["https:\/\/encompaniastj.org\/pt-pt\/a-comunidade-de-carabanchel-alto-passam-uns-dias-com-as-irmas-de-oviedo-re\/#respond"]}]},{"@type":"WebPage","@id":"https:\/\/encompaniastj.org\/pt-pt\/a-comunidade-de-carabanchel-alto-passam-uns-dias-com-as-irmas-de-oviedo-re\/","url":"https:\/\/encompaniastj.org\/pt-pt\/a-comunidade-de-carabanchel-alto-passam-uns-dias-com-as-irmas-de-oviedo-re\/","name":"A COMUNIDADE DE CARABANCHEL ALTO PASSAM UNS DIAS COM AS IRM\u00c3S DE OVIEDO RE - En Compa\u00f1\u00eda STJ","isPartOf":{"@id":"https:\/\/encompaniastj.org\/pt-pt\/#website"},"primaryImageOfPage":{"@id":"https:\/\/encompaniastj.org\/pt-pt\/a-comunidade-de-carabanchel-alto-passam-uns-dias-com-as-irmas-de-oviedo-re\/#primaryimage"},"image":{"@id":"https:\/\/encompaniastj.org\/pt-pt\/a-comunidade-de-carabanchel-alto-passam-uns-dias-com-as-irmas-de-oviedo-re\/#primaryimage"},"thumbnailUrl":"https:\/\/encompaniastj.org\/wp-content\/uploads\/2025\/05\/IMG-20220411-WA0010-1.jpg","datePublished":"2022-04-28T04:37:07+00:00","dateModified":"2025-07-07T14:23:10+00:00","breadcrumb":{"@id":"https:\/\/encompaniastj.org\/pt-pt\/a-comunidade-de-carabanchel-alto-passam-uns-dias-com-as-irmas-de-oviedo-re\/#breadcrumb"},"inLanguage":"pt-PT","potentialAction":[{"@type":"ReadAction","target":["https:\/\/encompaniastj.org\/pt-pt\/a-comunidade-de-carabanchel-alto-passam-uns-dias-com-as-irmas-de-oviedo-re\/"]}]},{"@type":"ImageObject","inLanguage":"pt-PT","@id":"https:\/\/encompaniastj.org\/pt-pt\/a-comunidade-de-carabanchel-alto-passam-uns-dias-com-as-irmas-de-oviedo-re\/#primaryimage","url":"https:\/\/encompaniastj.org\/wp-content\/uploads\/2025\/05\/IMG-20220411-WA0010-1.jpg","contentUrl":"https:\/\/encompaniastj.org\/wp-content\/uploads\/2025\/05\/IMG-20220411-WA0010-1.jpg","width":500,"height":375},{"@type":"BreadcrumbList","@id":"https:\/\/encompaniastj.org\/pt-pt\/a-comunidade-de-carabanchel-alto-passam-uns-dias-com-as-irmas-de-oviedo-re\/#breadcrumb","itemListElement":[{"@type":"ListItem","position":1,"name":"Portada","item":"https:\/\/encompaniastj.org\/pt-pt\/"},{"@type":"ListItem","position":2,"name":"A COMUNIDADE DE CARABANCHEL ALTO PASSAM UNS DIAS COM AS IRM\u00c3S DE OVIEDO RE"}]},{"@type":"WebSite","@id":"https:\/\/encompaniastj.org\/pt-pt\/#website","url":"https:\/\/encompaniastj.org\/pt-pt\/","name":"En Compa\u00f1\u00eda STJ","description":"Bolet\u00edn de la Compa\u00f1\u00eda de Santa Teresa de Jes\u00fas","publisher":{"@id":"https:\/\/encompaniastj.org\/pt-pt\/#organization"},"potentialAction":[{"@type":"SearchAction","target":{"@type":"EntryPoint","urlTemplate":"https:\/\/encompaniastj.org\/pt-pt\/?s={search_term_string}"},"query-input":{"@type":"PropertyValueSpecification","valueRequired":true,"valueName":"search_term_string"}}],"inLanguage":"pt-PT"},{"@type":"Organization","@id":"https:\/\/encompaniastj.org\/pt-pt\/#organization","name":"Compa\u00f1\u00eda de Santa Teresa de Jes\u00fas","url":"https:\/\/encompaniastj.org\/pt-pt\/","logo":{"@type":"ImageObject","inLanguage":"pt-PT","@id":"https:\/\/encompaniastj.org\/pt-pt\/#\/schema\/logo\/image\/","url":"https:\/\/encompaniastj.org\/wp-content\/uploads\/2025\/04\/logo_provincias02-1-3.png","contentUrl":"https:\/\/encompaniastj.org\/wp-content\/uploads\/2025\/04\/logo_provincias02-1-3.png","width":2368,"height":825,"caption":"Compa\u00f1\u00eda de Santa Teresa de Jes\u00fas"},"image":{"@id":"https:\/\/encompaniastj.org\/pt-pt\/#\/schema\/logo\/image\/"}},{"@type":"Person","@id":"https:\/\/encompaniastj.org\/pt-pt\/#\/schema\/person\/520e7ecc314793d40091993c2a02b651","name":"admin","image":{"@type":"ImageObject","inLanguage":"pt-PT","@id":"https:\/\/secure.gravatar.com\/avatar\/948b492cce32b586ac2db0eaa926ee87024f7afe218d73b397ea5ddfc5f43ea1?s=96&d=mm&r=g","url":"https:\/\/secure.gravatar.com\/avatar\/948b492cce32b586ac2db0eaa926ee87024f7afe218d73b397ea5ddfc5f43ea1?s=96&d=mm&r=g","contentUrl":"https:\/\/secure.gravatar.com\/avatar\/948b492cce32b586ac2db0eaa926ee87024f7afe218d73b397ea5ddfc5f43ea1?s=96&d=mm&r=g","caption":"admin"},"sameAs":["https:\/\/encompaniastj.org"],"url":"https:\/\/encompaniastj.org\/pt-pt\/author\/sjdigital\/"}]}},"_links":{"self":[{"href":"https:\/\/encompaniastj.org\/pt-pt\/wp-json\/wp\/v2\/posts\/10954","targetHints":{"allow":["GET"]}}],"collection":[{"href":"https:\/\/encompaniastj.org\/pt-pt\/wp-json\/wp\/v2\/posts"}],"about":[{"href":"https:\/\/encompaniastj.org\/pt-pt\/wp-json\/wp\/v2\/types\/post"}],"author":[{"embeddable":true,"href":"https:\/\/encompaniastj.org\/pt-pt\/wp-json\/wp\/v2\/users\/1"}],"replies":[{"embeddable":true,"href":"https:\/\/encompaniastj.org\/pt-pt\/wp-json\/wp\/v2\/comments?post=10954"}],"version-history":[{"count":1,"href":"https:\/\/encompaniastj.org\/pt-pt\/wp-json\/wp\/v2\/posts\/10954\/revisions"}],"predecessor-version":[{"id":10955,"href":"https:\/\/encompaniastj.org\/pt-pt\/wp-json\/wp\/v2\/posts\/10954\/revisions\/10955"}],"wp:featuredmedia":[{"embeddable":true,"href":"https:\/\/encompaniastj.org\/pt-pt\/wp-json\/wp\/v2\/media\/7892"}],"wp:attachment":[{"href":"https:\/\/encompaniastj.org\/pt-pt\/wp-json\/wp\/v2\/media?parent=10954"}],"wp:term":[{"taxonomy":"category","embeddable":true,"href":"https:\/\/encompaniastj.org\/pt-pt\/wp-json\/wp\/v2\/categories?post=10954"},{"taxonomy":"post_tag","embeddable":true,"href":"https:\/\/encompaniastj.org\/pt-pt\/wp-json\/wp\/v2\/tags?post=10954"}],"curies":[{"name":"wp","href":"https:\/\/api.w.org\/{rel}","templated":true}]}}