{"id":10950,"date":"2022-04-26T11:11:03","date_gmt":"2022-04-26T09:11:03","guid":{"rendered":"https:\/\/encompaniastj.org\/eencontro-de-discernimento-irmas-e-leigos-em-partilha-portugal\/"},"modified":"2025-07-07T16:23:08","modified_gmt":"2025-07-07T14:23:08","slug":"eencontro-de-discernimento-irmas-e-leigos-em-partilha-portugal","status":"publish","type":"post","link":"https:\/\/encompaniastj.org\/pt-pt\/eencontro-de-discernimento-irmas-e-leigos-em-partilha-portugal\/","title":{"rendered":"ENCONTRO DE DISCERNIMENTO: IRM\u00c3S E LEIGOS EM PARTILHA (PORTUGAL)"},"content":{"rendered":"<p>No dia dois de Abril, realizou-se, em F\u00e1tima, sob o olhar de Maria, o encontro de discernimento desta parcela da PTE, a zona de Portugal. Neste dia t\u00e3o teresiano em que fazemos mem\u00f3ria agradecida do sonho arrojado de Santo Henrique do qual nasceu a Companhia.<\/p>\n<p>Foi significativo. Quase dir\u00edamos providencial, encontrar-nos irm\u00e3s, professores, representantes dos nossos centros e associados a refor\u00e7ar la\u00e7os de identidade carism\u00e1tica, a partilhar vida, a sonhar e projetar o futuro juntos.<\/p>\n<p>A irm\u00e3 provincial, Isabel del Valle saudou os presentes, manifestando o seu regozijo por estar presente e poder palpar a vida que brota neste caminho conjunto irm\u00e3s\/leigos.<\/p>\n<p>Iniciou-se o dia com um momento de ora\u00e7\u00e3o no qual emergia o sentido da gratid\u00e3o pela t\u00e3o rica e variada a\u00e7\u00e3o educativa\/formativa realizada em cada centro. E neste momento, as irm\u00e3s, presentes no encontro, reafirmaram o compromisso de seguidoras de Jesus, renovando os votos. Seguiu-se o plano de trabalho do dia. Cada centro fez uma pequena resenha da a\u00e7\u00e3o desenvolvida e seus destinat\u00e1rios e partilhou inquieta\u00e7\u00f5es quanto ao futuro, construindo-se assim, sumariamente, uma vis\u00e3o mais alargada da realidade desta zona.<\/p>\n<p>Com estes dados e o mapa da m\u00e9dia de idades das irm\u00e3s, dentro de cinco e dez anos, em grupos, tentamos visualizar e desenhar a realidade da Companhia em Portugal.<\/p>\n<p>Em s\u00edntese, diremos que foi um dia muito rico, cheio de emo\u00e7\u00e3o, partilha, questionamento, \u00a0busca conjunta e escuta do Esp\u00edrito.<\/p>\n<p><img loading=\"lazy\" decoding=\"async\" class=\"aligncenter size-large wp-image-8666\" src=\"https:\/\/encompaniastj.org\/wp-content\/uploads\/2025\/05\/f2.jpg\" alt=\"\" width=\"1024\" height=\"498\" \/> <img loading=\"lazy\" decoding=\"async\" class=\"aligncenter size-full wp-image-8668\" src=\"https:\/\/encompaniastj.org\/wp-content\/uploads\/2025\/05\/f3.jpg\" alt=\"\" width=\"500\" height=\"833\" \/><\/p>\n","protected":false},"excerpt":{"rendered":"<p>No dia dois de Abril, realizou-se, em F\u00e1tima, sob o olhar de Maria, o encontro de discernimento desta parcela da PTE, a zona de Portugal. Neste dia t\u00e3o teresiano em [&hellip;]<\/p>\n","protected":false},"author":1,"featured_media":7888,"comment_status":"open","ping_status":"open","sticky":false,"template":"","format":"standard","meta":{"_acf_changed":false,"footnotes":""},"categories":[61,62,68],"tags":[],"class_list":["post-10950","post","type-post","status-publish","format-standard","has-post-thumbnail","hentry","category-noticias","category-otras","category-outras"],"acf":[],"yoast_head":"<!-- This site is optimized with the Yoast SEO plugin v27.5 - https:\/\/yoast.com\/product\/yoast-seo-wordpress\/ -->\n<title>ENCONTRO DE DISCERNIMENTO: IRM\u00c3S E LEIGOS EM PARTILHA (PORTUGAL) - En Compa\u00f1\u00eda STJ<\/title>\n<meta name=\"robots\" content=\"index, follow, max-snippet:-1, max-image-preview:large, max-video-preview:-1\" \/>\n<link rel=\"canonical\" href=\"https:\/\/encompaniastj.org\/pt-pt\/eencontro-de-discernimento-irmas-e-leigos-em-partilha-portugal\/\" \/>\n<meta property=\"og:locale\" content=\"pt_PT\" \/>\n<meta property=\"og:type\" content=\"article\" \/>\n<meta property=\"og:title\" content=\"ENCONTRO DE DISCERNIMENTO: IRM\u00c3S E LEIGOS EM PARTILHA (PORTUGAL) - En Compa\u00f1\u00eda STJ\" \/>\n<meta property=\"og:description\" content=\"No dia dois de Abril, realizou-se, em F\u00e1tima, sob o olhar de Maria, o encontro de discernimento desta parcela da PTE, a zona de Portugal. Neste dia t\u00e3o teresiano em [&hellip;]\" \/>\n<meta property=\"og:url\" content=\"https:\/\/encompaniastj.org\/pt-pt\/eencontro-de-discernimento-irmas-e-leigos-em-partilha-portugal\/\" \/>\n<meta property=\"og:site_name\" content=\"En Compa\u00f1\u00eda STJ\" \/>\n<meta property=\"article:published_time\" content=\"2022-04-26T09:11:03+00:00\" \/>\n<meta property=\"article:modified_time\" content=\"2025-07-07T14:23:08+00:00\" \/>\n<meta property=\"og:image\" content=\"https:\/\/encompaniastj.org\/wp-content\/uploads\/2025\/05\/IMG-20220426-WA0006.jpg\" \/>\n\t<meta property=\"og:image:width\" content=\"915\" \/>\n\t<meta property=\"og:image:height\" content=\"757\" \/>\n\t<meta property=\"og:image:type\" content=\"image\/jpeg\" \/>\n<meta name=\"author\" content=\"admin\" \/>\n<meta name=\"twitter:card\" content=\"summary_large_image\" \/>\n<meta name=\"twitter:label1\" content=\"Escrito por\" \/>\n\t<meta name=\"twitter:data1\" content=\"admin\" \/>\n\t<meta name=\"twitter:label2\" content=\"Tempo estimado de leitura\" \/>\n\t<meta name=\"twitter:data2\" content=\"2 minutos\" \/>\n<script type=\"application\/ld+json\" class=\"yoast-schema-graph\">{\"@context\":\"https:\\\/\\\/schema.org\",\"@graph\":[{\"@type\":\"Article\",\"@id\":\"https:\\\/\\\/encompaniastj.org\\\/pt-pt\\\/eencontro-de-discernimento-irmas-e-leigos-em-partilha-portugal\\\/#article\",\"isPartOf\":{\"@id\":\"https:\\\/\\\/encompaniastj.org\\\/pt-pt\\\/eencontro-de-discernimento-irmas-e-leigos-em-partilha-portugal\\\/\"},\"author\":{\"name\":\"admin\",\"@id\":\"https:\\\/\\\/encompaniastj.org\\\/pt-pt\\\/#\\\/schema\\\/person\\\/520e7ecc314793d40091993c2a02b651\"},\"headline\":\"ENCONTRO DE DISCERNIMENTO: IRM\u00c3S E LEIGOS EM PARTILHA (PORTUGAL)\",\"datePublished\":\"2022-04-26T09:11:03+00:00\",\"dateModified\":\"2025-07-07T14:23:08+00:00\",\"mainEntityOfPage\":{\"@id\":\"https:\\\/\\\/encompaniastj.org\\\/pt-pt\\\/eencontro-de-discernimento-irmas-e-leigos-em-partilha-portugal\\\/\"},\"wordCount\":267,\"commentCount\":0,\"publisher\":{\"@id\":\"https:\\\/\\\/encompaniastj.org\\\/pt-pt\\\/#organization\"},\"image\":{\"@id\":\"https:\\\/\\\/encompaniastj.org\\\/pt-pt\\\/eencontro-de-discernimento-irmas-e-leigos-em-partilha-portugal\\\/#primaryimage\"},\"thumbnailUrl\":\"https:\\\/\\\/encompaniastj.org\\\/wp-content\\\/uploads\\\/2025\\\/05\\\/IMG-20220426-WA0006.jpg\",\"articleSection\":[\"Noticias\",\"Otras\",\"Outras\"],\"inLanguage\":\"pt-PT\",\"potentialAction\":[{\"@type\":\"CommentAction\",\"name\":\"Comment\",\"target\":[\"https:\\\/\\\/encompaniastj.org\\\/pt-pt\\\/eencontro-de-discernimento-irmas-e-leigos-em-partilha-portugal\\\/#respond\"]}]},{\"@type\":\"WebPage\",\"@id\":\"https:\\\/\\\/encompaniastj.org\\\/pt-pt\\\/eencontro-de-discernimento-irmas-e-leigos-em-partilha-portugal\\\/\",\"url\":\"https:\\\/\\\/encompaniastj.org\\\/pt-pt\\\/eencontro-de-discernimento-irmas-e-leigos-em-partilha-portugal\\\/\",\"name\":\"ENCONTRO DE DISCERNIMENTO: IRM\u00c3S E LEIGOS EM PARTILHA (PORTUGAL) - En Compa\u00f1\u00eda STJ\",\"isPartOf\":{\"@id\":\"https:\\\/\\\/encompaniastj.org\\\/pt-pt\\\/#website\"},\"primaryImageOfPage\":{\"@id\":\"https:\\\/\\\/encompaniastj.org\\\/pt-pt\\\/eencontro-de-discernimento-irmas-e-leigos-em-partilha-portugal\\\/#primaryimage\"},\"image\":{\"@id\":\"https:\\\/\\\/encompaniastj.org\\\/pt-pt\\\/eencontro-de-discernimento-irmas-e-leigos-em-partilha-portugal\\\/#primaryimage\"},\"thumbnailUrl\":\"https:\\\/\\\/encompaniastj.org\\\/wp-content\\\/uploads\\\/2025\\\/05\\\/IMG-20220426-WA0006.jpg\",\"datePublished\":\"2022-04-26T09:11:03+00:00\",\"dateModified\":\"2025-07-07T14:23:08+00:00\",\"breadcrumb\":{\"@id\":\"https:\\\/\\\/encompaniastj.org\\\/pt-pt\\\/eencontro-de-discernimento-irmas-e-leigos-em-partilha-portugal\\\/#breadcrumb\"},\"inLanguage\":\"pt-PT\",\"potentialAction\":[{\"@type\":\"ReadAction\",\"target\":[\"https:\\\/\\\/encompaniastj.org\\\/pt-pt\\\/eencontro-de-discernimento-irmas-e-leigos-em-partilha-portugal\\\/\"]}]},{\"@type\":\"ImageObject\",\"inLanguage\":\"pt-PT\",\"@id\":\"https:\\\/\\\/encompaniastj.org\\\/pt-pt\\\/eencontro-de-discernimento-irmas-e-leigos-em-partilha-portugal\\\/#primaryimage\",\"url\":\"https:\\\/\\\/encompaniastj.org\\\/wp-content\\\/uploads\\\/2025\\\/05\\\/IMG-20220426-WA0006.jpg\",\"contentUrl\":\"https:\\\/\\\/encompaniastj.org\\\/wp-content\\\/uploads\\\/2025\\\/05\\\/IMG-20220426-WA0006.jpg\",\"width\":915,\"height\":757},{\"@type\":\"BreadcrumbList\",\"@id\":\"https:\\\/\\\/encompaniastj.org\\\/pt-pt\\\/eencontro-de-discernimento-irmas-e-leigos-em-partilha-portugal\\\/#breadcrumb\",\"itemListElement\":[{\"@type\":\"ListItem\",\"position\":1,\"name\":\"Portada\",\"item\":\"https:\\\/\\\/encompaniastj.org\\\/pt-pt\\\/\"},{\"@type\":\"ListItem\",\"position\":2,\"name\":\"ENCONTRO DE DISCERNIMENTO: IRM\u00c3S E LEIGOS EM PARTILHA (PORTUGAL)\"}]},{\"@type\":\"WebSite\",\"@id\":\"https:\\\/\\\/encompaniastj.org\\\/pt-pt\\\/#website\",\"url\":\"https:\\\/\\\/encompaniastj.org\\\/pt-pt\\\/\",\"name\":\"En Compa\u00f1\u00eda STJ\",\"description\":\"Bolet\u00edn de la Compa\u00f1\u00eda de Santa Teresa de Jes\u00fas\",\"publisher\":{\"@id\":\"https:\\\/\\\/encompaniastj.org\\\/pt-pt\\\/#organization\"},\"potentialAction\":[{\"@type\":\"SearchAction\",\"target\":{\"@type\":\"EntryPoint\",\"urlTemplate\":\"https:\\\/\\\/encompaniastj.org\\\/pt-pt\\\/?s={search_term_string}\"},\"query-input\":{\"@type\":\"PropertyValueSpecification\",\"valueRequired\":true,\"valueName\":\"search_term_string\"}}],\"inLanguage\":\"pt-PT\"},{\"@type\":\"Organization\",\"@id\":\"https:\\\/\\\/encompaniastj.org\\\/pt-pt\\\/#organization\",\"name\":\"Compa\u00f1\u00eda de Santa Teresa de Jes\u00fas\",\"url\":\"https:\\\/\\\/encompaniastj.org\\\/pt-pt\\\/\",\"logo\":{\"@type\":\"ImageObject\",\"inLanguage\":\"pt-PT\",\"@id\":\"https:\\\/\\\/encompaniastj.org\\\/pt-pt\\\/#\\\/schema\\\/logo\\\/image\\\/\",\"url\":\"https:\\\/\\\/encompaniastj.org\\\/wp-content\\\/uploads\\\/2025\\\/04\\\/logo_provincias02-1-3.png\",\"contentUrl\":\"https:\\\/\\\/encompaniastj.org\\\/wp-content\\\/uploads\\\/2025\\\/04\\\/logo_provincias02-1-3.png\",\"width\":2368,\"height\":825,\"caption\":\"Compa\u00f1\u00eda de Santa Teresa de Jes\u00fas\"},\"image\":{\"@id\":\"https:\\\/\\\/encompaniastj.org\\\/pt-pt\\\/#\\\/schema\\\/logo\\\/image\\\/\"}},{\"@type\":\"Person\",\"@id\":\"https:\\\/\\\/encompaniastj.org\\\/pt-pt\\\/#\\\/schema\\\/person\\\/520e7ecc314793d40091993c2a02b651\",\"name\":\"admin\",\"image\":{\"@type\":\"ImageObject\",\"inLanguage\":\"pt-PT\",\"@id\":\"https:\\\/\\\/secure.gravatar.com\\\/avatar\\\/948b492cce32b586ac2db0eaa926ee87024f7afe218d73b397ea5ddfc5f43ea1?s=96&d=mm&r=g\",\"url\":\"https:\\\/\\\/secure.gravatar.com\\\/avatar\\\/948b492cce32b586ac2db0eaa926ee87024f7afe218d73b397ea5ddfc5f43ea1?s=96&d=mm&r=g\",\"contentUrl\":\"https:\\\/\\\/secure.gravatar.com\\\/avatar\\\/948b492cce32b586ac2db0eaa926ee87024f7afe218d73b397ea5ddfc5f43ea1?s=96&d=mm&r=g\",\"caption\":\"admin\"},\"sameAs\":[\"https:\\\/\\\/encompaniastj.org\"],\"url\":\"https:\\\/\\\/encompaniastj.org\\\/pt-pt\\\/author\\\/sjdigital\\\/\"}]}<\/script>\n<!-- \/ Yoast SEO plugin. -->","yoast_head_json":{"title":"ENCONTRO DE DISCERNIMENTO: IRM\u00c3S E LEIGOS EM PARTILHA (PORTUGAL) - En Compa\u00f1\u00eda STJ","robots":{"index":"index","follow":"follow","max-snippet":"max-snippet:-1","max-image-preview":"max-image-preview:large","max-video-preview":"max-video-preview:-1"},"canonical":"https:\/\/encompaniastj.org\/pt-pt\/eencontro-de-discernimento-irmas-e-leigos-em-partilha-portugal\/","og_locale":"pt_PT","og_type":"article","og_title":"ENCONTRO DE DISCERNIMENTO: IRM\u00c3S E LEIGOS EM PARTILHA (PORTUGAL) - En Compa\u00f1\u00eda STJ","og_description":"No dia dois de Abril, realizou-se, em F\u00e1tima, sob o olhar de Maria, o encontro de discernimento desta parcela da PTE, a zona de Portugal. Neste dia t\u00e3o teresiano em [&hellip;]","og_url":"https:\/\/encompaniastj.org\/pt-pt\/eencontro-de-discernimento-irmas-e-leigos-em-partilha-portugal\/","og_site_name":"En Compa\u00f1\u00eda STJ","article_published_time":"2022-04-26T09:11:03+00:00","article_modified_time":"2025-07-07T14:23:08+00:00","og_image":[{"width":915,"height":757,"url":"https:\/\/encompaniastj.org\/wp-content\/uploads\/2025\/05\/IMG-20220426-WA0006.jpg","type":"image\/jpeg"}],"author":"admin","twitter_card":"summary_large_image","twitter_misc":{"Escrito por":"admin","Tempo estimado de leitura":"2 minutos"},"schema":{"@context":"https:\/\/schema.org","@graph":[{"@type":"Article","@id":"https:\/\/encompaniastj.org\/pt-pt\/eencontro-de-discernimento-irmas-e-leigos-em-partilha-portugal\/#article","isPartOf":{"@id":"https:\/\/encompaniastj.org\/pt-pt\/eencontro-de-discernimento-irmas-e-leigos-em-partilha-portugal\/"},"author":{"name":"admin","@id":"https:\/\/encompaniastj.org\/pt-pt\/#\/schema\/person\/520e7ecc314793d40091993c2a02b651"},"headline":"ENCONTRO DE DISCERNIMENTO: IRM\u00c3S E LEIGOS EM PARTILHA (PORTUGAL)","datePublished":"2022-04-26T09:11:03+00:00","dateModified":"2025-07-07T14:23:08+00:00","mainEntityOfPage":{"@id":"https:\/\/encompaniastj.org\/pt-pt\/eencontro-de-discernimento-irmas-e-leigos-em-partilha-portugal\/"},"wordCount":267,"commentCount":0,"publisher":{"@id":"https:\/\/encompaniastj.org\/pt-pt\/#organization"},"image":{"@id":"https:\/\/encompaniastj.org\/pt-pt\/eencontro-de-discernimento-irmas-e-leigos-em-partilha-portugal\/#primaryimage"},"thumbnailUrl":"https:\/\/encompaniastj.org\/wp-content\/uploads\/2025\/05\/IMG-20220426-WA0006.jpg","articleSection":["Noticias","Otras","Outras"],"inLanguage":"pt-PT","potentialAction":[{"@type":"CommentAction","name":"Comment","target":["https:\/\/encompaniastj.org\/pt-pt\/eencontro-de-discernimento-irmas-e-leigos-em-partilha-portugal\/#respond"]}]},{"@type":"WebPage","@id":"https:\/\/encompaniastj.org\/pt-pt\/eencontro-de-discernimento-irmas-e-leigos-em-partilha-portugal\/","url":"https:\/\/encompaniastj.org\/pt-pt\/eencontro-de-discernimento-irmas-e-leigos-em-partilha-portugal\/","name":"ENCONTRO DE DISCERNIMENTO: IRM\u00c3S E LEIGOS EM PARTILHA (PORTUGAL) - En Compa\u00f1\u00eda STJ","isPartOf":{"@id":"https:\/\/encompaniastj.org\/pt-pt\/#website"},"primaryImageOfPage":{"@id":"https:\/\/encompaniastj.org\/pt-pt\/eencontro-de-discernimento-irmas-e-leigos-em-partilha-portugal\/#primaryimage"},"image":{"@id":"https:\/\/encompaniastj.org\/pt-pt\/eencontro-de-discernimento-irmas-e-leigos-em-partilha-portugal\/#primaryimage"},"thumbnailUrl":"https:\/\/encompaniastj.org\/wp-content\/uploads\/2025\/05\/IMG-20220426-WA0006.jpg","datePublished":"2022-04-26T09:11:03+00:00","dateModified":"2025-07-07T14:23:08+00:00","breadcrumb":{"@id":"https:\/\/encompaniastj.org\/pt-pt\/eencontro-de-discernimento-irmas-e-leigos-em-partilha-portugal\/#breadcrumb"},"inLanguage":"pt-PT","potentialAction":[{"@type":"ReadAction","target":["https:\/\/encompaniastj.org\/pt-pt\/eencontro-de-discernimento-irmas-e-leigos-em-partilha-portugal\/"]}]},{"@type":"ImageObject","inLanguage":"pt-PT","@id":"https:\/\/encompaniastj.org\/pt-pt\/eencontro-de-discernimento-irmas-e-leigos-em-partilha-portugal\/#primaryimage","url":"https:\/\/encompaniastj.org\/wp-content\/uploads\/2025\/05\/IMG-20220426-WA0006.jpg","contentUrl":"https:\/\/encompaniastj.org\/wp-content\/uploads\/2025\/05\/IMG-20220426-WA0006.jpg","width":915,"height":757},{"@type":"BreadcrumbList","@id":"https:\/\/encompaniastj.org\/pt-pt\/eencontro-de-discernimento-irmas-e-leigos-em-partilha-portugal\/#breadcrumb","itemListElement":[{"@type":"ListItem","position":1,"name":"Portada","item":"https:\/\/encompaniastj.org\/pt-pt\/"},{"@type":"ListItem","position":2,"name":"ENCONTRO DE DISCERNIMENTO: IRM\u00c3S E LEIGOS EM PARTILHA (PORTUGAL)"}]},{"@type":"WebSite","@id":"https:\/\/encompaniastj.org\/pt-pt\/#website","url":"https:\/\/encompaniastj.org\/pt-pt\/","name":"En Compa\u00f1\u00eda STJ","description":"Bolet\u00edn de la Compa\u00f1\u00eda de Santa Teresa de Jes\u00fas","publisher":{"@id":"https:\/\/encompaniastj.org\/pt-pt\/#organization"},"potentialAction":[{"@type":"SearchAction","target":{"@type":"EntryPoint","urlTemplate":"https:\/\/encompaniastj.org\/pt-pt\/?s={search_term_string}"},"query-input":{"@type":"PropertyValueSpecification","valueRequired":true,"valueName":"search_term_string"}}],"inLanguage":"pt-PT"},{"@type":"Organization","@id":"https:\/\/encompaniastj.org\/pt-pt\/#organization","name":"Compa\u00f1\u00eda de Santa Teresa de Jes\u00fas","url":"https:\/\/encompaniastj.org\/pt-pt\/","logo":{"@type":"ImageObject","inLanguage":"pt-PT","@id":"https:\/\/encompaniastj.org\/pt-pt\/#\/schema\/logo\/image\/","url":"https:\/\/encompaniastj.org\/wp-content\/uploads\/2025\/04\/logo_provincias02-1-3.png","contentUrl":"https:\/\/encompaniastj.org\/wp-content\/uploads\/2025\/04\/logo_provincias02-1-3.png","width":2368,"height":825,"caption":"Compa\u00f1\u00eda de Santa Teresa de Jes\u00fas"},"image":{"@id":"https:\/\/encompaniastj.org\/pt-pt\/#\/schema\/logo\/image\/"}},{"@type":"Person","@id":"https:\/\/encompaniastj.org\/pt-pt\/#\/schema\/person\/520e7ecc314793d40091993c2a02b651","name":"admin","image":{"@type":"ImageObject","inLanguage":"pt-PT","@id":"https:\/\/secure.gravatar.com\/avatar\/948b492cce32b586ac2db0eaa926ee87024f7afe218d73b397ea5ddfc5f43ea1?s=96&d=mm&r=g","url":"https:\/\/secure.gravatar.com\/avatar\/948b492cce32b586ac2db0eaa926ee87024f7afe218d73b397ea5ddfc5f43ea1?s=96&d=mm&r=g","contentUrl":"https:\/\/secure.gravatar.com\/avatar\/948b492cce32b586ac2db0eaa926ee87024f7afe218d73b397ea5ddfc5f43ea1?s=96&d=mm&r=g","caption":"admin"},"sameAs":["https:\/\/encompaniastj.org"],"url":"https:\/\/encompaniastj.org\/pt-pt\/author\/sjdigital\/"}]}},"_links":{"self":[{"href":"https:\/\/encompaniastj.org\/pt-pt\/wp-json\/wp\/v2\/posts\/10950","targetHints":{"allow":["GET"]}}],"collection":[{"href":"https:\/\/encompaniastj.org\/pt-pt\/wp-json\/wp\/v2\/posts"}],"about":[{"href":"https:\/\/encompaniastj.org\/pt-pt\/wp-json\/wp\/v2\/types\/post"}],"author":[{"embeddable":true,"href":"https:\/\/encompaniastj.org\/pt-pt\/wp-json\/wp\/v2\/users\/1"}],"replies":[{"embeddable":true,"href":"https:\/\/encompaniastj.org\/pt-pt\/wp-json\/wp\/v2\/comments?post=10950"}],"version-history":[{"count":1,"href":"https:\/\/encompaniastj.org\/pt-pt\/wp-json\/wp\/v2\/posts\/10950\/revisions"}],"predecessor-version":[{"id":10951,"href":"https:\/\/encompaniastj.org\/pt-pt\/wp-json\/wp\/v2\/posts\/10950\/revisions\/10951"}],"wp:featuredmedia":[{"embeddable":true,"href":"https:\/\/encompaniastj.org\/pt-pt\/wp-json\/wp\/v2\/media\/7888"}],"wp:attachment":[{"href":"https:\/\/encompaniastj.org\/pt-pt\/wp-json\/wp\/v2\/media?parent=10950"}],"wp:term":[{"taxonomy":"category","embeddable":true,"href":"https:\/\/encompaniastj.org\/pt-pt\/wp-json\/wp\/v2\/categories?post=10950"},{"taxonomy":"post_tag","embeddable":true,"href":"https:\/\/encompaniastj.org\/pt-pt\/wp-json\/wp\/v2\/tags?post=10950"}],"curies":[{"name":"wp","href":"https:\/\/api.w.org\/{rel}","templated":true}]}}