{"id":10946,"date":"2022-04-22T09:15:08","date_gmt":"2022-04-22T07:15:08","guid":{"rendered":"https:\/\/encompaniastj.org\/triduo-pascal-2022-comunidade-de-cidade-rodrigo\/"},"modified":"2025-07-07T16:23:08","modified_gmt":"2025-07-07T14:23:08","slug":"triduo-pascal-2022-comunidade-de-cidade-rodrigo","status":"publish","type":"post","link":"https:\/\/encompaniastj.org\/pt-pt\/triduo-pascal-2022-comunidade-de-cidade-rodrigo\/","title":{"rendered":"TR\u00cdDUO PASCAL 2022 - COMUNIDADE DE CIDADE RODRIGO"},"content":{"rendered":"<p>A comunidade de Cidade Rodrigo tem muito trabalho pastoral, e muito mais nestes dias. Os sacerdotes das cidades t\u00eam cada um 4 ou 5 par\u00f3quias e n\u00e3o chegam.<\/p>\n<p>Na Quinta-feira Santa fomos a Zamarra e tivemos a Celebra\u00e7\u00e3o da Palavra e a Comunh\u00e3o. Surpreendeu-nos que houvesse muita gente na pra\u00e7a, e foi porque o presidente convocou o povo por meio dos sinos da igreja para anunciar que iriam buscar o Cristo \u00e0 ermida, como se fazia antes da pandemia.<\/p>\n<p>Na Sexta-feira Santa regress\u00e1mos ao mesmo local, pela manh\u00e3, \u00e0s 12h, para a Via Sacra com o Cristo pela aldeia e pelo campo at\u00e9 \u00e0 ermida. Foi muito participado, com a participa\u00e7\u00e3o de mais gente por causa dos que vieram de fora, e muito animado porque tem muita devo\u00e7\u00e3o a Cristo.<\/p>\n<p>\u00c0 tarde, \u00e0s 5, fomos a Santa Olalla e l\u00e1 tivemos a celebra\u00e7\u00e3o da Paix\u00e3o. As pessoas participaram nas leituras e peti\u00e7\u00f5es, e agradeceram muito a nossa presen\u00e7a.<\/p>\n<p>E \u00e0s 7 volt\u00e1mos a Zamarra distante (a quase uma hora da anterior) para a mesma celebra\u00e7\u00e3o. N\u00e3o havia muitos, e todas mulheres. Desde o tempo de Jesus, na Igreja, acontece a mesma coisa&#8230;<\/p>\n<p>Duas irm\u00e3s vamos a estas aldeias. As outras duas ficam na nossa par\u00f3quia com a mesma miss\u00e3o de animar e organizar com o p\u00e1roco.<\/p>\n<p>\u00c9 poss\u00edvel que vos tenhais perguntado, ao olhar as fotos, o que significam 4 velas pascais numa igreja?<\/p>\n<p>Bem, muito simples. Os membros das 4 aldeias das quais Gabriel Cid \u00e9 p\u00e1roco reun\u00edamo-nos na par\u00f3quia de Sancti Spiritus. Os que tinham ido de cada lugar levavam o seu. Todos se acenderam no fogo pascal e puseram-se todos juntos.<\/p>\n<p>L\u00e1 fomos n\u00f3s, as irm\u00e3s, desta vez, como muitos domingos, as quatro da comunidade. Hav\u00edamos preparado a Vig\u00edlia com muita dedica\u00e7\u00e3o, incluindo o ensaio com as mulheres que formam um coro que anima a Eucaristia, principalmente quando n\u00f3s vamos com as guitarras.<\/p>\n<p>Na noite de s\u00e1bado esteve muito gente. Come\u00e7\u00e1mos na pra\u00e7a em frente \u00e0 igreja com a liturgia do c\u00edrio. Entrar na igreja \u00e0s escuras foi algo especial porque a capela-mor tem belos vitrais que foram iluminados por um refletor externo. Aludindo ao esp\u00edrito sinodal, seis pessoas (leigos, religiosos e o sacerdote) carregavam as letras luminosas da palavra JUNTOS que colocaram ao p\u00e9 do altar.<\/p>\n<p>As quatro leituras do Antigo Testamento foram lidas por mulheres de diferentes cidades: Sancti Spiritus, Retortillo, Castraz e Mart\u00edn de Yeltes. A Ir. Gl\u00f3ria Pastor rezou o salmo e cantou o refr\u00e3o que todos cant\u00e1vamos depois. Todos cant\u00e1mos tamb\u00e9m o Preg\u00e3o Pascal de Kairoi e o triunfante Aleluia, bem como \u201cA \u00e1gua do Senhor curou a minha enfermidade\u201d na liturgia batismal.<\/p>\n<p>A verdade \u00e9 que a vig\u00edlia foi muito animada e participada, e as pessoas cantaram com entusiasmo.<\/p>\n<p>No final houve um chocolate com biscoitos para todos. Ficamos impressionadas ao ver tantos idosos naquela hora da noite, j\u00e1 que come\u00e7ou \u00e0s 10h30 e terminou por volta das 12h30. Mas foi uma celebra\u00e7\u00e3o muito bonita, e viv\u00ea-la com o povo d\u00e1-lhe um significado especial, um sentido de P\u00e1scoa.<\/p>\n<p>No domingo de P\u00e1scoa fomos a La Atalaya e Serradilla del Llano. Veio muita gente dos dois lugares e aproveit\u00e1mos a celebra\u00e7\u00e3o, que foi bem concorrida, principalmente com as m\u00fasicas.<\/p>\n<p>JESUS RESSUSCITOU!!! ALELUIA!!!<\/p>\n<p>Que o gozo da sua ressurrei\u00e7\u00e3o nos encha e transforme as nossas vidas. Feliz P\u00e1scoa a todas.<\/p>\n<p><img loading=\"lazy\" decoding=\"async\" class=\"aligncenter size-full wp-image-8631\" src=\"https:\/\/encompaniastj.org\/wp-content\/uploads\/2025\/05\/collage-1.png\" alt=\"\" width=\"800\" height=\"800\" \/><\/p>\n","protected":false},"excerpt":{"rendered":"<p>A comunidade de Cidade Rodrigo tem muito trabalho pastoral, e muito mais nestes dias. Os sacerdotes das cidades t\u00eam cada um 4 ou 5 par\u00f3quias e n\u00e3o chegam. Na Quinta-feira [&hellip;]<\/p>\n","protected":false},"author":1,"featured_media":7885,"comment_status":"open","ping_status":"open","sticky":false,"template":"","format":"standard","meta":{"_acf_changed":false,"footnotes":""},"categories":[61,80,78],"tags":[],"class_list":["post-10946","post","type-post","status-publish","format-standard","has-post-thumbnail","hentry","category-noticias","category-paroquial-eclesial","category-parroquial-eclesial"],"acf":[],"yoast_head":"<!-- This site is optimized with the Yoast SEO plugin v27.5 - https:\/\/yoast.com\/product\/yoast-seo-wordpress\/ -->\n<title>TR\u00cdDUO PASCAL 2022 - COMUNIDADE DE CIDADE RODRIGO - En Compa\u00f1\u00eda STJ<\/title>\n<meta name=\"robots\" content=\"index, follow, max-snippet:-1, max-image-preview:large, max-video-preview:-1\" \/>\n<link rel=\"canonical\" href=\"https:\/\/encompaniastj.org\/pt-pt\/triduo-pascal-2022-comunidade-de-cidade-rodrigo\/\" \/>\n<meta property=\"og:locale\" content=\"pt_PT\" \/>\n<meta property=\"og:type\" content=\"article\" \/>\n<meta property=\"og:title\" content=\"TR\u00cdDUO PASCAL 2022 - COMUNIDADE DE CIDADE RODRIGO - En Compa\u00f1\u00eda STJ\" \/>\n<meta property=\"og:description\" content=\"A comunidade de Cidade Rodrigo tem muito trabalho pastoral, e muito mais nestes dias. Os sacerdotes das cidades t\u00eam cada um 4 ou 5 par\u00f3quias e n\u00e3o chegam. Na Quinta-feira [&hellip;]\" \/>\n<meta property=\"og:url\" content=\"https:\/\/encompaniastj.org\/pt-pt\/triduo-pascal-2022-comunidade-de-cidade-rodrigo\/\" \/>\n<meta property=\"og:site_name\" content=\"En Compa\u00f1\u00eda STJ\" \/>\n<meta property=\"article:published_time\" content=\"2022-04-22T07:15:08+00:00\" \/>\n<meta property=\"article:modified_time\" content=\"2025-07-07T14:23:08+00:00\" \/>\n<meta property=\"og:image\" content=\"https:\/\/encompaniastj.org\/wp-content\/uploads\/2025\/05\/esta.jpg\" \/>\n\t<meta property=\"og:image:width\" content=\"1250\" \/>\n\t<meta property=\"og:image:height\" content=\"712\" \/>\n\t<meta property=\"og:image:type\" content=\"image\/jpeg\" \/>\n<meta name=\"author\" content=\"admin\" \/>\n<meta name=\"twitter:card\" content=\"summary_large_image\" \/>\n<meta name=\"twitter:label1\" content=\"Escrito por\" \/>\n\t<meta name=\"twitter:data1\" content=\"admin\" \/>\n\t<meta name=\"twitter:label2\" content=\"Tempo estimado de leitura\" \/>\n\t<meta name=\"twitter:data2\" content=\"3 minutos\" \/>\n<script type=\"application\/ld+json\" class=\"yoast-schema-graph\">{\"@context\":\"https:\\\/\\\/schema.org\",\"@graph\":[{\"@type\":\"Article\",\"@id\":\"https:\\\/\\\/encompaniastj.org\\\/pt-pt\\\/triduo-pascal-2022-comunidade-de-cidade-rodrigo\\\/#article\",\"isPartOf\":{\"@id\":\"https:\\\/\\\/encompaniastj.org\\\/pt-pt\\\/triduo-pascal-2022-comunidade-de-cidade-rodrigo\\\/\"},\"author\":{\"name\":\"admin\",\"@id\":\"https:\\\/\\\/encompaniastj.org\\\/pt-pt\\\/#\\\/schema\\\/person\\\/520e7ecc314793d40091993c2a02b651\"},\"headline\":\"TR\u00cdDUO PASCAL 2022 - COMUNIDADE DE CIDADE RODRIGO\",\"datePublished\":\"2022-04-22T07:15:08+00:00\",\"dateModified\":\"2025-07-07T14:23:08+00:00\",\"mainEntityOfPage\":{\"@id\":\"https:\\\/\\\/encompaniastj.org\\\/pt-pt\\\/triduo-pascal-2022-comunidade-de-cidade-rodrigo\\\/\"},\"wordCount\":606,\"commentCount\":0,\"publisher\":{\"@id\":\"https:\\\/\\\/encompaniastj.org\\\/pt-pt\\\/#organization\"},\"image\":{\"@id\":\"https:\\\/\\\/encompaniastj.org\\\/pt-pt\\\/triduo-pascal-2022-comunidade-de-cidade-rodrigo\\\/#primaryimage\"},\"thumbnailUrl\":\"https:\\\/\\\/encompaniastj.org\\\/wp-content\\\/uploads\\\/2025\\\/05\\\/esta.jpg\",\"articleSection\":[\"Noticias\",\"Paroquial - eclesial\",\"Parroquial - Eclesial\"],\"inLanguage\":\"pt-PT\",\"potentialAction\":[{\"@type\":\"CommentAction\",\"name\":\"Comment\",\"target\":[\"https:\\\/\\\/encompaniastj.org\\\/pt-pt\\\/triduo-pascal-2022-comunidade-de-cidade-rodrigo\\\/#respond\"]}]},{\"@type\":\"WebPage\",\"@id\":\"https:\\\/\\\/encompaniastj.org\\\/pt-pt\\\/triduo-pascal-2022-comunidade-de-cidade-rodrigo\\\/\",\"url\":\"https:\\\/\\\/encompaniastj.org\\\/pt-pt\\\/triduo-pascal-2022-comunidade-de-cidade-rodrigo\\\/\",\"name\":\"TR\u00cdDUO PASCAL 2022 - COMUNIDADE DE CIDADE RODRIGO - En Compa\u00f1\u00eda STJ\",\"isPartOf\":{\"@id\":\"https:\\\/\\\/encompaniastj.org\\\/pt-pt\\\/#website\"},\"primaryImageOfPage\":{\"@id\":\"https:\\\/\\\/encompaniastj.org\\\/pt-pt\\\/triduo-pascal-2022-comunidade-de-cidade-rodrigo\\\/#primaryimage\"},\"image\":{\"@id\":\"https:\\\/\\\/encompaniastj.org\\\/pt-pt\\\/triduo-pascal-2022-comunidade-de-cidade-rodrigo\\\/#primaryimage\"},\"thumbnailUrl\":\"https:\\\/\\\/encompaniastj.org\\\/wp-content\\\/uploads\\\/2025\\\/05\\\/esta.jpg\",\"datePublished\":\"2022-04-22T07:15:08+00:00\",\"dateModified\":\"2025-07-07T14:23:08+00:00\",\"breadcrumb\":{\"@id\":\"https:\\\/\\\/encompaniastj.org\\\/pt-pt\\\/triduo-pascal-2022-comunidade-de-cidade-rodrigo\\\/#breadcrumb\"},\"inLanguage\":\"pt-PT\",\"potentialAction\":[{\"@type\":\"ReadAction\",\"target\":[\"https:\\\/\\\/encompaniastj.org\\\/pt-pt\\\/triduo-pascal-2022-comunidade-de-cidade-rodrigo\\\/\"]}]},{\"@type\":\"ImageObject\",\"inLanguage\":\"pt-PT\",\"@id\":\"https:\\\/\\\/encompaniastj.org\\\/pt-pt\\\/triduo-pascal-2022-comunidade-de-cidade-rodrigo\\\/#primaryimage\",\"url\":\"https:\\\/\\\/encompaniastj.org\\\/wp-content\\\/uploads\\\/2025\\\/05\\\/esta.jpg\",\"contentUrl\":\"https:\\\/\\\/encompaniastj.org\\\/wp-content\\\/uploads\\\/2025\\\/05\\\/esta.jpg\",\"width\":1250,\"height\":712},{\"@type\":\"BreadcrumbList\",\"@id\":\"https:\\\/\\\/encompaniastj.org\\\/pt-pt\\\/triduo-pascal-2022-comunidade-de-cidade-rodrigo\\\/#breadcrumb\",\"itemListElement\":[{\"@type\":\"ListItem\",\"position\":1,\"name\":\"Portada\",\"item\":\"https:\\\/\\\/encompaniastj.org\\\/pt-pt\\\/\"},{\"@type\":\"ListItem\",\"position\":2,\"name\":\"TR\u00cdDUO PASCAL 2022 - COMUNIDADE DE CIDADE RODRIGO\"}]},{\"@type\":\"WebSite\",\"@id\":\"https:\\\/\\\/encompaniastj.org\\\/pt-pt\\\/#website\",\"url\":\"https:\\\/\\\/encompaniastj.org\\\/pt-pt\\\/\",\"name\":\"En Compa\u00f1\u00eda STJ\",\"description\":\"Bolet\u00edn de la Compa\u00f1\u00eda de Santa Teresa de Jes\u00fas\",\"publisher\":{\"@id\":\"https:\\\/\\\/encompaniastj.org\\\/pt-pt\\\/#organization\"},\"potentialAction\":[{\"@type\":\"SearchAction\",\"target\":{\"@type\":\"EntryPoint\",\"urlTemplate\":\"https:\\\/\\\/encompaniastj.org\\\/pt-pt\\\/?s={search_term_string}\"},\"query-input\":{\"@type\":\"PropertyValueSpecification\",\"valueRequired\":true,\"valueName\":\"search_term_string\"}}],\"inLanguage\":\"pt-PT\"},{\"@type\":\"Organization\",\"@id\":\"https:\\\/\\\/encompaniastj.org\\\/pt-pt\\\/#organization\",\"name\":\"Compa\u00f1\u00eda de Santa Teresa de Jes\u00fas\",\"url\":\"https:\\\/\\\/encompaniastj.org\\\/pt-pt\\\/\",\"logo\":{\"@type\":\"ImageObject\",\"inLanguage\":\"pt-PT\",\"@id\":\"https:\\\/\\\/encompaniastj.org\\\/pt-pt\\\/#\\\/schema\\\/logo\\\/image\\\/\",\"url\":\"https:\\\/\\\/encompaniastj.org\\\/wp-content\\\/uploads\\\/2025\\\/04\\\/logo_provincias02-1-3.png\",\"contentUrl\":\"https:\\\/\\\/encompaniastj.org\\\/wp-content\\\/uploads\\\/2025\\\/04\\\/logo_provincias02-1-3.png\",\"width\":2368,\"height\":825,\"caption\":\"Compa\u00f1\u00eda de Santa Teresa de Jes\u00fas\"},\"image\":{\"@id\":\"https:\\\/\\\/encompaniastj.org\\\/pt-pt\\\/#\\\/schema\\\/logo\\\/image\\\/\"}},{\"@type\":\"Person\",\"@id\":\"https:\\\/\\\/encompaniastj.org\\\/pt-pt\\\/#\\\/schema\\\/person\\\/520e7ecc314793d40091993c2a02b651\",\"name\":\"admin\",\"image\":{\"@type\":\"ImageObject\",\"inLanguage\":\"pt-PT\",\"@id\":\"https:\\\/\\\/secure.gravatar.com\\\/avatar\\\/948b492cce32b586ac2db0eaa926ee87024f7afe218d73b397ea5ddfc5f43ea1?s=96&d=mm&r=g\",\"url\":\"https:\\\/\\\/secure.gravatar.com\\\/avatar\\\/948b492cce32b586ac2db0eaa926ee87024f7afe218d73b397ea5ddfc5f43ea1?s=96&d=mm&r=g\",\"contentUrl\":\"https:\\\/\\\/secure.gravatar.com\\\/avatar\\\/948b492cce32b586ac2db0eaa926ee87024f7afe218d73b397ea5ddfc5f43ea1?s=96&d=mm&r=g\",\"caption\":\"admin\"},\"sameAs\":[\"https:\\\/\\\/encompaniastj.org\"],\"url\":\"https:\\\/\\\/encompaniastj.org\\\/pt-pt\\\/author\\\/sjdigital\\\/\"}]}<\/script>\n<!-- \/ Yoast SEO plugin. -->","yoast_head_json":{"title":"TR\u00cdDUO PASCAL 2022 - COMUNIDADE DE CIDADE RODRIGO - En Compa\u00f1\u00eda STJ","robots":{"index":"index","follow":"follow","max-snippet":"max-snippet:-1","max-image-preview":"max-image-preview:large","max-video-preview":"max-video-preview:-1"},"canonical":"https:\/\/encompaniastj.org\/pt-pt\/triduo-pascal-2022-comunidade-de-cidade-rodrigo\/","og_locale":"pt_PT","og_type":"article","og_title":"TR\u00cdDUO PASCAL 2022 - COMUNIDADE DE CIDADE RODRIGO - En Compa\u00f1\u00eda STJ","og_description":"A comunidade de Cidade Rodrigo tem muito trabalho pastoral, e muito mais nestes dias. Os sacerdotes das cidades t\u00eam cada um 4 ou 5 par\u00f3quias e n\u00e3o chegam. Na Quinta-feira [&hellip;]","og_url":"https:\/\/encompaniastj.org\/pt-pt\/triduo-pascal-2022-comunidade-de-cidade-rodrigo\/","og_site_name":"En Compa\u00f1\u00eda STJ","article_published_time":"2022-04-22T07:15:08+00:00","article_modified_time":"2025-07-07T14:23:08+00:00","og_image":[{"width":1250,"height":712,"url":"https:\/\/encompaniastj.org\/wp-content\/uploads\/2025\/05\/esta.jpg","type":"image\/jpeg"}],"author":"admin","twitter_card":"summary_large_image","twitter_misc":{"Escrito por":"admin","Tempo estimado de leitura":"3 minutos"},"schema":{"@context":"https:\/\/schema.org","@graph":[{"@type":"Article","@id":"https:\/\/encompaniastj.org\/pt-pt\/triduo-pascal-2022-comunidade-de-cidade-rodrigo\/#article","isPartOf":{"@id":"https:\/\/encompaniastj.org\/pt-pt\/triduo-pascal-2022-comunidade-de-cidade-rodrigo\/"},"author":{"name":"admin","@id":"https:\/\/encompaniastj.org\/pt-pt\/#\/schema\/person\/520e7ecc314793d40091993c2a02b651"},"headline":"TR\u00cdDUO PASCAL 2022 - COMUNIDADE DE CIDADE RODRIGO","datePublished":"2022-04-22T07:15:08+00:00","dateModified":"2025-07-07T14:23:08+00:00","mainEntityOfPage":{"@id":"https:\/\/encompaniastj.org\/pt-pt\/triduo-pascal-2022-comunidade-de-cidade-rodrigo\/"},"wordCount":606,"commentCount":0,"publisher":{"@id":"https:\/\/encompaniastj.org\/pt-pt\/#organization"},"image":{"@id":"https:\/\/encompaniastj.org\/pt-pt\/triduo-pascal-2022-comunidade-de-cidade-rodrigo\/#primaryimage"},"thumbnailUrl":"https:\/\/encompaniastj.org\/wp-content\/uploads\/2025\/05\/esta.jpg","articleSection":["Noticias","Paroquial - eclesial","Parroquial - Eclesial"],"inLanguage":"pt-PT","potentialAction":[{"@type":"CommentAction","name":"Comment","target":["https:\/\/encompaniastj.org\/pt-pt\/triduo-pascal-2022-comunidade-de-cidade-rodrigo\/#respond"]}]},{"@type":"WebPage","@id":"https:\/\/encompaniastj.org\/pt-pt\/triduo-pascal-2022-comunidade-de-cidade-rodrigo\/","url":"https:\/\/encompaniastj.org\/pt-pt\/triduo-pascal-2022-comunidade-de-cidade-rodrigo\/","name":"TR\u00cdDUO PASCAL 2022 - COMUNIDADE DE CIDADE RODRIGO - En Compa\u00f1\u00eda STJ","isPartOf":{"@id":"https:\/\/encompaniastj.org\/pt-pt\/#website"},"primaryImageOfPage":{"@id":"https:\/\/encompaniastj.org\/pt-pt\/triduo-pascal-2022-comunidade-de-cidade-rodrigo\/#primaryimage"},"image":{"@id":"https:\/\/encompaniastj.org\/pt-pt\/triduo-pascal-2022-comunidade-de-cidade-rodrigo\/#primaryimage"},"thumbnailUrl":"https:\/\/encompaniastj.org\/wp-content\/uploads\/2025\/05\/esta.jpg","datePublished":"2022-04-22T07:15:08+00:00","dateModified":"2025-07-07T14:23:08+00:00","breadcrumb":{"@id":"https:\/\/encompaniastj.org\/pt-pt\/triduo-pascal-2022-comunidade-de-cidade-rodrigo\/#breadcrumb"},"inLanguage":"pt-PT","potentialAction":[{"@type":"ReadAction","target":["https:\/\/encompaniastj.org\/pt-pt\/triduo-pascal-2022-comunidade-de-cidade-rodrigo\/"]}]},{"@type":"ImageObject","inLanguage":"pt-PT","@id":"https:\/\/encompaniastj.org\/pt-pt\/triduo-pascal-2022-comunidade-de-cidade-rodrigo\/#primaryimage","url":"https:\/\/encompaniastj.org\/wp-content\/uploads\/2025\/05\/esta.jpg","contentUrl":"https:\/\/encompaniastj.org\/wp-content\/uploads\/2025\/05\/esta.jpg","width":1250,"height":712},{"@type":"BreadcrumbList","@id":"https:\/\/encompaniastj.org\/pt-pt\/triduo-pascal-2022-comunidade-de-cidade-rodrigo\/#breadcrumb","itemListElement":[{"@type":"ListItem","position":1,"name":"Portada","item":"https:\/\/encompaniastj.org\/pt-pt\/"},{"@type":"ListItem","position":2,"name":"TR\u00cdDUO PASCAL 2022 - COMUNIDADE DE CIDADE RODRIGO"}]},{"@type":"WebSite","@id":"https:\/\/encompaniastj.org\/pt-pt\/#website","url":"https:\/\/encompaniastj.org\/pt-pt\/","name":"En Compa\u00f1\u00eda STJ","description":"Bolet\u00edn de la Compa\u00f1\u00eda de Santa Teresa de Jes\u00fas","publisher":{"@id":"https:\/\/encompaniastj.org\/pt-pt\/#organization"},"potentialAction":[{"@type":"SearchAction","target":{"@type":"EntryPoint","urlTemplate":"https:\/\/encompaniastj.org\/pt-pt\/?s={search_term_string}"},"query-input":{"@type":"PropertyValueSpecification","valueRequired":true,"valueName":"search_term_string"}}],"inLanguage":"pt-PT"},{"@type":"Organization","@id":"https:\/\/encompaniastj.org\/pt-pt\/#organization","name":"Compa\u00f1\u00eda de Santa Teresa de Jes\u00fas","url":"https:\/\/encompaniastj.org\/pt-pt\/","logo":{"@type":"ImageObject","inLanguage":"pt-PT","@id":"https:\/\/encompaniastj.org\/pt-pt\/#\/schema\/logo\/image\/","url":"https:\/\/encompaniastj.org\/wp-content\/uploads\/2025\/04\/logo_provincias02-1-3.png","contentUrl":"https:\/\/encompaniastj.org\/wp-content\/uploads\/2025\/04\/logo_provincias02-1-3.png","width":2368,"height":825,"caption":"Compa\u00f1\u00eda de Santa Teresa de Jes\u00fas"},"image":{"@id":"https:\/\/encompaniastj.org\/pt-pt\/#\/schema\/logo\/image\/"}},{"@type":"Person","@id":"https:\/\/encompaniastj.org\/pt-pt\/#\/schema\/person\/520e7ecc314793d40091993c2a02b651","name":"admin","image":{"@type":"ImageObject","inLanguage":"pt-PT","@id":"https:\/\/secure.gravatar.com\/avatar\/948b492cce32b586ac2db0eaa926ee87024f7afe218d73b397ea5ddfc5f43ea1?s=96&d=mm&r=g","url":"https:\/\/secure.gravatar.com\/avatar\/948b492cce32b586ac2db0eaa926ee87024f7afe218d73b397ea5ddfc5f43ea1?s=96&d=mm&r=g","contentUrl":"https:\/\/secure.gravatar.com\/avatar\/948b492cce32b586ac2db0eaa926ee87024f7afe218d73b397ea5ddfc5f43ea1?s=96&d=mm&r=g","caption":"admin"},"sameAs":["https:\/\/encompaniastj.org"],"url":"https:\/\/encompaniastj.org\/pt-pt\/author\/sjdigital\/"}]}},"_links":{"self":[{"href":"https:\/\/encompaniastj.org\/pt-pt\/wp-json\/wp\/v2\/posts\/10946","targetHints":{"allow":["GET"]}}],"collection":[{"href":"https:\/\/encompaniastj.org\/pt-pt\/wp-json\/wp\/v2\/posts"}],"about":[{"href":"https:\/\/encompaniastj.org\/pt-pt\/wp-json\/wp\/v2\/types\/post"}],"author":[{"embeddable":true,"href":"https:\/\/encompaniastj.org\/pt-pt\/wp-json\/wp\/v2\/users\/1"}],"replies":[{"embeddable":true,"href":"https:\/\/encompaniastj.org\/pt-pt\/wp-json\/wp\/v2\/comments?post=10946"}],"version-history":[{"count":1,"href":"https:\/\/encompaniastj.org\/pt-pt\/wp-json\/wp\/v2\/posts\/10946\/revisions"}],"predecessor-version":[{"id":10947,"href":"https:\/\/encompaniastj.org\/pt-pt\/wp-json\/wp\/v2\/posts\/10946\/revisions\/10947"}],"wp:featuredmedia":[{"embeddable":true,"href":"https:\/\/encompaniastj.org\/pt-pt\/wp-json\/wp\/v2\/media\/7885"}],"wp:attachment":[{"href":"https:\/\/encompaniastj.org\/pt-pt\/wp-json\/wp\/v2\/media?parent=10946"}],"wp:term":[{"taxonomy":"category","embeddable":true,"href":"https:\/\/encompaniastj.org\/pt-pt\/wp-json\/wp\/v2\/categories?post=10946"},{"taxonomy":"post_tag","embeddable":true,"href":"https:\/\/encompaniastj.org\/pt-pt\/wp-json\/wp\/v2\/tags?post=10946"}],"curies":[{"name":"wp","href":"https:\/\/api.w.org\/{rel}","templated":true}]}}