{"id":10940,"date":"2022-04-26T16:05:42","date_gmt":"2022-04-26T14:05:42","guid":{"rendered":"https:\/\/encompaniastj.org\/alguem-tem-pao\/"},"modified":"2025-07-07T16:23:07","modified_gmt":"2025-07-07T14:23:07","slug":"alguem-tem-pao","status":"publish","type":"post","link":"https:\/\/encompaniastj.org\/pt-pt\/alguem-tem-pao\/","title":{"rendered":"ALGU\u00c9M TEM P\u00c3O?"},"content":{"rendered":"<p>Javier Melloni sj prop\u00f4s recentemente, num retiro antes da P\u00e1scoa, come\u00e7ar pela pr\u00e9-P\u00e1scoa\u2026 agora \u00e9 comum ouvir falar de pr\u00e9-casamento, pr\u00e9-festa, pr\u00e9\u2026 \u00a0Melloni referia-se a uma passagem da vida de Jesus na qual ele e os disc\u00edpulos mais tarde, t\u00eam que viver um passo importante nas suas vidas: passar a noite do outro lado do lago, rompendo com uma experi\u00eancia de sucesso enganoso ap\u00f3s a multiplica\u00e7\u00e3o dos p\u00e3es (Jo 6). E eles vivem a\u00ed uma experi\u00eancia do que mais tarde ser\u00e1 a P\u00e1scoa, um passo definitivo e verdadeiro.<\/p>\n<p>Precisamos ser alcan\u00e7ados na nossa profundidade, ali onde mente e cora\u00e7\u00e3o s\u00e3o um, para receb\u00ea-lo e reconhec\u00ea-lo n\u00e3o apenas ressuscitado, mas tamb\u00e9m ressuscitando. Esta irrup\u00e7\u00e3o ocorre, mas devemos estar dispon\u00edveis e deixar-nos afetar de tal maneira que transforme a totalidade da nossa pessoa&#8230; A verdade a que o Esp\u00edrito conduz \u00e9 o reconhecimento de que onde h\u00e1 vida vivida a partir da doa\u00e7\u00e3o, existe a sua Presen\u00e7a. Quem vive aberto tem acesso a esse centro que o Esp\u00edrito expande por toda parte, que se reconhece na qualidade de uma exist\u00eancia descentrada de si mesmo. Os sinais s\u00e3o: &#8220;amor, alegria, paz, compreens\u00e3o, benignidade, bondade, fidelidade, mansid\u00e3o e dom\u00ednio de si mesmo.&#8221;(Gal. 5,22).<a href=\"#_ftn1\" name=\"_ftnref1\">[1]<\/a><\/p>\n<p>Ser\u00e3o sempre sinais, do Amor que n\u00e3o se v\u00ea, os da vida concreta que se v\u00ea, os dessa vida descentralizada e aberta aos outros, os que se encarnam onde <em>nada de humano nos \u00e9 estranho, <\/em>essa vida que o Papa chama em sa\u00edda<em>\u2026<\/em><\/p>\n<p>&#8220;Algu\u00e9m tem p\u00e3o?&#8221; perguntou Jesus para viver o amor concreto naquele dia, no meio de uma multid\u00e3o faminta&#8230; E Melloni comenta: Uma crian\u00e7a aparece diante dos disc\u00edpulos e diz: isto \u00e9 o que eu tenho. Um pedacinho de p\u00e3o que ele trouxe de casa. Com esse pouco e esse tudo dessa crian\u00e7a, come\u00e7a a abund\u00e2ncia. Quando a multid\u00e3o viu o que o menino havia dado, eles come\u00e7aram a lembrar-se de que alguns tamb\u00e9m haviam trazido algo e come\u00e7aram a partilhar o que trouxeram na bolsa ou no bolso. E quando todos come\u00e7amos a partilhar, h\u00e1 para todos e sobra. Depois disso, h\u00e1 euforia e eles procuram Jesus porque ele satisfez seus desejos e querem faz\u00ea-lo rei. E Jesus deixa-os e vai para o outro lado do lago.<\/p>\n<p>\u00c9 o que os disc\u00edpulos t\u00eam que fazer naquela pr\u00e9-P\u00e1scoa, atravessar o lago e ir para a outra margem, \u00e0 noite, com tempestade e medo, e sem Jesus&#8230; quatro sinais de morte. Quando os disc\u00edpulos partiram, no meio do lago, ouviram a voz de Jesus: &#8220;Sou eu, n\u00e3o tenhais medo&#8221;. \u00c9 a P\u00e1scoa, a passagem para outro n\u00edvel, com aquele &#8220;eu sou&#8221; libertador do medo e da ang\u00fastia, da noite e da perda de sentido, e \u00e9 a passagem para o centro do nosso ser, onde o melhor de cada um nos leva a reconhecer onde est\u00e1 a verdadeira vida e a partilhar o p\u00e3ozinho de cada um para que todos tenhamos e ainda sobre.<\/p>\n<p>Diz uma can\u00e7\u00e3o: Para encontrar-te sairei do amor que me fecha, do querer que me isola, do interesse que me cega.<a href=\"#_ftn2\" name=\"_ftnref2\">[2]<\/a>Em cada dia onde nos encontramos <em>amea\u00e7ados de ressurrei\u00e7\u00e3o<a href=\"#_ftn3\" name=\"_ftnref3\"><strong>[3]<\/strong><\/a>,<\/em> <em>n\u00e3o de morte<\/em><a href=\"#_ftn4\" name=\"_ftnref4\">[4]<\/a>, cremos como crist\u00e3os e nos espera a vida concreta no amor que recebemos e que, se est\u00e1 vivo, desperta o \u201cpartilhar o p\u00e3o\u201d. Ent\u00e3o \u00e9 P\u00e1scoa cada dia, passamos da morte \u00e0 vida e somos <em>testemunho de esperan\u00e7a de futuro<\/em>.<a href=\"#_ftn5\" name=\"_ftnref5\">[5]<\/a><\/p>\n<p>&nbsp;<\/p>\n<p><em>Isabel del Valle<\/em><\/p>\n<p><a href=\"#_ftnref1\" name=\"_ftn1\">[1]<\/a> Melloni, Javier. O Cristo interior. Herder editorial. 2010. Barcelona<\/p>\n<p><a href=\"#_ftnref2\" name=\"_ftn2\">[2]<\/a> Para encontrar-te, do CD SJ Ignacio \u00edntimo<\/p>\n<p><a href=\"#_ftnref3\" name=\"_ftn3\">[3]<\/a> Amea\u00e7ados de ressurrei\u00e7\u00e3o. Retiro com Javier Melloni sj. <a href=\"https:\/\/youtu.be\/WfklQtpK3uU\">https:\/\/youtu.be\/WfklQtpK3uU<\/a><\/p>\n<p><a href=\"#_ftnref4\" name=\"_ftn4\">[4]<\/a> Jos\u00e9 Calder\u00f3n Salazar, jornalista guatemalteco. <a href=\"https:\/\/reflexiondeldia.eu\/es\/reflexion.php?idReflexion=2250&amp;fecha=2019-05-02&amp;idCategoria=18\">https:\/\/reflexiondeldia.eu\/es\/reflexion.php?idReflexion=2250&amp;fecha=2019-05-02&amp;idCategoria=18<\/a><\/p>\n<p><a href=\"#_ftnref5\" name=\"_ftn5\">[5]<\/a> S. \u00d3scar Romero<\/p>\n","protected":false},"excerpt":{"rendered":"<p>Javier Melloni sj prop\u00f4s recentemente, num retiro antes da P\u00e1scoa, come\u00e7ar pela pr\u00e9-P\u00e1scoa\u2026 agora \u00e9 comum ouvir falar de pr\u00e9-casamento, pr\u00e9-festa, pr\u00e9\u2026 \u00a0Melloni referia-se a uma passagem da vida de [&hellip;]<\/p>\n","protected":false},"author":1,"featured_media":7883,"comment_status":"open","ping_status":"open","sticky":false,"template":"","format":"standard","meta":{"_acf_changed":false,"footnotes":""},"categories":[77],"tags":[],"class_list":["post-10940","post","type-post","status-publish","format-standard","has-post-thumbnail","hentry","category-palabras"],"acf":[],"yoast_head":"<!-- This site is optimized with the Yoast SEO plugin v27.5 - https:\/\/yoast.com\/product\/yoast-seo-wordpress\/ -->\n<title>ALGU\u00c9M TEM P\u00c3O? - En Compa\u00f1\u00eda STJ<\/title>\n<meta name=\"robots\" content=\"index, follow, max-snippet:-1, max-image-preview:large, max-video-preview:-1\" \/>\n<link rel=\"canonical\" href=\"https:\/\/encompaniastj.org\/pt-pt\/alguem-tem-pao\/\" \/>\n<meta property=\"og:locale\" content=\"pt_PT\" \/>\n<meta property=\"og:type\" content=\"article\" \/>\n<meta property=\"og:title\" content=\"ALGU\u00c9M TEM P\u00c3O? - En Compa\u00f1\u00eda STJ\" \/>\n<meta property=\"og:description\" content=\"Javier Melloni sj prop\u00f4s recentemente, num retiro antes da P\u00e1scoa, come\u00e7ar pela pr\u00e9-P\u00e1scoa\u2026 agora \u00e9 comum ouvir falar de pr\u00e9-casamento, pr\u00e9-festa, pr\u00e9\u2026 \u00a0Melloni referia-se a uma passagem da vida de [&hellip;]\" \/>\n<meta property=\"og:url\" content=\"https:\/\/encompaniastj.org\/pt-pt\/alguem-tem-pao\/\" \/>\n<meta property=\"og:site_name\" content=\"En Compa\u00f1\u00eda STJ\" \/>\n<meta property=\"article:published_time\" content=\"2022-04-26T14:05:42+00:00\" \/>\n<meta property=\"article:modified_time\" content=\"2025-07-07T14:23:07+00:00\" \/>\n<meta property=\"og:image\" content=\"https:\/\/encompaniastj.org\/wp-content\/uploads\/2025\/05\/NINO-CON-PAN-6.jpg\" \/>\n\t<meta property=\"og:image:width\" content=\"500\" \/>\n\t<meta property=\"og:image:height\" content=\"333\" \/>\n\t<meta property=\"og:image:type\" content=\"image\/jpeg\" \/>\n<meta name=\"author\" content=\"admin\" \/>\n<meta name=\"twitter:card\" content=\"summary_large_image\" \/>\n<meta name=\"twitter:label1\" content=\"Escrito por\" \/>\n\t<meta name=\"twitter:data1\" content=\"admin\" \/>\n\t<meta name=\"twitter:label2\" content=\"Tempo estimado de leitura\" \/>\n\t<meta name=\"twitter:data2\" content=\"3 minutos\" \/>\n<script type=\"application\/ld+json\" class=\"yoast-schema-graph\">{\"@context\":\"https:\\\/\\\/schema.org\",\"@graph\":[{\"@type\":\"Article\",\"@id\":\"https:\\\/\\\/encompaniastj.org\\\/pt-pt\\\/alguem-tem-pao\\\/#article\",\"isPartOf\":{\"@id\":\"https:\\\/\\\/encompaniastj.org\\\/pt-pt\\\/alguem-tem-pao\\\/\"},\"author\":{\"name\":\"admin\",\"@id\":\"https:\\\/\\\/encompaniastj.org\\\/pt-pt\\\/#\\\/schema\\\/person\\\/520e7ecc314793d40091993c2a02b651\"},\"headline\":\"ALGU\u00c9M TEM P\u00c3O?\",\"datePublished\":\"2022-04-26T14:05:42+00:00\",\"dateModified\":\"2025-07-07T14:23:07+00:00\",\"mainEntityOfPage\":{\"@id\":\"https:\\\/\\\/encompaniastj.org\\\/pt-pt\\\/alguem-tem-pao\\\/\"},\"wordCount\":677,\"commentCount\":0,\"publisher\":{\"@id\":\"https:\\\/\\\/encompaniastj.org\\\/pt-pt\\\/#organization\"},\"image\":{\"@id\":\"https:\\\/\\\/encompaniastj.org\\\/pt-pt\\\/alguem-tem-pao\\\/#primaryimage\"},\"thumbnailUrl\":\"https:\\\/\\\/encompaniastj.org\\\/wp-content\\\/uploads\\\/2025\\\/05\\\/NINO-CON-PAN-6.jpg\",\"articleSection\":[\"Palabras\"],\"inLanguage\":\"pt-PT\",\"potentialAction\":[{\"@type\":\"CommentAction\",\"name\":\"Comment\",\"target\":[\"https:\\\/\\\/encompaniastj.org\\\/pt-pt\\\/alguem-tem-pao\\\/#respond\"]}]},{\"@type\":\"WebPage\",\"@id\":\"https:\\\/\\\/encompaniastj.org\\\/pt-pt\\\/alguem-tem-pao\\\/\",\"url\":\"https:\\\/\\\/encompaniastj.org\\\/pt-pt\\\/alguem-tem-pao\\\/\",\"name\":\"ALGU\u00c9M TEM P\u00c3O? - En Compa\u00f1\u00eda STJ\",\"isPartOf\":{\"@id\":\"https:\\\/\\\/encompaniastj.org\\\/pt-pt\\\/#website\"},\"primaryImageOfPage\":{\"@id\":\"https:\\\/\\\/encompaniastj.org\\\/pt-pt\\\/alguem-tem-pao\\\/#primaryimage\"},\"image\":{\"@id\":\"https:\\\/\\\/encompaniastj.org\\\/pt-pt\\\/alguem-tem-pao\\\/#primaryimage\"},\"thumbnailUrl\":\"https:\\\/\\\/encompaniastj.org\\\/wp-content\\\/uploads\\\/2025\\\/05\\\/NINO-CON-PAN-6.jpg\",\"datePublished\":\"2022-04-26T14:05:42+00:00\",\"dateModified\":\"2025-07-07T14:23:07+00:00\",\"breadcrumb\":{\"@id\":\"https:\\\/\\\/encompaniastj.org\\\/pt-pt\\\/alguem-tem-pao\\\/#breadcrumb\"},\"inLanguage\":\"pt-PT\",\"potentialAction\":[{\"@type\":\"ReadAction\",\"target\":[\"https:\\\/\\\/encompaniastj.org\\\/pt-pt\\\/alguem-tem-pao\\\/\"]}]},{\"@type\":\"ImageObject\",\"inLanguage\":\"pt-PT\",\"@id\":\"https:\\\/\\\/encompaniastj.org\\\/pt-pt\\\/alguem-tem-pao\\\/#primaryimage\",\"url\":\"https:\\\/\\\/encompaniastj.org\\\/wp-content\\\/uploads\\\/2025\\\/05\\\/NINO-CON-PAN-6.jpg\",\"contentUrl\":\"https:\\\/\\\/encompaniastj.org\\\/wp-content\\\/uploads\\\/2025\\\/05\\\/NINO-CON-PAN-6.jpg\",\"width\":500,\"height\":333},{\"@type\":\"BreadcrumbList\",\"@id\":\"https:\\\/\\\/encompaniastj.org\\\/pt-pt\\\/alguem-tem-pao\\\/#breadcrumb\",\"itemListElement\":[{\"@type\":\"ListItem\",\"position\":1,\"name\":\"Portada\",\"item\":\"https:\\\/\\\/encompaniastj.org\\\/pt-pt\\\/\"},{\"@type\":\"ListItem\",\"position\":2,\"name\":\"ALGU\u00c9M TEM P\u00c3O?\"}]},{\"@type\":\"WebSite\",\"@id\":\"https:\\\/\\\/encompaniastj.org\\\/pt-pt\\\/#website\",\"url\":\"https:\\\/\\\/encompaniastj.org\\\/pt-pt\\\/\",\"name\":\"En Compa\u00f1\u00eda STJ\",\"description\":\"Bolet\u00edn de la Compa\u00f1\u00eda de Santa Teresa de Jes\u00fas\",\"publisher\":{\"@id\":\"https:\\\/\\\/encompaniastj.org\\\/pt-pt\\\/#organization\"},\"potentialAction\":[{\"@type\":\"SearchAction\",\"target\":{\"@type\":\"EntryPoint\",\"urlTemplate\":\"https:\\\/\\\/encompaniastj.org\\\/pt-pt\\\/?s={search_term_string}\"},\"query-input\":{\"@type\":\"PropertyValueSpecification\",\"valueRequired\":true,\"valueName\":\"search_term_string\"}}],\"inLanguage\":\"pt-PT\"},{\"@type\":\"Organization\",\"@id\":\"https:\\\/\\\/encompaniastj.org\\\/pt-pt\\\/#organization\",\"name\":\"Compa\u00f1\u00eda de Santa Teresa de Jes\u00fas\",\"url\":\"https:\\\/\\\/encompaniastj.org\\\/pt-pt\\\/\",\"logo\":{\"@type\":\"ImageObject\",\"inLanguage\":\"pt-PT\",\"@id\":\"https:\\\/\\\/encompaniastj.org\\\/pt-pt\\\/#\\\/schema\\\/logo\\\/image\\\/\",\"url\":\"https:\\\/\\\/encompaniastj.org\\\/wp-content\\\/uploads\\\/2025\\\/04\\\/logo_provincias02-1-3.png\",\"contentUrl\":\"https:\\\/\\\/encompaniastj.org\\\/wp-content\\\/uploads\\\/2025\\\/04\\\/logo_provincias02-1-3.png\",\"width\":2368,\"height\":825,\"caption\":\"Compa\u00f1\u00eda de Santa Teresa de Jes\u00fas\"},\"image\":{\"@id\":\"https:\\\/\\\/encompaniastj.org\\\/pt-pt\\\/#\\\/schema\\\/logo\\\/image\\\/\"}},{\"@type\":\"Person\",\"@id\":\"https:\\\/\\\/encompaniastj.org\\\/pt-pt\\\/#\\\/schema\\\/person\\\/520e7ecc314793d40091993c2a02b651\",\"name\":\"admin\",\"image\":{\"@type\":\"ImageObject\",\"inLanguage\":\"pt-PT\",\"@id\":\"https:\\\/\\\/secure.gravatar.com\\\/avatar\\\/948b492cce32b586ac2db0eaa926ee87024f7afe218d73b397ea5ddfc5f43ea1?s=96&d=mm&r=g\",\"url\":\"https:\\\/\\\/secure.gravatar.com\\\/avatar\\\/948b492cce32b586ac2db0eaa926ee87024f7afe218d73b397ea5ddfc5f43ea1?s=96&d=mm&r=g\",\"contentUrl\":\"https:\\\/\\\/secure.gravatar.com\\\/avatar\\\/948b492cce32b586ac2db0eaa926ee87024f7afe218d73b397ea5ddfc5f43ea1?s=96&d=mm&r=g\",\"caption\":\"admin\"},\"sameAs\":[\"https:\\\/\\\/encompaniastj.org\"],\"url\":\"https:\\\/\\\/encompaniastj.org\\\/pt-pt\\\/author\\\/sjdigital\\\/\"}]}<\/script>\n<!-- \/ Yoast SEO plugin. -->","yoast_head_json":{"title":"ALGU\u00c9M TEM P\u00c3O? - En Compa\u00f1\u00eda STJ","robots":{"index":"index","follow":"follow","max-snippet":"max-snippet:-1","max-image-preview":"max-image-preview:large","max-video-preview":"max-video-preview:-1"},"canonical":"https:\/\/encompaniastj.org\/pt-pt\/alguem-tem-pao\/","og_locale":"pt_PT","og_type":"article","og_title":"ALGU\u00c9M TEM P\u00c3O? - En Compa\u00f1\u00eda STJ","og_description":"Javier Melloni sj prop\u00f4s recentemente, num retiro antes da P\u00e1scoa, come\u00e7ar pela pr\u00e9-P\u00e1scoa\u2026 agora \u00e9 comum ouvir falar de pr\u00e9-casamento, pr\u00e9-festa, pr\u00e9\u2026 \u00a0Melloni referia-se a uma passagem da vida de [&hellip;]","og_url":"https:\/\/encompaniastj.org\/pt-pt\/alguem-tem-pao\/","og_site_name":"En Compa\u00f1\u00eda STJ","article_published_time":"2022-04-26T14:05:42+00:00","article_modified_time":"2025-07-07T14:23:07+00:00","og_image":[{"width":500,"height":333,"url":"https:\/\/encompaniastj.org\/wp-content\/uploads\/2025\/05\/NINO-CON-PAN-6.jpg","type":"image\/jpeg"}],"author":"admin","twitter_card":"summary_large_image","twitter_misc":{"Escrito por":"admin","Tempo estimado de leitura":"3 minutos"},"schema":{"@context":"https:\/\/schema.org","@graph":[{"@type":"Article","@id":"https:\/\/encompaniastj.org\/pt-pt\/alguem-tem-pao\/#article","isPartOf":{"@id":"https:\/\/encompaniastj.org\/pt-pt\/alguem-tem-pao\/"},"author":{"name":"admin","@id":"https:\/\/encompaniastj.org\/pt-pt\/#\/schema\/person\/520e7ecc314793d40091993c2a02b651"},"headline":"ALGU\u00c9M TEM P\u00c3O?","datePublished":"2022-04-26T14:05:42+00:00","dateModified":"2025-07-07T14:23:07+00:00","mainEntityOfPage":{"@id":"https:\/\/encompaniastj.org\/pt-pt\/alguem-tem-pao\/"},"wordCount":677,"commentCount":0,"publisher":{"@id":"https:\/\/encompaniastj.org\/pt-pt\/#organization"},"image":{"@id":"https:\/\/encompaniastj.org\/pt-pt\/alguem-tem-pao\/#primaryimage"},"thumbnailUrl":"https:\/\/encompaniastj.org\/wp-content\/uploads\/2025\/05\/NINO-CON-PAN-6.jpg","articleSection":["Palabras"],"inLanguage":"pt-PT","potentialAction":[{"@type":"CommentAction","name":"Comment","target":["https:\/\/encompaniastj.org\/pt-pt\/alguem-tem-pao\/#respond"]}]},{"@type":"WebPage","@id":"https:\/\/encompaniastj.org\/pt-pt\/alguem-tem-pao\/","url":"https:\/\/encompaniastj.org\/pt-pt\/alguem-tem-pao\/","name":"ALGU\u00c9M TEM P\u00c3O? - En Compa\u00f1\u00eda STJ","isPartOf":{"@id":"https:\/\/encompaniastj.org\/pt-pt\/#website"},"primaryImageOfPage":{"@id":"https:\/\/encompaniastj.org\/pt-pt\/alguem-tem-pao\/#primaryimage"},"image":{"@id":"https:\/\/encompaniastj.org\/pt-pt\/alguem-tem-pao\/#primaryimage"},"thumbnailUrl":"https:\/\/encompaniastj.org\/wp-content\/uploads\/2025\/05\/NINO-CON-PAN-6.jpg","datePublished":"2022-04-26T14:05:42+00:00","dateModified":"2025-07-07T14:23:07+00:00","breadcrumb":{"@id":"https:\/\/encompaniastj.org\/pt-pt\/alguem-tem-pao\/#breadcrumb"},"inLanguage":"pt-PT","potentialAction":[{"@type":"ReadAction","target":["https:\/\/encompaniastj.org\/pt-pt\/alguem-tem-pao\/"]}]},{"@type":"ImageObject","inLanguage":"pt-PT","@id":"https:\/\/encompaniastj.org\/pt-pt\/alguem-tem-pao\/#primaryimage","url":"https:\/\/encompaniastj.org\/wp-content\/uploads\/2025\/05\/NINO-CON-PAN-6.jpg","contentUrl":"https:\/\/encompaniastj.org\/wp-content\/uploads\/2025\/05\/NINO-CON-PAN-6.jpg","width":500,"height":333},{"@type":"BreadcrumbList","@id":"https:\/\/encompaniastj.org\/pt-pt\/alguem-tem-pao\/#breadcrumb","itemListElement":[{"@type":"ListItem","position":1,"name":"Portada","item":"https:\/\/encompaniastj.org\/pt-pt\/"},{"@type":"ListItem","position":2,"name":"ALGU\u00c9M TEM P\u00c3O?"}]},{"@type":"WebSite","@id":"https:\/\/encompaniastj.org\/pt-pt\/#website","url":"https:\/\/encompaniastj.org\/pt-pt\/","name":"En Compa\u00f1\u00eda STJ","description":"Bolet\u00edn de la Compa\u00f1\u00eda de Santa Teresa de Jes\u00fas","publisher":{"@id":"https:\/\/encompaniastj.org\/pt-pt\/#organization"},"potentialAction":[{"@type":"SearchAction","target":{"@type":"EntryPoint","urlTemplate":"https:\/\/encompaniastj.org\/pt-pt\/?s={search_term_string}"},"query-input":{"@type":"PropertyValueSpecification","valueRequired":true,"valueName":"search_term_string"}}],"inLanguage":"pt-PT"},{"@type":"Organization","@id":"https:\/\/encompaniastj.org\/pt-pt\/#organization","name":"Compa\u00f1\u00eda de Santa Teresa de Jes\u00fas","url":"https:\/\/encompaniastj.org\/pt-pt\/","logo":{"@type":"ImageObject","inLanguage":"pt-PT","@id":"https:\/\/encompaniastj.org\/pt-pt\/#\/schema\/logo\/image\/","url":"https:\/\/encompaniastj.org\/wp-content\/uploads\/2025\/04\/logo_provincias02-1-3.png","contentUrl":"https:\/\/encompaniastj.org\/wp-content\/uploads\/2025\/04\/logo_provincias02-1-3.png","width":2368,"height":825,"caption":"Compa\u00f1\u00eda de Santa Teresa de Jes\u00fas"},"image":{"@id":"https:\/\/encompaniastj.org\/pt-pt\/#\/schema\/logo\/image\/"}},{"@type":"Person","@id":"https:\/\/encompaniastj.org\/pt-pt\/#\/schema\/person\/520e7ecc314793d40091993c2a02b651","name":"admin","image":{"@type":"ImageObject","inLanguage":"pt-PT","@id":"https:\/\/secure.gravatar.com\/avatar\/948b492cce32b586ac2db0eaa926ee87024f7afe218d73b397ea5ddfc5f43ea1?s=96&d=mm&r=g","url":"https:\/\/secure.gravatar.com\/avatar\/948b492cce32b586ac2db0eaa926ee87024f7afe218d73b397ea5ddfc5f43ea1?s=96&d=mm&r=g","contentUrl":"https:\/\/secure.gravatar.com\/avatar\/948b492cce32b586ac2db0eaa926ee87024f7afe218d73b397ea5ddfc5f43ea1?s=96&d=mm&r=g","caption":"admin"},"sameAs":["https:\/\/encompaniastj.org"],"url":"https:\/\/encompaniastj.org\/pt-pt\/author\/sjdigital\/"}]}},"_links":{"self":[{"href":"https:\/\/encompaniastj.org\/pt-pt\/wp-json\/wp\/v2\/posts\/10940","targetHints":{"allow":["GET"]}}],"collection":[{"href":"https:\/\/encompaniastj.org\/pt-pt\/wp-json\/wp\/v2\/posts"}],"about":[{"href":"https:\/\/encompaniastj.org\/pt-pt\/wp-json\/wp\/v2\/types\/post"}],"author":[{"embeddable":true,"href":"https:\/\/encompaniastj.org\/pt-pt\/wp-json\/wp\/v2\/users\/1"}],"replies":[{"embeddable":true,"href":"https:\/\/encompaniastj.org\/pt-pt\/wp-json\/wp\/v2\/comments?post=10940"}],"version-history":[{"count":1,"href":"https:\/\/encompaniastj.org\/pt-pt\/wp-json\/wp\/v2\/posts\/10940\/revisions"}],"predecessor-version":[{"id":10941,"href":"https:\/\/encompaniastj.org\/pt-pt\/wp-json\/wp\/v2\/posts\/10940\/revisions\/10941"}],"wp:featuredmedia":[{"embeddable":true,"href":"https:\/\/encompaniastj.org\/pt-pt\/wp-json\/wp\/v2\/media\/7883"}],"wp:attachment":[{"href":"https:\/\/encompaniastj.org\/pt-pt\/wp-json\/wp\/v2\/media?parent=10940"}],"wp:term":[{"taxonomy":"category","embeddable":true,"href":"https:\/\/encompaniastj.org\/pt-pt\/wp-json\/wp\/v2\/categories?post=10940"},{"taxonomy":"post_tag","embeddable":true,"href":"https:\/\/encompaniastj.org\/pt-pt\/wp-json\/wp\/v2\/tags?post=10940"}],"curies":[{"name":"wp","href":"https:\/\/api.w.org\/{rel}","templated":true}]}}