{"id":10934,"date":"2022-04-12T07:34:30","date_gmt":"2022-04-12T05:34:30","guid":{"rendered":"https:\/\/encompaniastj.org\/no-caminho-de-sinodalidade\/"},"modified":"2025-07-07T16:23:07","modified_gmt":"2025-07-07T14:23:07","slug":"no-caminho-de-sinodalidade","status":"publish","type":"post","link":"https:\/\/encompaniastj.org\/pt-pt\/no-caminho-de-sinodalidade\/","title":{"rendered":"NO CAMINHO DE SINODALIDADE"},"content":{"rendered":"<p>No passado dia 26 de mar\u00e7o as irm\u00e3s da comunidade de Valladolid-Bel\u00e9m particip\u00e1mos na Assembleia Paroquial que com o motivo deste ano sinodal se celebrou nos espa\u00e7os da par\u00f3quia de Pilarica.<\/p>\n<p>Inici\u00e1mos a Assembleia com uma ora\u00e7\u00e3o ao Esp\u00edrito na qual nos era convidado a caminhar juntos.<\/p>\n<p>Durante estes \u00faltimos meses temos participado, em diferentes grupos, das reuni\u00f5es para avan\u00e7ar na sinodalidade. Neles pudemos recordar as nossas experi\u00eancias na Igreja local e dialog\u00e1mos sobre como:<\/p>\n<ul>\n<li>Vivemos na Igreja a escuta de vozes que \u00e0s vezes ignoramos (mulheres, jovens, afastados, periferias, exclus\u00e3o&#8230;)<\/li>\n<li>S\u00e3o as nossas celebra\u00e7\u00f5es, a nossa participa\u00e7\u00e3o nelas e como podemos melhorar na participa\u00e7\u00e3o ativa, linguagens, s\u00edmbolos&#8230;<\/li>\n<li>Geramos experi\u00eancias ou espa\u00e7os de corresponsabilidade partilhada.<\/li>\n<li>A Igreja deveria aproximar-se a \u00e2mbitos do nosso mundo atual (cultura, economia, pol\u00edtica&#8230;)<\/li>\n<li>Promovemos a transpar\u00eancia e a responsabilidade.<\/li>\n<li>\u2026<\/li>\n<\/ul>\n<p>Na Assembleia apresent\u00e1mos a s\u00edntese do trabalho realizado nos grupos nos \u00faltimos meses e partilh\u00e1mos os desafios que surgem dos pontos trabalhados em pequenos grupos dentro da pr\u00f3pria Assembleia. Do trabalho resultante partilh\u00e1mos umas <strong>velas<\/strong> (contribui\u00e7\u00f5es que iluminam o caminho sinodal) e <strong>pedras<\/strong> (o que dificulta e deve ser melhorado nesse caminho) que posteriormente coloc\u00e1mos no logotipo oficial deste tempo sinodal.<\/p>\n<p>No fim, reafirm\u00e1mos que, em maior ou menor medida, todos temos experi\u00eancia de sinodalidade e, de forma mais concreta, o caminho da Unidade paroquial de Bel\u00e9m-Pilarica \u00e9 express\u00e3o desse caminho que estamos chamados a viver.<\/p>\n<p>Termin\u00e1mos a nossa Assembleia agradecendo a partilha com os diversos membros da comunidade paroquial e como n\u00e3o poderia ser menos, tomando um copo de vinho e uns past\u00e9is que nos ajudavam a celebrar o caminho percorrido at\u00e9 aqui, juntos.<\/p>\n<p>Todas n\u00f3s nos sentimos parte desta comunidade paroquial que nos ajuda a sentir e amar a Igreja e pensamos que este tempo sinodal \u00e9 uma Gra\u00e7a que devemos cuidar.<\/p>\n\n<p>&nbsp;<\/p>\n","protected":false},"excerpt":{"rendered":"<p>No passado dia 26 de mar\u00e7o as irm\u00e3s da comunidade de Valladolid-Bel\u00e9m particip\u00e1mos na Assembleia Paroquial que com o motivo deste ano sinodal se celebrou nos espa\u00e7os da par\u00f3quia de [&hellip;]<\/p>\n","protected":false},"author":1,"featured_media":7879,"comment_status":"open","ping_status":"open","sticky":false,"template":"","format":"standard","meta":{"_acf_changed":false,"footnotes":""},"categories":[61,80,78],"tags":[],"class_list":["post-10934","post","type-post","status-publish","format-standard","has-post-thumbnail","hentry","category-noticias","category-paroquial-eclesial","category-parroquial-eclesial"],"acf":[],"yoast_head":"<!-- This site is optimized with the Yoast SEO plugin v27.5 - https:\/\/yoast.com\/product\/yoast-seo-wordpress\/ -->\n<title>NO CAMINHO DE SINODALIDADE - En Compa\u00f1\u00eda STJ<\/title>\n<meta name=\"robots\" content=\"index, follow, max-snippet:-1, max-image-preview:large, max-video-preview:-1\" \/>\n<link rel=\"canonical\" href=\"https:\/\/encompaniastj.org\/pt-pt\/no-caminho-de-sinodalidade\/\" \/>\n<meta property=\"og:locale\" content=\"pt_PT\" \/>\n<meta property=\"og:type\" content=\"article\" \/>\n<meta property=\"og:title\" content=\"NO CAMINHO DE SINODALIDADE - En Compa\u00f1\u00eda STJ\" \/>\n<meta property=\"og:description\" content=\"No passado dia 26 de mar\u00e7o as irm\u00e3s da comunidade de Valladolid-Bel\u00e9m particip\u00e1mos na Assembleia Paroquial que com o motivo deste ano sinodal se celebrou nos espa\u00e7os da par\u00f3quia de [&hellip;]\" \/>\n<meta property=\"og:url\" content=\"https:\/\/encompaniastj.org\/pt-pt\/no-caminho-de-sinodalidade\/\" \/>\n<meta property=\"og:site_name\" content=\"En Compa\u00f1\u00eda STJ\" \/>\n<meta property=\"article:published_time\" content=\"2022-04-12T05:34:30+00:00\" \/>\n<meta property=\"article:modified_time\" content=\"2025-07-07T14:23:07+00:00\" \/>\n<meta property=\"og:image\" content=\"https:\/\/encompaniastj.org\/wp-content\/uploads\/2025\/05\/Vall3.jpg\" \/>\n\t<meta property=\"og:image:width\" content=\"500\" \/>\n\t<meta property=\"og:image:height\" content=\"281\" \/>\n\t<meta property=\"og:image:type\" content=\"image\/jpeg\" \/>\n<meta name=\"author\" content=\"admin\" \/>\n<meta name=\"twitter:card\" content=\"summary_large_image\" \/>\n<meta name=\"twitter:label1\" content=\"Escrito por\" \/>\n\t<meta name=\"twitter:data1\" content=\"admin\" \/>\n\t<meta name=\"twitter:label2\" content=\"Tempo estimado de leitura\" \/>\n\t<meta name=\"twitter:data2\" content=\"2 minutos\" \/>\n<script type=\"application\/ld+json\" class=\"yoast-schema-graph\">{\"@context\":\"https:\\\/\\\/schema.org\",\"@graph\":[{\"@type\":\"Article\",\"@id\":\"https:\\\/\\\/encompaniastj.org\\\/pt-pt\\\/no-caminho-de-sinodalidade\\\/#article\",\"isPartOf\":{\"@id\":\"https:\\\/\\\/encompaniastj.org\\\/pt-pt\\\/no-caminho-de-sinodalidade\\\/\"},\"author\":{\"name\":\"admin\",\"@id\":\"https:\\\/\\\/encompaniastj.org\\\/pt-pt\\\/#\\\/schema\\\/person\\\/520e7ecc314793d40091993c2a02b651\"},\"headline\":\"NO CAMINHO DE SINODALIDADE\",\"datePublished\":\"2022-04-12T05:34:30+00:00\",\"dateModified\":\"2025-07-07T14:23:07+00:00\",\"mainEntityOfPage\":{\"@id\":\"https:\\\/\\\/encompaniastj.org\\\/pt-pt\\\/no-caminho-de-sinodalidade\\\/\"},\"wordCount\":411,\"commentCount\":0,\"publisher\":{\"@id\":\"https:\\\/\\\/encompaniastj.org\\\/pt-pt\\\/#organization\"},\"image\":{\"@id\":\"https:\\\/\\\/encompaniastj.org\\\/pt-pt\\\/no-caminho-de-sinodalidade\\\/#primaryimage\"},\"thumbnailUrl\":\"https:\\\/\\\/encompaniastj.org\\\/wp-content\\\/uploads\\\/2025\\\/05\\\/Vall3.jpg\",\"articleSection\":[\"Noticias\",\"Paroquial - eclesial\",\"Parroquial - Eclesial\"],\"inLanguage\":\"pt-PT\",\"potentialAction\":[{\"@type\":\"CommentAction\",\"name\":\"Comment\",\"target\":[\"https:\\\/\\\/encompaniastj.org\\\/pt-pt\\\/no-caminho-de-sinodalidade\\\/#respond\"]}]},{\"@type\":\"WebPage\",\"@id\":\"https:\\\/\\\/encompaniastj.org\\\/pt-pt\\\/no-caminho-de-sinodalidade\\\/\",\"url\":\"https:\\\/\\\/encompaniastj.org\\\/pt-pt\\\/no-caminho-de-sinodalidade\\\/\",\"name\":\"NO CAMINHO DE SINODALIDADE - En Compa\u00f1\u00eda STJ\",\"isPartOf\":{\"@id\":\"https:\\\/\\\/encompaniastj.org\\\/pt-pt\\\/#website\"},\"primaryImageOfPage\":{\"@id\":\"https:\\\/\\\/encompaniastj.org\\\/pt-pt\\\/no-caminho-de-sinodalidade\\\/#primaryimage\"},\"image\":{\"@id\":\"https:\\\/\\\/encompaniastj.org\\\/pt-pt\\\/no-caminho-de-sinodalidade\\\/#primaryimage\"},\"thumbnailUrl\":\"https:\\\/\\\/encompaniastj.org\\\/wp-content\\\/uploads\\\/2025\\\/05\\\/Vall3.jpg\",\"datePublished\":\"2022-04-12T05:34:30+00:00\",\"dateModified\":\"2025-07-07T14:23:07+00:00\",\"breadcrumb\":{\"@id\":\"https:\\\/\\\/encompaniastj.org\\\/pt-pt\\\/no-caminho-de-sinodalidade\\\/#breadcrumb\"},\"inLanguage\":\"pt-PT\",\"potentialAction\":[{\"@type\":\"ReadAction\",\"target\":[\"https:\\\/\\\/encompaniastj.org\\\/pt-pt\\\/no-caminho-de-sinodalidade\\\/\"]}]},{\"@type\":\"ImageObject\",\"inLanguage\":\"pt-PT\",\"@id\":\"https:\\\/\\\/encompaniastj.org\\\/pt-pt\\\/no-caminho-de-sinodalidade\\\/#primaryimage\",\"url\":\"https:\\\/\\\/encompaniastj.org\\\/wp-content\\\/uploads\\\/2025\\\/05\\\/Vall3.jpg\",\"contentUrl\":\"https:\\\/\\\/encompaniastj.org\\\/wp-content\\\/uploads\\\/2025\\\/05\\\/Vall3.jpg\",\"width\":500,\"height\":281},{\"@type\":\"BreadcrumbList\",\"@id\":\"https:\\\/\\\/encompaniastj.org\\\/pt-pt\\\/no-caminho-de-sinodalidade\\\/#breadcrumb\",\"itemListElement\":[{\"@type\":\"ListItem\",\"position\":1,\"name\":\"Portada\",\"item\":\"https:\\\/\\\/encompaniastj.org\\\/pt-pt\\\/\"},{\"@type\":\"ListItem\",\"position\":2,\"name\":\"NO CAMINHO DE SINODALIDADE\"}]},{\"@type\":\"WebSite\",\"@id\":\"https:\\\/\\\/encompaniastj.org\\\/pt-pt\\\/#website\",\"url\":\"https:\\\/\\\/encompaniastj.org\\\/pt-pt\\\/\",\"name\":\"En Compa\u00f1\u00eda STJ\",\"description\":\"Bolet\u00edn de la Compa\u00f1\u00eda de Santa Teresa de Jes\u00fas\",\"publisher\":{\"@id\":\"https:\\\/\\\/encompaniastj.org\\\/pt-pt\\\/#organization\"},\"potentialAction\":[{\"@type\":\"SearchAction\",\"target\":{\"@type\":\"EntryPoint\",\"urlTemplate\":\"https:\\\/\\\/encompaniastj.org\\\/pt-pt\\\/?s={search_term_string}\"},\"query-input\":{\"@type\":\"PropertyValueSpecification\",\"valueRequired\":true,\"valueName\":\"search_term_string\"}}],\"inLanguage\":\"pt-PT\"},{\"@type\":\"Organization\",\"@id\":\"https:\\\/\\\/encompaniastj.org\\\/pt-pt\\\/#organization\",\"name\":\"Compa\u00f1\u00eda de Santa Teresa de Jes\u00fas\",\"url\":\"https:\\\/\\\/encompaniastj.org\\\/pt-pt\\\/\",\"logo\":{\"@type\":\"ImageObject\",\"inLanguage\":\"pt-PT\",\"@id\":\"https:\\\/\\\/encompaniastj.org\\\/pt-pt\\\/#\\\/schema\\\/logo\\\/image\\\/\",\"url\":\"https:\\\/\\\/encompaniastj.org\\\/wp-content\\\/uploads\\\/2025\\\/04\\\/logo_provincias02-1-3.png\",\"contentUrl\":\"https:\\\/\\\/encompaniastj.org\\\/wp-content\\\/uploads\\\/2025\\\/04\\\/logo_provincias02-1-3.png\",\"width\":2368,\"height\":825,\"caption\":\"Compa\u00f1\u00eda de Santa Teresa de Jes\u00fas\"},\"image\":{\"@id\":\"https:\\\/\\\/encompaniastj.org\\\/pt-pt\\\/#\\\/schema\\\/logo\\\/image\\\/\"}},{\"@type\":\"Person\",\"@id\":\"https:\\\/\\\/encompaniastj.org\\\/pt-pt\\\/#\\\/schema\\\/person\\\/520e7ecc314793d40091993c2a02b651\",\"name\":\"admin\",\"image\":{\"@type\":\"ImageObject\",\"inLanguage\":\"pt-PT\",\"@id\":\"https:\\\/\\\/secure.gravatar.com\\\/avatar\\\/948b492cce32b586ac2db0eaa926ee87024f7afe218d73b397ea5ddfc5f43ea1?s=96&d=mm&r=g\",\"url\":\"https:\\\/\\\/secure.gravatar.com\\\/avatar\\\/948b492cce32b586ac2db0eaa926ee87024f7afe218d73b397ea5ddfc5f43ea1?s=96&d=mm&r=g\",\"contentUrl\":\"https:\\\/\\\/secure.gravatar.com\\\/avatar\\\/948b492cce32b586ac2db0eaa926ee87024f7afe218d73b397ea5ddfc5f43ea1?s=96&d=mm&r=g\",\"caption\":\"admin\"},\"sameAs\":[\"https:\\\/\\\/encompaniastj.org\"],\"url\":\"https:\\\/\\\/encompaniastj.org\\\/pt-pt\\\/author\\\/sjdigital\\\/\"}]}<\/script>\n<!-- \/ Yoast SEO plugin. -->","yoast_head_json":{"title":"NO CAMINHO DE SINODALIDADE - En Compa\u00f1\u00eda STJ","robots":{"index":"index","follow":"follow","max-snippet":"max-snippet:-1","max-image-preview":"max-image-preview:large","max-video-preview":"max-video-preview:-1"},"canonical":"https:\/\/encompaniastj.org\/pt-pt\/no-caminho-de-sinodalidade\/","og_locale":"pt_PT","og_type":"article","og_title":"NO CAMINHO DE SINODALIDADE - En Compa\u00f1\u00eda STJ","og_description":"No passado dia 26 de mar\u00e7o as irm\u00e3s da comunidade de Valladolid-Bel\u00e9m particip\u00e1mos na Assembleia Paroquial que com o motivo deste ano sinodal se celebrou nos espa\u00e7os da par\u00f3quia de [&hellip;]","og_url":"https:\/\/encompaniastj.org\/pt-pt\/no-caminho-de-sinodalidade\/","og_site_name":"En Compa\u00f1\u00eda STJ","article_published_time":"2022-04-12T05:34:30+00:00","article_modified_time":"2025-07-07T14:23:07+00:00","og_image":[{"width":500,"height":281,"url":"https:\/\/encompaniastj.org\/wp-content\/uploads\/2025\/05\/Vall3.jpg","type":"image\/jpeg"}],"author":"admin","twitter_card":"summary_large_image","twitter_misc":{"Escrito por":"admin","Tempo estimado de leitura":"2 minutos"},"schema":{"@context":"https:\/\/schema.org","@graph":[{"@type":"Article","@id":"https:\/\/encompaniastj.org\/pt-pt\/no-caminho-de-sinodalidade\/#article","isPartOf":{"@id":"https:\/\/encompaniastj.org\/pt-pt\/no-caminho-de-sinodalidade\/"},"author":{"name":"admin","@id":"https:\/\/encompaniastj.org\/pt-pt\/#\/schema\/person\/520e7ecc314793d40091993c2a02b651"},"headline":"NO CAMINHO DE SINODALIDADE","datePublished":"2022-04-12T05:34:30+00:00","dateModified":"2025-07-07T14:23:07+00:00","mainEntityOfPage":{"@id":"https:\/\/encompaniastj.org\/pt-pt\/no-caminho-de-sinodalidade\/"},"wordCount":411,"commentCount":0,"publisher":{"@id":"https:\/\/encompaniastj.org\/pt-pt\/#organization"},"image":{"@id":"https:\/\/encompaniastj.org\/pt-pt\/no-caminho-de-sinodalidade\/#primaryimage"},"thumbnailUrl":"https:\/\/encompaniastj.org\/wp-content\/uploads\/2025\/05\/Vall3.jpg","articleSection":["Noticias","Paroquial - eclesial","Parroquial - Eclesial"],"inLanguage":"pt-PT","potentialAction":[{"@type":"CommentAction","name":"Comment","target":["https:\/\/encompaniastj.org\/pt-pt\/no-caminho-de-sinodalidade\/#respond"]}]},{"@type":"WebPage","@id":"https:\/\/encompaniastj.org\/pt-pt\/no-caminho-de-sinodalidade\/","url":"https:\/\/encompaniastj.org\/pt-pt\/no-caminho-de-sinodalidade\/","name":"NO CAMINHO DE SINODALIDADE - En Compa\u00f1\u00eda STJ","isPartOf":{"@id":"https:\/\/encompaniastj.org\/pt-pt\/#website"},"primaryImageOfPage":{"@id":"https:\/\/encompaniastj.org\/pt-pt\/no-caminho-de-sinodalidade\/#primaryimage"},"image":{"@id":"https:\/\/encompaniastj.org\/pt-pt\/no-caminho-de-sinodalidade\/#primaryimage"},"thumbnailUrl":"https:\/\/encompaniastj.org\/wp-content\/uploads\/2025\/05\/Vall3.jpg","datePublished":"2022-04-12T05:34:30+00:00","dateModified":"2025-07-07T14:23:07+00:00","breadcrumb":{"@id":"https:\/\/encompaniastj.org\/pt-pt\/no-caminho-de-sinodalidade\/#breadcrumb"},"inLanguage":"pt-PT","potentialAction":[{"@type":"ReadAction","target":["https:\/\/encompaniastj.org\/pt-pt\/no-caminho-de-sinodalidade\/"]}]},{"@type":"ImageObject","inLanguage":"pt-PT","@id":"https:\/\/encompaniastj.org\/pt-pt\/no-caminho-de-sinodalidade\/#primaryimage","url":"https:\/\/encompaniastj.org\/wp-content\/uploads\/2025\/05\/Vall3.jpg","contentUrl":"https:\/\/encompaniastj.org\/wp-content\/uploads\/2025\/05\/Vall3.jpg","width":500,"height":281},{"@type":"BreadcrumbList","@id":"https:\/\/encompaniastj.org\/pt-pt\/no-caminho-de-sinodalidade\/#breadcrumb","itemListElement":[{"@type":"ListItem","position":1,"name":"Portada","item":"https:\/\/encompaniastj.org\/pt-pt\/"},{"@type":"ListItem","position":2,"name":"NO CAMINHO DE SINODALIDADE"}]},{"@type":"WebSite","@id":"https:\/\/encompaniastj.org\/pt-pt\/#website","url":"https:\/\/encompaniastj.org\/pt-pt\/","name":"En Compa\u00f1\u00eda STJ","description":"Bolet\u00edn de la Compa\u00f1\u00eda de Santa Teresa de Jes\u00fas","publisher":{"@id":"https:\/\/encompaniastj.org\/pt-pt\/#organization"},"potentialAction":[{"@type":"SearchAction","target":{"@type":"EntryPoint","urlTemplate":"https:\/\/encompaniastj.org\/pt-pt\/?s={search_term_string}"},"query-input":{"@type":"PropertyValueSpecification","valueRequired":true,"valueName":"search_term_string"}}],"inLanguage":"pt-PT"},{"@type":"Organization","@id":"https:\/\/encompaniastj.org\/pt-pt\/#organization","name":"Compa\u00f1\u00eda de Santa Teresa de Jes\u00fas","url":"https:\/\/encompaniastj.org\/pt-pt\/","logo":{"@type":"ImageObject","inLanguage":"pt-PT","@id":"https:\/\/encompaniastj.org\/pt-pt\/#\/schema\/logo\/image\/","url":"https:\/\/encompaniastj.org\/wp-content\/uploads\/2025\/04\/logo_provincias02-1-3.png","contentUrl":"https:\/\/encompaniastj.org\/wp-content\/uploads\/2025\/04\/logo_provincias02-1-3.png","width":2368,"height":825,"caption":"Compa\u00f1\u00eda de Santa Teresa de Jes\u00fas"},"image":{"@id":"https:\/\/encompaniastj.org\/pt-pt\/#\/schema\/logo\/image\/"}},{"@type":"Person","@id":"https:\/\/encompaniastj.org\/pt-pt\/#\/schema\/person\/520e7ecc314793d40091993c2a02b651","name":"admin","image":{"@type":"ImageObject","inLanguage":"pt-PT","@id":"https:\/\/secure.gravatar.com\/avatar\/948b492cce32b586ac2db0eaa926ee87024f7afe218d73b397ea5ddfc5f43ea1?s=96&d=mm&r=g","url":"https:\/\/secure.gravatar.com\/avatar\/948b492cce32b586ac2db0eaa926ee87024f7afe218d73b397ea5ddfc5f43ea1?s=96&d=mm&r=g","contentUrl":"https:\/\/secure.gravatar.com\/avatar\/948b492cce32b586ac2db0eaa926ee87024f7afe218d73b397ea5ddfc5f43ea1?s=96&d=mm&r=g","caption":"admin"},"sameAs":["https:\/\/encompaniastj.org"],"url":"https:\/\/encompaniastj.org\/pt-pt\/author\/sjdigital\/"}]}},"_links":{"self":[{"href":"https:\/\/encompaniastj.org\/pt-pt\/wp-json\/wp\/v2\/posts\/10934","targetHints":{"allow":["GET"]}}],"collection":[{"href":"https:\/\/encompaniastj.org\/pt-pt\/wp-json\/wp\/v2\/posts"}],"about":[{"href":"https:\/\/encompaniastj.org\/pt-pt\/wp-json\/wp\/v2\/types\/post"}],"author":[{"embeddable":true,"href":"https:\/\/encompaniastj.org\/pt-pt\/wp-json\/wp\/v2\/users\/1"}],"replies":[{"embeddable":true,"href":"https:\/\/encompaniastj.org\/pt-pt\/wp-json\/wp\/v2\/comments?post=10934"}],"version-history":[{"count":1,"href":"https:\/\/encompaniastj.org\/pt-pt\/wp-json\/wp\/v2\/posts\/10934\/revisions"}],"predecessor-version":[{"id":10935,"href":"https:\/\/encompaniastj.org\/pt-pt\/wp-json\/wp\/v2\/posts\/10934\/revisions\/10935"}],"wp:featuredmedia":[{"embeddable":true,"href":"https:\/\/encompaniastj.org\/pt-pt\/wp-json\/wp\/v2\/media\/7879"}],"wp:attachment":[{"href":"https:\/\/encompaniastj.org\/pt-pt\/wp-json\/wp\/v2\/media?parent=10934"}],"wp:term":[{"taxonomy":"category","embeddable":true,"href":"https:\/\/encompaniastj.org\/pt-pt\/wp-json\/wp\/v2\/categories?post=10934"},{"taxonomy":"post_tag","embeddable":true,"href":"https:\/\/encompaniastj.org\/pt-pt\/wp-json\/wp\/v2\/tags?post=10934"}],"curies":[{"name":"wp","href":"https:\/\/api.w.org\/{rel}","templated":true}]}}