{"id":10924,"date":"2022-04-09T09:16:23","date_gmt":"2022-04-09T07:16:23","guid":{"rendered":"https:\/\/encompaniastj.org\/reuniao-da-comissao-de-preparacao-para-a-jornada-mundial-da-juventude-em-lisboa-2023\/"},"modified":"2025-07-07T16:23:05","modified_gmt":"2025-07-07T14:23:05","slug":"reuniao-da-comissao-de-preparacao-para-a-jornada-mundial-da-juventude-em-lisboa-2023","status":"publish","type":"post","link":"https:\/\/encompaniastj.org\/pt-pt\/reuniao-da-comissao-de-preparacao-para-a-jornada-mundial-da-juventude-em-lisboa-2023\/","title":{"rendered":"Reuni\u00e3o da Comiss\u00e3o de prepara\u00e7\u00e3o para a JMJ em Lisboa 2023"},"content":{"rendered":"<p>No meio do clima de incerteza mundial, sentimos uma estranha alegria ao ouvir o Papa Francisco dizer, \u2018Vemo-nos em Lisboa\u2019! Nos \u00faltimos anos, aprendemos de maneira especial que a fragilidade humana \u00e9 real. Assumindo isso, inici\u00e1mos este caminho com confian\u00e7a em Deus e com os olhos fixos na gera\u00e7\u00e3o de jovens que j\u00e1 s\u00e3o o presente da nossa hist\u00f3ria.<\/p>\n<p>Maria del Mar, Mauge, Gema e M\u00f3nica representando a FET, PJVT e MTA Europa, encontr\u00e1mo-nos para pensar como os jovens teresianos ligados de alguma forma ao carisma podem viver essa experi\u00eancia. Depressa percebemos que s\u00f3 podemos ser fi\u00e9is ao Esp\u00edrito, se, como diz o Papa Francisco, s\u00e3o os jovens, que lhe d\u00e3o a frescura, a criatividade e a poesia necess\u00e1rias para torn\u00e1-la uma experi\u00eancia vital e diferente.<\/p>\n<p>Concretiz\u00e1mos apenas algumas chaves para iniciar esse processo que queremos viver numa chave sinodal. Queremos que qualquer jovem que se sinta teresiano possa enriquecer esta experi\u00eancia e participar, independentemente de podermos encontrar-nos pessoalmente.<\/p>\n<p>Imaginamos essa experi\u00eancia como um processo com v\u00e1rias etapas. Uma <strong>de gesta\u00e7\u00e3o,<\/strong> na qual a participa\u00e7\u00e3o dos jovens como protagonistas do plano desta experi\u00eancia, ser\u00e1 crucial. Uma segunda etapa <strong>de decis\u00e3o<\/strong>, na qual partilharemos iniciativas que se possam viver nos diversos pa\u00edses, ligados de alguma forma como jovens teresianos. Uma terceira etapa, <strong>a caminho<\/strong>, que corresponde \u00e0 participa\u00e7\u00e3o na Jornada Mundial da Juventude em Lisboa, com um encontro pr\u00e9vio dos jovens teresianos em \u00c1vila e um pequeno encontro em F\u00e1tima com os jovens teresianos de Portugal. A \u00faltima etapa <strong>sem fronteiras<\/strong> ser\u00e1 um envio e uma proposta de continuidade.<\/p>\n<p>A organiza\u00e7\u00e3o da JMJ prop\u00f5e o texto da Visita\u00e7\u00e3o de <strong>Maria<\/strong> \u00e0 sua prima Isabel como fio condutor desta experi\u00eancia. Duas mulheres com experi\u00eancias de vida diferentes, no meio da incerteza que est\u00e3o vivendo, se encontram, se abra\u00e7am, se olham reconhecendo o milagre da vida que cada uma pode oferecer ao mundo. Um encontro que as fortalecer\u00e1 para enfrentar situa\u00e7\u00f5es muito dif\u00edceis com a certeza de que Deus as fez parte da hist\u00f3ria da salva\u00e7\u00e3o e elas aceitaram deixar-se levar por algu\u00e9m que sempre cumpre a sua promessa.<\/p>\n<p>Embora o dia fosse voltado para os jovens, como fam\u00edlia teresiana temos o desafio de acompanh\u00e1-los. Nesta v\u00e9spera de 2 de abril, acolhemos esta proposta do Papa e pergunt\u00e1mo-nos -: Deus quer isso? Jesus quer isso? Teresa de Jesus o ama? Parece que sim&#8230; com toda a Fam\u00edlia Teresiana&#8230; Punhamo-lo em pr\u00e1tica!<\/p>\n","protected":false},"excerpt":{"rendered":"<p>No meio do clima de incerteza mundial, sentimos uma estranha alegria ao ouvir o Papa Francisco dizer, \u2018Vemo-nos em Lisboa\u2019! Nos \u00faltimos anos, aprendemos de maneira especial que a fragilidade [&hellip;]<\/p>\n","protected":false},"author":1,"featured_media":7877,"comment_status":"open","ping_status":"open","sticky":false,"template":"","format":"standard","meta":{"_acf_changed":false,"footnotes":""},"categories":[61,64],"tags":[],"class_list":["post-10924","post","type-post","status-publish","format-standard","has-post-thumbnail","hentry","category-noticias","category-pjvt"],"acf":[],"yoast_head":"<!-- This site is optimized with the Yoast SEO plugin v27.5 - https:\/\/yoast.com\/product\/yoast-seo-wordpress\/ -->\n<title>Reuni\u00e3o da Comiss\u00e3o de prepara\u00e7\u00e3o para a JMJ em Lisboa 2023 - En Compa\u00f1\u00eda STJ<\/title>\n<meta name=\"robots\" content=\"index, follow, max-snippet:-1, max-image-preview:large, max-video-preview:-1\" \/>\n<link rel=\"canonical\" href=\"https:\/\/encompaniastj.org\/pt-pt\/reuniao-da-comissao-de-preparacao-para-a-jornada-mundial-da-juventude-em-lisboa-2023\/\" \/>\n<meta property=\"og:locale\" content=\"pt_PT\" \/>\n<meta property=\"og:type\" content=\"article\" \/>\n<meta property=\"og:title\" content=\"Reuni\u00e3o da Comiss\u00e3o de prepara\u00e7\u00e3o para a JMJ em Lisboa 2023 - En Compa\u00f1\u00eda STJ\" \/>\n<meta property=\"og:description\" content=\"No meio do clima de incerteza mundial, sentimos uma estranha alegria ao ouvir o Papa Francisco dizer, \u2018Vemo-nos em Lisboa\u2019! Nos \u00faltimos anos, aprendemos de maneira especial que a fragilidade [&hellip;]\" \/>\n<meta property=\"og:url\" content=\"https:\/\/encompaniastj.org\/pt-pt\/reuniao-da-comissao-de-preparacao-para-a-jornada-mundial-da-juventude-em-lisboa-2023\/\" \/>\n<meta property=\"og:site_name\" content=\"En Compa\u00f1\u00eda STJ\" \/>\n<meta property=\"article:published_time\" content=\"2022-04-09T07:16:23+00:00\" \/>\n<meta property=\"article:modified_time\" content=\"2025-07-07T14:23:05+00:00\" \/>\n<meta property=\"og:image\" content=\"https:\/\/encompaniastj.org\/wp-content\/uploads\/2025\/05\/equipo.jpg\" \/>\n\t<meta property=\"og:image:width\" content=\"500\" \/>\n\t<meta property=\"og:image:height\" content=\"316\" \/>\n\t<meta property=\"og:image:type\" content=\"image\/jpeg\" \/>\n<meta name=\"author\" content=\"admin\" \/>\n<meta name=\"twitter:card\" content=\"summary_large_image\" \/>\n<meta name=\"twitter:label1\" content=\"Escrito por\" \/>\n\t<meta name=\"twitter:data1\" content=\"admin\" \/>\n\t<meta name=\"twitter:label2\" content=\"Tempo estimado de leitura\" \/>\n\t<meta name=\"twitter:data2\" content=\"2 minutos\" \/>\n<script type=\"application\/ld+json\" class=\"yoast-schema-graph\">{\"@context\":\"https:\\\/\\\/schema.org\",\"@graph\":[{\"@type\":\"Article\",\"@id\":\"https:\\\/\\\/encompaniastj.org\\\/pt-pt\\\/reuniao-da-comissao-de-preparacao-para-a-jornada-mundial-da-juventude-em-lisboa-2023\\\/#article\",\"isPartOf\":{\"@id\":\"https:\\\/\\\/encompaniastj.org\\\/pt-pt\\\/reuniao-da-comissao-de-preparacao-para-a-jornada-mundial-da-juventude-em-lisboa-2023\\\/\"},\"author\":{\"name\":\"admin\",\"@id\":\"https:\\\/\\\/encompaniastj.org\\\/pt-pt\\\/#\\\/schema\\\/person\\\/520e7ecc314793d40091993c2a02b651\"},\"headline\":\"Reuni\u00e3o da Comiss\u00e3o de prepara\u00e7\u00e3o para a JMJ em Lisboa 2023\",\"datePublished\":\"2022-04-09T07:16:23+00:00\",\"dateModified\":\"2025-07-07T14:23:05+00:00\",\"mainEntityOfPage\":{\"@id\":\"https:\\\/\\\/encompaniastj.org\\\/pt-pt\\\/reuniao-da-comissao-de-preparacao-para-a-jornada-mundial-da-juventude-em-lisboa-2023\\\/\"},\"wordCount\":452,\"commentCount\":0,\"publisher\":{\"@id\":\"https:\\\/\\\/encompaniastj.org\\\/pt-pt\\\/#organization\"},\"image\":{\"@id\":\"https:\\\/\\\/encompaniastj.org\\\/pt-pt\\\/reuniao-da-comissao-de-preparacao-para-a-jornada-mundial-da-juventude-em-lisboa-2023\\\/#primaryimage\"},\"thumbnailUrl\":\"https:\\\/\\\/encompaniastj.org\\\/wp-content\\\/uploads\\\/2025\\\/05\\\/equipo.jpg\",\"articleSection\":[\"Noticias\",\"PJVT\"],\"inLanguage\":\"pt-PT\",\"potentialAction\":[{\"@type\":\"CommentAction\",\"name\":\"Comment\",\"target\":[\"https:\\\/\\\/encompaniastj.org\\\/pt-pt\\\/reuniao-da-comissao-de-preparacao-para-a-jornada-mundial-da-juventude-em-lisboa-2023\\\/#respond\"]}]},{\"@type\":\"WebPage\",\"@id\":\"https:\\\/\\\/encompaniastj.org\\\/pt-pt\\\/reuniao-da-comissao-de-preparacao-para-a-jornada-mundial-da-juventude-em-lisboa-2023\\\/\",\"url\":\"https:\\\/\\\/encompaniastj.org\\\/pt-pt\\\/reuniao-da-comissao-de-preparacao-para-a-jornada-mundial-da-juventude-em-lisboa-2023\\\/\",\"name\":\"Reuni\u00e3o da Comiss\u00e3o de prepara\u00e7\u00e3o para a JMJ em Lisboa 2023 - En Compa\u00f1\u00eda STJ\",\"isPartOf\":{\"@id\":\"https:\\\/\\\/encompaniastj.org\\\/pt-pt\\\/#website\"},\"primaryImageOfPage\":{\"@id\":\"https:\\\/\\\/encompaniastj.org\\\/pt-pt\\\/reuniao-da-comissao-de-preparacao-para-a-jornada-mundial-da-juventude-em-lisboa-2023\\\/#primaryimage\"},\"image\":{\"@id\":\"https:\\\/\\\/encompaniastj.org\\\/pt-pt\\\/reuniao-da-comissao-de-preparacao-para-a-jornada-mundial-da-juventude-em-lisboa-2023\\\/#primaryimage\"},\"thumbnailUrl\":\"https:\\\/\\\/encompaniastj.org\\\/wp-content\\\/uploads\\\/2025\\\/05\\\/equipo.jpg\",\"datePublished\":\"2022-04-09T07:16:23+00:00\",\"dateModified\":\"2025-07-07T14:23:05+00:00\",\"breadcrumb\":{\"@id\":\"https:\\\/\\\/encompaniastj.org\\\/pt-pt\\\/reuniao-da-comissao-de-preparacao-para-a-jornada-mundial-da-juventude-em-lisboa-2023\\\/#breadcrumb\"},\"inLanguage\":\"pt-PT\",\"potentialAction\":[{\"@type\":\"ReadAction\",\"target\":[\"https:\\\/\\\/encompaniastj.org\\\/pt-pt\\\/reuniao-da-comissao-de-preparacao-para-a-jornada-mundial-da-juventude-em-lisboa-2023\\\/\"]}]},{\"@type\":\"ImageObject\",\"inLanguage\":\"pt-PT\",\"@id\":\"https:\\\/\\\/encompaniastj.org\\\/pt-pt\\\/reuniao-da-comissao-de-preparacao-para-a-jornada-mundial-da-juventude-em-lisboa-2023\\\/#primaryimage\",\"url\":\"https:\\\/\\\/encompaniastj.org\\\/wp-content\\\/uploads\\\/2025\\\/05\\\/equipo.jpg\",\"contentUrl\":\"https:\\\/\\\/encompaniastj.org\\\/wp-content\\\/uploads\\\/2025\\\/05\\\/equipo.jpg\",\"width\":500,\"height\":316},{\"@type\":\"BreadcrumbList\",\"@id\":\"https:\\\/\\\/encompaniastj.org\\\/pt-pt\\\/reuniao-da-comissao-de-preparacao-para-a-jornada-mundial-da-juventude-em-lisboa-2023\\\/#breadcrumb\",\"itemListElement\":[{\"@type\":\"ListItem\",\"position\":1,\"name\":\"Portada\",\"item\":\"https:\\\/\\\/encompaniastj.org\\\/pt-pt\\\/\"},{\"@type\":\"ListItem\",\"position\":2,\"name\":\"Reuni\u00e3o da Comiss\u00e3o de prepara\u00e7\u00e3o para a JMJ em Lisboa 2023\"}]},{\"@type\":\"WebSite\",\"@id\":\"https:\\\/\\\/encompaniastj.org\\\/pt-pt\\\/#website\",\"url\":\"https:\\\/\\\/encompaniastj.org\\\/pt-pt\\\/\",\"name\":\"En Compa\u00f1\u00eda STJ\",\"description\":\"Bolet\u00edn de la Compa\u00f1\u00eda de Santa Teresa de Jes\u00fas\",\"publisher\":{\"@id\":\"https:\\\/\\\/encompaniastj.org\\\/pt-pt\\\/#organization\"},\"potentialAction\":[{\"@type\":\"SearchAction\",\"target\":{\"@type\":\"EntryPoint\",\"urlTemplate\":\"https:\\\/\\\/encompaniastj.org\\\/pt-pt\\\/?s={search_term_string}\"},\"query-input\":{\"@type\":\"PropertyValueSpecification\",\"valueRequired\":true,\"valueName\":\"search_term_string\"}}],\"inLanguage\":\"pt-PT\"},{\"@type\":\"Organization\",\"@id\":\"https:\\\/\\\/encompaniastj.org\\\/pt-pt\\\/#organization\",\"name\":\"Compa\u00f1\u00eda de Santa Teresa de Jes\u00fas\",\"url\":\"https:\\\/\\\/encompaniastj.org\\\/pt-pt\\\/\",\"logo\":{\"@type\":\"ImageObject\",\"inLanguage\":\"pt-PT\",\"@id\":\"https:\\\/\\\/encompaniastj.org\\\/pt-pt\\\/#\\\/schema\\\/logo\\\/image\\\/\",\"url\":\"https:\\\/\\\/encompaniastj.org\\\/wp-content\\\/uploads\\\/2025\\\/04\\\/logo_provincias02-1-3.png\",\"contentUrl\":\"https:\\\/\\\/encompaniastj.org\\\/wp-content\\\/uploads\\\/2025\\\/04\\\/logo_provincias02-1-3.png\",\"width\":2368,\"height\":825,\"caption\":\"Compa\u00f1\u00eda de Santa Teresa de Jes\u00fas\"},\"image\":{\"@id\":\"https:\\\/\\\/encompaniastj.org\\\/pt-pt\\\/#\\\/schema\\\/logo\\\/image\\\/\"}},{\"@type\":\"Person\",\"@id\":\"https:\\\/\\\/encompaniastj.org\\\/pt-pt\\\/#\\\/schema\\\/person\\\/520e7ecc314793d40091993c2a02b651\",\"name\":\"admin\",\"image\":{\"@type\":\"ImageObject\",\"inLanguage\":\"pt-PT\",\"@id\":\"https:\\\/\\\/secure.gravatar.com\\\/avatar\\\/948b492cce32b586ac2db0eaa926ee87024f7afe218d73b397ea5ddfc5f43ea1?s=96&d=mm&r=g\",\"url\":\"https:\\\/\\\/secure.gravatar.com\\\/avatar\\\/948b492cce32b586ac2db0eaa926ee87024f7afe218d73b397ea5ddfc5f43ea1?s=96&d=mm&r=g\",\"contentUrl\":\"https:\\\/\\\/secure.gravatar.com\\\/avatar\\\/948b492cce32b586ac2db0eaa926ee87024f7afe218d73b397ea5ddfc5f43ea1?s=96&d=mm&r=g\",\"caption\":\"admin\"},\"sameAs\":[\"https:\\\/\\\/encompaniastj.org\"],\"url\":\"https:\\\/\\\/encompaniastj.org\\\/pt-pt\\\/author\\\/sjdigital\\\/\"}]}<\/script>\n<!-- \/ Yoast SEO plugin. -->","yoast_head_json":{"title":"Reuni\u00e3o da Comiss\u00e3o de prepara\u00e7\u00e3o para a JMJ em Lisboa 2023 - En Compa\u00f1\u00eda STJ","robots":{"index":"index","follow":"follow","max-snippet":"max-snippet:-1","max-image-preview":"max-image-preview:large","max-video-preview":"max-video-preview:-1"},"canonical":"https:\/\/encompaniastj.org\/pt-pt\/reuniao-da-comissao-de-preparacao-para-a-jornada-mundial-da-juventude-em-lisboa-2023\/","og_locale":"pt_PT","og_type":"article","og_title":"Reuni\u00e3o da Comiss\u00e3o de prepara\u00e7\u00e3o para a JMJ em Lisboa 2023 - En Compa\u00f1\u00eda STJ","og_description":"No meio do clima de incerteza mundial, sentimos uma estranha alegria ao ouvir o Papa Francisco dizer, \u2018Vemo-nos em Lisboa\u2019! Nos \u00faltimos anos, aprendemos de maneira especial que a fragilidade [&hellip;]","og_url":"https:\/\/encompaniastj.org\/pt-pt\/reuniao-da-comissao-de-preparacao-para-a-jornada-mundial-da-juventude-em-lisboa-2023\/","og_site_name":"En Compa\u00f1\u00eda STJ","article_published_time":"2022-04-09T07:16:23+00:00","article_modified_time":"2025-07-07T14:23:05+00:00","og_image":[{"width":500,"height":316,"url":"https:\/\/encompaniastj.org\/wp-content\/uploads\/2025\/05\/equipo.jpg","type":"image\/jpeg"}],"author":"admin","twitter_card":"summary_large_image","twitter_misc":{"Escrito por":"admin","Tempo estimado de leitura":"2 minutos"},"schema":{"@context":"https:\/\/schema.org","@graph":[{"@type":"Article","@id":"https:\/\/encompaniastj.org\/pt-pt\/reuniao-da-comissao-de-preparacao-para-a-jornada-mundial-da-juventude-em-lisboa-2023\/#article","isPartOf":{"@id":"https:\/\/encompaniastj.org\/pt-pt\/reuniao-da-comissao-de-preparacao-para-a-jornada-mundial-da-juventude-em-lisboa-2023\/"},"author":{"name":"admin","@id":"https:\/\/encompaniastj.org\/pt-pt\/#\/schema\/person\/520e7ecc314793d40091993c2a02b651"},"headline":"Reuni\u00e3o da Comiss\u00e3o de prepara\u00e7\u00e3o para a JMJ em Lisboa 2023","datePublished":"2022-04-09T07:16:23+00:00","dateModified":"2025-07-07T14:23:05+00:00","mainEntityOfPage":{"@id":"https:\/\/encompaniastj.org\/pt-pt\/reuniao-da-comissao-de-preparacao-para-a-jornada-mundial-da-juventude-em-lisboa-2023\/"},"wordCount":452,"commentCount":0,"publisher":{"@id":"https:\/\/encompaniastj.org\/pt-pt\/#organization"},"image":{"@id":"https:\/\/encompaniastj.org\/pt-pt\/reuniao-da-comissao-de-preparacao-para-a-jornada-mundial-da-juventude-em-lisboa-2023\/#primaryimage"},"thumbnailUrl":"https:\/\/encompaniastj.org\/wp-content\/uploads\/2025\/05\/equipo.jpg","articleSection":["Noticias","PJVT"],"inLanguage":"pt-PT","potentialAction":[{"@type":"CommentAction","name":"Comment","target":["https:\/\/encompaniastj.org\/pt-pt\/reuniao-da-comissao-de-preparacao-para-a-jornada-mundial-da-juventude-em-lisboa-2023\/#respond"]}]},{"@type":"WebPage","@id":"https:\/\/encompaniastj.org\/pt-pt\/reuniao-da-comissao-de-preparacao-para-a-jornada-mundial-da-juventude-em-lisboa-2023\/","url":"https:\/\/encompaniastj.org\/pt-pt\/reuniao-da-comissao-de-preparacao-para-a-jornada-mundial-da-juventude-em-lisboa-2023\/","name":"Reuni\u00e3o da Comiss\u00e3o de prepara\u00e7\u00e3o para a JMJ em Lisboa 2023 - En Compa\u00f1\u00eda STJ","isPartOf":{"@id":"https:\/\/encompaniastj.org\/pt-pt\/#website"},"primaryImageOfPage":{"@id":"https:\/\/encompaniastj.org\/pt-pt\/reuniao-da-comissao-de-preparacao-para-a-jornada-mundial-da-juventude-em-lisboa-2023\/#primaryimage"},"image":{"@id":"https:\/\/encompaniastj.org\/pt-pt\/reuniao-da-comissao-de-preparacao-para-a-jornada-mundial-da-juventude-em-lisboa-2023\/#primaryimage"},"thumbnailUrl":"https:\/\/encompaniastj.org\/wp-content\/uploads\/2025\/05\/equipo.jpg","datePublished":"2022-04-09T07:16:23+00:00","dateModified":"2025-07-07T14:23:05+00:00","breadcrumb":{"@id":"https:\/\/encompaniastj.org\/pt-pt\/reuniao-da-comissao-de-preparacao-para-a-jornada-mundial-da-juventude-em-lisboa-2023\/#breadcrumb"},"inLanguage":"pt-PT","potentialAction":[{"@type":"ReadAction","target":["https:\/\/encompaniastj.org\/pt-pt\/reuniao-da-comissao-de-preparacao-para-a-jornada-mundial-da-juventude-em-lisboa-2023\/"]}]},{"@type":"ImageObject","inLanguage":"pt-PT","@id":"https:\/\/encompaniastj.org\/pt-pt\/reuniao-da-comissao-de-preparacao-para-a-jornada-mundial-da-juventude-em-lisboa-2023\/#primaryimage","url":"https:\/\/encompaniastj.org\/wp-content\/uploads\/2025\/05\/equipo.jpg","contentUrl":"https:\/\/encompaniastj.org\/wp-content\/uploads\/2025\/05\/equipo.jpg","width":500,"height":316},{"@type":"BreadcrumbList","@id":"https:\/\/encompaniastj.org\/pt-pt\/reuniao-da-comissao-de-preparacao-para-a-jornada-mundial-da-juventude-em-lisboa-2023\/#breadcrumb","itemListElement":[{"@type":"ListItem","position":1,"name":"Portada","item":"https:\/\/encompaniastj.org\/pt-pt\/"},{"@type":"ListItem","position":2,"name":"Reuni\u00e3o da Comiss\u00e3o de prepara\u00e7\u00e3o para a JMJ em Lisboa 2023"}]},{"@type":"WebSite","@id":"https:\/\/encompaniastj.org\/pt-pt\/#website","url":"https:\/\/encompaniastj.org\/pt-pt\/","name":"En Compa\u00f1\u00eda STJ","description":"Bolet\u00edn de la Compa\u00f1\u00eda de Santa Teresa de Jes\u00fas","publisher":{"@id":"https:\/\/encompaniastj.org\/pt-pt\/#organization"},"potentialAction":[{"@type":"SearchAction","target":{"@type":"EntryPoint","urlTemplate":"https:\/\/encompaniastj.org\/pt-pt\/?s={search_term_string}"},"query-input":{"@type":"PropertyValueSpecification","valueRequired":true,"valueName":"search_term_string"}}],"inLanguage":"pt-PT"},{"@type":"Organization","@id":"https:\/\/encompaniastj.org\/pt-pt\/#organization","name":"Compa\u00f1\u00eda de Santa Teresa de Jes\u00fas","url":"https:\/\/encompaniastj.org\/pt-pt\/","logo":{"@type":"ImageObject","inLanguage":"pt-PT","@id":"https:\/\/encompaniastj.org\/pt-pt\/#\/schema\/logo\/image\/","url":"https:\/\/encompaniastj.org\/wp-content\/uploads\/2025\/04\/logo_provincias02-1-3.png","contentUrl":"https:\/\/encompaniastj.org\/wp-content\/uploads\/2025\/04\/logo_provincias02-1-3.png","width":2368,"height":825,"caption":"Compa\u00f1\u00eda de Santa Teresa de Jes\u00fas"},"image":{"@id":"https:\/\/encompaniastj.org\/pt-pt\/#\/schema\/logo\/image\/"}},{"@type":"Person","@id":"https:\/\/encompaniastj.org\/pt-pt\/#\/schema\/person\/520e7ecc314793d40091993c2a02b651","name":"admin","image":{"@type":"ImageObject","inLanguage":"pt-PT","@id":"https:\/\/secure.gravatar.com\/avatar\/948b492cce32b586ac2db0eaa926ee87024f7afe218d73b397ea5ddfc5f43ea1?s=96&d=mm&r=g","url":"https:\/\/secure.gravatar.com\/avatar\/948b492cce32b586ac2db0eaa926ee87024f7afe218d73b397ea5ddfc5f43ea1?s=96&d=mm&r=g","contentUrl":"https:\/\/secure.gravatar.com\/avatar\/948b492cce32b586ac2db0eaa926ee87024f7afe218d73b397ea5ddfc5f43ea1?s=96&d=mm&r=g","caption":"admin"},"sameAs":["https:\/\/encompaniastj.org"],"url":"https:\/\/encompaniastj.org\/pt-pt\/author\/sjdigital\/"}]}},"_links":{"self":[{"href":"https:\/\/encompaniastj.org\/pt-pt\/wp-json\/wp\/v2\/posts\/10924","targetHints":{"allow":["GET"]}}],"collection":[{"href":"https:\/\/encompaniastj.org\/pt-pt\/wp-json\/wp\/v2\/posts"}],"about":[{"href":"https:\/\/encompaniastj.org\/pt-pt\/wp-json\/wp\/v2\/types\/post"}],"author":[{"embeddable":true,"href":"https:\/\/encompaniastj.org\/pt-pt\/wp-json\/wp\/v2\/users\/1"}],"replies":[{"embeddable":true,"href":"https:\/\/encompaniastj.org\/pt-pt\/wp-json\/wp\/v2\/comments?post=10924"}],"version-history":[{"count":1,"href":"https:\/\/encompaniastj.org\/pt-pt\/wp-json\/wp\/v2\/posts\/10924\/revisions"}],"predecessor-version":[{"id":10925,"href":"https:\/\/encompaniastj.org\/pt-pt\/wp-json\/wp\/v2\/posts\/10924\/revisions\/10925"}],"wp:featuredmedia":[{"embeddable":true,"href":"https:\/\/encompaniastj.org\/pt-pt\/wp-json\/wp\/v2\/media\/7877"}],"wp:attachment":[{"href":"https:\/\/encompaniastj.org\/pt-pt\/wp-json\/wp\/v2\/media?parent=10924"}],"wp:term":[{"taxonomy":"category","embeddable":true,"href":"https:\/\/encompaniastj.org\/pt-pt\/wp-json\/wp\/v2\/categories?post=10924"},{"taxonomy":"post_tag","embeddable":true,"href":"https:\/\/encompaniastj.org\/pt-pt\/wp-json\/wp\/v2\/tags?post=10924"}],"curies":[{"name":"wp","href":"https:\/\/api.w.org\/{rel}","templated":true}]}}