{"id":10922,"date":"2022-04-04T16:37:52","date_gmt":"2022-04-04T14:37:52","guid":{"rendered":"https:\/\/encompaniastj.org\/montserrat-vilaseca-marcet-4-de-abril-de-2022-barcelona-casa-madre-2\/"},"modified":"2025-07-07T16:23:05","modified_gmt":"2025-07-07T14:23:05","slug":"montserrat-vilaseca-marcet-4-de-abril-de-2022-barcelona-casa-madre-2","status":"publish","type":"post","link":"https:\/\/encompaniastj.org\/pt-pt\/montserrat-vilaseca-marcet-4-de-abril-de-2022-barcelona-casa-madre-2\/","title":{"rendered":"Montserrat Vilaseca Marcet. 4 de abril de 2022 (Barcelona - Casa Madre)"},"content":{"rendered":"<p>Na madrugada do dia 4 de abril, a nossa irm\u00e3 Montserrat experimentou o ENCONTRO definitivo com Deus Pai.<\/p>\n<p>Ela estava h\u00e1 muito tempo desejando este momento. A doen\u00e7a, longa e dolorosa, a estava privando da comunica\u00e7\u00e3o com as irm\u00e3s, apenas com os seus olhos, nos falava e agradecia. No m\u00eas de janeiro comemor\u00e1mos os seus 100 anos com alegria e gratid\u00e3o, hoje a deix\u00e1mos nas m\u00e3os daquele que foi sempre o Senhor da sua vida.<\/p>\n<p>Para os santos, morrer \u00e9 come\u00e7ar a viver para sempre, repetia Santo Henrique de Oss\u00f3 e contam que se enchia de alegria quando uma irm\u00e3 se encontrava definitivamente com o Senhor. E intu\u00eda e desejava esta alegria a nossa irm\u00e3 Montserrat; Montse ou Rat, de acordo com o seu desejo. No ano 77, quarenta e cinco anos atr\u00e1s, Montserrat escreveu o seguinte:<\/p>\n<p><em>&#8220;Fui morar com meu Pai. Irm\u00e3s, quando o momento feliz do ENCONTRO chegar sem obst\u00e1culos com meu PAI-ESPOSO, com MARIA minha M\u00c3E, com os meus pais e com todos os outros que j\u00e1 trocaram o Ex\u00edlio pela P\u00c1TRIA ETERNA, alegrai-vos comigo. Todos os dias, desde a minha inf\u00e2ncia, me encontrei com Cristo na Eucaristia, na B\u00edblia, nos acontecimentos, nos irm\u00e3os. Embora \u00e0s vezes a minha VIS\u00c3O tenha sido m\u00e1, ESTA n\u00e3o o ser\u00e1. J\u00e1 nada e ningu\u00e9m poder\u00e1 impedir a NOSSA UNI\u00c3O ETERNA. Quando virdes que o tempo est\u00e1 pr\u00f3ximo, agradecer-vos-ei por n\u00e3o mo oculteis de mim e me ofere\u00e7ais os \u00faltimos sacramentos, de modo que me d\u00ea conta e ainda me possais ajudar a RECEB\u00ca-LO com festa e alegria.<\/em><\/p>\n<p>O que mais podemos acrescentar \u00e0s suas palavras? Cresceu no seio de uma fam\u00edlia crist\u00e3 e catal\u00e3 e bebeu tanto destas duas fontes que decidiu seguir Jesus na Companhia e, embora a sua vida apost\u00f3lica a tenha feito mover-se por terras diferentes, nunca perdeu o amor pela Catalunha: Barcelona- Gracia - Diagonal, Tarragona, Bellvitge, Zaragoza, P\u00e1dua, Roma, Val\u00eancia\u2026 foram campos para a sua sementeira teresiana.<\/p>\n<p>Desde o ano 79, esteve em Ganduxer. O seu car\u00e1ter forte e o seu agir independente foram-se transformados, pela obra da gra\u00e7a, em do\u00e7ura, alegria, generosidade e interesse pelos outros, que despertaram ternura. Sabemos que ela j\u00e1 goza do Pai, mas sentiremos muito a sua falta.<\/p>\n<p>Descanse em paz<\/p>\n","protected":false},"excerpt":{"rendered":"<p>Na madrugada do dia 4 de abril, a nossa irm\u00e3 Montserrat experimentou o ENCONTRO definitivo com Deus Pai. Ela estava h\u00e1 muito tempo desejando este momento. A doen\u00e7a, longa e [&hellip;]<\/p>\n","protected":false},"author":1,"featured_media":7876,"comment_status":"open","ping_status":"open","sticky":false,"template":"","format":"standard","meta":{"_acf_changed":false,"footnotes":""},"categories":[69,63],"tags":[],"class_list":["post-10922","post","type-post","status-publish","format-standard","has-post-thumbnail","hentry","category-falecimentos","category-fallecimientos"],"acf":[],"yoast_head":"<!-- This site is optimized with the Yoast SEO plugin v27.5 - https:\/\/yoast.com\/product\/yoast-seo-wordpress\/ -->\n<title>Montserrat Vilaseca Marcet. 4 de abril de 2022 (Barcelona - Casa Madre) - En Compa\u00f1\u00eda STJ<\/title>\n<meta name=\"robots\" content=\"index, follow, max-snippet:-1, max-image-preview:large, max-video-preview:-1\" \/>\n<link rel=\"canonical\" href=\"https:\/\/encompaniastj.org\/pt-pt\/montserrat-vilaseca-marcet-4-de-abril-de-2022-barcelona-casa-madre-2\/\" \/>\n<meta property=\"og:locale\" content=\"pt_PT\" \/>\n<meta property=\"og:type\" content=\"article\" \/>\n<meta property=\"og:title\" content=\"Montserrat Vilaseca Marcet. 4 de abril de 2022 (Barcelona - Casa Madre) - En Compa\u00f1\u00eda STJ\" \/>\n<meta property=\"og:description\" content=\"Na madrugada do dia 4 de abril, a nossa irm\u00e3 Montserrat experimentou o ENCONTRO definitivo com Deus Pai. Ela estava h\u00e1 muito tempo desejando este momento. A doen\u00e7a, longa e [&hellip;]\" \/>\n<meta property=\"og:url\" content=\"https:\/\/encompaniastj.org\/pt-pt\/montserrat-vilaseca-marcet-4-de-abril-de-2022-barcelona-casa-madre-2\/\" \/>\n<meta property=\"og:site_name\" content=\"En Compa\u00f1\u00eda STJ\" \/>\n<meta property=\"article:published_time\" content=\"2022-04-04T14:37:52+00:00\" \/>\n<meta property=\"article:modified_time\" content=\"2025-07-07T14:23:05+00:00\" \/>\n<meta property=\"og:image\" content=\"https:\/\/encompaniastj.org\/wp-content\/uploads\/2025\/05\/oak-g6c9bc4530_640.jpg\" \/>\n\t<meta property=\"og:image:width\" content=\"640\" \/>\n\t<meta property=\"og:image:height\" content=\"456\" \/>\n\t<meta property=\"og:image:type\" content=\"image\/jpeg\" \/>\n<meta name=\"author\" content=\"admin\" \/>\n<meta name=\"twitter:card\" content=\"summary_large_image\" \/>\n<meta name=\"twitter:label1\" content=\"Escrito por\" \/>\n\t<meta name=\"twitter:data1\" content=\"admin\" \/>\n\t<meta name=\"twitter:label2\" content=\"Tempo estimado de leitura\" \/>\n\t<meta name=\"twitter:data2\" content=\"2 minutos\" \/>\n<script type=\"application\/ld+json\" class=\"yoast-schema-graph\">{\"@context\":\"https:\\\/\\\/schema.org\",\"@graph\":[{\"@type\":\"Article\",\"@id\":\"https:\\\/\\\/encompaniastj.org\\\/pt-pt\\\/montserrat-vilaseca-marcet-4-de-abril-de-2022-barcelona-casa-madre-2\\\/#article\",\"isPartOf\":{\"@id\":\"https:\\\/\\\/encompaniastj.org\\\/pt-pt\\\/montserrat-vilaseca-marcet-4-de-abril-de-2022-barcelona-casa-madre-2\\\/\"},\"author\":{\"name\":\"admin\",\"@id\":\"https:\\\/\\\/encompaniastj.org\\\/pt-pt\\\/#\\\/schema\\\/person\\\/520e7ecc314793d40091993c2a02b651\"},\"headline\":\"Montserrat Vilaseca Marcet. 4 de abril de 2022 (Barcelona - Casa Madre)\",\"datePublished\":\"2022-04-04T14:37:52+00:00\",\"dateModified\":\"2025-07-07T14:23:05+00:00\",\"mainEntityOfPage\":{\"@id\":\"https:\\\/\\\/encompaniastj.org\\\/pt-pt\\\/montserrat-vilaseca-marcet-4-de-abril-de-2022-barcelona-casa-madre-2\\\/\"},\"wordCount\":410,\"commentCount\":0,\"publisher\":{\"@id\":\"https:\\\/\\\/encompaniastj.org\\\/pt-pt\\\/#organization\"},\"image\":{\"@id\":\"https:\\\/\\\/encompaniastj.org\\\/pt-pt\\\/montserrat-vilaseca-marcet-4-de-abril-de-2022-barcelona-casa-madre-2\\\/#primaryimage\"},\"thumbnailUrl\":\"https:\\\/\\\/encompaniastj.org\\\/wp-content\\\/uploads\\\/2025\\\/05\\\/oak-g6c9bc4530_640.jpg\",\"articleSection\":[\"Falecimentos\",\"Fallecimientos\"],\"inLanguage\":\"pt-PT\",\"potentialAction\":[{\"@type\":\"CommentAction\",\"name\":\"Comment\",\"target\":[\"https:\\\/\\\/encompaniastj.org\\\/pt-pt\\\/montserrat-vilaseca-marcet-4-de-abril-de-2022-barcelona-casa-madre-2\\\/#respond\"]}]},{\"@type\":\"WebPage\",\"@id\":\"https:\\\/\\\/encompaniastj.org\\\/pt-pt\\\/montserrat-vilaseca-marcet-4-de-abril-de-2022-barcelona-casa-madre-2\\\/\",\"url\":\"https:\\\/\\\/encompaniastj.org\\\/pt-pt\\\/montserrat-vilaseca-marcet-4-de-abril-de-2022-barcelona-casa-madre-2\\\/\",\"name\":\"Montserrat Vilaseca Marcet. 4 de abril de 2022 (Barcelona - Casa Madre) - En Compa\u00f1\u00eda STJ\",\"isPartOf\":{\"@id\":\"https:\\\/\\\/encompaniastj.org\\\/pt-pt\\\/#website\"},\"primaryImageOfPage\":{\"@id\":\"https:\\\/\\\/encompaniastj.org\\\/pt-pt\\\/montserrat-vilaseca-marcet-4-de-abril-de-2022-barcelona-casa-madre-2\\\/#primaryimage\"},\"image\":{\"@id\":\"https:\\\/\\\/encompaniastj.org\\\/pt-pt\\\/montserrat-vilaseca-marcet-4-de-abril-de-2022-barcelona-casa-madre-2\\\/#primaryimage\"},\"thumbnailUrl\":\"https:\\\/\\\/encompaniastj.org\\\/wp-content\\\/uploads\\\/2025\\\/05\\\/oak-g6c9bc4530_640.jpg\",\"datePublished\":\"2022-04-04T14:37:52+00:00\",\"dateModified\":\"2025-07-07T14:23:05+00:00\",\"breadcrumb\":{\"@id\":\"https:\\\/\\\/encompaniastj.org\\\/pt-pt\\\/montserrat-vilaseca-marcet-4-de-abril-de-2022-barcelona-casa-madre-2\\\/#breadcrumb\"},\"inLanguage\":\"pt-PT\",\"potentialAction\":[{\"@type\":\"ReadAction\",\"target\":[\"https:\\\/\\\/encompaniastj.org\\\/pt-pt\\\/montserrat-vilaseca-marcet-4-de-abril-de-2022-barcelona-casa-madre-2\\\/\"]}]},{\"@type\":\"ImageObject\",\"inLanguage\":\"pt-PT\",\"@id\":\"https:\\\/\\\/encompaniastj.org\\\/pt-pt\\\/montserrat-vilaseca-marcet-4-de-abril-de-2022-barcelona-casa-madre-2\\\/#primaryimage\",\"url\":\"https:\\\/\\\/encompaniastj.org\\\/wp-content\\\/uploads\\\/2025\\\/05\\\/oak-g6c9bc4530_640.jpg\",\"contentUrl\":\"https:\\\/\\\/encompaniastj.org\\\/wp-content\\\/uploads\\\/2025\\\/05\\\/oak-g6c9bc4530_640.jpg\",\"width\":640,\"height\":456},{\"@type\":\"BreadcrumbList\",\"@id\":\"https:\\\/\\\/encompaniastj.org\\\/pt-pt\\\/montserrat-vilaseca-marcet-4-de-abril-de-2022-barcelona-casa-madre-2\\\/#breadcrumb\",\"itemListElement\":[{\"@type\":\"ListItem\",\"position\":1,\"name\":\"Portada\",\"item\":\"https:\\\/\\\/encompaniastj.org\\\/pt-pt\\\/\"},{\"@type\":\"ListItem\",\"position\":2,\"name\":\"Montserrat Vilaseca Marcet. 4 de abril de 2022 (Barcelona - Casa Madre)\"}]},{\"@type\":\"WebSite\",\"@id\":\"https:\\\/\\\/encompaniastj.org\\\/pt-pt\\\/#website\",\"url\":\"https:\\\/\\\/encompaniastj.org\\\/pt-pt\\\/\",\"name\":\"En Compa\u00f1\u00eda STJ\",\"description\":\"Bolet\u00edn de la Compa\u00f1\u00eda de Santa Teresa de Jes\u00fas\",\"publisher\":{\"@id\":\"https:\\\/\\\/encompaniastj.org\\\/pt-pt\\\/#organization\"},\"potentialAction\":[{\"@type\":\"SearchAction\",\"target\":{\"@type\":\"EntryPoint\",\"urlTemplate\":\"https:\\\/\\\/encompaniastj.org\\\/pt-pt\\\/?s={search_term_string}\"},\"query-input\":{\"@type\":\"PropertyValueSpecification\",\"valueRequired\":true,\"valueName\":\"search_term_string\"}}],\"inLanguage\":\"pt-PT\"},{\"@type\":\"Organization\",\"@id\":\"https:\\\/\\\/encompaniastj.org\\\/pt-pt\\\/#organization\",\"name\":\"Compa\u00f1\u00eda de Santa Teresa de Jes\u00fas\",\"url\":\"https:\\\/\\\/encompaniastj.org\\\/pt-pt\\\/\",\"logo\":{\"@type\":\"ImageObject\",\"inLanguage\":\"pt-PT\",\"@id\":\"https:\\\/\\\/encompaniastj.org\\\/pt-pt\\\/#\\\/schema\\\/logo\\\/image\\\/\",\"url\":\"https:\\\/\\\/encompaniastj.org\\\/wp-content\\\/uploads\\\/2025\\\/04\\\/logo_provincias02-1-3.png\",\"contentUrl\":\"https:\\\/\\\/encompaniastj.org\\\/wp-content\\\/uploads\\\/2025\\\/04\\\/logo_provincias02-1-3.png\",\"width\":2368,\"height\":825,\"caption\":\"Compa\u00f1\u00eda de Santa Teresa de Jes\u00fas\"},\"image\":{\"@id\":\"https:\\\/\\\/encompaniastj.org\\\/pt-pt\\\/#\\\/schema\\\/logo\\\/image\\\/\"}},{\"@type\":\"Person\",\"@id\":\"https:\\\/\\\/encompaniastj.org\\\/pt-pt\\\/#\\\/schema\\\/person\\\/520e7ecc314793d40091993c2a02b651\",\"name\":\"admin\",\"image\":{\"@type\":\"ImageObject\",\"inLanguage\":\"pt-PT\",\"@id\":\"https:\\\/\\\/secure.gravatar.com\\\/avatar\\\/948b492cce32b586ac2db0eaa926ee87024f7afe218d73b397ea5ddfc5f43ea1?s=96&d=mm&r=g\",\"url\":\"https:\\\/\\\/secure.gravatar.com\\\/avatar\\\/948b492cce32b586ac2db0eaa926ee87024f7afe218d73b397ea5ddfc5f43ea1?s=96&d=mm&r=g\",\"contentUrl\":\"https:\\\/\\\/secure.gravatar.com\\\/avatar\\\/948b492cce32b586ac2db0eaa926ee87024f7afe218d73b397ea5ddfc5f43ea1?s=96&d=mm&r=g\",\"caption\":\"admin\"},\"sameAs\":[\"https:\\\/\\\/encompaniastj.org\"],\"url\":\"https:\\\/\\\/encompaniastj.org\\\/pt-pt\\\/author\\\/sjdigital\\\/\"}]}<\/script>\n<!-- \/ Yoast SEO plugin. -->","yoast_head_json":{"title":"Montserrat Vilaseca Marcet. 4 de abril de 2022 (Barcelona - Casa Madre) - En Compa\u00f1\u00eda STJ","robots":{"index":"index","follow":"follow","max-snippet":"max-snippet:-1","max-image-preview":"max-image-preview:large","max-video-preview":"max-video-preview:-1"},"canonical":"https:\/\/encompaniastj.org\/pt-pt\/montserrat-vilaseca-marcet-4-de-abril-de-2022-barcelona-casa-madre-2\/","og_locale":"pt_PT","og_type":"article","og_title":"Montserrat Vilaseca Marcet. 4 de abril de 2022 (Barcelona - Casa Madre) - En Compa\u00f1\u00eda STJ","og_description":"Na madrugada do dia 4 de abril, a nossa irm\u00e3 Montserrat experimentou o ENCONTRO definitivo com Deus Pai. Ela estava h\u00e1 muito tempo desejando este momento. A doen\u00e7a, longa e [&hellip;]","og_url":"https:\/\/encompaniastj.org\/pt-pt\/montserrat-vilaseca-marcet-4-de-abril-de-2022-barcelona-casa-madre-2\/","og_site_name":"En Compa\u00f1\u00eda STJ","article_published_time":"2022-04-04T14:37:52+00:00","article_modified_time":"2025-07-07T14:23:05+00:00","og_image":[{"width":640,"height":456,"url":"https:\/\/encompaniastj.org\/wp-content\/uploads\/2025\/05\/oak-g6c9bc4530_640.jpg","type":"image\/jpeg"}],"author":"admin","twitter_card":"summary_large_image","twitter_misc":{"Escrito por":"admin","Tempo estimado de leitura":"2 minutos"},"schema":{"@context":"https:\/\/schema.org","@graph":[{"@type":"Article","@id":"https:\/\/encompaniastj.org\/pt-pt\/montserrat-vilaseca-marcet-4-de-abril-de-2022-barcelona-casa-madre-2\/#article","isPartOf":{"@id":"https:\/\/encompaniastj.org\/pt-pt\/montserrat-vilaseca-marcet-4-de-abril-de-2022-barcelona-casa-madre-2\/"},"author":{"name":"admin","@id":"https:\/\/encompaniastj.org\/pt-pt\/#\/schema\/person\/520e7ecc314793d40091993c2a02b651"},"headline":"Montserrat Vilaseca Marcet. 4 de abril de 2022 (Barcelona - Casa Madre)","datePublished":"2022-04-04T14:37:52+00:00","dateModified":"2025-07-07T14:23:05+00:00","mainEntityOfPage":{"@id":"https:\/\/encompaniastj.org\/pt-pt\/montserrat-vilaseca-marcet-4-de-abril-de-2022-barcelona-casa-madre-2\/"},"wordCount":410,"commentCount":0,"publisher":{"@id":"https:\/\/encompaniastj.org\/pt-pt\/#organization"},"image":{"@id":"https:\/\/encompaniastj.org\/pt-pt\/montserrat-vilaseca-marcet-4-de-abril-de-2022-barcelona-casa-madre-2\/#primaryimage"},"thumbnailUrl":"https:\/\/encompaniastj.org\/wp-content\/uploads\/2025\/05\/oak-g6c9bc4530_640.jpg","articleSection":["Falecimentos","Fallecimientos"],"inLanguage":"pt-PT","potentialAction":[{"@type":"CommentAction","name":"Comment","target":["https:\/\/encompaniastj.org\/pt-pt\/montserrat-vilaseca-marcet-4-de-abril-de-2022-barcelona-casa-madre-2\/#respond"]}]},{"@type":"WebPage","@id":"https:\/\/encompaniastj.org\/pt-pt\/montserrat-vilaseca-marcet-4-de-abril-de-2022-barcelona-casa-madre-2\/","url":"https:\/\/encompaniastj.org\/pt-pt\/montserrat-vilaseca-marcet-4-de-abril-de-2022-barcelona-casa-madre-2\/","name":"Montserrat Vilaseca Marcet. 4 de abril de 2022 (Barcelona - Casa Madre) - En Compa\u00f1\u00eda STJ","isPartOf":{"@id":"https:\/\/encompaniastj.org\/pt-pt\/#website"},"primaryImageOfPage":{"@id":"https:\/\/encompaniastj.org\/pt-pt\/montserrat-vilaseca-marcet-4-de-abril-de-2022-barcelona-casa-madre-2\/#primaryimage"},"image":{"@id":"https:\/\/encompaniastj.org\/pt-pt\/montserrat-vilaseca-marcet-4-de-abril-de-2022-barcelona-casa-madre-2\/#primaryimage"},"thumbnailUrl":"https:\/\/encompaniastj.org\/wp-content\/uploads\/2025\/05\/oak-g6c9bc4530_640.jpg","datePublished":"2022-04-04T14:37:52+00:00","dateModified":"2025-07-07T14:23:05+00:00","breadcrumb":{"@id":"https:\/\/encompaniastj.org\/pt-pt\/montserrat-vilaseca-marcet-4-de-abril-de-2022-barcelona-casa-madre-2\/#breadcrumb"},"inLanguage":"pt-PT","potentialAction":[{"@type":"ReadAction","target":["https:\/\/encompaniastj.org\/pt-pt\/montserrat-vilaseca-marcet-4-de-abril-de-2022-barcelona-casa-madre-2\/"]}]},{"@type":"ImageObject","inLanguage":"pt-PT","@id":"https:\/\/encompaniastj.org\/pt-pt\/montserrat-vilaseca-marcet-4-de-abril-de-2022-barcelona-casa-madre-2\/#primaryimage","url":"https:\/\/encompaniastj.org\/wp-content\/uploads\/2025\/05\/oak-g6c9bc4530_640.jpg","contentUrl":"https:\/\/encompaniastj.org\/wp-content\/uploads\/2025\/05\/oak-g6c9bc4530_640.jpg","width":640,"height":456},{"@type":"BreadcrumbList","@id":"https:\/\/encompaniastj.org\/pt-pt\/montserrat-vilaseca-marcet-4-de-abril-de-2022-barcelona-casa-madre-2\/#breadcrumb","itemListElement":[{"@type":"ListItem","position":1,"name":"Portada","item":"https:\/\/encompaniastj.org\/pt-pt\/"},{"@type":"ListItem","position":2,"name":"Montserrat Vilaseca Marcet. 4 de abril de 2022 (Barcelona - Casa Madre)"}]},{"@type":"WebSite","@id":"https:\/\/encompaniastj.org\/pt-pt\/#website","url":"https:\/\/encompaniastj.org\/pt-pt\/","name":"En Compa\u00f1\u00eda STJ","description":"Bolet\u00edn de la Compa\u00f1\u00eda de Santa Teresa de Jes\u00fas","publisher":{"@id":"https:\/\/encompaniastj.org\/pt-pt\/#organization"},"potentialAction":[{"@type":"SearchAction","target":{"@type":"EntryPoint","urlTemplate":"https:\/\/encompaniastj.org\/pt-pt\/?s={search_term_string}"},"query-input":{"@type":"PropertyValueSpecification","valueRequired":true,"valueName":"search_term_string"}}],"inLanguage":"pt-PT"},{"@type":"Organization","@id":"https:\/\/encompaniastj.org\/pt-pt\/#organization","name":"Compa\u00f1\u00eda de Santa Teresa de Jes\u00fas","url":"https:\/\/encompaniastj.org\/pt-pt\/","logo":{"@type":"ImageObject","inLanguage":"pt-PT","@id":"https:\/\/encompaniastj.org\/pt-pt\/#\/schema\/logo\/image\/","url":"https:\/\/encompaniastj.org\/wp-content\/uploads\/2025\/04\/logo_provincias02-1-3.png","contentUrl":"https:\/\/encompaniastj.org\/wp-content\/uploads\/2025\/04\/logo_provincias02-1-3.png","width":2368,"height":825,"caption":"Compa\u00f1\u00eda de Santa Teresa de Jes\u00fas"},"image":{"@id":"https:\/\/encompaniastj.org\/pt-pt\/#\/schema\/logo\/image\/"}},{"@type":"Person","@id":"https:\/\/encompaniastj.org\/pt-pt\/#\/schema\/person\/520e7ecc314793d40091993c2a02b651","name":"admin","image":{"@type":"ImageObject","inLanguage":"pt-PT","@id":"https:\/\/secure.gravatar.com\/avatar\/948b492cce32b586ac2db0eaa926ee87024f7afe218d73b397ea5ddfc5f43ea1?s=96&d=mm&r=g","url":"https:\/\/secure.gravatar.com\/avatar\/948b492cce32b586ac2db0eaa926ee87024f7afe218d73b397ea5ddfc5f43ea1?s=96&d=mm&r=g","contentUrl":"https:\/\/secure.gravatar.com\/avatar\/948b492cce32b586ac2db0eaa926ee87024f7afe218d73b397ea5ddfc5f43ea1?s=96&d=mm&r=g","caption":"admin"},"sameAs":["https:\/\/encompaniastj.org"],"url":"https:\/\/encompaniastj.org\/pt-pt\/author\/sjdigital\/"}]}},"_links":{"self":[{"href":"https:\/\/encompaniastj.org\/pt-pt\/wp-json\/wp\/v2\/posts\/10922","targetHints":{"allow":["GET"]}}],"collection":[{"href":"https:\/\/encompaniastj.org\/pt-pt\/wp-json\/wp\/v2\/posts"}],"about":[{"href":"https:\/\/encompaniastj.org\/pt-pt\/wp-json\/wp\/v2\/types\/post"}],"author":[{"embeddable":true,"href":"https:\/\/encompaniastj.org\/pt-pt\/wp-json\/wp\/v2\/users\/1"}],"replies":[{"embeddable":true,"href":"https:\/\/encompaniastj.org\/pt-pt\/wp-json\/wp\/v2\/comments?post=10922"}],"version-history":[{"count":1,"href":"https:\/\/encompaniastj.org\/pt-pt\/wp-json\/wp\/v2\/posts\/10922\/revisions"}],"predecessor-version":[{"id":10923,"href":"https:\/\/encompaniastj.org\/pt-pt\/wp-json\/wp\/v2\/posts\/10922\/revisions\/10923"}],"wp:featuredmedia":[{"embeddable":true,"href":"https:\/\/encompaniastj.org\/pt-pt\/wp-json\/wp\/v2\/media\/7876"}],"wp:attachment":[{"href":"https:\/\/encompaniastj.org\/pt-pt\/wp-json\/wp\/v2\/media?parent=10922"}],"wp:term":[{"taxonomy":"category","embeddable":true,"href":"https:\/\/encompaniastj.org\/pt-pt\/wp-json\/wp\/v2\/categories?post=10922"},{"taxonomy":"post_tag","embeddable":true,"href":"https:\/\/encompaniastj.org\/pt-pt\/wp-json\/wp\/v2\/tags?post=10922"}],"curies":[{"name":"wp","href":"https:\/\/api.w.org\/{rel}","templated":true}]}}