{"id":10914,"date":"2022-03-21T16:22:17","date_gmt":"2022-03-21T15:22:17","guid":{"rendered":"https:\/\/encompaniastj.org\/uma-menina-do-nada\/"},"modified":"2025-07-07T16:23:04","modified_gmt":"2025-07-07T14:23:04","slug":"uma-menina-do-nada","status":"publish","type":"post","link":"https:\/\/encompaniastj.org\/pt-pt\/uma-menina-do-nada\/","title":{"rendered":"UMA MENINA DO NADA"},"content":{"rendered":"<p>Ela dorme tranquilamente e acorda todas as manh\u00e3s com um olhar novo. Essa pequena esperan\u00e7a que parece do nada, \u00e9 aquela que sa\u00fada o pobres e o \u00f3rf\u00e3o&#8230; Essa pequenina esperan\u00e7a imortal.<\/p>\n<p>Essas tr\u00eas virtudes [diz Deus], \u200b\u200bminhas criaturas: a caridade \u00e9 uma m\u00e3e ardente, toda cora\u00e7\u00e3o, ou uma irm\u00e3 mais velha. A esperan\u00e7a \u00e9 uma menina do nada. Mas essa garotinha vai atravessar os mundos. A f\u00e9 \u00e9 uma esposa fiel. \u00c9 aquele que permanece firme pelos s\u00e9culos. A f\u00e9 que mais amo, diz Deus, \u00e9 a esperan\u00e7a. A pequena esperan\u00e7a caminha entre as duas irm\u00e3s mais velhas de m\u00e3os dadas e ningu\u00e9m olha para ela&#8230; mas na realidade \u00e9 ela quem as dirige.<\/p>\n<p>A caridade \u00e9 um m\u00e9dico que cuida dos doentes, dos pobres. Mas a esperan\u00e7a \u00e9 quem os recebe&#8230; sem esperan\u00e7a, tudo isso n\u00e3o passaria de um cemit\u00e9rio. A f\u00e9 \u00e9 uma \u00e1rvore enraizada, e sob as asas dessa \u00e1rvore, a caridade. E minha pequena esperan\u00e7a nada mais \u00e9 do que aquela promessa de rebento novo que se anuncia logo no in\u00edcio de abril.<\/p>\n<p>Escutava essas palavras<a href=\"#_ftn1\" name=\"_ftnref1\">[1]<\/a>com profunda for\u00e7a entre dezembro e janeiro, anunciando o novo ano. E essa garotinha, essa menina do nada \u2013 a esperan\u00e7a - foi crescendo no meio da vida como esse rebento de vida que vai ganhando for\u00e7a na fraqueza e na incerteza, no medo e na tempestade.<\/p>\n<p>O Papa Francisco diz que a esperan\u00e7a \u00e9 a menor das virtudes, mas a mais forte, \u00e9 arriscada e de expectativa ardente, n\u00e3o \u00e9 uma ilus\u00e3o ou um otimismo passivo, mas \u00e9 combativa e tenaz, \u00e9 imortal, precisa de paci\u00eancia e d\u00e1-nos for\u00e7a para caminhar na vida&#8230; O Papa quis recordar-nos numa das suas audi\u00eancias -e convidou-nos a voltar para ela- a for\u00e7a que a esperan\u00e7a tem na vida quotidiana.<\/p>\n<p>\u00c9 tamb\u00e9m a esperan\u00e7a teimosa, como Casald\u00e1liga falava dela, que nunca se desanima e nunca se escandaliza, nem nas desventuras da P\u00e1tria nem nas infidelidades da Igreja; aquela que sabe forjar a vinda do Novo Tempo j\u00e1 aqui na Terra para a Vida plena.<\/p>\n<p>No dia 20 de fevereiro, a R\u00fassia come\u00e7ou os ataques \u00e0 Ucr\u00e2nia, incr\u00edveis como se fossem <em>um filme do Netflix para a noite deste dia,<\/em> dizia algu\u00e9m numa reuni\u00e3o&#8230; e o povo ucraniano, no meio ao sofrimento e resist\u00eancia, deu-nos esses sinais de esperan\u00e7a ao ficar para a luta, e ao lutar todos os dias para levar as m\u00e3es e filhos a sa\u00edrem e buscarem um futuro fora da sua terra. \u00c9 por isso que hoje a esperan\u00e7a, como uma <em>menina do nada<\/em>, teimosa nas desventuras da <em>P\u00e1tria, imortal<\/em>, quer ser um pedido de paz, como promessa de rebento e de sementeira:<\/p>\n<p><em>D\u00e1-nos, Senhor, aquela Paz estranha<br \/>\nque brota em plena luta<br \/>\ncomo uma flor de fogo;<br \/>\nque desabrocha em plena noite<br \/>\ncomo um canto escondido;<br \/>\nque chega em plena morte<br \/>\ncomo o beijo esperado.<br \/>\nD\u00e1-nos a paz dos que andam sempre,<br \/>\nnus de luxos,<br \/>\nvestidos pelo vento de uma<br \/>\nesperan\u00e7a adolescente.<br \/>\nAquela Paz do pobre<br \/>\nque j\u00e1 venceu o medo.<br \/>\nAquela Paz do livre<br \/>\nque se agarra \u00e0 vida.<br \/>\nA Paz que se partilha em igualdade<br \/>\ncomo a \u00e1gua e a H\u00f3stia<a href=\"#_ftn2\" name=\"_ftnref2\"><strong>[2]<\/strong><\/a>.<\/em><\/p>\n<p>Que as alegrias e as esperan\u00e7as, as tristezas e as ang\u00fastias dos homens do nosso tempo, especialmente dos pobres e dos que sofrem sejam as nossas alegrias e esperan\u00e7as, encontrem eco nos nossos cora\u00e7\u00f5es, sentindo-nos \u00edntimos e verdadeiramente solid\u00e1rios do g\u00e9nero humano e da sua hist\u00f3ria<a href=\"#_ftn3\" name=\"_ftnref3\">[3]<\/a>.<\/p>\n<p>Ent\u00e3o, a partir de dentro, com os que est\u00e3o perto. Assim com aqueles de longe e de fora. Assim \u00e9 este dom e o convite para esta sementeira.<\/p>\n<p><em>Isabel del Valle\u00a0\u00a0\u00a0\u00a0\u00a0\u00a0\u00a0\u00a0\u00a0\u00a0\u00a0\u00a0\u00a0\u00a0\u00a0 <\/em><\/p>\n<p><a href=\"#_ftnref1\" name=\"_ftn1\">[1]<\/a> Charles P\u00e9guy. O p\u00f3rtico do mist\u00e9rio da segunda virtude<\/p>\n<p><a href=\"#_ftnref2\" name=\"_ftn2\">[2]<\/a> Pedro Casald\u00e1liga<\/p>\n<p><a href=\"#_ftnref3\" name=\"_ftn3\">[3]<\/a> Cfr. Gaudium et Spes 1<\/p>\n","protected":false},"excerpt":{"rendered":"<p>Ela dorme tranquilamente e acorda todas as manh\u00e3s com um olhar novo. Essa pequena esperan\u00e7a que parece do nada, \u00e9 aquela que sa\u00fada o pobres e o \u00f3rf\u00e3o&#8230; Essa pequenina [&hellip;]<\/p>\n","protected":false},"author":1,"featured_media":7870,"comment_status":"open","ping_status":"open","sticky":false,"template":"","format":"standard","meta":{"_acf_changed":false,"footnotes":""},"categories":[77],"tags":[],"class_list":["post-10914","post","type-post","status-publish","format-standard","has-post-thumbnail","hentry","category-palabras"],"acf":[],"yoast_head":"<!-- This site is optimized with the Yoast SEO plugin v27.5 - https:\/\/yoast.com\/product\/yoast-seo-wordpress\/ -->\n<title>UMA MENINA DO NADA - En Compa\u00f1\u00eda STJ<\/title>\n<meta name=\"robots\" content=\"index, follow, max-snippet:-1, max-image-preview:large, max-video-preview:-1\" \/>\n<link rel=\"canonical\" href=\"https:\/\/encompaniastj.org\/pt-pt\/uma-menina-do-nada\/\" \/>\n<meta property=\"og:locale\" content=\"pt_PT\" \/>\n<meta property=\"og:type\" content=\"article\" \/>\n<meta property=\"og:title\" content=\"UMA MENINA DO NADA - En Compa\u00f1\u00eda STJ\" \/>\n<meta property=\"og:description\" content=\"Ela dorme tranquilamente e acorda todas as manh\u00e3s com um olhar novo. Essa pequena esperan\u00e7a que parece do nada, \u00e9 aquela que sa\u00fada o pobres e o \u00f3rf\u00e3o&#8230; Essa pequenina [&hellip;]\" \/>\n<meta property=\"og:url\" content=\"https:\/\/encompaniastj.org\/pt-pt\/uma-menina-do-nada\/\" \/>\n<meta property=\"og:site_name\" content=\"En Compa\u00f1\u00eda STJ\" \/>\n<meta property=\"article:published_time\" content=\"2022-03-21T15:22:17+00:00\" \/>\n<meta property=\"article:modified_time\" content=\"2025-07-07T14:23:04+00:00\" \/>\n<meta property=\"og:image\" content=\"https:\/\/encompaniastj.org\/wp-content\/uploads\/2025\/05\/20220318_184605.jpg\" \/>\n\t<meta property=\"og:image:width\" content=\"500\" \/>\n\t<meta property=\"og:image:height\" content=\"667\" \/>\n\t<meta property=\"og:image:type\" content=\"image\/jpeg\" \/>\n<meta name=\"author\" content=\"admin\" \/>\n<meta name=\"twitter:card\" content=\"summary_large_image\" \/>\n<meta name=\"twitter:label1\" content=\"Escrito por\" \/>\n\t<meta name=\"twitter:data1\" content=\"admin\" \/>\n\t<meta name=\"twitter:label2\" content=\"Tempo estimado de leitura\" \/>\n\t<meta name=\"twitter:data2\" content=\"3 minutos\" \/>\n<script type=\"application\/ld+json\" class=\"yoast-schema-graph\">{\"@context\":\"https:\\\/\\\/schema.org\",\"@graph\":[{\"@type\":\"Article\",\"@id\":\"https:\\\/\\\/encompaniastj.org\\\/pt-pt\\\/uma-menina-do-nada\\\/#article\",\"isPartOf\":{\"@id\":\"https:\\\/\\\/encompaniastj.org\\\/pt-pt\\\/uma-menina-do-nada\\\/\"},\"author\":{\"name\":\"admin\",\"@id\":\"https:\\\/\\\/encompaniastj.org\\\/pt-pt\\\/#\\\/schema\\\/person\\\/520e7ecc314793d40091993c2a02b651\"},\"headline\":\"UMA MENINA DO NADA\",\"datePublished\":\"2022-03-21T15:22:17+00:00\",\"dateModified\":\"2025-07-07T14:23:04+00:00\",\"mainEntityOfPage\":{\"@id\":\"https:\\\/\\\/encompaniastj.org\\\/pt-pt\\\/uma-menina-do-nada\\\/\"},\"wordCount\":665,\"commentCount\":0,\"publisher\":{\"@id\":\"https:\\\/\\\/encompaniastj.org\\\/pt-pt\\\/#organization\"},\"image\":{\"@id\":\"https:\\\/\\\/encompaniastj.org\\\/pt-pt\\\/uma-menina-do-nada\\\/#primaryimage\"},\"thumbnailUrl\":\"https:\\\/\\\/encompaniastj.org\\\/wp-content\\\/uploads\\\/2025\\\/05\\\/20220318_184605.jpg\",\"articleSection\":[\"Palabras\"],\"inLanguage\":\"pt-PT\",\"potentialAction\":[{\"@type\":\"CommentAction\",\"name\":\"Comment\",\"target\":[\"https:\\\/\\\/encompaniastj.org\\\/pt-pt\\\/uma-menina-do-nada\\\/#respond\"]}]},{\"@type\":\"WebPage\",\"@id\":\"https:\\\/\\\/encompaniastj.org\\\/pt-pt\\\/uma-menina-do-nada\\\/\",\"url\":\"https:\\\/\\\/encompaniastj.org\\\/pt-pt\\\/uma-menina-do-nada\\\/\",\"name\":\"UMA MENINA DO NADA - En Compa\u00f1\u00eda STJ\",\"isPartOf\":{\"@id\":\"https:\\\/\\\/encompaniastj.org\\\/pt-pt\\\/#website\"},\"primaryImageOfPage\":{\"@id\":\"https:\\\/\\\/encompaniastj.org\\\/pt-pt\\\/uma-menina-do-nada\\\/#primaryimage\"},\"image\":{\"@id\":\"https:\\\/\\\/encompaniastj.org\\\/pt-pt\\\/uma-menina-do-nada\\\/#primaryimage\"},\"thumbnailUrl\":\"https:\\\/\\\/encompaniastj.org\\\/wp-content\\\/uploads\\\/2025\\\/05\\\/20220318_184605.jpg\",\"datePublished\":\"2022-03-21T15:22:17+00:00\",\"dateModified\":\"2025-07-07T14:23:04+00:00\",\"breadcrumb\":{\"@id\":\"https:\\\/\\\/encompaniastj.org\\\/pt-pt\\\/uma-menina-do-nada\\\/#breadcrumb\"},\"inLanguage\":\"pt-PT\",\"potentialAction\":[{\"@type\":\"ReadAction\",\"target\":[\"https:\\\/\\\/encompaniastj.org\\\/pt-pt\\\/uma-menina-do-nada\\\/\"]}]},{\"@type\":\"ImageObject\",\"inLanguage\":\"pt-PT\",\"@id\":\"https:\\\/\\\/encompaniastj.org\\\/pt-pt\\\/uma-menina-do-nada\\\/#primaryimage\",\"url\":\"https:\\\/\\\/encompaniastj.org\\\/wp-content\\\/uploads\\\/2025\\\/05\\\/20220318_184605.jpg\",\"contentUrl\":\"https:\\\/\\\/encompaniastj.org\\\/wp-content\\\/uploads\\\/2025\\\/05\\\/20220318_184605.jpg\",\"width\":500,\"height\":667},{\"@type\":\"BreadcrumbList\",\"@id\":\"https:\\\/\\\/encompaniastj.org\\\/pt-pt\\\/uma-menina-do-nada\\\/#breadcrumb\",\"itemListElement\":[{\"@type\":\"ListItem\",\"position\":1,\"name\":\"Portada\",\"item\":\"https:\\\/\\\/encompaniastj.org\\\/pt-pt\\\/\"},{\"@type\":\"ListItem\",\"position\":2,\"name\":\"UMA MENINA DO NADA\"}]},{\"@type\":\"WebSite\",\"@id\":\"https:\\\/\\\/encompaniastj.org\\\/pt-pt\\\/#website\",\"url\":\"https:\\\/\\\/encompaniastj.org\\\/pt-pt\\\/\",\"name\":\"En Compa\u00f1\u00eda STJ\",\"description\":\"Bolet\u00edn de la Compa\u00f1\u00eda de Santa Teresa de Jes\u00fas\",\"publisher\":{\"@id\":\"https:\\\/\\\/encompaniastj.org\\\/pt-pt\\\/#organization\"},\"potentialAction\":[{\"@type\":\"SearchAction\",\"target\":{\"@type\":\"EntryPoint\",\"urlTemplate\":\"https:\\\/\\\/encompaniastj.org\\\/pt-pt\\\/?s={search_term_string}\"},\"query-input\":{\"@type\":\"PropertyValueSpecification\",\"valueRequired\":true,\"valueName\":\"search_term_string\"}}],\"inLanguage\":\"pt-PT\"},{\"@type\":\"Organization\",\"@id\":\"https:\\\/\\\/encompaniastj.org\\\/pt-pt\\\/#organization\",\"name\":\"Compa\u00f1\u00eda de Santa Teresa de Jes\u00fas\",\"url\":\"https:\\\/\\\/encompaniastj.org\\\/pt-pt\\\/\",\"logo\":{\"@type\":\"ImageObject\",\"inLanguage\":\"pt-PT\",\"@id\":\"https:\\\/\\\/encompaniastj.org\\\/pt-pt\\\/#\\\/schema\\\/logo\\\/image\\\/\",\"url\":\"https:\\\/\\\/encompaniastj.org\\\/wp-content\\\/uploads\\\/2025\\\/04\\\/logo_provincias02-1-3.png\",\"contentUrl\":\"https:\\\/\\\/encompaniastj.org\\\/wp-content\\\/uploads\\\/2025\\\/04\\\/logo_provincias02-1-3.png\",\"width\":2368,\"height\":825,\"caption\":\"Compa\u00f1\u00eda de Santa Teresa de Jes\u00fas\"},\"image\":{\"@id\":\"https:\\\/\\\/encompaniastj.org\\\/pt-pt\\\/#\\\/schema\\\/logo\\\/image\\\/\"}},{\"@type\":\"Person\",\"@id\":\"https:\\\/\\\/encompaniastj.org\\\/pt-pt\\\/#\\\/schema\\\/person\\\/520e7ecc314793d40091993c2a02b651\",\"name\":\"admin\",\"image\":{\"@type\":\"ImageObject\",\"inLanguage\":\"pt-PT\",\"@id\":\"https:\\\/\\\/secure.gravatar.com\\\/avatar\\\/948b492cce32b586ac2db0eaa926ee87024f7afe218d73b397ea5ddfc5f43ea1?s=96&d=mm&r=g\",\"url\":\"https:\\\/\\\/secure.gravatar.com\\\/avatar\\\/948b492cce32b586ac2db0eaa926ee87024f7afe218d73b397ea5ddfc5f43ea1?s=96&d=mm&r=g\",\"contentUrl\":\"https:\\\/\\\/secure.gravatar.com\\\/avatar\\\/948b492cce32b586ac2db0eaa926ee87024f7afe218d73b397ea5ddfc5f43ea1?s=96&d=mm&r=g\",\"caption\":\"admin\"},\"sameAs\":[\"https:\\\/\\\/encompaniastj.org\"],\"url\":\"https:\\\/\\\/encompaniastj.org\\\/pt-pt\\\/author\\\/sjdigital\\\/\"}]}<\/script>\n<!-- \/ Yoast SEO plugin. -->","yoast_head_json":{"title":"UMA MENINA DO NADA - En Compa\u00f1\u00eda STJ","robots":{"index":"index","follow":"follow","max-snippet":"max-snippet:-1","max-image-preview":"max-image-preview:large","max-video-preview":"max-video-preview:-1"},"canonical":"https:\/\/encompaniastj.org\/pt-pt\/uma-menina-do-nada\/","og_locale":"pt_PT","og_type":"article","og_title":"UMA MENINA DO NADA - En Compa\u00f1\u00eda STJ","og_description":"Ela dorme tranquilamente e acorda todas as manh\u00e3s com um olhar novo. Essa pequena esperan\u00e7a que parece do nada, \u00e9 aquela que sa\u00fada o pobres e o \u00f3rf\u00e3o&#8230; Essa pequenina [&hellip;]","og_url":"https:\/\/encompaniastj.org\/pt-pt\/uma-menina-do-nada\/","og_site_name":"En Compa\u00f1\u00eda STJ","article_published_time":"2022-03-21T15:22:17+00:00","article_modified_time":"2025-07-07T14:23:04+00:00","og_image":[{"width":500,"height":667,"url":"https:\/\/encompaniastj.org\/wp-content\/uploads\/2025\/05\/20220318_184605.jpg","type":"image\/jpeg"}],"author":"admin","twitter_card":"summary_large_image","twitter_misc":{"Escrito por":"admin","Tempo estimado de leitura":"3 minutos"},"schema":{"@context":"https:\/\/schema.org","@graph":[{"@type":"Article","@id":"https:\/\/encompaniastj.org\/pt-pt\/uma-menina-do-nada\/#article","isPartOf":{"@id":"https:\/\/encompaniastj.org\/pt-pt\/uma-menina-do-nada\/"},"author":{"name":"admin","@id":"https:\/\/encompaniastj.org\/pt-pt\/#\/schema\/person\/520e7ecc314793d40091993c2a02b651"},"headline":"UMA MENINA DO NADA","datePublished":"2022-03-21T15:22:17+00:00","dateModified":"2025-07-07T14:23:04+00:00","mainEntityOfPage":{"@id":"https:\/\/encompaniastj.org\/pt-pt\/uma-menina-do-nada\/"},"wordCount":665,"commentCount":0,"publisher":{"@id":"https:\/\/encompaniastj.org\/pt-pt\/#organization"},"image":{"@id":"https:\/\/encompaniastj.org\/pt-pt\/uma-menina-do-nada\/#primaryimage"},"thumbnailUrl":"https:\/\/encompaniastj.org\/wp-content\/uploads\/2025\/05\/20220318_184605.jpg","articleSection":["Palabras"],"inLanguage":"pt-PT","potentialAction":[{"@type":"CommentAction","name":"Comment","target":["https:\/\/encompaniastj.org\/pt-pt\/uma-menina-do-nada\/#respond"]}]},{"@type":"WebPage","@id":"https:\/\/encompaniastj.org\/pt-pt\/uma-menina-do-nada\/","url":"https:\/\/encompaniastj.org\/pt-pt\/uma-menina-do-nada\/","name":"UMA MENINA DO NADA - En Compa\u00f1\u00eda STJ","isPartOf":{"@id":"https:\/\/encompaniastj.org\/pt-pt\/#website"},"primaryImageOfPage":{"@id":"https:\/\/encompaniastj.org\/pt-pt\/uma-menina-do-nada\/#primaryimage"},"image":{"@id":"https:\/\/encompaniastj.org\/pt-pt\/uma-menina-do-nada\/#primaryimage"},"thumbnailUrl":"https:\/\/encompaniastj.org\/wp-content\/uploads\/2025\/05\/20220318_184605.jpg","datePublished":"2022-03-21T15:22:17+00:00","dateModified":"2025-07-07T14:23:04+00:00","breadcrumb":{"@id":"https:\/\/encompaniastj.org\/pt-pt\/uma-menina-do-nada\/#breadcrumb"},"inLanguage":"pt-PT","potentialAction":[{"@type":"ReadAction","target":["https:\/\/encompaniastj.org\/pt-pt\/uma-menina-do-nada\/"]}]},{"@type":"ImageObject","inLanguage":"pt-PT","@id":"https:\/\/encompaniastj.org\/pt-pt\/uma-menina-do-nada\/#primaryimage","url":"https:\/\/encompaniastj.org\/wp-content\/uploads\/2025\/05\/20220318_184605.jpg","contentUrl":"https:\/\/encompaniastj.org\/wp-content\/uploads\/2025\/05\/20220318_184605.jpg","width":500,"height":667},{"@type":"BreadcrumbList","@id":"https:\/\/encompaniastj.org\/pt-pt\/uma-menina-do-nada\/#breadcrumb","itemListElement":[{"@type":"ListItem","position":1,"name":"Portada","item":"https:\/\/encompaniastj.org\/pt-pt\/"},{"@type":"ListItem","position":2,"name":"UMA MENINA DO NADA"}]},{"@type":"WebSite","@id":"https:\/\/encompaniastj.org\/pt-pt\/#website","url":"https:\/\/encompaniastj.org\/pt-pt\/","name":"En Compa\u00f1\u00eda STJ","description":"Bolet\u00edn de la Compa\u00f1\u00eda de Santa Teresa de Jes\u00fas","publisher":{"@id":"https:\/\/encompaniastj.org\/pt-pt\/#organization"},"potentialAction":[{"@type":"SearchAction","target":{"@type":"EntryPoint","urlTemplate":"https:\/\/encompaniastj.org\/pt-pt\/?s={search_term_string}"},"query-input":{"@type":"PropertyValueSpecification","valueRequired":true,"valueName":"search_term_string"}}],"inLanguage":"pt-PT"},{"@type":"Organization","@id":"https:\/\/encompaniastj.org\/pt-pt\/#organization","name":"Compa\u00f1\u00eda de Santa Teresa de Jes\u00fas","url":"https:\/\/encompaniastj.org\/pt-pt\/","logo":{"@type":"ImageObject","inLanguage":"pt-PT","@id":"https:\/\/encompaniastj.org\/pt-pt\/#\/schema\/logo\/image\/","url":"https:\/\/encompaniastj.org\/wp-content\/uploads\/2025\/04\/logo_provincias02-1-3.png","contentUrl":"https:\/\/encompaniastj.org\/wp-content\/uploads\/2025\/04\/logo_provincias02-1-3.png","width":2368,"height":825,"caption":"Compa\u00f1\u00eda de Santa Teresa de Jes\u00fas"},"image":{"@id":"https:\/\/encompaniastj.org\/pt-pt\/#\/schema\/logo\/image\/"}},{"@type":"Person","@id":"https:\/\/encompaniastj.org\/pt-pt\/#\/schema\/person\/520e7ecc314793d40091993c2a02b651","name":"admin","image":{"@type":"ImageObject","inLanguage":"pt-PT","@id":"https:\/\/secure.gravatar.com\/avatar\/948b492cce32b586ac2db0eaa926ee87024f7afe218d73b397ea5ddfc5f43ea1?s=96&d=mm&r=g","url":"https:\/\/secure.gravatar.com\/avatar\/948b492cce32b586ac2db0eaa926ee87024f7afe218d73b397ea5ddfc5f43ea1?s=96&d=mm&r=g","contentUrl":"https:\/\/secure.gravatar.com\/avatar\/948b492cce32b586ac2db0eaa926ee87024f7afe218d73b397ea5ddfc5f43ea1?s=96&d=mm&r=g","caption":"admin"},"sameAs":["https:\/\/encompaniastj.org"],"url":"https:\/\/encompaniastj.org\/pt-pt\/author\/sjdigital\/"}]}},"_links":{"self":[{"href":"https:\/\/encompaniastj.org\/pt-pt\/wp-json\/wp\/v2\/posts\/10914","targetHints":{"allow":["GET"]}}],"collection":[{"href":"https:\/\/encompaniastj.org\/pt-pt\/wp-json\/wp\/v2\/posts"}],"about":[{"href":"https:\/\/encompaniastj.org\/pt-pt\/wp-json\/wp\/v2\/types\/post"}],"author":[{"embeddable":true,"href":"https:\/\/encompaniastj.org\/pt-pt\/wp-json\/wp\/v2\/users\/1"}],"replies":[{"embeddable":true,"href":"https:\/\/encompaniastj.org\/pt-pt\/wp-json\/wp\/v2\/comments?post=10914"}],"version-history":[{"count":1,"href":"https:\/\/encompaniastj.org\/pt-pt\/wp-json\/wp\/v2\/posts\/10914\/revisions"}],"predecessor-version":[{"id":10915,"href":"https:\/\/encompaniastj.org\/pt-pt\/wp-json\/wp\/v2\/posts\/10914\/revisions\/10915"}],"wp:featuredmedia":[{"embeddable":true,"href":"https:\/\/encompaniastj.org\/pt-pt\/wp-json\/wp\/v2\/media\/7870"}],"wp:attachment":[{"href":"https:\/\/encompaniastj.org\/pt-pt\/wp-json\/wp\/v2\/media?parent=10914"}],"wp:term":[{"taxonomy":"category","embeddable":true,"href":"https:\/\/encompaniastj.org\/pt-pt\/wp-json\/wp\/v2\/categories?post=10914"},{"taxonomy":"post_tag","embeddable":true,"href":"https:\/\/encompaniastj.org\/pt-pt\/wp-json\/wp\/v2\/tags?post=10914"}],"curies":[{"name":"wp","href":"https:\/\/api.w.org\/{rel}","templated":true}]}}