{"id":10904,"date":"2022-03-14T15:25:39","date_gmt":"2022-03-14T14:25:39","guid":{"rendered":"https:\/\/encompaniastj.org\/isabel-felipe-14-de-marzo-de-2022-tortosa-residencia-2\/"},"modified":"2025-07-07T16:23:02","modified_gmt":"2025-07-07T14:23:02","slug":"isabel-felipe-14-de-marzo-de-2022-tortosa-residencia-2","status":"publish","type":"post","link":"https:\/\/encompaniastj.org\/pt-pt\/isabel-felipe-14-de-marzo-de-2022-tortosa-residencia-2\/","title":{"rendered":"Isabel Felipe Majarena. 14 de marzo de 2022 (Tortosa-Residencia)"},"content":{"rendered":"<p>A Irm\u00e3 Isabel nasceu no dia 20 de janeiro de 1930 em Fombuena (Sarago\u00e7a). Era a menor de uma fam\u00edlia muito numerosa, 9 irm\u00e3os. Uma das suas irm\u00e3s, Carmen, foi tamb\u00e9m religiosa da Companhia de Sta. Teresa. Faleceu em abril de 2017.<\/p>\n<p>Isabel entrou no Noviciado da Companhia de Sta. Teresa, em Jesus -Tortosa, no dia 14 de outubro de 1951. Ali fez sua primeira profiss\u00e3o, no dia 25 de abril de 1954, e os seus votos perp\u00e9tuos em 25 de abril de 1959.<\/p>\n<p>No ano de 1966 foi destinada ao col\u00e9gio de S\u00e3o Sebasti\u00e3o. Em 1970, ao col\u00e9gio de Bellvitge (Barcelona) onde esteve at\u00e9 ao ano de 1984 no qual passou a viver em Barcelona-Gracia at\u00e9 ao ano de 1993. Nesse ano foi destinada ao col\u00e9gio de Pamplona- Ermitaga\u00f1a. Em 1995 teve destino para a sua terra, Zaragoza, ao col\u00e9gio Henrique de Oss\u00f3. Ali viveu at\u00e9 ao ano de 2014. Nesse ano passou \u00e0 Resid\u00eancia de Irm\u00e3s de Jesus - Tortosa, onde faleceu.<\/p>\n<p>A Ir. Isabel sempre conservou o seu sotaque e o seu esp\u00edrito aragon\u00eas e, o que \u00e9 mais importante, um amor grand\u00edssimo por Nossa Senhora do Pilar, que em muitas ocasi\u00f5es honrava cantando o seu hino.<br \/>\nFoi uma pessoa muito querida nos col\u00e9gios onde viveu e trabalhou. O seu servi\u00e7o desenvolveu-se especialmente nas portarias dos col\u00e9gios, o que lhe permitiu conhecer e ajudar muitas pessoas.<\/p>\n<p>Nos \u00faltimos anos foi perdendo a sa\u00fade, sofrendo de uma doen\u00e7a de cora\u00e7\u00e3o que n\u00e3o lhe permitia fazer grandes esfor\u00e7os. Passava muitos momentos do dia na sala de comunidade da enfermaria ajudando as irm\u00e3s no que podia, participando nos jogos e atividades que as t\u00e9cnicas de gerontologia lhes organizavam. Estava atenta \u00e0s not\u00edcias que chegavam da Companhia e lia-as \u00e0s irm\u00e3s que n\u00e3o podiam faz\u00ea-lo para que estivessem inteiradas do que se estava vivendo. Tamb\u00e9m se preocupava com os acontecimentos que iam ocorrendo no mundo e levava-os \u00e0 ora\u00e7\u00e3o.<\/p>\n","protected":false},"excerpt":{"rendered":"<p>A Irm\u00e3 Isabel nasceu no dia 20 de janeiro de 1930 em Fombuena (Sarago\u00e7a). Era a menor de uma fam\u00edlia muito numerosa, 9 irm\u00e3os. Uma das suas irm\u00e3s, Carmen, foi [&hellip;]<\/p>\n","protected":false},"author":1,"featured_media":7869,"comment_status":"open","ping_status":"open","sticky":false,"template":"","format":"standard","meta":{"_acf_changed":false,"footnotes":""},"categories":[69,63],"tags":[],"class_list":["post-10904","post","type-post","status-publish","format-standard","has-post-thumbnail","hentry","category-falecimentos","category-fallecimientos"],"acf":[],"yoast_head":"<!-- This site is optimized with the Yoast SEO plugin v27.5 - https:\/\/yoast.com\/product\/yoast-seo-wordpress\/ -->\n<title>Isabel Felipe Majarena. 14 de marzo de 2022 (Tortosa-Residencia) - En Compa\u00f1\u00eda STJ<\/title>\n<meta name=\"robots\" content=\"index, follow, max-snippet:-1, max-image-preview:large, max-video-preview:-1\" \/>\n<link rel=\"canonical\" href=\"https:\/\/encompaniastj.org\/pt-pt\/isabel-felipe-14-de-marzo-de-2022-tortosa-residencia-2\/\" \/>\n<meta property=\"og:locale\" content=\"pt_PT\" \/>\n<meta property=\"og:type\" content=\"article\" \/>\n<meta property=\"og:title\" content=\"Isabel Felipe Majarena. 14 de marzo de 2022 (Tortosa-Residencia) - En Compa\u00f1\u00eda STJ\" \/>\n<meta property=\"og:description\" content=\"A Irm\u00e3 Isabel nasceu no dia 20 de janeiro de 1930 em Fombuena (Sarago\u00e7a). Era a menor de uma fam\u00edlia muito numerosa, 9 irm\u00e3os. Uma das suas irm\u00e3s, Carmen, foi [&hellip;]\" \/>\n<meta property=\"og:url\" content=\"https:\/\/encompaniastj.org\/pt-pt\/isabel-felipe-14-de-marzo-de-2022-tortosa-residencia-2\/\" \/>\n<meta property=\"og:site_name\" content=\"En Compa\u00f1\u00eda STJ\" \/>\n<meta property=\"article:published_time\" content=\"2022-03-14T14:25:39+00:00\" \/>\n<meta property=\"article:modified_time\" content=\"2025-07-07T14:23:02+00:00\" \/>\n<meta property=\"og:image\" content=\"https:\/\/encompaniastj.org\/wp-content\/uploads\/2025\/05\/port-106909_640-1.jpg\" \/>\n\t<meta property=\"og:image:width\" content=\"640\" \/>\n\t<meta property=\"og:image:height\" content=\"428\" \/>\n\t<meta property=\"og:image:type\" content=\"image\/jpeg\" \/>\n<meta name=\"author\" content=\"admin\" \/>\n<meta name=\"twitter:card\" content=\"summary_large_image\" \/>\n<meta name=\"twitter:label1\" content=\"Escrito por\" \/>\n\t<meta name=\"twitter:data1\" content=\"admin\" \/>\n\t<meta name=\"twitter:label2\" content=\"Tempo estimado de leitura\" \/>\n\t<meta name=\"twitter:data2\" content=\"2 minutos\" \/>\n<script type=\"application\/ld+json\" class=\"yoast-schema-graph\">{\"@context\":\"https:\\\/\\\/schema.org\",\"@graph\":[{\"@type\":\"Article\",\"@id\":\"https:\\\/\\\/encompaniastj.org\\\/pt-pt\\\/isabel-felipe-14-de-marzo-de-2022-tortosa-residencia-2\\\/#article\",\"isPartOf\":{\"@id\":\"https:\\\/\\\/encompaniastj.org\\\/pt-pt\\\/isabel-felipe-14-de-marzo-de-2022-tortosa-residencia-2\\\/\"},\"author\":{\"name\":\"admin\",\"@id\":\"https:\\\/\\\/encompaniastj.org\\\/pt-pt\\\/#\\\/schema\\\/person\\\/520e7ecc314793d40091993c2a02b651\"},\"headline\":\"Isabel Felipe Majarena. 14 de marzo de 2022 (Tortosa-Residencia)\",\"datePublished\":\"2022-03-14T14:25:39+00:00\",\"dateModified\":\"2025-07-07T14:23:02+00:00\",\"mainEntityOfPage\":{\"@id\":\"https:\\\/\\\/encompaniastj.org\\\/pt-pt\\\/isabel-felipe-14-de-marzo-de-2022-tortosa-residencia-2\\\/\"},\"wordCount\":342,\"commentCount\":0,\"publisher\":{\"@id\":\"https:\\\/\\\/encompaniastj.org\\\/pt-pt\\\/#organization\"},\"image\":{\"@id\":\"https:\\\/\\\/encompaniastj.org\\\/pt-pt\\\/isabel-felipe-14-de-marzo-de-2022-tortosa-residencia-2\\\/#primaryimage\"},\"thumbnailUrl\":\"https:\\\/\\\/encompaniastj.org\\\/wp-content\\\/uploads\\\/2025\\\/05\\\/port-106909_640-1.jpg\",\"articleSection\":[\"Falecimentos\",\"Fallecimientos\"],\"inLanguage\":\"pt-PT\",\"potentialAction\":[{\"@type\":\"CommentAction\",\"name\":\"Comment\",\"target\":[\"https:\\\/\\\/encompaniastj.org\\\/pt-pt\\\/isabel-felipe-14-de-marzo-de-2022-tortosa-residencia-2\\\/#respond\"]}]},{\"@type\":\"WebPage\",\"@id\":\"https:\\\/\\\/encompaniastj.org\\\/pt-pt\\\/isabel-felipe-14-de-marzo-de-2022-tortosa-residencia-2\\\/\",\"url\":\"https:\\\/\\\/encompaniastj.org\\\/pt-pt\\\/isabel-felipe-14-de-marzo-de-2022-tortosa-residencia-2\\\/\",\"name\":\"Isabel Felipe Majarena. 14 de marzo de 2022 (Tortosa-Residencia) - En Compa\u00f1\u00eda STJ\",\"isPartOf\":{\"@id\":\"https:\\\/\\\/encompaniastj.org\\\/pt-pt\\\/#website\"},\"primaryImageOfPage\":{\"@id\":\"https:\\\/\\\/encompaniastj.org\\\/pt-pt\\\/isabel-felipe-14-de-marzo-de-2022-tortosa-residencia-2\\\/#primaryimage\"},\"image\":{\"@id\":\"https:\\\/\\\/encompaniastj.org\\\/pt-pt\\\/isabel-felipe-14-de-marzo-de-2022-tortosa-residencia-2\\\/#primaryimage\"},\"thumbnailUrl\":\"https:\\\/\\\/encompaniastj.org\\\/wp-content\\\/uploads\\\/2025\\\/05\\\/port-106909_640-1.jpg\",\"datePublished\":\"2022-03-14T14:25:39+00:00\",\"dateModified\":\"2025-07-07T14:23:02+00:00\",\"breadcrumb\":{\"@id\":\"https:\\\/\\\/encompaniastj.org\\\/pt-pt\\\/isabel-felipe-14-de-marzo-de-2022-tortosa-residencia-2\\\/#breadcrumb\"},\"inLanguage\":\"pt-PT\",\"potentialAction\":[{\"@type\":\"ReadAction\",\"target\":[\"https:\\\/\\\/encompaniastj.org\\\/pt-pt\\\/isabel-felipe-14-de-marzo-de-2022-tortosa-residencia-2\\\/\"]}]},{\"@type\":\"ImageObject\",\"inLanguage\":\"pt-PT\",\"@id\":\"https:\\\/\\\/encompaniastj.org\\\/pt-pt\\\/isabel-felipe-14-de-marzo-de-2022-tortosa-residencia-2\\\/#primaryimage\",\"url\":\"https:\\\/\\\/encompaniastj.org\\\/wp-content\\\/uploads\\\/2025\\\/05\\\/port-106909_640-1.jpg\",\"contentUrl\":\"https:\\\/\\\/encompaniastj.org\\\/wp-content\\\/uploads\\\/2025\\\/05\\\/port-106909_640-1.jpg\",\"width\":640,\"height\":428},{\"@type\":\"BreadcrumbList\",\"@id\":\"https:\\\/\\\/encompaniastj.org\\\/pt-pt\\\/isabel-felipe-14-de-marzo-de-2022-tortosa-residencia-2\\\/#breadcrumb\",\"itemListElement\":[{\"@type\":\"ListItem\",\"position\":1,\"name\":\"Portada\",\"item\":\"https:\\\/\\\/encompaniastj.org\\\/pt-pt\\\/\"},{\"@type\":\"ListItem\",\"position\":2,\"name\":\"Isabel Felipe Majarena. 14 de marzo de 2022 (Tortosa-Residencia)\"}]},{\"@type\":\"WebSite\",\"@id\":\"https:\\\/\\\/encompaniastj.org\\\/pt-pt\\\/#website\",\"url\":\"https:\\\/\\\/encompaniastj.org\\\/pt-pt\\\/\",\"name\":\"En Compa\u00f1\u00eda STJ\",\"description\":\"Bolet\u00edn de la Compa\u00f1\u00eda de Santa Teresa de Jes\u00fas\",\"publisher\":{\"@id\":\"https:\\\/\\\/encompaniastj.org\\\/pt-pt\\\/#organization\"},\"potentialAction\":[{\"@type\":\"SearchAction\",\"target\":{\"@type\":\"EntryPoint\",\"urlTemplate\":\"https:\\\/\\\/encompaniastj.org\\\/pt-pt\\\/?s={search_term_string}\"},\"query-input\":{\"@type\":\"PropertyValueSpecification\",\"valueRequired\":true,\"valueName\":\"search_term_string\"}}],\"inLanguage\":\"pt-PT\"},{\"@type\":\"Organization\",\"@id\":\"https:\\\/\\\/encompaniastj.org\\\/pt-pt\\\/#organization\",\"name\":\"Compa\u00f1\u00eda de Santa Teresa de Jes\u00fas\",\"url\":\"https:\\\/\\\/encompaniastj.org\\\/pt-pt\\\/\",\"logo\":{\"@type\":\"ImageObject\",\"inLanguage\":\"pt-PT\",\"@id\":\"https:\\\/\\\/encompaniastj.org\\\/pt-pt\\\/#\\\/schema\\\/logo\\\/image\\\/\",\"url\":\"https:\\\/\\\/encompaniastj.org\\\/wp-content\\\/uploads\\\/2025\\\/04\\\/logo_provincias02-1-3.png\",\"contentUrl\":\"https:\\\/\\\/encompaniastj.org\\\/wp-content\\\/uploads\\\/2025\\\/04\\\/logo_provincias02-1-3.png\",\"width\":2368,\"height\":825,\"caption\":\"Compa\u00f1\u00eda de Santa Teresa de Jes\u00fas\"},\"image\":{\"@id\":\"https:\\\/\\\/encompaniastj.org\\\/pt-pt\\\/#\\\/schema\\\/logo\\\/image\\\/\"}},{\"@type\":\"Person\",\"@id\":\"https:\\\/\\\/encompaniastj.org\\\/pt-pt\\\/#\\\/schema\\\/person\\\/520e7ecc314793d40091993c2a02b651\",\"name\":\"admin\",\"image\":{\"@type\":\"ImageObject\",\"inLanguage\":\"pt-PT\",\"@id\":\"https:\\\/\\\/secure.gravatar.com\\\/avatar\\\/948b492cce32b586ac2db0eaa926ee87024f7afe218d73b397ea5ddfc5f43ea1?s=96&d=mm&r=g\",\"url\":\"https:\\\/\\\/secure.gravatar.com\\\/avatar\\\/948b492cce32b586ac2db0eaa926ee87024f7afe218d73b397ea5ddfc5f43ea1?s=96&d=mm&r=g\",\"contentUrl\":\"https:\\\/\\\/secure.gravatar.com\\\/avatar\\\/948b492cce32b586ac2db0eaa926ee87024f7afe218d73b397ea5ddfc5f43ea1?s=96&d=mm&r=g\",\"caption\":\"admin\"},\"sameAs\":[\"https:\\\/\\\/encompaniastj.org\"],\"url\":\"https:\\\/\\\/encompaniastj.org\\\/pt-pt\\\/author\\\/sjdigital\\\/\"}]}<\/script>\n<!-- \/ Yoast SEO plugin. -->","yoast_head_json":{"title":"Isabel Felipe Majarena. 14 de marzo de 2022 (Tortosa-Residencia) - En Compa\u00f1\u00eda STJ","robots":{"index":"index","follow":"follow","max-snippet":"max-snippet:-1","max-image-preview":"max-image-preview:large","max-video-preview":"max-video-preview:-1"},"canonical":"https:\/\/encompaniastj.org\/pt-pt\/isabel-felipe-14-de-marzo-de-2022-tortosa-residencia-2\/","og_locale":"pt_PT","og_type":"article","og_title":"Isabel Felipe Majarena. 14 de marzo de 2022 (Tortosa-Residencia) - En Compa\u00f1\u00eda STJ","og_description":"A Irm\u00e3 Isabel nasceu no dia 20 de janeiro de 1930 em Fombuena (Sarago\u00e7a). Era a menor de uma fam\u00edlia muito numerosa, 9 irm\u00e3os. Uma das suas irm\u00e3s, Carmen, foi [&hellip;]","og_url":"https:\/\/encompaniastj.org\/pt-pt\/isabel-felipe-14-de-marzo-de-2022-tortosa-residencia-2\/","og_site_name":"En Compa\u00f1\u00eda STJ","article_published_time":"2022-03-14T14:25:39+00:00","article_modified_time":"2025-07-07T14:23:02+00:00","og_image":[{"width":640,"height":428,"url":"https:\/\/encompaniastj.org\/wp-content\/uploads\/2025\/05\/port-106909_640-1.jpg","type":"image\/jpeg"}],"author":"admin","twitter_card":"summary_large_image","twitter_misc":{"Escrito por":"admin","Tempo estimado de leitura":"2 minutos"},"schema":{"@context":"https:\/\/schema.org","@graph":[{"@type":"Article","@id":"https:\/\/encompaniastj.org\/pt-pt\/isabel-felipe-14-de-marzo-de-2022-tortosa-residencia-2\/#article","isPartOf":{"@id":"https:\/\/encompaniastj.org\/pt-pt\/isabel-felipe-14-de-marzo-de-2022-tortosa-residencia-2\/"},"author":{"name":"admin","@id":"https:\/\/encompaniastj.org\/pt-pt\/#\/schema\/person\/520e7ecc314793d40091993c2a02b651"},"headline":"Isabel Felipe Majarena. 14 de marzo de 2022 (Tortosa-Residencia)","datePublished":"2022-03-14T14:25:39+00:00","dateModified":"2025-07-07T14:23:02+00:00","mainEntityOfPage":{"@id":"https:\/\/encompaniastj.org\/pt-pt\/isabel-felipe-14-de-marzo-de-2022-tortosa-residencia-2\/"},"wordCount":342,"commentCount":0,"publisher":{"@id":"https:\/\/encompaniastj.org\/pt-pt\/#organization"},"image":{"@id":"https:\/\/encompaniastj.org\/pt-pt\/isabel-felipe-14-de-marzo-de-2022-tortosa-residencia-2\/#primaryimage"},"thumbnailUrl":"https:\/\/encompaniastj.org\/wp-content\/uploads\/2025\/05\/port-106909_640-1.jpg","articleSection":["Falecimentos","Fallecimientos"],"inLanguage":"pt-PT","potentialAction":[{"@type":"CommentAction","name":"Comment","target":["https:\/\/encompaniastj.org\/pt-pt\/isabel-felipe-14-de-marzo-de-2022-tortosa-residencia-2\/#respond"]}]},{"@type":"WebPage","@id":"https:\/\/encompaniastj.org\/pt-pt\/isabel-felipe-14-de-marzo-de-2022-tortosa-residencia-2\/","url":"https:\/\/encompaniastj.org\/pt-pt\/isabel-felipe-14-de-marzo-de-2022-tortosa-residencia-2\/","name":"Isabel Felipe Majarena. 14 de marzo de 2022 (Tortosa-Residencia) - En Compa\u00f1\u00eda STJ","isPartOf":{"@id":"https:\/\/encompaniastj.org\/pt-pt\/#website"},"primaryImageOfPage":{"@id":"https:\/\/encompaniastj.org\/pt-pt\/isabel-felipe-14-de-marzo-de-2022-tortosa-residencia-2\/#primaryimage"},"image":{"@id":"https:\/\/encompaniastj.org\/pt-pt\/isabel-felipe-14-de-marzo-de-2022-tortosa-residencia-2\/#primaryimage"},"thumbnailUrl":"https:\/\/encompaniastj.org\/wp-content\/uploads\/2025\/05\/port-106909_640-1.jpg","datePublished":"2022-03-14T14:25:39+00:00","dateModified":"2025-07-07T14:23:02+00:00","breadcrumb":{"@id":"https:\/\/encompaniastj.org\/pt-pt\/isabel-felipe-14-de-marzo-de-2022-tortosa-residencia-2\/#breadcrumb"},"inLanguage":"pt-PT","potentialAction":[{"@type":"ReadAction","target":["https:\/\/encompaniastj.org\/pt-pt\/isabel-felipe-14-de-marzo-de-2022-tortosa-residencia-2\/"]}]},{"@type":"ImageObject","inLanguage":"pt-PT","@id":"https:\/\/encompaniastj.org\/pt-pt\/isabel-felipe-14-de-marzo-de-2022-tortosa-residencia-2\/#primaryimage","url":"https:\/\/encompaniastj.org\/wp-content\/uploads\/2025\/05\/port-106909_640-1.jpg","contentUrl":"https:\/\/encompaniastj.org\/wp-content\/uploads\/2025\/05\/port-106909_640-1.jpg","width":640,"height":428},{"@type":"BreadcrumbList","@id":"https:\/\/encompaniastj.org\/pt-pt\/isabel-felipe-14-de-marzo-de-2022-tortosa-residencia-2\/#breadcrumb","itemListElement":[{"@type":"ListItem","position":1,"name":"Portada","item":"https:\/\/encompaniastj.org\/pt-pt\/"},{"@type":"ListItem","position":2,"name":"Isabel Felipe Majarena. 14 de marzo de 2022 (Tortosa-Residencia)"}]},{"@type":"WebSite","@id":"https:\/\/encompaniastj.org\/pt-pt\/#website","url":"https:\/\/encompaniastj.org\/pt-pt\/","name":"En Compa\u00f1\u00eda STJ","description":"Bolet\u00edn de la Compa\u00f1\u00eda de Santa Teresa de Jes\u00fas","publisher":{"@id":"https:\/\/encompaniastj.org\/pt-pt\/#organization"},"potentialAction":[{"@type":"SearchAction","target":{"@type":"EntryPoint","urlTemplate":"https:\/\/encompaniastj.org\/pt-pt\/?s={search_term_string}"},"query-input":{"@type":"PropertyValueSpecification","valueRequired":true,"valueName":"search_term_string"}}],"inLanguage":"pt-PT"},{"@type":"Organization","@id":"https:\/\/encompaniastj.org\/pt-pt\/#organization","name":"Compa\u00f1\u00eda de Santa Teresa de Jes\u00fas","url":"https:\/\/encompaniastj.org\/pt-pt\/","logo":{"@type":"ImageObject","inLanguage":"pt-PT","@id":"https:\/\/encompaniastj.org\/pt-pt\/#\/schema\/logo\/image\/","url":"https:\/\/encompaniastj.org\/wp-content\/uploads\/2025\/04\/logo_provincias02-1-3.png","contentUrl":"https:\/\/encompaniastj.org\/wp-content\/uploads\/2025\/04\/logo_provincias02-1-3.png","width":2368,"height":825,"caption":"Compa\u00f1\u00eda de Santa Teresa de Jes\u00fas"},"image":{"@id":"https:\/\/encompaniastj.org\/pt-pt\/#\/schema\/logo\/image\/"}},{"@type":"Person","@id":"https:\/\/encompaniastj.org\/pt-pt\/#\/schema\/person\/520e7ecc314793d40091993c2a02b651","name":"admin","image":{"@type":"ImageObject","inLanguage":"pt-PT","@id":"https:\/\/secure.gravatar.com\/avatar\/948b492cce32b586ac2db0eaa926ee87024f7afe218d73b397ea5ddfc5f43ea1?s=96&d=mm&r=g","url":"https:\/\/secure.gravatar.com\/avatar\/948b492cce32b586ac2db0eaa926ee87024f7afe218d73b397ea5ddfc5f43ea1?s=96&d=mm&r=g","contentUrl":"https:\/\/secure.gravatar.com\/avatar\/948b492cce32b586ac2db0eaa926ee87024f7afe218d73b397ea5ddfc5f43ea1?s=96&d=mm&r=g","caption":"admin"},"sameAs":["https:\/\/encompaniastj.org"],"url":"https:\/\/encompaniastj.org\/pt-pt\/author\/sjdigital\/"}]}},"_links":{"self":[{"href":"https:\/\/encompaniastj.org\/pt-pt\/wp-json\/wp\/v2\/posts\/10904","targetHints":{"allow":["GET"]}}],"collection":[{"href":"https:\/\/encompaniastj.org\/pt-pt\/wp-json\/wp\/v2\/posts"}],"about":[{"href":"https:\/\/encompaniastj.org\/pt-pt\/wp-json\/wp\/v2\/types\/post"}],"author":[{"embeddable":true,"href":"https:\/\/encompaniastj.org\/pt-pt\/wp-json\/wp\/v2\/users\/1"}],"replies":[{"embeddable":true,"href":"https:\/\/encompaniastj.org\/pt-pt\/wp-json\/wp\/v2\/comments?post=10904"}],"version-history":[{"count":1,"href":"https:\/\/encompaniastj.org\/pt-pt\/wp-json\/wp\/v2\/posts\/10904\/revisions"}],"predecessor-version":[{"id":10905,"href":"https:\/\/encompaniastj.org\/pt-pt\/wp-json\/wp\/v2\/posts\/10904\/revisions\/10905"}],"wp:featuredmedia":[{"embeddable":true,"href":"https:\/\/encompaniastj.org\/pt-pt\/wp-json\/wp\/v2\/media\/7869"}],"wp:attachment":[{"href":"https:\/\/encompaniastj.org\/pt-pt\/wp-json\/wp\/v2\/media?parent=10904"}],"wp:term":[{"taxonomy":"category","embeddable":true,"href":"https:\/\/encompaniastj.org\/pt-pt\/wp-json\/wp\/v2\/categories?post=10904"},{"taxonomy":"post_tag","embeddable":true,"href":"https:\/\/encompaniastj.org\/pt-pt\/wp-json\/wp\/v2\/tags?post=10904"}],"curies":[{"name":"wp","href":"https:\/\/api.w.org\/{rel}","templated":true}]}}