{"id":10870,"date":"2022-02-19T09:40:07","date_gmt":"2022-02-19T08:40:07","guid":{"rendered":"https:\/\/encompaniastj.org\/ma-jesus-chavarri-doncel-18-de-febrero-pamplona-ermitagana-2\/"},"modified":"2025-07-07T16:23:00","modified_gmt":"2025-07-07T14:23:00","slug":"ma-jesus-chavarri-doncel-18-de-febrero-pamplona-ermitagana-2","status":"publish","type":"post","link":"https:\/\/encompaniastj.org\/pt-pt\/ma-jesus-chavarri-doncel-18-de-febrero-pamplona-ermitagana-2\/","title":{"rendered":"M\u00aa Jes\u00fas Ch\u00e1varri Doncel. 18 de febrero (Pamplona - Ermitaga\u00f1a)"},"content":{"rendered":"<p>M\u00aa Jesus, navarra de origem e cora\u00e7\u00e3o, nasceu no dia 6 de junho de 1931, em Mendigorr\u00eda, numa fam\u00edlia com fortes ra\u00edzes crist\u00e3s. Ela era a mais velha de 4 irm\u00e3os.<\/p>\n<p>A sua prepara\u00e7\u00e3o acad\u00e9mica, Magist\u00e9rio e Licenciatura em Pedagogia, acompanhou a sua destacada voca\u00e7\u00e3o de educadora, que p\u00f4de exercer como professora em Mues (Navarra) antes de entrar na Companhia e, como teresiana, nos seus diversos destinos: Sevilha, Valladolid, Cidade Rodrigo, Calahorra, Barcelona-Ganduxer, Sarago\u00e7a, Pamplona-Mayor, El Vedat e Pamplona-Rochapea e Ermitaga\u00f1a. Formadora no Juniorado de Sarago\u00e7a durante dois anos.<\/p>\n<p>Recordar hoje M\u00aa Jesus \u00e9 ver nela uma mulher forte, uma lutadora incans\u00e1vel, fervorosa, apaixonada por Jesus, com verdadeira paix\u00e3o por tudo o que diz respeito \u00e0 Companhia, \u00e0 Igreja, \u00e0 sua voca\u00e7\u00e3o teresiana. Tudo a levou a manter vivo o seu esp\u00edrito e a estar presente nos eventos eclesiais e sociais. O seu entusiasmo era t\u00e3o grande que facilmente a levava a envolver-se em tudo, participando da melhor forma poss\u00edvel. O convite do Papa para &#8220;viver em caminho sinodal&#8221; causou-lhe uma verdadeira emo\u00e7\u00e3o pelo que isto significava na Igreja. Ela gostava profundamente da Palavra de Deus e facilmente partilhava as suas experi\u00eancias com a comunidade.<\/p>\n<p>Deixa-nos um grande vazio, mas a sua mem\u00f3ria enche-nos de entusiasmo, gratid\u00e3o e serena paz pela certeza do encontro com o seu Jesus, a quem muito amou.<\/p>\n<p>Descansa em paz, Maria Jesus.<\/p>\n","protected":false},"excerpt":{"rendered":"<p>M\u00aa Jesus, navarra de origem e cora\u00e7\u00e3o, nasceu no dia 6 de junho de 1931, em Mendigorr\u00eda, numa fam\u00edlia com fortes ra\u00edzes crist\u00e3s. Ela era a mais velha de 4 [&hellip;]<\/p>\n","protected":false},"author":1,"featured_media":7850,"comment_status":"open","ping_status":"open","sticky":false,"template":"","format":"standard","meta":{"_acf_changed":false,"footnotes":""},"categories":[69,63],"tags":[],"class_list":["post-10870","post","type-post","status-publish","format-standard","has-post-thumbnail","hentry","category-falecimentos","category-fallecimientos"],"acf":[],"yoast_head":"<!-- This site is optimized with the Yoast SEO plugin v27.5 - https:\/\/yoast.com\/product\/yoast-seo-wordpress\/ -->\n<title>M\u00aa Jes\u00fas Ch\u00e1varri Doncel. 18 de febrero (Pamplona - Ermitaga\u00f1a) - En Compa\u00f1\u00eda STJ<\/title>\n<meta name=\"robots\" content=\"index, follow, max-snippet:-1, max-image-preview:large, max-video-preview:-1\" \/>\n<link rel=\"canonical\" href=\"https:\/\/encompaniastj.org\/pt-pt\/ma-jesus-chavarri-doncel-18-de-febrero-pamplona-ermitagana-2\/\" \/>\n<meta property=\"og:locale\" content=\"pt_PT\" \/>\n<meta property=\"og:type\" content=\"article\" \/>\n<meta property=\"og:title\" content=\"M\u00aa Jes\u00fas Ch\u00e1varri Doncel. 18 de febrero (Pamplona - Ermitaga\u00f1a) - En Compa\u00f1\u00eda STJ\" \/>\n<meta property=\"og:description\" content=\"M\u00aa Jesus, navarra de origem e cora\u00e7\u00e3o, nasceu no dia 6 de junho de 1931, em Mendigorr\u00eda, numa fam\u00edlia com fortes ra\u00edzes crist\u00e3s. Ela era a mais velha de 4 [&hellip;]\" \/>\n<meta property=\"og:url\" content=\"https:\/\/encompaniastj.org\/pt-pt\/ma-jesus-chavarri-doncel-18-de-febrero-pamplona-ermitagana-2\/\" \/>\n<meta property=\"og:site_name\" content=\"En Compa\u00f1\u00eda STJ\" \/>\n<meta property=\"article:published_time\" content=\"2022-02-19T08:40:07+00:00\" \/>\n<meta property=\"article:modified_time\" content=\"2025-07-07T14:23:00+00:00\" \/>\n<meta property=\"og:image\" content=\"https:\/\/encompaniastj.org\/wp-content\/uploads\/2025\/05\/foz-de-lumbier-g2cae19e46_640.jpg\" \/>\n\t<meta property=\"og:image:width\" content=\"640\" \/>\n\t<meta property=\"og:image:height\" content=\"428\" \/>\n\t<meta property=\"og:image:type\" content=\"image\/jpeg\" \/>\n<meta name=\"author\" content=\"admin\" \/>\n<meta name=\"twitter:card\" content=\"summary_large_image\" \/>\n<meta name=\"twitter:label1\" content=\"Escrito por\" \/>\n\t<meta name=\"twitter:data1\" content=\"admin\" \/>\n\t<meta name=\"twitter:label2\" content=\"Tempo estimado de leitura\" \/>\n\t<meta name=\"twitter:data2\" content=\"2 minutos\" \/>\n<script type=\"application\/ld+json\" class=\"yoast-schema-graph\">{\"@context\":\"https:\\\/\\\/schema.org\",\"@graph\":[{\"@type\":\"Article\",\"@id\":\"https:\\\/\\\/encompaniastj.org\\\/pt-pt\\\/ma-jesus-chavarri-doncel-18-de-febrero-pamplona-ermitagana-2\\\/#article\",\"isPartOf\":{\"@id\":\"https:\\\/\\\/encompaniastj.org\\\/pt-pt\\\/ma-jesus-chavarri-doncel-18-de-febrero-pamplona-ermitagana-2\\\/\"},\"author\":{\"name\":\"admin\",\"@id\":\"https:\\\/\\\/encompaniastj.org\\\/pt-pt\\\/#\\\/schema\\\/person\\\/520e7ecc314793d40091993c2a02b651\"},\"headline\":\"M\u00aa Jes\u00fas Ch\u00e1varri Doncel. 18 de febrero (Pamplona - Ermitaga\u00f1a)\",\"datePublished\":\"2022-02-19T08:40:07+00:00\",\"dateModified\":\"2025-07-07T14:23:00+00:00\",\"mainEntityOfPage\":{\"@id\":\"https:\\\/\\\/encompaniastj.org\\\/pt-pt\\\/ma-jesus-chavarri-doncel-18-de-febrero-pamplona-ermitagana-2\\\/\"},\"wordCount\":256,\"commentCount\":0,\"publisher\":{\"@id\":\"https:\\\/\\\/encompaniastj.org\\\/pt-pt\\\/#organization\"},\"image\":{\"@id\":\"https:\\\/\\\/encompaniastj.org\\\/pt-pt\\\/ma-jesus-chavarri-doncel-18-de-febrero-pamplona-ermitagana-2\\\/#primaryimage\"},\"thumbnailUrl\":\"https:\\\/\\\/encompaniastj.org\\\/wp-content\\\/uploads\\\/2025\\\/05\\\/foz-de-lumbier-g2cae19e46_640.jpg\",\"articleSection\":[\"Falecimentos\",\"Fallecimientos\"],\"inLanguage\":\"pt-PT\",\"potentialAction\":[{\"@type\":\"CommentAction\",\"name\":\"Comment\",\"target\":[\"https:\\\/\\\/encompaniastj.org\\\/pt-pt\\\/ma-jesus-chavarri-doncel-18-de-febrero-pamplona-ermitagana-2\\\/#respond\"]}]},{\"@type\":\"WebPage\",\"@id\":\"https:\\\/\\\/encompaniastj.org\\\/pt-pt\\\/ma-jesus-chavarri-doncel-18-de-febrero-pamplona-ermitagana-2\\\/\",\"url\":\"https:\\\/\\\/encompaniastj.org\\\/pt-pt\\\/ma-jesus-chavarri-doncel-18-de-febrero-pamplona-ermitagana-2\\\/\",\"name\":\"M\u00aa Jes\u00fas Ch\u00e1varri Doncel. 18 de febrero (Pamplona - Ermitaga\u00f1a) - En Compa\u00f1\u00eda STJ\",\"isPartOf\":{\"@id\":\"https:\\\/\\\/encompaniastj.org\\\/pt-pt\\\/#website\"},\"primaryImageOfPage\":{\"@id\":\"https:\\\/\\\/encompaniastj.org\\\/pt-pt\\\/ma-jesus-chavarri-doncel-18-de-febrero-pamplona-ermitagana-2\\\/#primaryimage\"},\"image\":{\"@id\":\"https:\\\/\\\/encompaniastj.org\\\/pt-pt\\\/ma-jesus-chavarri-doncel-18-de-febrero-pamplona-ermitagana-2\\\/#primaryimage\"},\"thumbnailUrl\":\"https:\\\/\\\/encompaniastj.org\\\/wp-content\\\/uploads\\\/2025\\\/05\\\/foz-de-lumbier-g2cae19e46_640.jpg\",\"datePublished\":\"2022-02-19T08:40:07+00:00\",\"dateModified\":\"2025-07-07T14:23:00+00:00\",\"breadcrumb\":{\"@id\":\"https:\\\/\\\/encompaniastj.org\\\/pt-pt\\\/ma-jesus-chavarri-doncel-18-de-febrero-pamplona-ermitagana-2\\\/#breadcrumb\"},\"inLanguage\":\"pt-PT\",\"potentialAction\":[{\"@type\":\"ReadAction\",\"target\":[\"https:\\\/\\\/encompaniastj.org\\\/pt-pt\\\/ma-jesus-chavarri-doncel-18-de-febrero-pamplona-ermitagana-2\\\/\"]}]},{\"@type\":\"ImageObject\",\"inLanguage\":\"pt-PT\",\"@id\":\"https:\\\/\\\/encompaniastj.org\\\/pt-pt\\\/ma-jesus-chavarri-doncel-18-de-febrero-pamplona-ermitagana-2\\\/#primaryimage\",\"url\":\"https:\\\/\\\/encompaniastj.org\\\/wp-content\\\/uploads\\\/2025\\\/05\\\/foz-de-lumbier-g2cae19e46_640.jpg\",\"contentUrl\":\"https:\\\/\\\/encompaniastj.org\\\/wp-content\\\/uploads\\\/2025\\\/05\\\/foz-de-lumbier-g2cae19e46_640.jpg\",\"width\":640,\"height\":428},{\"@type\":\"BreadcrumbList\",\"@id\":\"https:\\\/\\\/encompaniastj.org\\\/pt-pt\\\/ma-jesus-chavarri-doncel-18-de-febrero-pamplona-ermitagana-2\\\/#breadcrumb\",\"itemListElement\":[{\"@type\":\"ListItem\",\"position\":1,\"name\":\"Portada\",\"item\":\"https:\\\/\\\/encompaniastj.org\\\/pt-pt\\\/\"},{\"@type\":\"ListItem\",\"position\":2,\"name\":\"M\u00aa Jes\u00fas Ch\u00e1varri Doncel. 18 de febrero (Pamplona - Ermitaga\u00f1a)\"}]},{\"@type\":\"WebSite\",\"@id\":\"https:\\\/\\\/encompaniastj.org\\\/pt-pt\\\/#website\",\"url\":\"https:\\\/\\\/encompaniastj.org\\\/pt-pt\\\/\",\"name\":\"En Compa\u00f1\u00eda STJ\",\"description\":\"Bolet\u00edn de la Compa\u00f1\u00eda de Santa Teresa de Jes\u00fas\",\"publisher\":{\"@id\":\"https:\\\/\\\/encompaniastj.org\\\/pt-pt\\\/#organization\"},\"potentialAction\":[{\"@type\":\"SearchAction\",\"target\":{\"@type\":\"EntryPoint\",\"urlTemplate\":\"https:\\\/\\\/encompaniastj.org\\\/pt-pt\\\/?s={search_term_string}\"},\"query-input\":{\"@type\":\"PropertyValueSpecification\",\"valueRequired\":true,\"valueName\":\"search_term_string\"}}],\"inLanguage\":\"pt-PT\"},{\"@type\":\"Organization\",\"@id\":\"https:\\\/\\\/encompaniastj.org\\\/pt-pt\\\/#organization\",\"name\":\"Compa\u00f1\u00eda de Santa Teresa de Jes\u00fas\",\"url\":\"https:\\\/\\\/encompaniastj.org\\\/pt-pt\\\/\",\"logo\":{\"@type\":\"ImageObject\",\"inLanguage\":\"pt-PT\",\"@id\":\"https:\\\/\\\/encompaniastj.org\\\/pt-pt\\\/#\\\/schema\\\/logo\\\/image\\\/\",\"url\":\"https:\\\/\\\/encompaniastj.org\\\/wp-content\\\/uploads\\\/2025\\\/04\\\/logo_provincias02-1-3.png\",\"contentUrl\":\"https:\\\/\\\/encompaniastj.org\\\/wp-content\\\/uploads\\\/2025\\\/04\\\/logo_provincias02-1-3.png\",\"width\":2368,\"height\":825,\"caption\":\"Compa\u00f1\u00eda de Santa Teresa de Jes\u00fas\"},\"image\":{\"@id\":\"https:\\\/\\\/encompaniastj.org\\\/pt-pt\\\/#\\\/schema\\\/logo\\\/image\\\/\"}},{\"@type\":\"Person\",\"@id\":\"https:\\\/\\\/encompaniastj.org\\\/pt-pt\\\/#\\\/schema\\\/person\\\/520e7ecc314793d40091993c2a02b651\",\"name\":\"admin\",\"image\":{\"@type\":\"ImageObject\",\"inLanguage\":\"pt-PT\",\"@id\":\"https:\\\/\\\/secure.gravatar.com\\\/avatar\\\/948b492cce32b586ac2db0eaa926ee87024f7afe218d73b397ea5ddfc5f43ea1?s=96&d=mm&r=g\",\"url\":\"https:\\\/\\\/secure.gravatar.com\\\/avatar\\\/948b492cce32b586ac2db0eaa926ee87024f7afe218d73b397ea5ddfc5f43ea1?s=96&d=mm&r=g\",\"contentUrl\":\"https:\\\/\\\/secure.gravatar.com\\\/avatar\\\/948b492cce32b586ac2db0eaa926ee87024f7afe218d73b397ea5ddfc5f43ea1?s=96&d=mm&r=g\",\"caption\":\"admin\"},\"sameAs\":[\"https:\\\/\\\/encompaniastj.org\"],\"url\":\"https:\\\/\\\/encompaniastj.org\\\/pt-pt\\\/author\\\/sjdigital\\\/\"}]}<\/script>\n<!-- \/ Yoast SEO plugin. -->","yoast_head_json":{"title":"M\u00aa Jes\u00fas Ch\u00e1varri Doncel. 18 de febrero (Pamplona - Ermitaga\u00f1a) - En Compa\u00f1\u00eda STJ","robots":{"index":"index","follow":"follow","max-snippet":"max-snippet:-1","max-image-preview":"max-image-preview:large","max-video-preview":"max-video-preview:-1"},"canonical":"https:\/\/encompaniastj.org\/pt-pt\/ma-jesus-chavarri-doncel-18-de-febrero-pamplona-ermitagana-2\/","og_locale":"pt_PT","og_type":"article","og_title":"M\u00aa Jes\u00fas Ch\u00e1varri Doncel. 18 de febrero (Pamplona - Ermitaga\u00f1a) - En Compa\u00f1\u00eda STJ","og_description":"M\u00aa Jesus, navarra de origem e cora\u00e7\u00e3o, nasceu no dia 6 de junho de 1931, em Mendigorr\u00eda, numa fam\u00edlia com fortes ra\u00edzes crist\u00e3s. Ela era a mais velha de 4 [&hellip;]","og_url":"https:\/\/encompaniastj.org\/pt-pt\/ma-jesus-chavarri-doncel-18-de-febrero-pamplona-ermitagana-2\/","og_site_name":"En Compa\u00f1\u00eda STJ","article_published_time":"2022-02-19T08:40:07+00:00","article_modified_time":"2025-07-07T14:23:00+00:00","og_image":[{"width":640,"height":428,"url":"https:\/\/encompaniastj.org\/wp-content\/uploads\/2025\/05\/foz-de-lumbier-g2cae19e46_640.jpg","type":"image\/jpeg"}],"author":"admin","twitter_card":"summary_large_image","twitter_misc":{"Escrito por":"admin","Tempo estimado de leitura":"2 minutos"},"schema":{"@context":"https:\/\/schema.org","@graph":[{"@type":"Article","@id":"https:\/\/encompaniastj.org\/pt-pt\/ma-jesus-chavarri-doncel-18-de-febrero-pamplona-ermitagana-2\/#article","isPartOf":{"@id":"https:\/\/encompaniastj.org\/pt-pt\/ma-jesus-chavarri-doncel-18-de-febrero-pamplona-ermitagana-2\/"},"author":{"name":"admin","@id":"https:\/\/encompaniastj.org\/pt-pt\/#\/schema\/person\/520e7ecc314793d40091993c2a02b651"},"headline":"M\u00aa Jes\u00fas Ch\u00e1varri Doncel. 18 de febrero (Pamplona - Ermitaga\u00f1a)","datePublished":"2022-02-19T08:40:07+00:00","dateModified":"2025-07-07T14:23:00+00:00","mainEntityOfPage":{"@id":"https:\/\/encompaniastj.org\/pt-pt\/ma-jesus-chavarri-doncel-18-de-febrero-pamplona-ermitagana-2\/"},"wordCount":256,"commentCount":0,"publisher":{"@id":"https:\/\/encompaniastj.org\/pt-pt\/#organization"},"image":{"@id":"https:\/\/encompaniastj.org\/pt-pt\/ma-jesus-chavarri-doncel-18-de-febrero-pamplona-ermitagana-2\/#primaryimage"},"thumbnailUrl":"https:\/\/encompaniastj.org\/wp-content\/uploads\/2025\/05\/foz-de-lumbier-g2cae19e46_640.jpg","articleSection":["Falecimentos","Fallecimientos"],"inLanguage":"pt-PT","potentialAction":[{"@type":"CommentAction","name":"Comment","target":["https:\/\/encompaniastj.org\/pt-pt\/ma-jesus-chavarri-doncel-18-de-febrero-pamplona-ermitagana-2\/#respond"]}]},{"@type":"WebPage","@id":"https:\/\/encompaniastj.org\/pt-pt\/ma-jesus-chavarri-doncel-18-de-febrero-pamplona-ermitagana-2\/","url":"https:\/\/encompaniastj.org\/pt-pt\/ma-jesus-chavarri-doncel-18-de-febrero-pamplona-ermitagana-2\/","name":"M\u00aa Jes\u00fas Ch\u00e1varri Doncel. 18 de febrero (Pamplona - Ermitaga\u00f1a) - En Compa\u00f1\u00eda STJ","isPartOf":{"@id":"https:\/\/encompaniastj.org\/pt-pt\/#website"},"primaryImageOfPage":{"@id":"https:\/\/encompaniastj.org\/pt-pt\/ma-jesus-chavarri-doncel-18-de-febrero-pamplona-ermitagana-2\/#primaryimage"},"image":{"@id":"https:\/\/encompaniastj.org\/pt-pt\/ma-jesus-chavarri-doncel-18-de-febrero-pamplona-ermitagana-2\/#primaryimage"},"thumbnailUrl":"https:\/\/encompaniastj.org\/wp-content\/uploads\/2025\/05\/foz-de-lumbier-g2cae19e46_640.jpg","datePublished":"2022-02-19T08:40:07+00:00","dateModified":"2025-07-07T14:23:00+00:00","breadcrumb":{"@id":"https:\/\/encompaniastj.org\/pt-pt\/ma-jesus-chavarri-doncel-18-de-febrero-pamplona-ermitagana-2\/#breadcrumb"},"inLanguage":"pt-PT","potentialAction":[{"@type":"ReadAction","target":["https:\/\/encompaniastj.org\/pt-pt\/ma-jesus-chavarri-doncel-18-de-febrero-pamplona-ermitagana-2\/"]}]},{"@type":"ImageObject","inLanguage":"pt-PT","@id":"https:\/\/encompaniastj.org\/pt-pt\/ma-jesus-chavarri-doncel-18-de-febrero-pamplona-ermitagana-2\/#primaryimage","url":"https:\/\/encompaniastj.org\/wp-content\/uploads\/2025\/05\/foz-de-lumbier-g2cae19e46_640.jpg","contentUrl":"https:\/\/encompaniastj.org\/wp-content\/uploads\/2025\/05\/foz-de-lumbier-g2cae19e46_640.jpg","width":640,"height":428},{"@type":"BreadcrumbList","@id":"https:\/\/encompaniastj.org\/pt-pt\/ma-jesus-chavarri-doncel-18-de-febrero-pamplona-ermitagana-2\/#breadcrumb","itemListElement":[{"@type":"ListItem","position":1,"name":"Portada","item":"https:\/\/encompaniastj.org\/pt-pt\/"},{"@type":"ListItem","position":2,"name":"M\u00aa Jes\u00fas Ch\u00e1varri Doncel. 18 de febrero (Pamplona - Ermitaga\u00f1a)"}]},{"@type":"WebSite","@id":"https:\/\/encompaniastj.org\/pt-pt\/#website","url":"https:\/\/encompaniastj.org\/pt-pt\/","name":"En Compa\u00f1\u00eda STJ","description":"Bolet\u00edn de la Compa\u00f1\u00eda de Santa Teresa de Jes\u00fas","publisher":{"@id":"https:\/\/encompaniastj.org\/pt-pt\/#organization"},"potentialAction":[{"@type":"SearchAction","target":{"@type":"EntryPoint","urlTemplate":"https:\/\/encompaniastj.org\/pt-pt\/?s={search_term_string}"},"query-input":{"@type":"PropertyValueSpecification","valueRequired":true,"valueName":"search_term_string"}}],"inLanguage":"pt-PT"},{"@type":"Organization","@id":"https:\/\/encompaniastj.org\/pt-pt\/#organization","name":"Compa\u00f1\u00eda de Santa Teresa de Jes\u00fas","url":"https:\/\/encompaniastj.org\/pt-pt\/","logo":{"@type":"ImageObject","inLanguage":"pt-PT","@id":"https:\/\/encompaniastj.org\/pt-pt\/#\/schema\/logo\/image\/","url":"https:\/\/encompaniastj.org\/wp-content\/uploads\/2025\/04\/logo_provincias02-1-3.png","contentUrl":"https:\/\/encompaniastj.org\/wp-content\/uploads\/2025\/04\/logo_provincias02-1-3.png","width":2368,"height":825,"caption":"Compa\u00f1\u00eda de Santa Teresa de Jes\u00fas"},"image":{"@id":"https:\/\/encompaniastj.org\/pt-pt\/#\/schema\/logo\/image\/"}},{"@type":"Person","@id":"https:\/\/encompaniastj.org\/pt-pt\/#\/schema\/person\/520e7ecc314793d40091993c2a02b651","name":"admin","image":{"@type":"ImageObject","inLanguage":"pt-PT","@id":"https:\/\/secure.gravatar.com\/avatar\/948b492cce32b586ac2db0eaa926ee87024f7afe218d73b397ea5ddfc5f43ea1?s=96&d=mm&r=g","url":"https:\/\/secure.gravatar.com\/avatar\/948b492cce32b586ac2db0eaa926ee87024f7afe218d73b397ea5ddfc5f43ea1?s=96&d=mm&r=g","contentUrl":"https:\/\/secure.gravatar.com\/avatar\/948b492cce32b586ac2db0eaa926ee87024f7afe218d73b397ea5ddfc5f43ea1?s=96&d=mm&r=g","caption":"admin"},"sameAs":["https:\/\/encompaniastj.org"],"url":"https:\/\/encompaniastj.org\/pt-pt\/author\/sjdigital\/"}]}},"_links":{"self":[{"href":"https:\/\/encompaniastj.org\/pt-pt\/wp-json\/wp\/v2\/posts\/10870","targetHints":{"allow":["GET"]}}],"collection":[{"href":"https:\/\/encompaniastj.org\/pt-pt\/wp-json\/wp\/v2\/posts"}],"about":[{"href":"https:\/\/encompaniastj.org\/pt-pt\/wp-json\/wp\/v2\/types\/post"}],"author":[{"embeddable":true,"href":"https:\/\/encompaniastj.org\/pt-pt\/wp-json\/wp\/v2\/users\/1"}],"replies":[{"embeddable":true,"href":"https:\/\/encompaniastj.org\/pt-pt\/wp-json\/wp\/v2\/comments?post=10870"}],"version-history":[{"count":1,"href":"https:\/\/encompaniastj.org\/pt-pt\/wp-json\/wp\/v2\/posts\/10870\/revisions"}],"predecessor-version":[{"id":10871,"href":"https:\/\/encompaniastj.org\/pt-pt\/wp-json\/wp\/v2\/posts\/10870\/revisions\/10871"}],"wp:featuredmedia":[{"embeddable":true,"href":"https:\/\/encompaniastj.org\/pt-pt\/wp-json\/wp\/v2\/media\/7850"}],"wp:attachment":[{"href":"https:\/\/encompaniastj.org\/pt-pt\/wp-json\/wp\/v2\/media?parent=10870"}],"wp:term":[{"taxonomy":"category","embeddable":true,"href":"https:\/\/encompaniastj.org\/pt-pt\/wp-json\/wp\/v2\/categories?post=10870"},{"taxonomy":"post_tag","embeddable":true,"href":"https:\/\/encompaniastj.org\/pt-pt\/wp-json\/wp\/v2\/tags?post=10870"}],"curies":[{"name":"wp","href":"https:\/\/api.w.org\/{rel}","templated":true}]}}