{"id":10860,"date":"2022-02-05T20:30:53","date_gmt":"2022-02-05T19:30:53","guid":{"rendered":"https:\/\/encompaniastj.org\/caminhando-juntos-a-vida-consagrada-de-huelva-2022\/"},"modified":"2025-07-07T16:22:58","modified_gmt":"2025-07-07T14:22:58","slug":"caminhando-juntos-a-vida-consagrada-de-huelva-2022","status":"publish","type":"post","link":"https:\/\/encompaniastj.org\/pt-pt\/caminhando-juntos-a-vida-consagrada-de-huelva-2022\/","title":{"rendered":"\u201cCAMINHANDO JUNTOS\u201d a Vida Consagrada de Huelva 2022"},"content":{"rendered":"<p>Com o lema &#8220;Caminhando JUNTOS&#8221;, um significativo grupo de religiosas da diocese de Huelva, incluindo um grupo de Teresianas, reuniu-se no dia 30 de janeiro na par\u00f3quia de Sta. Maria M\u00e3e da Igreja para agradecer o dom de terem sido chamadas a seguir Jesus de perto.<\/p>\n<p>Escolhemos o domingo sempre pr\u00f3ximo de 2 de fevereiro, dia em que se celebra o Dia Mundial da Vida Consagrada.<\/p>\n<p>A Eucaristia foi presidida pelo p\u00e1roco, Pe. Francisco Jesus Mart\u00edn e concelebrada pelo novo delegado para a Vida Consagrada em Huelva, Pe. Juli\u00e3o Jim\u00e9nez<\/p>\n<p>O altar estava ambientado com o lema sinodal, exprimindo o desejo do Papa Francisco de nos sentirmos todos comprometidos em favorecer a comunh\u00e3o, participando com as nossas diferentes realidades e carismas dando o melhor que temos para que a \u00daNICA MISS\u00c3O que \u00e9 Jesus v\u00e1 fazendo-se cada dia mais real no nosso mundo.<\/p>\n<p>No ofert\u00f3rio, cada religiosa oferecemos uma luz que simboliza os nossos desejos de participar ativamente neste caminho eclesial com o nosso compromisso de viver em comunidade e mostrar ao mundo que a fraternidade \u00e9 poss\u00edvel. Oferecemos os nossos desejos de continuar comprometendo-nos a partir dos nossos diferentes Carismas para ser uma Igreja que se envolve e se envolve com as pessoas com as quais convivemos em diferentes lugares. Colocamos esta luz em torno de uma imagem de Jesus para renovar a nossa certeza de que Ele \u00e9 a \u00fanica miss\u00e3o de todo o consagrado: anunciar seu Evangelho.<\/p>\n<p>Na a\u00e7\u00e3o de gra\u00e7as renov\u00e1mos o nosso compromisso de seguimento a Jesus:<\/p>\n<p>\u201cHoje renovamos a busca constante da tua vontade de amor para caminhar em comunh\u00e3o contigo e com os nossos irm\u00e3os. Hoje renovamos o nosso compromisso de viver com sobriedade e austeridade, superar o desejo de posse com a alegria da dedica\u00e7\u00e3o, usar os bens para a causa do Evangelho e o progresso das pessoas. Felizes hoje renovamos o nosso compromisso de viver o celibato na castidade, entregue ao amor por ti, na fraternidade e na miss\u00e3o evangelizadora. \u201c<\/p>\n<p>Ap\u00f3s os cumprimentos e as fotos, com pesar por n\u00e3o podermos partilhar os lanches devido \u00e0 situa\u00e7\u00e3o de pandemia, volt\u00e1mos \u00e0s nossas comunidades regozijando-nos com o que hav\u00edamos vivenciado e tendo experimentado mais uma vez a grande riqueza de ser uma Igreja VIVA que caminha.<\/p>\n<p style=\"text-align: right;\">\u00a0\u00a0\u00a0\u00a0\u00a0\u00a0\u00a0\u00a0\u00a0\u00a0\u00a0\u00a0\u00a0\u00a0\u00a0\u00a0\u00a0\u00a0\u00a0\u00a0\u00a0\u00a0\u00a0\u00a0\u00a0\u00a0\u00a0\u00a0\u00a0\u00a0\u00a0\u00a0\u00a0\u00a0\u00a0\u00a0\u00a0\u00a0\u00a0\u00a0\u00a0\u00a0\u00a0\u00a0\u00a0\u00a0\u00a0\u00a0\u00a0\u00a0\u00a0\u00a0\u00a0\u00a0\u00a0\u00a0\u00a0\u00a0\u00a0\u00a0\u00a0\u00a0\u00a0\u00a0\u00a0\u00a0\u00a0\u00a0\u00a0\u00a0\u00a0\u00a0\u00a0\u00a0\u00a0\u00a0\u00a0\u00a0\u00a0\u00a0\u00a0\u00a0\u00a0\u00a0\u00a0\u00a0\u00a0\u00a0\u00a0\u00a0\u00a0\u00a0\u00a0\u00a0\u00a0\u00a0\u00a0\u00a0\u00a0\u00a0\u00a0\u00a0\u00a0\u00a0\u00a0\u00a0\u00a0\u00a0\u00a0\u00a0\u00a0\u00a0 <u>Sacr\u00e1rio Gomez P.<\/u><\/p>\n\n","protected":false},"excerpt":{"rendered":"<p>Com o lema &#8220;Caminhando JUNTOS&#8221;, um significativo grupo de religiosas da diocese de Huelva, incluindo um grupo de Teresianas, reuniu-se no dia 30 de janeiro na par\u00f3quia de Sta. Maria [&hellip;]<\/p>\n","protected":false},"author":1,"featured_media":7844,"comment_status":"open","ping_status":"open","sticky":false,"template":"","format":"standard","meta":{"_acf_changed":false,"footnotes":""},"categories":[61,68],"tags":[],"class_list":["post-10860","post","type-post","status-publish","format-standard","has-post-thumbnail","hentry","category-noticias","category-outras"],"acf":[],"yoast_head":"<!-- This site is optimized with the Yoast SEO plugin v27.5 - https:\/\/yoast.com\/product\/yoast-seo-wordpress\/ -->\n<title>\u201cCAMINHANDO JUNTOS\u201d a Vida Consagrada de Huelva 2022 - En Compa\u00f1\u00eda STJ<\/title>\n<meta name=\"robots\" content=\"index, follow, max-snippet:-1, max-image-preview:large, max-video-preview:-1\" \/>\n<link rel=\"canonical\" href=\"https:\/\/encompaniastj.org\/pt-pt\/caminhando-juntos-a-vida-consagrada-de-huelva-2022\/\" \/>\n<meta property=\"og:locale\" content=\"pt_PT\" \/>\n<meta property=\"og:type\" content=\"article\" \/>\n<meta property=\"og:title\" content=\"\u201cCAMINHANDO JUNTOS\u201d a Vida Consagrada de Huelva 2022 - En Compa\u00f1\u00eda STJ\" \/>\n<meta property=\"og:description\" content=\"Com o lema &#8220;Caminhando JUNTOS&#8221;, um significativo grupo de religiosas da diocese de Huelva, incluindo um grupo de Teresianas, reuniu-se no dia 30 de janeiro na par\u00f3quia de Sta. Maria [&hellip;]\" \/>\n<meta property=\"og:url\" content=\"https:\/\/encompaniastj.org\/pt-pt\/caminhando-juntos-a-vida-consagrada-de-huelva-2022\/\" \/>\n<meta property=\"og:site_name\" content=\"En Compa\u00f1\u00eda STJ\" \/>\n<meta property=\"article:published_time\" content=\"2022-02-05T19:30:53+00:00\" \/>\n<meta property=\"article:modified_time\" content=\"2025-07-07T14:22:58+00:00\" \/>\n<meta property=\"og:image\" content=\"https:\/\/encompaniastj.org\/wp-content\/uploads\/2025\/05\/h2.jpg\" \/>\n\t<meta property=\"og:image:width\" content=\"500\" \/>\n\t<meta property=\"og:image:height\" content=\"234\" \/>\n\t<meta property=\"og:image:type\" content=\"image\/jpeg\" \/>\n<meta name=\"author\" content=\"admin\" \/>\n<meta name=\"twitter:card\" content=\"summary_large_image\" \/>\n<meta name=\"twitter:label1\" content=\"Escrito por\" \/>\n\t<meta name=\"twitter:data1\" content=\"admin\" \/>\n\t<meta name=\"twitter:label2\" content=\"Tempo estimado de leitura\" \/>\n\t<meta name=\"twitter:data2\" content=\"2 minutos\" \/>\n<script type=\"application\/ld+json\" class=\"yoast-schema-graph\">{\"@context\":\"https:\\\/\\\/schema.org\",\"@graph\":[{\"@type\":\"Article\",\"@id\":\"https:\\\/\\\/encompaniastj.org\\\/pt-pt\\\/caminhando-juntos-a-vida-consagrada-de-huelva-2022\\\/#article\",\"isPartOf\":{\"@id\":\"https:\\\/\\\/encompaniastj.org\\\/pt-pt\\\/caminhando-juntos-a-vida-consagrada-de-huelva-2022\\\/\"},\"author\":{\"name\":\"admin\",\"@id\":\"https:\\\/\\\/encompaniastj.org\\\/pt-pt\\\/#\\\/schema\\\/person\\\/520e7ecc314793d40091993c2a02b651\"},\"headline\":\"\u201cCAMINHANDO JUNTOS\u201d a Vida Consagrada de Huelva 2022\",\"datePublished\":\"2022-02-05T19:30:53+00:00\",\"dateModified\":\"2025-07-07T14:22:58+00:00\",\"mainEntityOfPage\":{\"@id\":\"https:\\\/\\\/encompaniastj.org\\\/pt-pt\\\/caminhando-juntos-a-vida-consagrada-de-huelva-2022\\\/\"},\"wordCount\":450,\"commentCount\":0,\"publisher\":{\"@id\":\"https:\\\/\\\/encompaniastj.org\\\/pt-pt\\\/#organization\"},\"image\":{\"@id\":\"https:\\\/\\\/encompaniastj.org\\\/pt-pt\\\/caminhando-juntos-a-vida-consagrada-de-huelva-2022\\\/#primaryimage\"},\"thumbnailUrl\":\"https:\\\/\\\/encompaniastj.org\\\/wp-content\\\/uploads\\\/2025\\\/05\\\/h2.jpg\",\"articleSection\":[\"Noticias\",\"Outras\"],\"inLanguage\":\"pt-PT\",\"potentialAction\":[{\"@type\":\"CommentAction\",\"name\":\"Comment\",\"target\":[\"https:\\\/\\\/encompaniastj.org\\\/pt-pt\\\/caminhando-juntos-a-vida-consagrada-de-huelva-2022\\\/#respond\"]}]},{\"@type\":\"WebPage\",\"@id\":\"https:\\\/\\\/encompaniastj.org\\\/pt-pt\\\/caminhando-juntos-a-vida-consagrada-de-huelva-2022\\\/\",\"url\":\"https:\\\/\\\/encompaniastj.org\\\/pt-pt\\\/caminhando-juntos-a-vida-consagrada-de-huelva-2022\\\/\",\"name\":\"\u201cCAMINHANDO JUNTOS\u201d a Vida Consagrada de Huelva 2022 - En Compa\u00f1\u00eda STJ\",\"isPartOf\":{\"@id\":\"https:\\\/\\\/encompaniastj.org\\\/pt-pt\\\/#website\"},\"primaryImageOfPage\":{\"@id\":\"https:\\\/\\\/encompaniastj.org\\\/pt-pt\\\/caminhando-juntos-a-vida-consagrada-de-huelva-2022\\\/#primaryimage\"},\"image\":{\"@id\":\"https:\\\/\\\/encompaniastj.org\\\/pt-pt\\\/caminhando-juntos-a-vida-consagrada-de-huelva-2022\\\/#primaryimage\"},\"thumbnailUrl\":\"https:\\\/\\\/encompaniastj.org\\\/wp-content\\\/uploads\\\/2025\\\/05\\\/h2.jpg\",\"datePublished\":\"2022-02-05T19:30:53+00:00\",\"dateModified\":\"2025-07-07T14:22:58+00:00\",\"breadcrumb\":{\"@id\":\"https:\\\/\\\/encompaniastj.org\\\/pt-pt\\\/caminhando-juntos-a-vida-consagrada-de-huelva-2022\\\/#breadcrumb\"},\"inLanguage\":\"pt-PT\",\"potentialAction\":[{\"@type\":\"ReadAction\",\"target\":[\"https:\\\/\\\/encompaniastj.org\\\/pt-pt\\\/caminhando-juntos-a-vida-consagrada-de-huelva-2022\\\/\"]}]},{\"@type\":\"ImageObject\",\"inLanguage\":\"pt-PT\",\"@id\":\"https:\\\/\\\/encompaniastj.org\\\/pt-pt\\\/caminhando-juntos-a-vida-consagrada-de-huelva-2022\\\/#primaryimage\",\"url\":\"https:\\\/\\\/encompaniastj.org\\\/wp-content\\\/uploads\\\/2025\\\/05\\\/h2.jpg\",\"contentUrl\":\"https:\\\/\\\/encompaniastj.org\\\/wp-content\\\/uploads\\\/2025\\\/05\\\/h2.jpg\",\"width\":500,\"height\":234},{\"@type\":\"BreadcrumbList\",\"@id\":\"https:\\\/\\\/encompaniastj.org\\\/pt-pt\\\/caminhando-juntos-a-vida-consagrada-de-huelva-2022\\\/#breadcrumb\",\"itemListElement\":[{\"@type\":\"ListItem\",\"position\":1,\"name\":\"Portada\",\"item\":\"https:\\\/\\\/encompaniastj.org\\\/pt-pt\\\/\"},{\"@type\":\"ListItem\",\"position\":2,\"name\":\"\u201cCAMINHANDO JUNTOS\u201d a Vida Consagrada de Huelva 2022\"}]},{\"@type\":\"WebSite\",\"@id\":\"https:\\\/\\\/encompaniastj.org\\\/pt-pt\\\/#website\",\"url\":\"https:\\\/\\\/encompaniastj.org\\\/pt-pt\\\/\",\"name\":\"En Compa\u00f1\u00eda STJ\",\"description\":\"Bolet\u00edn de la Compa\u00f1\u00eda de Santa Teresa de Jes\u00fas\",\"publisher\":{\"@id\":\"https:\\\/\\\/encompaniastj.org\\\/pt-pt\\\/#organization\"},\"potentialAction\":[{\"@type\":\"SearchAction\",\"target\":{\"@type\":\"EntryPoint\",\"urlTemplate\":\"https:\\\/\\\/encompaniastj.org\\\/pt-pt\\\/?s={search_term_string}\"},\"query-input\":{\"@type\":\"PropertyValueSpecification\",\"valueRequired\":true,\"valueName\":\"search_term_string\"}}],\"inLanguage\":\"pt-PT\"},{\"@type\":\"Organization\",\"@id\":\"https:\\\/\\\/encompaniastj.org\\\/pt-pt\\\/#organization\",\"name\":\"Compa\u00f1\u00eda de Santa Teresa de Jes\u00fas\",\"url\":\"https:\\\/\\\/encompaniastj.org\\\/pt-pt\\\/\",\"logo\":{\"@type\":\"ImageObject\",\"inLanguage\":\"pt-PT\",\"@id\":\"https:\\\/\\\/encompaniastj.org\\\/pt-pt\\\/#\\\/schema\\\/logo\\\/image\\\/\",\"url\":\"https:\\\/\\\/encompaniastj.org\\\/wp-content\\\/uploads\\\/2025\\\/04\\\/logo_provincias02-1-3.png\",\"contentUrl\":\"https:\\\/\\\/encompaniastj.org\\\/wp-content\\\/uploads\\\/2025\\\/04\\\/logo_provincias02-1-3.png\",\"width\":2368,\"height\":825,\"caption\":\"Compa\u00f1\u00eda de Santa Teresa de Jes\u00fas\"},\"image\":{\"@id\":\"https:\\\/\\\/encompaniastj.org\\\/pt-pt\\\/#\\\/schema\\\/logo\\\/image\\\/\"}},{\"@type\":\"Person\",\"@id\":\"https:\\\/\\\/encompaniastj.org\\\/pt-pt\\\/#\\\/schema\\\/person\\\/520e7ecc314793d40091993c2a02b651\",\"name\":\"admin\",\"image\":{\"@type\":\"ImageObject\",\"inLanguage\":\"pt-PT\",\"@id\":\"https:\\\/\\\/secure.gravatar.com\\\/avatar\\\/948b492cce32b586ac2db0eaa926ee87024f7afe218d73b397ea5ddfc5f43ea1?s=96&d=mm&r=g\",\"url\":\"https:\\\/\\\/secure.gravatar.com\\\/avatar\\\/948b492cce32b586ac2db0eaa926ee87024f7afe218d73b397ea5ddfc5f43ea1?s=96&d=mm&r=g\",\"contentUrl\":\"https:\\\/\\\/secure.gravatar.com\\\/avatar\\\/948b492cce32b586ac2db0eaa926ee87024f7afe218d73b397ea5ddfc5f43ea1?s=96&d=mm&r=g\",\"caption\":\"admin\"},\"sameAs\":[\"https:\\\/\\\/encompaniastj.org\"],\"url\":\"https:\\\/\\\/encompaniastj.org\\\/pt-pt\\\/author\\\/sjdigital\\\/\"}]}<\/script>\n<!-- \/ Yoast SEO plugin. -->","yoast_head_json":{"title":"\u201cCAMINHANDO JUNTOS\u201d a Vida Consagrada de Huelva 2022 - En Compa\u00f1\u00eda STJ","robots":{"index":"index","follow":"follow","max-snippet":"max-snippet:-1","max-image-preview":"max-image-preview:large","max-video-preview":"max-video-preview:-1"},"canonical":"https:\/\/encompaniastj.org\/pt-pt\/caminhando-juntos-a-vida-consagrada-de-huelva-2022\/","og_locale":"pt_PT","og_type":"article","og_title":"\u201cCAMINHANDO JUNTOS\u201d a Vida Consagrada de Huelva 2022 - En Compa\u00f1\u00eda STJ","og_description":"Com o lema &#8220;Caminhando JUNTOS&#8221;, um significativo grupo de religiosas da diocese de Huelva, incluindo um grupo de Teresianas, reuniu-se no dia 30 de janeiro na par\u00f3quia de Sta. Maria [&hellip;]","og_url":"https:\/\/encompaniastj.org\/pt-pt\/caminhando-juntos-a-vida-consagrada-de-huelva-2022\/","og_site_name":"En Compa\u00f1\u00eda STJ","article_published_time":"2022-02-05T19:30:53+00:00","article_modified_time":"2025-07-07T14:22:58+00:00","og_image":[{"width":500,"height":234,"url":"https:\/\/encompaniastj.org\/wp-content\/uploads\/2025\/05\/h2.jpg","type":"image\/jpeg"}],"author":"admin","twitter_card":"summary_large_image","twitter_misc":{"Escrito por":"admin","Tempo estimado de leitura":"2 minutos"},"schema":{"@context":"https:\/\/schema.org","@graph":[{"@type":"Article","@id":"https:\/\/encompaniastj.org\/pt-pt\/caminhando-juntos-a-vida-consagrada-de-huelva-2022\/#article","isPartOf":{"@id":"https:\/\/encompaniastj.org\/pt-pt\/caminhando-juntos-a-vida-consagrada-de-huelva-2022\/"},"author":{"name":"admin","@id":"https:\/\/encompaniastj.org\/pt-pt\/#\/schema\/person\/520e7ecc314793d40091993c2a02b651"},"headline":"\u201cCAMINHANDO JUNTOS\u201d a Vida Consagrada de Huelva 2022","datePublished":"2022-02-05T19:30:53+00:00","dateModified":"2025-07-07T14:22:58+00:00","mainEntityOfPage":{"@id":"https:\/\/encompaniastj.org\/pt-pt\/caminhando-juntos-a-vida-consagrada-de-huelva-2022\/"},"wordCount":450,"commentCount":0,"publisher":{"@id":"https:\/\/encompaniastj.org\/pt-pt\/#organization"},"image":{"@id":"https:\/\/encompaniastj.org\/pt-pt\/caminhando-juntos-a-vida-consagrada-de-huelva-2022\/#primaryimage"},"thumbnailUrl":"https:\/\/encompaniastj.org\/wp-content\/uploads\/2025\/05\/h2.jpg","articleSection":["Noticias","Outras"],"inLanguage":"pt-PT","potentialAction":[{"@type":"CommentAction","name":"Comment","target":["https:\/\/encompaniastj.org\/pt-pt\/caminhando-juntos-a-vida-consagrada-de-huelva-2022\/#respond"]}]},{"@type":"WebPage","@id":"https:\/\/encompaniastj.org\/pt-pt\/caminhando-juntos-a-vida-consagrada-de-huelva-2022\/","url":"https:\/\/encompaniastj.org\/pt-pt\/caminhando-juntos-a-vida-consagrada-de-huelva-2022\/","name":"\u201cCAMINHANDO JUNTOS\u201d a Vida Consagrada de Huelva 2022 - En Compa\u00f1\u00eda STJ","isPartOf":{"@id":"https:\/\/encompaniastj.org\/pt-pt\/#website"},"primaryImageOfPage":{"@id":"https:\/\/encompaniastj.org\/pt-pt\/caminhando-juntos-a-vida-consagrada-de-huelva-2022\/#primaryimage"},"image":{"@id":"https:\/\/encompaniastj.org\/pt-pt\/caminhando-juntos-a-vida-consagrada-de-huelva-2022\/#primaryimage"},"thumbnailUrl":"https:\/\/encompaniastj.org\/wp-content\/uploads\/2025\/05\/h2.jpg","datePublished":"2022-02-05T19:30:53+00:00","dateModified":"2025-07-07T14:22:58+00:00","breadcrumb":{"@id":"https:\/\/encompaniastj.org\/pt-pt\/caminhando-juntos-a-vida-consagrada-de-huelva-2022\/#breadcrumb"},"inLanguage":"pt-PT","potentialAction":[{"@type":"ReadAction","target":["https:\/\/encompaniastj.org\/pt-pt\/caminhando-juntos-a-vida-consagrada-de-huelva-2022\/"]}]},{"@type":"ImageObject","inLanguage":"pt-PT","@id":"https:\/\/encompaniastj.org\/pt-pt\/caminhando-juntos-a-vida-consagrada-de-huelva-2022\/#primaryimage","url":"https:\/\/encompaniastj.org\/wp-content\/uploads\/2025\/05\/h2.jpg","contentUrl":"https:\/\/encompaniastj.org\/wp-content\/uploads\/2025\/05\/h2.jpg","width":500,"height":234},{"@type":"BreadcrumbList","@id":"https:\/\/encompaniastj.org\/pt-pt\/caminhando-juntos-a-vida-consagrada-de-huelva-2022\/#breadcrumb","itemListElement":[{"@type":"ListItem","position":1,"name":"Portada","item":"https:\/\/encompaniastj.org\/pt-pt\/"},{"@type":"ListItem","position":2,"name":"\u201cCAMINHANDO JUNTOS\u201d a Vida Consagrada de Huelva 2022"}]},{"@type":"WebSite","@id":"https:\/\/encompaniastj.org\/pt-pt\/#website","url":"https:\/\/encompaniastj.org\/pt-pt\/","name":"En Compa\u00f1\u00eda STJ","description":"Bolet\u00edn de la Compa\u00f1\u00eda de Santa Teresa de Jes\u00fas","publisher":{"@id":"https:\/\/encompaniastj.org\/pt-pt\/#organization"},"potentialAction":[{"@type":"SearchAction","target":{"@type":"EntryPoint","urlTemplate":"https:\/\/encompaniastj.org\/pt-pt\/?s={search_term_string}"},"query-input":{"@type":"PropertyValueSpecification","valueRequired":true,"valueName":"search_term_string"}}],"inLanguage":"pt-PT"},{"@type":"Organization","@id":"https:\/\/encompaniastj.org\/pt-pt\/#organization","name":"Compa\u00f1\u00eda de Santa Teresa de Jes\u00fas","url":"https:\/\/encompaniastj.org\/pt-pt\/","logo":{"@type":"ImageObject","inLanguage":"pt-PT","@id":"https:\/\/encompaniastj.org\/pt-pt\/#\/schema\/logo\/image\/","url":"https:\/\/encompaniastj.org\/wp-content\/uploads\/2025\/04\/logo_provincias02-1-3.png","contentUrl":"https:\/\/encompaniastj.org\/wp-content\/uploads\/2025\/04\/logo_provincias02-1-3.png","width":2368,"height":825,"caption":"Compa\u00f1\u00eda de Santa Teresa de Jes\u00fas"},"image":{"@id":"https:\/\/encompaniastj.org\/pt-pt\/#\/schema\/logo\/image\/"}},{"@type":"Person","@id":"https:\/\/encompaniastj.org\/pt-pt\/#\/schema\/person\/520e7ecc314793d40091993c2a02b651","name":"admin","image":{"@type":"ImageObject","inLanguage":"pt-PT","@id":"https:\/\/secure.gravatar.com\/avatar\/948b492cce32b586ac2db0eaa926ee87024f7afe218d73b397ea5ddfc5f43ea1?s=96&d=mm&r=g","url":"https:\/\/secure.gravatar.com\/avatar\/948b492cce32b586ac2db0eaa926ee87024f7afe218d73b397ea5ddfc5f43ea1?s=96&d=mm&r=g","contentUrl":"https:\/\/secure.gravatar.com\/avatar\/948b492cce32b586ac2db0eaa926ee87024f7afe218d73b397ea5ddfc5f43ea1?s=96&d=mm&r=g","caption":"admin"},"sameAs":["https:\/\/encompaniastj.org"],"url":"https:\/\/encompaniastj.org\/pt-pt\/author\/sjdigital\/"}]}},"_links":{"self":[{"href":"https:\/\/encompaniastj.org\/pt-pt\/wp-json\/wp\/v2\/posts\/10860","targetHints":{"allow":["GET"]}}],"collection":[{"href":"https:\/\/encompaniastj.org\/pt-pt\/wp-json\/wp\/v2\/posts"}],"about":[{"href":"https:\/\/encompaniastj.org\/pt-pt\/wp-json\/wp\/v2\/types\/post"}],"author":[{"embeddable":true,"href":"https:\/\/encompaniastj.org\/pt-pt\/wp-json\/wp\/v2\/users\/1"}],"replies":[{"embeddable":true,"href":"https:\/\/encompaniastj.org\/pt-pt\/wp-json\/wp\/v2\/comments?post=10860"}],"version-history":[{"count":1,"href":"https:\/\/encompaniastj.org\/pt-pt\/wp-json\/wp\/v2\/posts\/10860\/revisions"}],"predecessor-version":[{"id":10861,"href":"https:\/\/encompaniastj.org\/pt-pt\/wp-json\/wp\/v2\/posts\/10860\/revisions\/10861"}],"wp:featuredmedia":[{"embeddable":true,"href":"https:\/\/encompaniastj.org\/pt-pt\/wp-json\/wp\/v2\/media\/7844"}],"wp:attachment":[{"href":"https:\/\/encompaniastj.org\/pt-pt\/wp-json\/wp\/v2\/media?parent=10860"}],"wp:term":[{"taxonomy":"category","embeddable":true,"href":"https:\/\/encompaniastj.org\/pt-pt\/wp-json\/wp\/v2\/categories?post=10860"},{"taxonomy":"post_tag","embeddable":true,"href":"https:\/\/encompaniastj.org\/pt-pt\/wp-json\/wp\/v2\/tags?post=10860"}],"curies":[{"name":"wp","href":"https:\/\/api.w.org\/{rel}","templated":true}]}}