{"id":10858,"date":"2022-02-05T20:25:42","date_gmt":"2022-02-05T19:25:42","guid":{"rendered":"https:\/\/encompaniastj.org\/semana-de-henrique-de-osso\/"},"modified":"2025-07-07T16:22:58","modified_gmt":"2025-07-07T14:22:58","slug":"semana-de-henrique-de-osso","status":"publish","type":"post","link":"https:\/\/encompaniastj.org\/pt-pt\/semana-de-henrique-de-osso\/","title":{"rendered":"Semana de Henrique de Oss\u00f3"},"content":{"rendered":"<p>Na semana de 24 a 27 de janeiro, celebr\u00e1mos Henrique de Oss\u00f3, o nosso padroeiro, na \u00e1rea da catequese, e na medida do poss\u00edvel, com muito entusiasmo e gratid\u00e3o, na par\u00f3quia de S. Jos\u00e9 Oper\u00e1rio, em \u00c1vila.<\/p>\n<p>Estes dias de festa come\u00e7aram na segunda-feira, dia 24, com um encontro dos catequistas da par\u00f3quia. Primeiro, apresent\u00e1mos uma breve biografia de Henrique de Oss\u00f3, pois h\u00e1 alguns catequistas que foram amigos de Jesus e pertenceram ao MTA e o conhecem bem, mas outros n\u00e3o. E foc\u00e1mo-nos especialmente na sua faceta de catequista, pedagogo, amigo de que as crian\u00e7as conhecessem Jesus e, assim, regenerassem a nossa sociedade&#8230; Ap\u00f3s esta apresenta\u00e7\u00e3o tivemos um momento de ora\u00e7\u00e3o, motivado pelas suas palavras e pela Palavra que ele nos convidava a deixar-nos nas m\u00e3os de Deus. Para terminar, a Equipa entregou-nos com muito amor os pontos de leitura que e enviou todos os anos; a medalha de Henrique com a rel\u00edquia e\u2026 um doce.<\/p>\n<p>Foi uma tarde linda e imagino o nosso padre olhando para n\u00f3s &#8220;desse c\u00e9u encantador&#8221; com carinho e orgulho.<\/p>\n<p>Na ter\u00e7a, quarta e quinta-feira, os tr\u00eas dias foram dedicadas \u00e0s crian\u00e7as, pois, como s\u00e3o cerca de 240 as que se est\u00e3o preparando para a Primeira Comunh\u00e3o, tivemos que dividi-las em grupos para a celebra\u00e7\u00e3o. Rostos de espanto e intriga porque come\u00e7\u00e1vamos a catequese juntos naquele dia, porque as ia apresentar a um amigo de Jesus e, al\u00e9m disso, era o seu anivers\u00e1rio! E assim, pouco a pouco, e com a ajuda de uma proje\u00e7\u00e3o, fomos desvendando a vida de Henrique e o seu desejo de conhecer e amar Jesus e de torn\u00e1-lo conhecido e amado. Ent\u00e3o fic\u00e1mos em sil\u00eancio, fech\u00e1mos os olhos e pergunt\u00e1mo-nos o que quer\u00edamos fazer da nossa vida, o que quer\u00edamos ser quando cresc\u00eassemos; parecer-nos com Henrique, ser professores, sacerdotes, catequistas para que outros tamb\u00e9m conhe\u00e7am Jesus&#8230; No final, demos-lhes o ponto de leitura procurando, entre todos, o que significava &#8220;regenerar a sociedade&#8221;; e acolheram-no com muito carinho e gratid\u00e3o. E termin\u00e1mos o nosso encontro pedindo a Henrique, atrav\u00e9s da m\u00fasica, que nos ensinasse a ser como Jesus. Tudo por Jesus!<\/p>\n<p style=\"text-align: right;\">\u00a0\u00a0\u00a0\u00a0\u00a0\u00a0\u00a0\u00a0\u00a0\u00a0\u00a0\u00a0\u00a0\u00a0\u00a0\u00a0\u00a0\u00a0\u00a0\u00a0\u00a0\u00a0\u00a0\u00a0\u00a0\u00a0\u00a0\u00a0\u00a0\u00a0\u00a0\u00a0\u00a0\u00a0\u00a0\u00a0\u00a0\u00a0\u00a0\u00a0\u00a0\u00a0\u00a0\u00a0\u00a0\u00a0\u00a0\u00a0\u00a0\u00a0\u00a0\u00a0\u00a0\u00a0\u00a0\u00a0\u00a0\u00a0 \u00a0\u00a0\u00a0\u00a0\u00a0\u00a0\u00a0\u00a0\u00a0\u00a0\u00a0\u00a0\u00a0\u00a0\u00a0\u00a0\u00a0\u00a0\u00a0\u00a0\u00a0\u00a0\u00a0 \u00a0\u00a0\u00a0\u00a0\u00a0\u00a0\u00a0\u00a0\u00a0\u00a0\u00a0\u00a0\u00a0\u00a0\u00a0\u00a0\u00a0\u00a0\u00a0\u00a0\u00a0\u00a0\u00a0\u00a0\u00a0\u00a0\u00a0\u00a0\u00a0\u00a0\u00a0\u00a0\u00a0 Virg\u00ednia Mozo<\/p>\n","protected":false},"excerpt":{"rendered":"<p>Na semana de 24 a 27 de janeiro, celebr\u00e1mos Henrique de Oss\u00f3, o nosso padroeiro, na \u00e1rea da catequese, e na medida do poss\u00edvel, com muito entusiasmo e gratid\u00e3o, na [&hellip;]<\/p>\n","protected":false},"author":1,"featured_media":7843,"comment_status":"open","ping_status":"open","sticky":false,"template":"","format":"standard","meta":{"_acf_changed":false,"footnotes":""},"categories":[61,80,78],"tags":[],"class_list":["post-10858","post","type-post","status-publish","format-standard","has-post-thumbnail","hentry","category-noticias","category-paroquial-eclesial","category-parroquial-eclesial"],"acf":[],"yoast_head":"<!-- This site is optimized with the Yoast SEO plugin v27.5 - https:\/\/yoast.com\/product\/yoast-seo-wordpress\/ -->\n<title>Semana de Henrique de Oss\u00f3 - En Compa\u00f1\u00eda STJ<\/title>\n<meta name=\"robots\" content=\"index, follow, max-snippet:-1, max-image-preview:large, max-video-preview:-1\" \/>\n<link rel=\"canonical\" href=\"https:\/\/encompaniastj.org\/pt-pt\/semana-de-henrique-de-osso\/\" \/>\n<meta property=\"og:locale\" content=\"pt_PT\" \/>\n<meta property=\"og:type\" content=\"article\" \/>\n<meta property=\"og:title\" content=\"Semana de Henrique de Oss\u00f3 - En Compa\u00f1\u00eda STJ\" \/>\n<meta property=\"og:description\" content=\"Na semana de 24 a 27 de janeiro, celebr\u00e1mos Henrique de Oss\u00f3, o nosso padroeiro, na \u00e1rea da catequese, e na medida do poss\u00edvel, com muito entusiasmo e gratid\u00e3o, na [&hellip;]\" \/>\n<meta property=\"og:url\" content=\"https:\/\/encompaniastj.org\/pt-pt\/semana-de-henrique-de-osso\/\" \/>\n<meta property=\"og:site_name\" content=\"En Compa\u00f1\u00eda STJ\" \/>\n<meta property=\"article:published_time\" content=\"2022-02-05T19:25:42+00:00\" \/>\n<meta property=\"article:modified_time\" content=\"2025-07-07T14:22:58+00:00\" \/>\n<meta property=\"og:image\" content=\"https:\/\/encompaniastj.org\/wp-content\/uploads\/2025\/05\/avila1-3.jpg\" \/>\n\t<meta property=\"og:image:width\" content=\"500\" \/>\n\t<meta property=\"og:image:height\" content=\"375\" \/>\n\t<meta property=\"og:image:type\" content=\"image\/jpeg\" \/>\n<meta name=\"author\" content=\"admin\" \/>\n<meta name=\"twitter:card\" content=\"summary_large_image\" \/>\n<meta name=\"twitter:label1\" content=\"Escrito por\" \/>\n\t<meta name=\"twitter:data1\" content=\"admin\" \/>\n\t<meta name=\"twitter:label2\" content=\"Tempo estimado de leitura\" \/>\n\t<meta name=\"twitter:data2\" content=\"2 minutos\" \/>\n<script type=\"application\/ld+json\" class=\"yoast-schema-graph\">{\"@context\":\"https:\\\/\\\/schema.org\",\"@graph\":[{\"@type\":\"Article\",\"@id\":\"https:\\\/\\\/encompaniastj.org\\\/pt-pt\\\/semana-de-henrique-de-osso\\\/#article\",\"isPartOf\":{\"@id\":\"https:\\\/\\\/encompaniastj.org\\\/pt-pt\\\/semana-de-henrique-de-osso\\\/\"},\"author\":{\"name\":\"admin\",\"@id\":\"https:\\\/\\\/encompaniastj.org\\\/pt-pt\\\/#\\\/schema\\\/person\\\/520e7ecc314793d40091993c2a02b651\"},\"headline\":\"Semana de Henrique de Oss\u00f3\",\"datePublished\":\"2022-02-05T19:25:42+00:00\",\"dateModified\":\"2025-07-07T14:22:58+00:00\",\"mainEntityOfPage\":{\"@id\":\"https:\\\/\\\/encompaniastj.org\\\/pt-pt\\\/semana-de-henrique-de-osso\\\/\"},\"wordCount\":399,\"commentCount\":0,\"publisher\":{\"@id\":\"https:\\\/\\\/encompaniastj.org\\\/pt-pt\\\/#organization\"},\"image\":{\"@id\":\"https:\\\/\\\/encompaniastj.org\\\/pt-pt\\\/semana-de-henrique-de-osso\\\/#primaryimage\"},\"thumbnailUrl\":\"https:\\\/\\\/encompaniastj.org\\\/wp-content\\\/uploads\\\/2025\\\/05\\\/avila1-3.jpg\",\"articleSection\":[\"Noticias\",\"Paroquial - eclesial\",\"Parroquial - Eclesial\"],\"inLanguage\":\"pt-PT\",\"potentialAction\":[{\"@type\":\"CommentAction\",\"name\":\"Comment\",\"target\":[\"https:\\\/\\\/encompaniastj.org\\\/pt-pt\\\/semana-de-henrique-de-osso\\\/#respond\"]}]},{\"@type\":\"WebPage\",\"@id\":\"https:\\\/\\\/encompaniastj.org\\\/pt-pt\\\/semana-de-henrique-de-osso\\\/\",\"url\":\"https:\\\/\\\/encompaniastj.org\\\/pt-pt\\\/semana-de-henrique-de-osso\\\/\",\"name\":\"Semana de Henrique de Oss\u00f3 - En Compa\u00f1\u00eda STJ\",\"isPartOf\":{\"@id\":\"https:\\\/\\\/encompaniastj.org\\\/pt-pt\\\/#website\"},\"primaryImageOfPage\":{\"@id\":\"https:\\\/\\\/encompaniastj.org\\\/pt-pt\\\/semana-de-henrique-de-osso\\\/#primaryimage\"},\"image\":{\"@id\":\"https:\\\/\\\/encompaniastj.org\\\/pt-pt\\\/semana-de-henrique-de-osso\\\/#primaryimage\"},\"thumbnailUrl\":\"https:\\\/\\\/encompaniastj.org\\\/wp-content\\\/uploads\\\/2025\\\/05\\\/avila1-3.jpg\",\"datePublished\":\"2022-02-05T19:25:42+00:00\",\"dateModified\":\"2025-07-07T14:22:58+00:00\",\"breadcrumb\":{\"@id\":\"https:\\\/\\\/encompaniastj.org\\\/pt-pt\\\/semana-de-henrique-de-osso\\\/#breadcrumb\"},\"inLanguage\":\"pt-PT\",\"potentialAction\":[{\"@type\":\"ReadAction\",\"target\":[\"https:\\\/\\\/encompaniastj.org\\\/pt-pt\\\/semana-de-henrique-de-osso\\\/\"]}]},{\"@type\":\"ImageObject\",\"inLanguage\":\"pt-PT\",\"@id\":\"https:\\\/\\\/encompaniastj.org\\\/pt-pt\\\/semana-de-henrique-de-osso\\\/#primaryimage\",\"url\":\"https:\\\/\\\/encompaniastj.org\\\/wp-content\\\/uploads\\\/2025\\\/05\\\/avila1-3.jpg\",\"contentUrl\":\"https:\\\/\\\/encompaniastj.org\\\/wp-content\\\/uploads\\\/2025\\\/05\\\/avila1-3.jpg\",\"width\":500,\"height\":375},{\"@type\":\"BreadcrumbList\",\"@id\":\"https:\\\/\\\/encompaniastj.org\\\/pt-pt\\\/semana-de-henrique-de-osso\\\/#breadcrumb\",\"itemListElement\":[{\"@type\":\"ListItem\",\"position\":1,\"name\":\"Portada\",\"item\":\"https:\\\/\\\/encompaniastj.org\\\/pt-pt\\\/\"},{\"@type\":\"ListItem\",\"position\":2,\"name\":\"Semana de Henrique de Oss\u00f3\"}]},{\"@type\":\"WebSite\",\"@id\":\"https:\\\/\\\/encompaniastj.org\\\/pt-pt\\\/#website\",\"url\":\"https:\\\/\\\/encompaniastj.org\\\/pt-pt\\\/\",\"name\":\"En Compa\u00f1\u00eda STJ\",\"description\":\"Bolet\u00edn de la Compa\u00f1\u00eda de Santa Teresa de Jes\u00fas\",\"publisher\":{\"@id\":\"https:\\\/\\\/encompaniastj.org\\\/pt-pt\\\/#organization\"},\"potentialAction\":[{\"@type\":\"SearchAction\",\"target\":{\"@type\":\"EntryPoint\",\"urlTemplate\":\"https:\\\/\\\/encompaniastj.org\\\/pt-pt\\\/?s={search_term_string}\"},\"query-input\":{\"@type\":\"PropertyValueSpecification\",\"valueRequired\":true,\"valueName\":\"search_term_string\"}}],\"inLanguage\":\"pt-PT\"},{\"@type\":\"Organization\",\"@id\":\"https:\\\/\\\/encompaniastj.org\\\/pt-pt\\\/#organization\",\"name\":\"Compa\u00f1\u00eda de Santa Teresa de Jes\u00fas\",\"url\":\"https:\\\/\\\/encompaniastj.org\\\/pt-pt\\\/\",\"logo\":{\"@type\":\"ImageObject\",\"inLanguage\":\"pt-PT\",\"@id\":\"https:\\\/\\\/encompaniastj.org\\\/pt-pt\\\/#\\\/schema\\\/logo\\\/image\\\/\",\"url\":\"https:\\\/\\\/encompaniastj.org\\\/wp-content\\\/uploads\\\/2025\\\/04\\\/logo_provincias02-1-3.png\",\"contentUrl\":\"https:\\\/\\\/encompaniastj.org\\\/wp-content\\\/uploads\\\/2025\\\/04\\\/logo_provincias02-1-3.png\",\"width\":2368,\"height\":825,\"caption\":\"Compa\u00f1\u00eda de Santa Teresa de Jes\u00fas\"},\"image\":{\"@id\":\"https:\\\/\\\/encompaniastj.org\\\/pt-pt\\\/#\\\/schema\\\/logo\\\/image\\\/\"}},{\"@type\":\"Person\",\"@id\":\"https:\\\/\\\/encompaniastj.org\\\/pt-pt\\\/#\\\/schema\\\/person\\\/520e7ecc314793d40091993c2a02b651\",\"name\":\"admin\",\"image\":{\"@type\":\"ImageObject\",\"inLanguage\":\"pt-PT\",\"@id\":\"https:\\\/\\\/secure.gravatar.com\\\/avatar\\\/948b492cce32b586ac2db0eaa926ee87024f7afe218d73b397ea5ddfc5f43ea1?s=96&d=mm&r=g\",\"url\":\"https:\\\/\\\/secure.gravatar.com\\\/avatar\\\/948b492cce32b586ac2db0eaa926ee87024f7afe218d73b397ea5ddfc5f43ea1?s=96&d=mm&r=g\",\"contentUrl\":\"https:\\\/\\\/secure.gravatar.com\\\/avatar\\\/948b492cce32b586ac2db0eaa926ee87024f7afe218d73b397ea5ddfc5f43ea1?s=96&d=mm&r=g\",\"caption\":\"admin\"},\"sameAs\":[\"https:\\\/\\\/encompaniastj.org\"],\"url\":\"https:\\\/\\\/encompaniastj.org\\\/pt-pt\\\/author\\\/sjdigital\\\/\"}]}<\/script>\n<!-- \/ Yoast SEO plugin. -->","yoast_head_json":{"title":"Semana de Henrique de Oss\u00f3 - En Compa\u00f1\u00eda STJ","robots":{"index":"index","follow":"follow","max-snippet":"max-snippet:-1","max-image-preview":"max-image-preview:large","max-video-preview":"max-video-preview:-1"},"canonical":"https:\/\/encompaniastj.org\/pt-pt\/semana-de-henrique-de-osso\/","og_locale":"pt_PT","og_type":"article","og_title":"Semana de Henrique de Oss\u00f3 - En Compa\u00f1\u00eda STJ","og_description":"Na semana de 24 a 27 de janeiro, celebr\u00e1mos Henrique de Oss\u00f3, o nosso padroeiro, na \u00e1rea da catequese, e na medida do poss\u00edvel, com muito entusiasmo e gratid\u00e3o, na [&hellip;]","og_url":"https:\/\/encompaniastj.org\/pt-pt\/semana-de-henrique-de-osso\/","og_site_name":"En Compa\u00f1\u00eda STJ","article_published_time":"2022-02-05T19:25:42+00:00","article_modified_time":"2025-07-07T14:22:58+00:00","og_image":[{"width":500,"height":375,"url":"https:\/\/encompaniastj.org\/wp-content\/uploads\/2025\/05\/avila1-3.jpg","type":"image\/jpeg"}],"author":"admin","twitter_card":"summary_large_image","twitter_misc":{"Escrito por":"admin","Tempo estimado de leitura":"2 minutos"},"schema":{"@context":"https:\/\/schema.org","@graph":[{"@type":"Article","@id":"https:\/\/encompaniastj.org\/pt-pt\/semana-de-henrique-de-osso\/#article","isPartOf":{"@id":"https:\/\/encompaniastj.org\/pt-pt\/semana-de-henrique-de-osso\/"},"author":{"name":"admin","@id":"https:\/\/encompaniastj.org\/pt-pt\/#\/schema\/person\/520e7ecc314793d40091993c2a02b651"},"headline":"Semana de Henrique de Oss\u00f3","datePublished":"2022-02-05T19:25:42+00:00","dateModified":"2025-07-07T14:22:58+00:00","mainEntityOfPage":{"@id":"https:\/\/encompaniastj.org\/pt-pt\/semana-de-henrique-de-osso\/"},"wordCount":399,"commentCount":0,"publisher":{"@id":"https:\/\/encompaniastj.org\/pt-pt\/#organization"},"image":{"@id":"https:\/\/encompaniastj.org\/pt-pt\/semana-de-henrique-de-osso\/#primaryimage"},"thumbnailUrl":"https:\/\/encompaniastj.org\/wp-content\/uploads\/2025\/05\/avila1-3.jpg","articleSection":["Noticias","Paroquial - eclesial","Parroquial - Eclesial"],"inLanguage":"pt-PT","potentialAction":[{"@type":"CommentAction","name":"Comment","target":["https:\/\/encompaniastj.org\/pt-pt\/semana-de-henrique-de-osso\/#respond"]}]},{"@type":"WebPage","@id":"https:\/\/encompaniastj.org\/pt-pt\/semana-de-henrique-de-osso\/","url":"https:\/\/encompaniastj.org\/pt-pt\/semana-de-henrique-de-osso\/","name":"Semana de Henrique de Oss\u00f3 - En Compa\u00f1\u00eda STJ","isPartOf":{"@id":"https:\/\/encompaniastj.org\/pt-pt\/#website"},"primaryImageOfPage":{"@id":"https:\/\/encompaniastj.org\/pt-pt\/semana-de-henrique-de-osso\/#primaryimage"},"image":{"@id":"https:\/\/encompaniastj.org\/pt-pt\/semana-de-henrique-de-osso\/#primaryimage"},"thumbnailUrl":"https:\/\/encompaniastj.org\/wp-content\/uploads\/2025\/05\/avila1-3.jpg","datePublished":"2022-02-05T19:25:42+00:00","dateModified":"2025-07-07T14:22:58+00:00","breadcrumb":{"@id":"https:\/\/encompaniastj.org\/pt-pt\/semana-de-henrique-de-osso\/#breadcrumb"},"inLanguage":"pt-PT","potentialAction":[{"@type":"ReadAction","target":["https:\/\/encompaniastj.org\/pt-pt\/semana-de-henrique-de-osso\/"]}]},{"@type":"ImageObject","inLanguage":"pt-PT","@id":"https:\/\/encompaniastj.org\/pt-pt\/semana-de-henrique-de-osso\/#primaryimage","url":"https:\/\/encompaniastj.org\/wp-content\/uploads\/2025\/05\/avila1-3.jpg","contentUrl":"https:\/\/encompaniastj.org\/wp-content\/uploads\/2025\/05\/avila1-3.jpg","width":500,"height":375},{"@type":"BreadcrumbList","@id":"https:\/\/encompaniastj.org\/pt-pt\/semana-de-henrique-de-osso\/#breadcrumb","itemListElement":[{"@type":"ListItem","position":1,"name":"Portada","item":"https:\/\/encompaniastj.org\/pt-pt\/"},{"@type":"ListItem","position":2,"name":"Semana de Henrique de Oss\u00f3"}]},{"@type":"WebSite","@id":"https:\/\/encompaniastj.org\/pt-pt\/#website","url":"https:\/\/encompaniastj.org\/pt-pt\/","name":"En Compa\u00f1\u00eda STJ","description":"Bolet\u00edn de la Compa\u00f1\u00eda de Santa Teresa de Jes\u00fas","publisher":{"@id":"https:\/\/encompaniastj.org\/pt-pt\/#organization"},"potentialAction":[{"@type":"SearchAction","target":{"@type":"EntryPoint","urlTemplate":"https:\/\/encompaniastj.org\/pt-pt\/?s={search_term_string}"},"query-input":{"@type":"PropertyValueSpecification","valueRequired":true,"valueName":"search_term_string"}}],"inLanguage":"pt-PT"},{"@type":"Organization","@id":"https:\/\/encompaniastj.org\/pt-pt\/#organization","name":"Compa\u00f1\u00eda de Santa Teresa de Jes\u00fas","url":"https:\/\/encompaniastj.org\/pt-pt\/","logo":{"@type":"ImageObject","inLanguage":"pt-PT","@id":"https:\/\/encompaniastj.org\/pt-pt\/#\/schema\/logo\/image\/","url":"https:\/\/encompaniastj.org\/wp-content\/uploads\/2025\/04\/logo_provincias02-1-3.png","contentUrl":"https:\/\/encompaniastj.org\/wp-content\/uploads\/2025\/04\/logo_provincias02-1-3.png","width":2368,"height":825,"caption":"Compa\u00f1\u00eda de Santa Teresa de Jes\u00fas"},"image":{"@id":"https:\/\/encompaniastj.org\/pt-pt\/#\/schema\/logo\/image\/"}},{"@type":"Person","@id":"https:\/\/encompaniastj.org\/pt-pt\/#\/schema\/person\/520e7ecc314793d40091993c2a02b651","name":"admin","image":{"@type":"ImageObject","inLanguage":"pt-PT","@id":"https:\/\/secure.gravatar.com\/avatar\/948b492cce32b586ac2db0eaa926ee87024f7afe218d73b397ea5ddfc5f43ea1?s=96&d=mm&r=g","url":"https:\/\/secure.gravatar.com\/avatar\/948b492cce32b586ac2db0eaa926ee87024f7afe218d73b397ea5ddfc5f43ea1?s=96&d=mm&r=g","contentUrl":"https:\/\/secure.gravatar.com\/avatar\/948b492cce32b586ac2db0eaa926ee87024f7afe218d73b397ea5ddfc5f43ea1?s=96&d=mm&r=g","caption":"admin"},"sameAs":["https:\/\/encompaniastj.org"],"url":"https:\/\/encompaniastj.org\/pt-pt\/author\/sjdigital\/"}]}},"_links":{"self":[{"href":"https:\/\/encompaniastj.org\/pt-pt\/wp-json\/wp\/v2\/posts\/10858","targetHints":{"allow":["GET"]}}],"collection":[{"href":"https:\/\/encompaniastj.org\/pt-pt\/wp-json\/wp\/v2\/posts"}],"about":[{"href":"https:\/\/encompaniastj.org\/pt-pt\/wp-json\/wp\/v2\/types\/post"}],"author":[{"embeddable":true,"href":"https:\/\/encompaniastj.org\/pt-pt\/wp-json\/wp\/v2\/users\/1"}],"replies":[{"embeddable":true,"href":"https:\/\/encompaniastj.org\/pt-pt\/wp-json\/wp\/v2\/comments?post=10858"}],"version-history":[{"count":1,"href":"https:\/\/encompaniastj.org\/pt-pt\/wp-json\/wp\/v2\/posts\/10858\/revisions"}],"predecessor-version":[{"id":10859,"href":"https:\/\/encompaniastj.org\/pt-pt\/wp-json\/wp\/v2\/posts\/10858\/revisions\/10859"}],"wp:featuredmedia":[{"embeddable":true,"href":"https:\/\/encompaniastj.org\/pt-pt\/wp-json\/wp\/v2\/media\/7843"}],"wp:attachment":[{"href":"https:\/\/encompaniastj.org\/pt-pt\/wp-json\/wp\/v2\/media?parent=10858"}],"wp:term":[{"taxonomy":"category","embeddable":true,"href":"https:\/\/encompaniastj.org\/pt-pt\/wp-json\/wp\/v2\/categories?post=10858"},{"taxonomy":"post_tag","embeddable":true,"href":"https:\/\/encompaniastj.org\/pt-pt\/wp-json\/wp\/v2\/tags?post=10858"}],"curies":[{"name":"wp","href":"https:\/\/api.w.org\/{rel}","templated":true}]}}