{"id":10852,"date":"2022-02-04T14:06:58","date_gmt":"2022-02-04T13:06:58","guid":{"rendered":"https:\/\/encompaniastj.org\/ma-josefa-guardiola-gilabert-4-de-febrero-de-2022-torrent-valencia\/"},"modified":"2025-07-07T16:22:58","modified_gmt":"2025-07-07T14:22:58","slug":"ma-josefa-guardiola-gilabert-4-de-febrero-de-2022-torrent-valencia","status":"publish","type":"post","link":"https:\/\/encompaniastj.org\/pt-pt\/ma-josefa-guardiola-gilabert-4-de-febrero-de-2022-torrent-valencia\/","title":{"rendered":"M\u00aa Josefa Guardiola Gilabert. 4 de febrero de 2022. (Torrent-Valencia)"},"content":{"rendered":"<p style=\"text-align: right;\">\u201cQuem a Deus tem nada lhe falta. S\u00f3 Deus basta\u201d.<\/p>\n<p style=\"text-align: right;\">(Sta. Teresa de Jesus)<\/p>\n<p>A vida de M.\u00aa Jos\u00e9 deu testemunho dessas verdades t\u00e3o teresianas quando foi surpreendida pela morte em 4 de fevereiro de 2022 na comunidade de Torrent.<\/p>\n<p>M\u00aa Jos\u00e9 Guardiola nasceu em Val\u00eancia no dia 24 de junho de 1943. Entrou na Companhia de Santa Teresa de Jesus em Tortosa no dia 14 de outubro de 1965. Passou os primeiros anos em Sarago\u00e7a. Mais tarde, foi destinada \u00e0 comunidade do col\u00e9gio Vilanova i la Geltr\u00fa, onde foi diretora titular. Em Sarago\u00e7a viveu em v\u00e1rias comunidades em diferentes per\u00edodos: Comunidade do Col\u00e9gio Teresiano do Pilar, Comunidade Teresiana de Begonha e Casa de Ora\u00e7\u00e3o Santa Teresa. Tamb\u00e9m esteve destinada em Val\u00eancia nas Comunidades de Cirilo Amor\u00f3s, El Vedat, P\u00e9rez Bayer, Almazora e recentemente Torrent. Pesquisadora e profundamente espiritual, participou ativamente no projeto da Casa de Ora\u00e7\u00e3o de Sarago\u00e7a, onde passou muitos anos da sua vida que, sem d\u00favida, marcaram intensamente o seu modo de viver a miss\u00e3o. Em v\u00e1rias ocasi\u00f5es assumiu o servi\u00e7o como coordenadora local e conselheira provincial da ent\u00e3o Prov\u00edncia do Pilar.<\/p>\n<p>Foi uma mulher que desejava Jesus acima de todas as coisas e buscava a sua marca em tudo o que fazia e vivia. Fruto de uma experi\u00eancia de Deus t\u00e3o profunda quanto comprometida, dedicou grande parte da sua vida a acompanhar os outros na f\u00e9 atrav\u00e9s da ora\u00e7\u00e3o, da qual foi verdadeiramente mestra. Cultivava uma espiritualidade ampla e riqu\u00edssima, que se traduzia em atitudes de abertura, proximidade, escuta e compaix\u00e3o. Gostava de viver, amava a m\u00e3e terra e contagiava o compromisso por uma ecologia integral. Al\u00e9m disso, tinha uma sensibilidade especial para com os pobres, nos quais descobria o rosto de Jesus e o convite a segui-lo.<\/p>\n<p>Discernia tudo na vida quotidiana, era uma teresiana com ra\u00edzes profundas e permanentemente em busca da vontade de Deus. N\u00e3o havia rotina para ela: sempre fervendo, como o Amor; sempre l\u00facida, atenta e criativa para &#8220;se entregar toda ao Todo&#8221;. As irm\u00e3s que tivemos a sorte de partilhar com ela a \u00faltima etapa da sua vida podemos dizer verdadeiramente que &#8220;o amor \u00e9 paciente, \u00e9 servi\u00e7al, n\u00e3o se ensoberbece, alegra-se com a verdade&#8230;&#8221; (1 Cor. 13) porque M\u00aa Jos\u00e9 no-lo mostrava em gestos simples de apre\u00e7o, humildade e alegria.<\/p>\n<p>Apesar das suas doen\u00e7as, ela era uma mulher corajosa e dispon\u00edvel, que exalava energia. O vazio que ela nos deixa \u00e9 proporcional \u00e0 densidade da sua presen\u00e7a, animada pelo Esp\u00edrito. \u201cNada de humano lhe era estranho\u201d: interessava-se por tudo o que acontecia no mundo, na Igreja e na Companhia.<\/p>\n<p>Ultimamente sentia o chamamento para acompanhar os outros na sua passagem para a Vida verdadeira. Parecia que o Senhor a estava preparando para o seu encontro.<\/p>\n","protected":false},"excerpt":{"rendered":"<p>\u201cQuem a Deus tem nada lhe falta. S\u00f3 Deus basta\u201d. (Sta. Teresa de Jesus) A vida de M.\u00aa Jos\u00e9 deu testemunho dessas verdades t\u00e3o teresianas quando foi surpreendida pela morte [&hellip;]<\/p>\n","protected":false},"author":1,"featured_media":7842,"comment_status":"open","ping_status":"open","sticky":false,"template":"","format":"standard","meta":{"_acf_changed":false,"footnotes":""},"categories":[69],"tags":[],"class_list":["post-10852","post","type-post","status-publish","format-standard","has-post-thumbnail","hentry","category-falecimentos"],"acf":[],"yoast_head":"<!-- This site is optimized with the Yoast SEO plugin v27.5 - https:\/\/yoast.com\/product\/yoast-seo-wordpress\/ -->\n<title>M\u00aa Josefa Guardiola Gilabert. 4 de febrero de 2022. (Torrent-Valencia) - En Compa\u00f1\u00eda STJ<\/title>\n<meta name=\"robots\" content=\"index, follow, max-snippet:-1, max-image-preview:large, max-video-preview:-1\" \/>\n<link rel=\"canonical\" href=\"https:\/\/encompaniastj.org\/pt-pt\/ma-josefa-guardiola-gilabert-4-de-febrero-de-2022-torrent-valencia\/\" \/>\n<meta property=\"og:locale\" content=\"pt_PT\" \/>\n<meta property=\"og:type\" content=\"article\" \/>\n<meta property=\"og:title\" content=\"M\u00aa Josefa Guardiola Gilabert. 4 de febrero de 2022. (Torrent-Valencia) - En Compa\u00f1\u00eda STJ\" \/>\n<meta property=\"og:description\" content=\"\u201cQuem a Deus tem nada lhe falta. S\u00f3 Deus basta\u201d. (Sta. Teresa de Jesus) A vida de M.\u00aa Jos\u00e9 deu testemunho dessas verdades t\u00e3o teresianas quando foi surpreendida pela morte [&hellip;]\" \/>\n<meta property=\"og:url\" content=\"https:\/\/encompaniastj.org\/pt-pt\/ma-josefa-guardiola-gilabert-4-de-febrero-de-2022-torrent-valencia\/\" \/>\n<meta property=\"og:site_name\" content=\"En Compa\u00f1\u00eda STJ\" \/>\n<meta property=\"article:published_time\" content=\"2022-02-04T13:06:58+00:00\" \/>\n<meta property=\"article:modified_time\" content=\"2025-07-07T14:22:58+00:00\" \/>\n<meta property=\"og:image\" content=\"https:\/\/encompaniastj.org\/wp-content\/uploads\/2025\/05\/forest-g5baee8e81_640.jpg\" \/>\n\t<meta property=\"og:image:width\" content=\"640\" \/>\n\t<meta property=\"og:image:height\" content=\"425\" \/>\n\t<meta property=\"og:image:type\" content=\"image\/jpeg\" \/>\n<meta name=\"author\" content=\"admin\" \/>\n<meta name=\"twitter:card\" content=\"summary_large_image\" \/>\n<meta name=\"twitter:label1\" content=\"Escrito por\" \/>\n\t<meta name=\"twitter:data1\" content=\"admin\" \/>\n\t<meta name=\"twitter:label2\" content=\"Tempo estimado de leitura\" \/>\n\t<meta name=\"twitter:data2\" content=\"2 minutos\" \/>\n<script type=\"application\/ld+json\" class=\"yoast-schema-graph\">{\"@context\":\"https:\\\/\\\/schema.org\",\"@graph\":[{\"@type\":\"Article\",\"@id\":\"https:\\\/\\\/encompaniastj.org\\\/pt-pt\\\/ma-josefa-guardiola-gilabert-4-de-febrero-de-2022-torrent-valencia\\\/#article\",\"isPartOf\":{\"@id\":\"https:\\\/\\\/encompaniastj.org\\\/pt-pt\\\/ma-josefa-guardiola-gilabert-4-de-febrero-de-2022-torrent-valencia\\\/\"},\"author\":{\"name\":\"admin\",\"@id\":\"https:\\\/\\\/encompaniastj.org\\\/pt-pt\\\/#\\\/schema\\\/person\\\/520e7ecc314793d40091993c2a02b651\"},\"headline\":\"M\u00aa Josefa Guardiola Gilabert. 4 de febrero de 2022. (Torrent-Valencia)\",\"datePublished\":\"2022-02-04T13:06:58+00:00\",\"dateModified\":\"2025-07-07T14:22:58+00:00\",\"mainEntityOfPage\":{\"@id\":\"https:\\\/\\\/encompaniastj.org\\\/pt-pt\\\/ma-josefa-guardiola-gilabert-4-de-febrero-de-2022-torrent-valencia\\\/\"},\"wordCount\":492,\"commentCount\":0,\"publisher\":{\"@id\":\"https:\\\/\\\/encompaniastj.org\\\/pt-pt\\\/#organization\"},\"image\":{\"@id\":\"https:\\\/\\\/encompaniastj.org\\\/pt-pt\\\/ma-josefa-guardiola-gilabert-4-de-febrero-de-2022-torrent-valencia\\\/#primaryimage\"},\"thumbnailUrl\":\"https:\\\/\\\/encompaniastj.org\\\/wp-content\\\/uploads\\\/2025\\\/05\\\/forest-g5baee8e81_640.jpg\",\"articleSection\":[\"Falecimentos\"],\"inLanguage\":\"pt-PT\",\"potentialAction\":[{\"@type\":\"CommentAction\",\"name\":\"Comment\",\"target\":[\"https:\\\/\\\/encompaniastj.org\\\/pt-pt\\\/ma-josefa-guardiola-gilabert-4-de-febrero-de-2022-torrent-valencia\\\/#respond\"]}]},{\"@type\":\"WebPage\",\"@id\":\"https:\\\/\\\/encompaniastj.org\\\/pt-pt\\\/ma-josefa-guardiola-gilabert-4-de-febrero-de-2022-torrent-valencia\\\/\",\"url\":\"https:\\\/\\\/encompaniastj.org\\\/pt-pt\\\/ma-josefa-guardiola-gilabert-4-de-febrero-de-2022-torrent-valencia\\\/\",\"name\":\"M\u00aa Josefa Guardiola Gilabert. 4 de febrero de 2022. (Torrent-Valencia) - En Compa\u00f1\u00eda STJ\",\"isPartOf\":{\"@id\":\"https:\\\/\\\/encompaniastj.org\\\/pt-pt\\\/#website\"},\"primaryImageOfPage\":{\"@id\":\"https:\\\/\\\/encompaniastj.org\\\/pt-pt\\\/ma-josefa-guardiola-gilabert-4-de-febrero-de-2022-torrent-valencia\\\/#primaryimage\"},\"image\":{\"@id\":\"https:\\\/\\\/encompaniastj.org\\\/pt-pt\\\/ma-josefa-guardiola-gilabert-4-de-febrero-de-2022-torrent-valencia\\\/#primaryimage\"},\"thumbnailUrl\":\"https:\\\/\\\/encompaniastj.org\\\/wp-content\\\/uploads\\\/2025\\\/05\\\/forest-g5baee8e81_640.jpg\",\"datePublished\":\"2022-02-04T13:06:58+00:00\",\"dateModified\":\"2025-07-07T14:22:58+00:00\",\"breadcrumb\":{\"@id\":\"https:\\\/\\\/encompaniastj.org\\\/pt-pt\\\/ma-josefa-guardiola-gilabert-4-de-febrero-de-2022-torrent-valencia\\\/#breadcrumb\"},\"inLanguage\":\"pt-PT\",\"potentialAction\":[{\"@type\":\"ReadAction\",\"target\":[\"https:\\\/\\\/encompaniastj.org\\\/pt-pt\\\/ma-josefa-guardiola-gilabert-4-de-febrero-de-2022-torrent-valencia\\\/\"]}]},{\"@type\":\"ImageObject\",\"inLanguage\":\"pt-PT\",\"@id\":\"https:\\\/\\\/encompaniastj.org\\\/pt-pt\\\/ma-josefa-guardiola-gilabert-4-de-febrero-de-2022-torrent-valencia\\\/#primaryimage\",\"url\":\"https:\\\/\\\/encompaniastj.org\\\/wp-content\\\/uploads\\\/2025\\\/05\\\/forest-g5baee8e81_640.jpg\",\"contentUrl\":\"https:\\\/\\\/encompaniastj.org\\\/wp-content\\\/uploads\\\/2025\\\/05\\\/forest-g5baee8e81_640.jpg\",\"width\":640,\"height\":425},{\"@type\":\"BreadcrumbList\",\"@id\":\"https:\\\/\\\/encompaniastj.org\\\/pt-pt\\\/ma-josefa-guardiola-gilabert-4-de-febrero-de-2022-torrent-valencia\\\/#breadcrumb\",\"itemListElement\":[{\"@type\":\"ListItem\",\"position\":1,\"name\":\"Portada\",\"item\":\"https:\\\/\\\/encompaniastj.org\\\/pt-pt\\\/\"},{\"@type\":\"ListItem\",\"position\":2,\"name\":\"M\u00aa Josefa Guardiola Gilabert. 4 de febrero de 2022. (Torrent-Valencia)\"}]},{\"@type\":\"WebSite\",\"@id\":\"https:\\\/\\\/encompaniastj.org\\\/pt-pt\\\/#website\",\"url\":\"https:\\\/\\\/encompaniastj.org\\\/pt-pt\\\/\",\"name\":\"En Compa\u00f1\u00eda STJ\",\"description\":\"Bolet\u00edn de la Compa\u00f1\u00eda de Santa Teresa de Jes\u00fas\",\"publisher\":{\"@id\":\"https:\\\/\\\/encompaniastj.org\\\/pt-pt\\\/#organization\"},\"potentialAction\":[{\"@type\":\"SearchAction\",\"target\":{\"@type\":\"EntryPoint\",\"urlTemplate\":\"https:\\\/\\\/encompaniastj.org\\\/pt-pt\\\/?s={search_term_string}\"},\"query-input\":{\"@type\":\"PropertyValueSpecification\",\"valueRequired\":true,\"valueName\":\"search_term_string\"}}],\"inLanguage\":\"pt-PT\"},{\"@type\":\"Organization\",\"@id\":\"https:\\\/\\\/encompaniastj.org\\\/pt-pt\\\/#organization\",\"name\":\"Compa\u00f1\u00eda de Santa Teresa de Jes\u00fas\",\"url\":\"https:\\\/\\\/encompaniastj.org\\\/pt-pt\\\/\",\"logo\":{\"@type\":\"ImageObject\",\"inLanguage\":\"pt-PT\",\"@id\":\"https:\\\/\\\/encompaniastj.org\\\/pt-pt\\\/#\\\/schema\\\/logo\\\/image\\\/\",\"url\":\"https:\\\/\\\/encompaniastj.org\\\/wp-content\\\/uploads\\\/2025\\\/04\\\/logo_provincias02-1-3.png\",\"contentUrl\":\"https:\\\/\\\/encompaniastj.org\\\/wp-content\\\/uploads\\\/2025\\\/04\\\/logo_provincias02-1-3.png\",\"width\":2368,\"height\":825,\"caption\":\"Compa\u00f1\u00eda de Santa Teresa de Jes\u00fas\"},\"image\":{\"@id\":\"https:\\\/\\\/encompaniastj.org\\\/pt-pt\\\/#\\\/schema\\\/logo\\\/image\\\/\"}},{\"@type\":\"Person\",\"@id\":\"https:\\\/\\\/encompaniastj.org\\\/pt-pt\\\/#\\\/schema\\\/person\\\/520e7ecc314793d40091993c2a02b651\",\"name\":\"admin\",\"image\":{\"@type\":\"ImageObject\",\"inLanguage\":\"pt-PT\",\"@id\":\"https:\\\/\\\/secure.gravatar.com\\\/avatar\\\/948b492cce32b586ac2db0eaa926ee87024f7afe218d73b397ea5ddfc5f43ea1?s=96&d=mm&r=g\",\"url\":\"https:\\\/\\\/secure.gravatar.com\\\/avatar\\\/948b492cce32b586ac2db0eaa926ee87024f7afe218d73b397ea5ddfc5f43ea1?s=96&d=mm&r=g\",\"contentUrl\":\"https:\\\/\\\/secure.gravatar.com\\\/avatar\\\/948b492cce32b586ac2db0eaa926ee87024f7afe218d73b397ea5ddfc5f43ea1?s=96&d=mm&r=g\",\"caption\":\"admin\"},\"sameAs\":[\"https:\\\/\\\/encompaniastj.org\"],\"url\":\"https:\\\/\\\/encompaniastj.org\\\/pt-pt\\\/author\\\/sjdigital\\\/\"}]}<\/script>\n<!-- \/ Yoast SEO plugin. -->","yoast_head_json":{"title":"M\u00aa Josefa Guardiola Gilabert. 4 de febrero de 2022. (Torrent-Valencia) - En Compa\u00f1\u00eda STJ","robots":{"index":"index","follow":"follow","max-snippet":"max-snippet:-1","max-image-preview":"max-image-preview:large","max-video-preview":"max-video-preview:-1"},"canonical":"https:\/\/encompaniastj.org\/pt-pt\/ma-josefa-guardiola-gilabert-4-de-febrero-de-2022-torrent-valencia\/","og_locale":"pt_PT","og_type":"article","og_title":"M\u00aa Josefa Guardiola Gilabert. 4 de febrero de 2022. (Torrent-Valencia) - En Compa\u00f1\u00eda STJ","og_description":"\u201cQuem a Deus tem nada lhe falta. S\u00f3 Deus basta\u201d. (Sta. Teresa de Jesus) A vida de M.\u00aa Jos\u00e9 deu testemunho dessas verdades t\u00e3o teresianas quando foi surpreendida pela morte [&hellip;]","og_url":"https:\/\/encompaniastj.org\/pt-pt\/ma-josefa-guardiola-gilabert-4-de-febrero-de-2022-torrent-valencia\/","og_site_name":"En Compa\u00f1\u00eda STJ","article_published_time":"2022-02-04T13:06:58+00:00","article_modified_time":"2025-07-07T14:22:58+00:00","og_image":[{"width":640,"height":425,"url":"https:\/\/encompaniastj.org\/wp-content\/uploads\/2025\/05\/forest-g5baee8e81_640.jpg","type":"image\/jpeg"}],"author":"admin","twitter_card":"summary_large_image","twitter_misc":{"Escrito por":"admin","Tempo estimado de leitura":"2 minutos"},"schema":{"@context":"https:\/\/schema.org","@graph":[{"@type":"Article","@id":"https:\/\/encompaniastj.org\/pt-pt\/ma-josefa-guardiola-gilabert-4-de-febrero-de-2022-torrent-valencia\/#article","isPartOf":{"@id":"https:\/\/encompaniastj.org\/pt-pt\/ma-josefa-guardiola-gilabert-4-de-febrero-de-2022-torrent-valencia\/"},"author":{"name":"admin","@id":"https:\/\/encompaniastj.org\/pt-pt\/#\/schema\/person\/520e7ecc314793d40091993c2a02b651"},"headline":"M\u00aa Josefa Guardiola Gilabert. 4 de febrero de 2022. (Torrent-Valencia)","datePublished":"2022-02-04T13:06:58+00:00","dateModified":"2025-07-07T14:22:58+00:00","mainEntityOfPage":{"@id":"https:\/\/encompaniastj.org\/pt-pt\/ma-josefa-guardiola-gilabert-4-de-febrero-de-2022-torrent-valencia\/"},"wordCount":492,"commentCount":0,"publisher":{"@id":"https:\/\/encompaniastj.org\/pt-pt\/#organization"},"image":{"@id":"https:\/\/encompaniastj.org\/pt-pt\/ma-josefa-guardiola-gilabert-4-de-febrero-de-2022-torrent-valencia\/#primaryimage"},"thumbnailUrl":"https:\/\/encompaniastj.org\/wp-content\/uploads\/2025\/05\/forest-g5baee8e81_640.jpg","articleSection":["Falecimentos"],"inLanguage":"pt-PT","potentialAction":[{"@type":"CommentAction","name":"Comment","target":["https:\/\/encompaniastj.org\/pt-pt\/ma-josefa-guardiola-gilabert-4-de-febrero-de-2022-torrent-valencia\/#respond"]}]},{"@type":"WebPage","@id":"https:\/\/encompaniastj.org\/pt-pt\/ma-josefa-guardiola-gilabert-4-de-febrero-de-2022-torrent-valencia\/","url":"https:\/\/encompaniastj.org\/pt-pt\/ma-josefa-guardiola-gilabert-4-de-febrero-de-2022-torrent-valencia\/","name":"M\u00aa Josefa Guardiola Gilabert. 4 de febrero de 2022. (Torrent-Valencia) - En Compa\u00f1\u00eda STJ","isPartOf":{"@id":"https:\/\/encompaniastj.org\/pt-pt\/#website"},"primaryImageOfPage":{"@id":"https:\/\/encompaniastj.org\/pt-pt\/ma-josefa-guardiola-gilabert-4-de-febrero-de-2022-torrent-valencia\/#primaryimage"},"image":{"@id":"https:\/\/encompaniastj.org\/pt-pt\/ma-josefa-guardiola-gilabert-4-de-febrero-de-2022-torrent-valencia\/#primaryimage"},"thumbnailUrl":"https:\/\/encompaniastj.org\/wp-content\/uploads\/2025\/05\/forest-g5baee8e81_640.jpg","datePublished":"2022-02-04T13:06:58+00:00","dateModified":"2025-07-07T14:22:58+00:00","breadcrumb":{"@id":"https:\/\/encompaniastj.org\/pt-pt\/ma-josefa-guardiola-gilabert-4-de-febrero-de-2022-torrent-valencia\/#breadcrumb"},"inLanguage":"pt-PT","potentialAction":[{"@type":"ReadAction","target":["https:\/\/encompaniastj.org\/pt-pt\/ma-josefa-guardiola-gilabert-4-de-febrero-de-2022-torrent-valencia\/"]}]},{"@type":"ImageObject","inLanguage":"pt-PT","@id":"https:\/\/encompaniastj.org\/pt-pt\/ma-josefa-guardiola-gilabert-4-de-febrero-de-2022-torrent-valencia\/#primaryimage","url":"https:\/\/encompaniastj.org\/wp-content\/uploads\/2025\/05\/forest-g5baee8e81_640.jpg","contentUrl":"https:\/\/encompaniastj.org\/wp-content\/uploads\/2025\/05\/forest-g5baee8e81_640.jpg","width":640,"height":425},{"@type":"BreadcrumbList","@id":"https:\/\/encompaniastj.org\/pt-pt\/ma-josefa-guardiola-gilabert-4-de-febrero-de-2022-torrent-valencia\/#breadcrumb","itemListElement":[{"@type":"ListItem","position":1,"name":"Portada","item":"https:\/\/encompaniastj.org\/pt-pt\/"},{"@type":"ListItem","position":2,"name":"M\u00aa Josefa Guardiola Gilabert. 4 de febrero de 2022. (Torrent-Valencia)"}]},{"@type":"WebSite","@id":"https:\/\/encompaniastj.org\/pt-pt\/#website","url":"https:\/\/encompaniastj.org\/pt-pt\/","name":"En Compa\u00f1\u00eda STJ","description":"Bolet\u00edn de la Compa\u00f1\u00eda de Santa Teresa de Jes\u00fas","publisher":{"@id":"https:\/\/encompaniastj.org\/pt-pt\/#organization"},"potentialAction":[{"@type":"SearchAction","target":{"@type":"EntryPoint","urlTemplate":"https:\/\/encompaniastj.org\/pt-pt\/?s={search_term_string}"},"query-input":{"@type":"PropertyValueSpecification","valueRequired":true,"valueName":"search_term_string"}}],"inLanguage":"pt-PT"},{"@type":"Organization","@id":"https:\/\/encompaniastj.org\/pt-pt\/#organization","name":"Compa\u00f1\u00eda de Santa Teresa de Jes\u00fas","url":"https:\/\/encompaniastj.org\/pt-pt\/","logo":{"@type":"ImageObject","inLanguage":"pt-PT","@id":"https:\/\/encompaniastj.org\/pt-pt\/#\/schema\/logo\/image\/","url":"https:\/\/encompaniastj.org\/wp-content\/uploads\/2025\/04\/logo_provincias02-1-3.png","contentUrl":"https:\/\/encompaniastj.org\/wp-content\/uploads\/2025\/04\/logo_provincias02-1-3.png","width":2368,"height":825,"caption":"Compa\u00f1\u00eda de Santa Teresa de Jes\u00fas"},"image":{"@id":"https:\/\/encompaniastj.org\/pt-pt\/#\/schema\/logo\/image\/"}},{"@type":"Person","@id":"https:\/\/encompaniastj.org\/pt-pt\/#\/schema\/person\/520e7ecc314793d40091993c2a02b651","name":"admin","image":{"@type":"ImageObject","inLanguage":"pt-PT","@id":"https:\/\/secure.gravatar.com\/avatar\/948b492cce32b586ac2db0eaa926ee87024f7afe218d73b397ea5ddfc5f43ea1?s=96&d=mm&r=g","url":"https:\/\/secure.gravatar.com\/avatar\/948b492cce32b586ac2db0eaa926ee87024f7afe218d73b397ea5ddfc5f43ea1?s=96&d=mm&r=g","contentUrl":"https:\/\/secure.gravatar.com\/avatar\/948b492cce32b586ac2db0eaa926ee87024f7afe218d73b397ea5ddfc5f43ea1?s=96&d=mm&r=g","caption":"admin"},"sameAs":["https:\/\/encompaniastj.org"],"url":"https:\/\/encompaniastj.org\/pt-pt\/author\/sjdigital\/"}]}},"_links":{"self":[{"href":"https:\/\/encompaniastj.org\/pt-pt\/wp-json\/wp\/v2\/posts\/10852","targetHints":{"allow":["GET"]}}],"collection":[{"href":"https:\/\/encompaniastj.org\/pt-pt\/wp-json\/wp\/v2\/posts"}],"about":[{"href":"https:\/\/encompaniastj.org\/pt-pt\/wp-json\/wp\/v2\/types\/post"}],"author":[{"embeddable":true,"href":"https:\/\/encompaniastj.org\/pt-pt\/wp-json\/wp\/v2\/users\/1"}],"replies":[{"embeddable":true,"href":"https:\/\/encompaniastj.org\/pt-pt\/wp-json\/wp\/v2\/comments?post=10852"}],"version-history":[{"count":1,"href":"https:\/\/encompaniastj.org\/pt-pt\/wp-json\/wp\/v2\/posts\/10852\/revisions"}],"predecessor-version":[{"id":10853,"href":"https:\/\/encompaniastj.org\/pt-pt\/wp-json\/wp\/v2\/posts\/10852\/revisions\/10853"}],"wp:featuredmedia":[{"embeddable":true,"href":"https:\/\/encompaniastj.org\/pt-pt\/wp-json\/wp\/v2\/media\/7842"}],"wp:attachment":[{"href":"https:\/\/encompaniastj.org\/pt-pt\/wp-json\/wp\/v2\/media?parent=10852"}],"wp:term":[{"taxonomy":"category","embeddable":true,"href":"https:\/\/encompaniastj.org\/pt-pt\/wp-json\/wp\/v2\/categories?post=10852"},{"taxonomy":"post_tag","embeddable":true,"href":"https:\/\/encompaniastj.org\/pt-pt\/wp-json\/wp\/v2\/tags?post=10852"}],"curies":[{"name":"wp","href":"https:\/\/api.w.org\/{rel}","templated":true}]}}