{"id":10850,"date":"2022-02-02T17:19:29","date_gmt":"2022-02-02T16:19:29","guid":{"rendered":"https:\/\/encompaniastj.org\/a-itinerancia-e-ir-espalhando-sementes-uma-festa-de-santo-henrique-de-osso-na-sua-paroquia-de-can-vidalet\/"},"modified":"2025-07-07T16:22:57","modified_gmt":"2025-07-07T14:22:57","slug":"a-itinerancia-e-ir-espalhando-sementes-uma-festa-de-santo-henrique-de-osso-na-sua-paroquia-de-can-vidalet","status":"publish","type":"post","link":"https:\/\/encompaniastj.org\/pt-pt\/a-itinerancia-e-ir-espalhando-sementes-uma-festa-de-santo-henrique-de-osso-na-sua-paroquia-de-can-vidalet\/","title":{"rendered":"A itiner\u00e2ncia \u00e9 ir espalhando sementes\u2026. Uma festa de Santo Henrique de Oss\u00f3  na sua par\u00f3quia de Can Vidalet"},"content":{"rendered":"<p>A m\u00e1scara obrigat\u00f3ria com a qual entrei na par\u00f3quia de Santo Henrique de Oss\u00f3 em Can Vidalet esta manh\u00e3, alguns minutos depois de chegar, ficou aos poucos t\u00e3o molhada como se tivesse ca\u00eddo ao mar \u2026 digo isso por causa da \u00e1gua salgada. Neste caso, a das l\u00e1grimas.<\/p>\n<p>Uma igreja de arquitetura moderna cheia at\u00e9 transbordar - e n\u00e3o de velhas devotas, como noutros lugares sagrados - mas de fam\u00edlias, jovens, senhoras devotas, meninos e meninas&#8230; E no ar ressoando com verdadeiro fervor: &#8220;Tudo por Jesus, tudo por Jesus, tudo, tudo, tudo por Jesus\u2026\u201d<\/p>\n<p>Tinha nas m\u00e3os o folheto que foi entregue na entrada. A famosa foto de Santo Henrique sorrindo e um letreiro que o definia numa \u00fanica frase: &#8220;A ora\u00e7\u00e3o pode tudo&#8221;. No interior do folheto, uma s\u00e9rie de artigos recordavam aquelas primeiras revistas do s\u00e9culo XIX que Santo Henrique mandava imprimir na Tipografia Alt\u00e9s. Agora ele era o protagonista absoluto. At\u00e9 um precioso dec\u00e1logo de Santo Henrique, apresentava em dez frases a doutrina que ele nos ensinou.<\/p>\n<p>H\u00e1 um ano que a Companhia de Santa Teresa de Jesus \u2013 a nossa querida Companhia- teve que deixar aquela par\u00f3quia pelo mesmo motivo que hoje est\u00e3o sendo fechadas algumas obras que j\u00e1 n\u00e3o podemos atender e nas quais h\u00e1 muitos anos deix\u00e1mos as sementes que hoje o Senhor faz frutificar de maneira diferente, pois s\u00f3 Ele sabe faz\u00ea-lo. Porque, enquanto o jardineiro dorme, a semente lan\u00e7ada morre e dela brota a riqueza de uma \u00e1rvore na qual os p\u00e1ssaros fazem os seus ninhos\u2026. \u00c9 a grande li\u00e7\u00e3o evang\u00e9lica que nestes tempos em que vivemos Deus nos est\u00e1 lembrando em diferentes ocasi\u00f5es.<\/p>\n<p>A Eucaristia transcorreu com um ar t\u00e3o ossoniano quanto teresiano. A minha m\u00e1scara cada vez mais h\u00famida ao ouvir o fervoroso coro de jovens cantando aquelas composi\u00e7\u00f5es do MTA: &#8220;Ele chegou, com sua palavra nos iluminou&#8230;&#8221; A par\u00f3quia inteira repetindo m\u00e1ximas do nosso amado Fundador.<\/p>\n<p>E aquele final impressionante, passando a venerar a rel\u00edquia de Santo Henrique e recebendo das m\u00e3os de um encantador ac\u00f3lito africano um \u00edm\u00e3 com a imagem de Santo Henrique para coloc\u00e1-lo no frigor\u00edfico e, - como disse o sacerdote - que o Padroeiro dos catequistas entrara no mais \u00edntimo das casas, a cozinha, para nos lembrar o poder da ora\u00e7\u00e3o.<\/p>\n<p>Acredito que \u00e9 o Esp\u00edrito que est\u00e1 falando atrav\u00e9s dos acontecimentos e nos est\u00e1 ensinando que o nosso trabalho \u00e9 semear. Dar frutos n\u00e3o \u00e9 coisa nossa, mas de Deus. Quando algumas de nossas portas se fecham, elas o fazem depois de deixar as sementes que s\u00f3 Deus sabe quando e como dar\u00e3o frutos.<\/p>\n<p>A li\u00e7\u00e3o de hoje, de uma igreja cheia a ponto de alguns fi\u00e9is terem de estar de p\u00e9, os c\u00e2nticos de Santo Henrique e a sua rel\u00edquia, uma comunidade paroquial sob a tutela invis\u00edvel, mas real de Santo Henrique de Oss\u00f3, n\u00e3o a poderei esquecer. As sete Irm\u00e3s Teresianas que particip\u00e1mos com emo\u00e7\u00e3o nesta celebra\u00e7\u00e3o, queremos transmitir-vos a todas a alegria que experiment\u00e1mos.<\/p>\n<p>M\u00aa Vit\u00f3ria Molins, stj<\/p>\n\n","protected":false},"excerpt":{"rendered":"<p>A m\u00e1scara obrigat\u00f3ria com a qual entrei na par\u00f3quia de Santo Henrique de Oss\u00f3 em Can Vidalet esta manh\u00e3, alguns minutos depois de chegar, ficou aos poucos t\u00e3o molhada como [&hellip;]<\/p>\n","protected":false},"author":1,"featured_media":7839,"comment_status":"open","ping_status":"open","sticky":false,"template":"","format":"standard","meta":{"_acf_changed":false,"footnotes":""},"categories":[61,62,68],"tags":[],"class_list":["post-10850","post","type-post","status-publish","format-standard","has-post-thumbnail","hentry","category-noticias","category-otras","category-outras"],"acf":[],"yoast_head":"<!-- This site is optimized with the Yoast SEO plugin v27.5 - https:\/\/yoast.com\/product\/yoast-seo-wordpress\/ -->\n<title>A itiner\u00e2ncia \u00e9 ir espalhando sementes\u2026. Uma festa de Santo Henrique de Oss\u00f3 na sua par\u00f3quia de Can Vidalet - En Compa\u00f1\u00eda STJ<\/title>\n<meta name=\"robots\" content=\"index, follow, max-snippet:-1, max-image-preview:large, max-video-preview:-1\" \/>\n<link rel=\"canonical\" href=\"https:\/\/encompaniastj.org\/pt-pt\/a-itinerancia-e-ir-espalhando-sementes-uma-festa-de-santo-henrique-de-osso-na-sua-paroquia-de-can-vidalet\/\" \/>\n<meta property=\"og:locale\" content=\"pt_PT\" \/>\n<meta property=\"og:type\" content=\"article\" \/>\n<meta property=\"og:title\" content=\"A itiner\u00e2ncia \u00e9 ir espalhando sementes\u2026. Uma festa de Santo Henrique de Oss\u00f3 na sua par\u00f3quia de Can Vidalet - En Compa\u00f1\u00eda STJ\" \/>\n<meta property=\"og:description\" content=\"A m\u00e1scara obrigat\u00f3ria com a qual entrei na par\u00f3quia de Santo Henrique de Oss\u00f3 em Can Vidalet esta manh\u00e3, alguns minutos depois de chegar, ficou aos poucos t\u00e3o molhada como [&hellip;]\" \/>\n<meta property=\"og:url\" content=\"https:\/\/encompaniastj.org\/pt-pt\/a-itinerancia-e-ir-espalhando-sementes-uma-festa-de-santo-henrique-de-osso-na-sua-paroquia-de-can-vidalet\/\" \/>\n<meta property=\"og:site_name\" content=\"En Compa\u00f1\u00eda STJ\" \/>\n<meta property=\"article:published_time\" content=\"2022-02-02T16:19:29+00:00\" \/>\n<meta property=\"article:modified_time\" content=\"2025-07-07T14:22:57+00:00\" \/>\n<meta property=\"og:image\" content=\"https:\/\/encompaniastj.org\/wp-content\/uploads\/2025\/05\/viq3.jpg\" \/>\n\t<meta property=\"og:image:width\" content=\"500\" \/>\n\t<meta property=\"og:image:height\" content=\"383\" \/>\n\t<meta property=\"og:image:type\" content=\"image\/jpeg\" \/>\n<meta name=\"author\" content=\"admin\" \/>\n<meta name=\"twitter:card\" content=\"summary_large_image\" \/>\n<meta name=\"twitter:label1\" content=\"Escrito por\" \/>\n\t<meta name=\"twitter:data1\" content=\"admin\" \/>\n\t<meta name=\"twitter:label2\" content=\"Tempo estimado de leitura\" \/>\n\t<meta name=\"twitter:data2\" content=\"3 minutos\" \/>\n<script type=\"application\/ld+json\" class=\"yoast-schema-graph\">{\"@context\":\"https:\\\/\\\/schema.org\",\"@graph\":[{\"@type\":\"Article\",\"@id\":\"https:\\\/\\\/encompaniastj.org\\\/pt-pt\\\/a-itinerancia-e-ir-espalhando-sementes-uma-festa-de-santo-henrique-de-osso-na-sua-paroquia-de-can-vidalet\\\/#article\",\"isPartOf\":{\"@id\":\"https:\\\/\\\/encompaniastj.org\\\/pt-pt\\\/a-itinerancia-e-ir-espalhando-sementes-uma-festa-de-santo-henrique-de-osso-na-sua-paroquia-de-can-vidalet\\\/\"},\"author\":{\"name\":\"admin\",\"@id\":\"https:\\\/\\\/encompaniastj.org\\\/pt-pt\\\/#\\\/schema\\\/person\\\/520e7ecc314793d40091993c2a02b651\"},\"headline\":\"A itiner\u00e2ncia \u00e9 ir espalhando sementes\u2026. Uma festa de Santo Henrique de Oss\u00f3 na sua par\u00f3quia de Can Vidalet\",\"datePublished\":\"2022-02-02T16:19:29+00:00\",\"dateModified\":\"2025-07-07T14:22:57+00:00\",\"mainEntityOfPage\":{\"@id\":\"https:\\\/\\\/encompaniastj.org\\\/pt-pt\\\/a-itinerancia-e-ir-espalhando-sementes-uma-festa-de-santo-henrique-de-osso-na-sua-paroquia-de-can-vidalet\\\/\"},\"wordCount\":611,\"commentCount\":0,\"publisher\":{\"@id\":\"https:\\\/\\\/encompaniastj.org\\\/pt-pt\\\/#organization\"},\"image\":{\"@id\":\"https:\\\/\\\/encompaniastj.org\\\/pt-pt\\\/a-itinerancia-e-ir-espalhando-sementes-uma-festa-de-santo-henrique-de-osso-na-sua-paroquia-de-can-vidalet\\\/#primaryimage\"},\"thumbnailUrl\":\"https:\\\/\\\/encompaniastj.org\\\/wp-content\\\/uploads\\\/2025\\\/05\\\/viq3.jpg\",\"articleSection\":[\"Noticias\",\"Otras\",\"Outras\"],\"inLanguage\":\"pt-PT\",\"potentialAction\":[{\"@type\":\"CommentAction\",\"name\":\"Comment\",\"target\":[\"https:\\\/\\\/encompaniastj.org\\\/pt-pt\\\/a-itinerancia-e-ir-espalhando-sementes-uma-festa-de-santo-henrique-de-osso-na-sua-paroquia-de-can-vidalet\\\/#respond\"]}]},{\"@type\":\"WebPage\",\"@id\":\"https:\\\/\\\/encompaniastj.org\\\/pt-pt\\\/a-itinerancia-e-ir-espalhando-sementes-uma-festa-de-santo-henrique-de-osso-na-sua-paroquia-de-can-vidalet\\\/\",\"url\":\"https:\\\/\\\/encompaniastj.org\\\/pt-pt\\\/a-itinerancia-e-ir-espalhando-sementes-uma-festa-de-santo-henrique-de-osso-na-sua-paroquia-de-can-vidalet\\\/\",\"name\":\"A itiner\u00e2ncia \u00e9 ir espalhando sementes\u2026. Uma festa de Santo Henrique de Oss\u00f3 na sua par\u00f3quia de Can Vidalet - En Compa\u00f1\u00eda STJ\",\"isPartOf\":{\"@id\":\"https:\\\/\\\/encompaniastj.org\\\/pt-pt\\\/#website\"},\"primaryImageOfPage\":{\"@id\":\"https:\\\/\\\/encompaniastj.org\\\/pt-pt\\\/a-itinerancia-e-ir-espalhando-sementes-uma-festa-de-santo-henrique-de-osso-na-sua-paroquia-de-can-vidalet\\\/#primaryimage\"},\"image\":{\"@id\":\"https:\\\/\\\/encompaniastj.org\\\/pt-pt\\\/a-itinerancia-e-ir-espalhando-sementes-uma-festa-de-santo-henrique-de-osso-na-sua-paroquia-de-can-vidalet\\\/#primaryimage\"},\"thumbnailUrl\":\"https:\\\/\\\/encompaniastj.org\\\/wp-content\\\/uploads\\\/2025\\\/05\\\/viq3.jpg\",\"datePublished\":\"2022-02-02T16:19:29+00:00\",\"dateModified\":\"2025-07-07T14:22:57+00:00\",\"breadcrumb\":{\"@id\":\"https:\\\/\\\/encompaniastj.org\\\/pt-pt\\\/a-itinerancia-e-ir-espalhando-sementes-uma-festa-de-santo-henrique-de-osso-na-sua-paroquia-de-can-vidalet\\\/#breadcrumb\"},\"inLanguage\":\"pt-PT\",\"potentialAction\":[{\"@type\":\"ReadAction\",\"target\":[\"https:\\\/\\\/encompaniastj.org\\\/pt-pt\\\/a-itinerancia-e-ir-espalhando-sementes-uma-festa-de-santo-henrique-de-osso-na-sua-paroquia-de-can-vidalet\\\/\"]}]},{\"@type\":\"ImageObject\",\"inLanguage\":\"pt-PT\",\"@id\":\"https:\\\/\\\/encompaniastj.org\\\/pt-pt\\\/a-itinerancia-e-ir-espalhando-sementes-uma-festa-de-santo-henrique-de-osso-na-sua-paroquia-de-can-vidalet\\\/#primaryimage\",\"url\":\"https:\\\/\\\/encompaniastj.org\\\/wp-content\\\/uploads\\\/2025\\\/05\\\/viq3.jpg\",\"contentUrl\":\"https:\\\/\\\/encompaniastj.org\\\/wp-content\\\/uploads\\\/2025\\\/05\\\/viq3.jpg\",\"width\":500,\"height\":383},{\"@type\":\"BreadcrumbList\",\"@id\":\"https:\\\/\\\/encompaniastj.org\\\/pt-pt\\\/a-itinerancia-e-ir-espalhando-sementes-uma-festa-de-santo-henrique-de-osso-na-sua-paroquia-de-can-vidalet\\\/#breadcrumb\",\"itemListElement\":[{\"@type\":\"ListItem\",\"position\":1,\"name\":\"Portada\",\"item\":\"https:\\\/\\\/encompaniastj.org\\\/pt-pt\\\/\"},{\"@type\":\"ListItem\",\"position\":2,\"name\":\"A itiner\u00e2ncia \u00e9 ir espalhando sementes\u2026. Uma festa de Santo Henrique de Oss\u00f3 na sua par\u00f3quia de Can Vidalet\"}]},{\"@type\":\"WebSite\",\"@id\":\"https:\\\/\\\/encompaniastj.org\\\/pt-pt\\\/#website\",\"url\":\"https:\\\/\\\/encompaniastj.org\\\/pt-pt\\\/\",\"name\":\"En Compa\u00f1\u00eda STJ\",\"description\":\"Bolet\u00edn de la Compa\u00f1\u00eda de Santa Teresa de Jes\u00fas\",\"publisher\":{\"@id\":\"https:\\\/\\\/encompaniastj.org\\\/pt-pt\\\/#organization\"},\"potentialAction\":[{\"@type\":\"SearchAction\",\"target\":{\"@type\":\"EntryPoint\",\"urlTemplate\":\"https:\\\/\\\/encompaniastj.org\\\/pt-pt\\\/?s={search_term_string}\"},\"query-input\":{\"@type\":\"PropertyValueSpecification\",\"valueRequired\":true,\"valueName\":\"search_term_string\"}}],\"inLanguage\":\"pt-PT\"},{\"@type\":\"Organization\",\"@id\":\"https:\\\/\\\/encompaniastj.org\\\/pt-pt\\\/#organization\",\"name\":\"Compa\u00f1\u00eda de Santa Teresa de Jes\u00fas\",\"url\":\"https:\\\/\\\/encompaniastj.org\\\/pt-pt\\\/\",\"logo\":{\"@type\":\"ImageObject\",\"inLanguage\":\"pt-PT\",\"@id\":\"https:\\\/\\\/encompaniastj.org\\\/pt-pt\\\/#\\\/schema\\\/logo\\\/image\\\/\",\"url\":\"https:\\\/\\\/encompaniastj.org\\\/wp-content\\\/uploads\\\/2025\\\/04\\\/logo_provincias02-1-3.png\",\"contentUrl\":\"https:\\\/\\\/encompaniastj.org\\\/wp-content\\\/uploads\\\/2025\\\/04\\\/logo_provincias02-1-3.png\",\"width\":2368,\"height\":825,\"caption\":\"Compa\u00f1\u00eda de Santa Teresa de Jes\u00fas\"},\"image\":{\"@id\":\"https:\\\/\\\/encompaniastj.org\\\/pt-pt\\\/#\\\/schema\\\/logo\\\/image\\\/\"}},{\"@type\":\"Person\",\"@id\":\"https:\\\/\\\/encompaniastj.org\\\/pt-pt\\\/#\\\/schema\\\/person\\\/520e7ecc314793d40091993c2a02b651\",\"name\":\"admin\",\"image\":{\"@type\":\"ImageObject\",\"inLanguage\":\"pt-PT\",\"@id\":\"https:\\\/\\\/secure.gravatar.com\\\/avatar\\\/948b492cce32b586ac2db0eaa926ee87024f7afe218d73b397ea5ddfc5f43ea1?s=96&d=mm&r=g\",\"url\":\"https:\\\/\\\/secure.gravatar.com\\\/avatar\\\/948b492cce32b586ac2db0eaa926ee87024f7afe218d73b397ea5ddfc5f43ea1?s=96&d=mm&r=g\",\"contentUrl\":\"https:\\\/\\\/secure.gravatar.com\\\/avatar\\\/948b492cce32b586ac2db0eaa926ee87024f7afe218d73b397ea5ddfc5f43ea1?s=96&d=mm&r=g\",\"caption\":\"admin\"},\"sameAs\":[\"https:\\\/\\\/encompaniastj.org\"],\"url\":\"https:\\\/\\\/encompaniastj.org\\\/pt-pt\\\/author\\\/sjdigital\\\/\"}]}<\/script>\n<!-- \/ Yoast SEO plugin. -->","yoast_head_json":{"title":"A itiner\u00e2ncia \u00e9 ir espalhando sementes\u2026. Uma festa de Santo Henrique de Oss\u00f3 na sua par\u00f3quia de Can Vidalet - En Compa\u00f1\u00eda STJ","robots":{"index":"index","follow":"follow","max-snippet":"max-snippet:-1","max-image-preview":"max-image-preview:large","max-video-preview":"max-video-preview:-1"},"canonical":"https:\/\/encompaniastj.org\/pt-pt\/a-itinerancia-e-ir-espalhando-sementes-uma-festa-de-santo-henrique-de-osso-na-sua-paroquia-de-can-vidalet\/","og_locale":"pt_PT","og_type":"article","og_title":"A itiner\u00e2ncia \u00e9 ir espalhando sementes\u2026. Uma festa de Santo Henrique de Oss\u00f3 na sua par\u00f3quia de Can Vidalet - En Compa\u00f1\u00eda STJ","og_description":"A m\u00e1scara obrigat\u00f3ria com a qual entrei na par\u00f3quia de Santo Henrique de Oss\u00f3 em Can Vidalet esta manh\u00e3, alguns minutos depois de chegar, ficou aos poucos t\u00e3o molhada como [&hellip;]","og_url":"https:\/\/encompaniastj.org\/pt-pt\/a-itinerancia-e-ir-espalhando-sementes-uma-festa-de-santo-henrique-de-osso-na-sua-paroquia-de-can-vidalet\/","og_site_name":"En Compa\u00f1\u00eda STJ","article_published_time":"2022-02-02T16:19:29+00:00","article_modified_time":"2025-07-07T14:22:57+00:00","og_image":[{"width":500,"height":383,"url":"https:\/\/encompaniastj.org\/wp-content\/uploads\/2025\/05\/viq3.jpg","type":"image\/jpeg"}],"author":"admin","twitter_card":"summary_large_image","twitter_misc":{"Escrito por":"admin","Tempo estimado de leitura":"3 minutos"},"schema":{"@context":"https:\/\/schema.org","@graph":[{"@type":"Article","@id":"https:\/\/encompaniastj.org\/pt-pt\/a-itinerancia-e-ir-espalhando-sementes-uma-festa-de-santo-henrique-de-osso-na-sua-paroquia-de-can-vidalet\/#article","isPartOf":{"@id":"https:\/\/encompaniastj.org\/pt-pt\/a-itinerancia-e-ir-espalhando-sementes-uma-festa-de-santo-henrique-de-osso-na-sua-paroquia-de-can-vidalet\/"},"author":{"name":"admin","@id":"https:\/\/encompaniastj.org\/pt-pt\/#\/schema\/person\/520e7ecc314793d40091993c2a02b651"},"headline":"A itiner\u00e2ncia \u00e9 ir espalhando sementes\u2026. Uma festa de Santo Henrique de Oss\u00f3 na sua par\u00f3quia de Can Vidalet","datePublished":"2022-02-02T16:19:29+00:00","dateModified":"2025-07-07T14:22:57+00:00","mainEntityOfPage":{"@id":"https:\/\/encompaniastj.org\/pt-pt\/a-itinerancia-e-ir-espalhando-sementes-uma-festa-de-santo-henrique-de-osso-na-sua-paroquia-de-can-vidalet\/"},"wordCount":611,"commentCount":0,"publisher":{"@id":"https:\/\/encompaniastj.org\/pt-pt\/#organization"},"image":{"@id":"https:\/\/encompaniastj.org\/pt-pt\/a-itinerancia-e-ir-espalhando-sementes-uma-festa-de-santo-henrique-de-osso-na-sua-paroquia-de-can-vidalet\/#primaryimage"},"thumbnailUrl":"https:\/\/encompaniastj.org\/wp-content\/uploads\/2025\/05\/viq3.jpg","articleSection":["Noticias","Otras","Outras"],"inLanguage":"pt-PT","potentialAction":[{"@type":"CommentAction","name":"Comment","target":["https:\/\/encompaniastj.org\/pt-pt\/a-itinerancia-e-ir-espalhando-sementes-uma-festa-de-santo-henrique-de-osso-na-sua-paroquia-de-can-vidalet\/#respond"]}]},{"@type":"WebPage","@id":"https:\/\/encompaniastj.org\/pt-pt\/a-itinerancia-e-ir-espalhando-sementes-uma-festa-de-santo-henrique-de-osso-na-sua-paroquia-de-can-vidalet\/","url":"https:\/\/encompaniastj.org\/pt-pt\/a-itinerancia-e-ir-espalhando-sementes-uma-festa-de-santo-henrique-de-osso-na-sua-paroquia-de-can-vidalet\/","name":"A itiner\u00e2ncia \u00e9 ir espalhando sementes\u2026. Uma festa de Santo Henrique de Oss\u00f3 na sua par\u00f3quia de Can Vidalet - En Compa\u00f1\u00eda STJ","isPartOf":{"@id":"https:\/\/encompaniastj.org\/pt-pt\/#website"},"primaryImageOfPage":{"@id":"https:\/\/encompaniastj.org\/pt-pt\/a-itinerancia-e-ir-espalhando-sementes-uma-festa-de-santo-henrique-de-osso-na-sua-paroquia-de-can-vidalet\/#primaryimage"},"image":{"@id":"https:\/\/encompaniastj.org\/pt-pt\/a-itinerancia-e-ir-espalhando-sementes-uma-festa-de-santo-henrique-de-osso-na-sua-paroquia-de-can-vidalet\/#primaryimage"},"thumbnailUrl":"https:\/\/encompaniastj.org\/wp-content\/uploads\/2025\/05\/viq3.jpg","datePublished":"2022-02-02T16:19:29+00:00","dateModified":"2025-07-07T14:22:57+00:00","breadcrumb":{"@id":"https:\/\/encompaniastj.org\/pt-pt\/a-itinerancia-e-ir-espalhando-sementes-uma-festa-de-santo-henrique-de-osso-na-sua-paroquia-de-can-vidalet\/#breadcrumb"},"inLanguage":"pt-PT","potentialAction":[{"@type":"ReadAction","target":["https:\/\/encompaniastj.org\/pt-pt\/a-itinerancia-e-ir-espalhando-sementes-uma-festa-de-santo-henrique-de-osso-na-sua-paroquia-de-can-vidalet\/"]}]},{"@type":"ImageObject","inLanguage":"pt-PT","@id":"https:\/\/encompaniastj.org\/pt-pt\/a-itinerancia-e-ir-espalhando-sementes-uma-festa-de-santo-henrique-de-osso-na-sua-paroquia-de-can-vidalet\/#primaryimage","url":"https:\/\/encompaniastj.org\/wp-content\/uploads\/2025\/05\/viq3.jpg","contentUrl":"https:\/\/encompaniastj.org\/wp-content\/uploads\/2025\/05\/viq3.jpg","width":500,"height":383},{"@type":"BreadcrumbList","@id":"https:\/\/encompaniastj.org\/pt-pt\/a-itinerancia-e-ir-espalhando-sementes-uma-festa-de-santo-henrique-de-osso-na-sua-paroquia-de-can-vidalet\/#breadcrumb","itemListElement":[{"@type":"ListItem","position":1,"name":"Portada","item":"https:\/\/encompaniastj.org\/pt-pt\/"},{"@type":"ListItem","position":2,"name":"A itiner\u00e2ncia \u00e9 ir espalhando sementes\u2026. Uma festa de Santo Henrique de Oss\u00f3 na sua par\u00f3quia de Can Vidalet"}]},{"@type":"WebSite","@id":"https:\/\/encompaniastj.org\/pt-pt\/#website","url":"https:\/\/encompaniastj.org\/pt-pt\/","name":"En Compa\u00f1\u00eda STJ","description":"Bolet\u00edn de la Compa\u00f1\u00eda de Santa Teresa de Jes\u00fas","publisher":{"@id":"https:\/\/encompaniastj.org\/pt-pt\/#organization"},"potentialAction":[{"@type":"SearchAction","target":{"@type":"EntryPoint","urlTemplate":"https:\/\/encompaniastj.org\/pt-pt\/?s={search_term_string}"},"query-input":{"@type":"PropertyValueSpecification","valueRequired":true,"valueName":"search_term_string"}}],"inLanguage":"pt-PT"},{"@type":"Organization","@id":"https:\/\/encompaniastj.org\/pt-pt\/#organization","name":"Compa\u00f1\u00eda de Santa Teresa de Jes\u00fas","url":"https:\/\/encompaniastj.org\/pt-pt\/","logo":{"@type":"ImageObject","inLanguage":"pt-PT","@id":"https:\/\/encompaniastj.org\/pt-pt\/#\/schema\/logo\/image\/","url":"https:\/\/encompaniastj.org\/wp-content\/uploads\/2025\/04\/logo_provincias02-1-3.png","contentUrl":"https:\/\/encompaniastj.org\/wp-content\/uploads\/2025\/04\/logo_provincias02-1-3.png","width":2368,"height":825,"caption":"Compa\u00f1\u00eda de Santa Teresa de Jes\u00fas"},"image":{"@id":"https:\/\/encompaniastj.org\/pt-pt\/#\/schema\/logo\/image\/"}},{"@type":"Person","@id":"https:\/\/encompaniastj.org\/pt-pt\/#\/schema\/person\/520e7ecc314793d40091993c2a02b651","name":"admin","image":{"@type":"ImageObject","inLanguage":"pt-PT","@id":"https:\/\/secure.gravatar.com\/avatar\/948b492cce32b586ac2db0eaa926ee87024f7afe218d73b397ea5ddfc5f43ea1?s=96&d=mm&r=g","url":"https:\/\/secure.gravatar.com\/avatar\/948b492cce32b586ac2db0eaa926ee87024f7afe218d73b397ea5ddfc5f43ea1?s=96&d=mm&r=g","contentUrl":"https:\/\/secure.gravatar.com\/avatar\/948b492cce32b586ac2db0eaa926ee87024f7afe218d73b397ea5ddfc5f43ea1?s=96&d=mm&r=g","caption":"admin"},"sameAs":["https:\/\/encompaniastj.org"],"url":"https:\/\/encompaniastj.org\/pt-pt\/author\/sjdigital\/"}]}},"_links":{"self":[{"href":"https:\/\/encompaniastj.org\/pt-pt\/wp-json\/wp\/v2\/posts\/10850","targetHints":{"allow":["GET"]}}],"collection":[{"href":"https:\/\/encompaniastj.org\/pt-pt\/wp-json\/wp\/v2\/posts"}],"about":[{"href":"https:\/\/encompaniastj.org\/pt-pt\/wp-json\/wp\/v2\/types\/post"}],"author":[{"embeddable":true,"href":"https:\/\/encompaniastj.org\/pt-pt\/wp-json\/wp\/v2\/users\/1"}],"replies":[{"embeddable":true,"href":"https:\/\/encompaniastj.org\/pt-pt\/wp-json\/wp\/v2\/comments?post=10850"}],"version-history":[{"count":1,"href":"https:\/\/encompaniastj.org\/pt-pt\/wp-json\/wp\/v2\/posts\/10850\/revisions"}],"predecessor-version":[{"id":10851,"href":"https:\/\/encompaniastj.org\/pt-pt\/wp-json\/wp\/v2\/posts\/10850\/revisions\/10851"}],"wp:featuredmedia":[{"embeddable":true,"href":"https:\/\/encompaniastj.org\/pt-pt\/wp-json\/wp\/v2\/media\/7839"}],"wp:attachment":[{"href":"https:\/\/encompaniastj.org\/pt-pt\/wp-json\/wp\/v2\/media?parent=10850"}],"wp:term":[{"taxonomy":"category","embeddable":true,"href":"https:\/\/encompaniastj.org\/pt-pt\/wp-json\/wp\/v2\/categories?post=10850"},{"taxonomy":"post_tag","embeddable":true,"href":"https:\/\/encompaniastj.org\/pt-pt\/wp-json\/wp\/v2\/tags?post=10850"}],"curies":[{"name":"wp","href":"https:\/\/api.w.org\/{rel}","templated":true}]}}