{"id":10842,"date":"2022-01-27T20:46:34","date_gmt":"2022-01-27T19:46:34","guid":{"rendered":"https:\/\/encompaniastj.org\/encontro-de-catequistas-can-vidalet-12-janeiro-22\/"},"modified":"2025-07-07T16:22:56","modified_gmt":"2025-07-07T14:22:56","slug":"encontro-de-catequistas-can-vidalet-12-janeiro-22","status":"publish","type":"post","link":"https:\/\/encompaniastj.org\/pt-pt\/encontro-de-catequistas-can-vidalet-12-janeiro-22\/","title":{"rendered":"Encontro de catequistas Can Vidalet 12- janeiro - 22"},"content":{"rendered":"<p>No dia 12 de janeiro participei na apresenta\u00e7\u00e3o do Tesouro dos Amigos de Jesus aos catequistas e sacerdotes da par\u00f3quia Henrique d&#8217;Oss\u00f3 de Can Vidalet (Hospitalet). Participaram doze catequistas e dois sacerdotes.<\/p>\n<p>No in\u00edcio do encontro, dei-lhes um Tesouro, um presente da Prov\u00edncia e a partir da\u00ed comecei a apresenta\u00e7\u00e3o do mesmo. A apresenta\u00e7\u00e3o foi simples. Partiu-se do objetivo que o nosso Padre queria alcan\u00e7ar: &#8220;Conhecer e amar Jesus, torn\u00e1-lo conhecido e amado por todo o mundo&#8221;. E concretiza-se em: \u201cAproximar as crian\u00e7as de Jesus, atrav\u00e9s da ora\u00e7\u00e3o para se encontrarem com \u201cJesus Amigo\u201d.<\/p>\n<p>Antes de passar ao conte\u00fado propriamente dito do livro, fiz um percurso pela experi\u00eancia de Jesus que Henrique de Oss\u00f3 teve, destacando a decis\u00e3o determinada de optar por Deus: <strong>&#8220;Que eu deixe o mundo afundar-se em vez de ofender o meu Deus, porque a Ele devo mais do que a ningu\u00e9m&#8221;.<\/strong> Com a for\u00e7a desta express\u00e3o teresiana que Henrique faz sua, ele declara a sua determina\u00e7\u00e3o de entrar no caminho do seguimento de Jesus Cristo. Sabendo que recebeu tudo de Deus, Henrique quer que todos aprendamos a descobrir os dons que recebemos, para coloc\u00e1-los ao servi\u00e7o dos outros, da sociedade, e assim poder transform\u00e1-la. E tudo isso atrav\u00e9s da amizade, buscando cada dia o encontro com o Amigo e responder-lhe com tudo o que seu engenho lhe possa sugerir. Em suma, o autor deste livro quer transmitir-nos a sua paix\u00e3o por Jesus e pela pessoa humana.<\/p>\n<p>Mais tarde, passei a explicar o que iriam encontrar no livro, destacando como poderia ser feito com os meninos e as meninas, partindo primeiro da experi\u00eancia de cada catequista.<\/p>\n<p>Conclu\u00ed esta apresenta\u00e7\u00e3o dizendo que este livro: O Tesouro dos Amigos de Jesus, \u00e9 um presente que Henrique de Oss\u00f3 d\u00e1 <strong>a todos os meninos e meninas<\/strong>, para que <strong>aprendam a rezar<\/strong>, a falar com Jesus.<\/p>\n<p>Henrique <strong>confia<\/strong> no poder dos pequeninos para mudar o mundo&#8230; ao estilo de Maria e Teresa de Jesus e quer que as crian\u00e7as aprendam a ser amigas de Jesus e que o seu trato di\u00e1rio com ele as leve a ser outros Jesus na terra.<\/p>\n<p>No fim, agradeceram a nossa presen\u00e7a como teresianas e a apresenta\u00e7\u00e3o do Tesouro.<\/p>\n","protected":false},"excerpt":{"rendered":"<p>No dia 12 de janeiro participei na apresenta\u00e7\u00e3o do Tesouro dos Amigos de Jesus aos catequistas e sacerdotes da par\u00f3quia Henrique d&#8217;Oss\u00f3 de Can Vidalet (Hospitalet). Participaram doze catequistas e [&hellip;]<\/p>\n","protected":false},"author":1,"featured_media":7838,"comment_status":"open","ping_status":"open","sticky":false,"template":"","format":"standard","meta":{"_acf_changed":false,"footnotes":""},"categories":[61,80,78],"tags":[],"class_list":["post-10842","post","type-post","status-publish","format-standard","has-post-thumbnail","hentry","category-noticias","category-paroquial-eclesial","category-parroquial-eclesial"],"acf":[],"yoast_head":"<!-- This site is optimized with the Yoast SEO plugin v27.5 - https:\/\/yoast.com\/product\/yoast-seo-wordpress\/ -->\n<title>Encontro de catequistas Can Vidalet 12- janeiro - 22 - En Compa\u00f1\u00eda STJ<\/title>\n<meta name=\"robots\" content=\"index, follow, max-snippet:-1, max-image-preview:large, max-video-preview:-1\" \/>\n<link rel=\"canonical\" href=\"https:\/\/encompaniastj.org\/pt-pt\/encontro-de-catequistas-can-vidalet-12-janeiro-22\/\" \/>\n<meta property=\"og:locale\" content=\"pt_PT\" \/>\n<meta property=\"og:type\" content=\"article\" \/>\n<meta property=\"og:title\" content=\"Encontro de catequistas Can Vidalet 12- janeiro - 22 - En Compa\u00f1\u00eda STJ\" \/>\n<meta property=\"og:description\" content=\"No dia 12 de janeiro participei na apresenta\u00e7\u00e3o do Tesouro dos Amigos de Jesus aos catequistas e sacerdotes da par\u00f3quia Henrique d&#8217;Oss\u00f3 de Can Vidalet (Hospitalet). Participaram doze catequistas e [&hellip;]\" \/>\n<meta property=\"og:url\" content=\"https:\/\/encompaniastj.org\/pt-pt\/encontro-de-catequistas-can-vidalet-12-janeiro-22\/\" \/>\n<meta property=\"og:site_name\" content=\"En Compa\u00f1\u00eda STJ\" \/>\n<meta property=\"article:published_time\" content=\"2022-01-27T19:46:34+00:00\" \/>\n<meta property=\"article:modified_time\" content=\"2025-07-07T14:22:56+00:00\" \/>\n<meta property=\"og:image\" content=\"https:\/\/encompaniastj.org\/wp-content\/uploads\/2025\/05\/Foto-Tesoro-3.jpg\" \/>\n\t<meta property=\"og:image:width\" content=\"500\" \/>\n\t<meta property=\"og:image:height\" content=\"581\" \/>\n\t<meta property=\"og:image:type\" content=\"image\/jpeg\" \/>\n<meta name=\"author\" content=\"admin\" \/>\n<meta name=\"twitter:card\" content=\"summary_large_image\" \/>\n<meta name=\"twitter:label1\" content=\"Escrito por\" \/>\n\t<meta name=\"twitter:data1\" content=\"admin\" \/>\n\t<meta name=\"twitter:label2\" content=\"Tempo estimado de leitura\" \/>\n\t<meta name=\"twitter:data2\" content=\"2 minutos\" \/>\n<script type=\"application\/ld+json\" class=\"yoast-schema-graph\">{\"@context\":\"https:\\\/\\\/schema.org\",\"@graph\":[{\"@type\":\"Article\",\"@id\":\"https:\\\/\\\/encompaniastj.org\\\/pt-pt\\\/encontro-de-catequistas-can-vidalet-12-janeiro-22\\\/#article\",\"isPartOf\":{\"@id\":\"https:\\\/\\\/encompaniastj.org\\\/pt-pt\\\/encontro-de-catequistas-can-vidalet-12-janeiro-22\\\/\"},\"author\":{\"name\":\"admin\",\"@id\":\"https:\\\/\\\/encompaniastj.org\\\/pt-pt\\\/#\\\/schema\\\/person\\\/520e7ecc314793d40091993c2a02b651\"},\"headline\":\"Encontro de catequistas Can Vidalet 12- janeiro - 22\",\"datePublished\":\"2022-01-27T19:46:34+00:00\",\"dateModified\":\"2025-07-07T14:22:56+00:00\",\"mainEntityOfPage\":{\"@id\":\"https:\\\/\\\/encompaniastj.org\\\/pt-pt\\\/encontro-de-catequistas-can-vidalet-12-janeiro-22\\\/\"},\"wordCount\":399,\"commentCount\":0,\"publisher\":{\"@id\":\"https:\\\/\\\/encompaniastj.org\\\/pt-pt\\\/#organization\"},\"image\":{\"@id\":\"https:\\\/\\\/encompaniastj.org\\\/pt-pt\\\/encontro-de-catequistas-can-vidalet-12-janeiro-22\\\/#primaryimage\"},\"thumbnailUrl\":\"https:\\\/\\\/encompaniastj.org\\\/wp-content\\\/uploads\\\/2025\\\/05\\\/Foto-Tesoro-3.jpg\",\"articleSection\":[\"Noticias\",\"Paroquial - eclesial\",\"Parroquial - Eclesial\"],\"inLanguage\":\"pt-PT\",\"potentialAction\":[{\"@type\":\"CommentAction\",\"name\":\"Comment\",\"target\":[\"https:\\\/\\\/encompaniastj.org\\\/pt-pt\\\/encontro-de-catequistas-can-vidalet-12-janeiro-22\\\/#respond\"]}]},{\"@type\":\"WebPage\",\"@id\":\"https:\\\/\\\/encompaniastj.org\\\/pt-pt\\\/encontro-de-catequistas-can-vidalet-12-janeiro-22\\\/\",\"url\":\"https:\\\/\\\/encompaniastj.org\\\/pt-pt\\\/encontro-de-catequistas-can-vidalet-12-janeiro-22\\\/\",\"name\":\"Encontro de catequistas Can Vidalet 12- janeiro - 22 - En Compa\u00f1\u00eda STJ\",\"isPartOf\":{\"@id\":\"https:\\\/\\\/encompaniastj.org\\\/pt-pt\\\/#website\"},\"primaryImageOfPage\":{\"@id\":\"https:\\\/\\\/encompaniastj.org\\\/pt-pt\\\/encontro-de-catequistas-can-vidalet-12-janeiro-22\\\/#primaryimage\"},\"image\":{\"@id\":\"https:\\\/\\\/encompaniastj.org\\\/pt-pt\\\/encontro-de-catequistas-can-vidalet-12-janeiro-22\\\/#primaryimage\"},\"thumbnailUrl\":\"https:\\\/\\\/encompaniastj.org\\\/wp-content\\\/uploads\\\/2025\\\/05\\\/Foto-Tesoro-3.jpg\",\"datePublished\":\"2022-01-27T19:46:34+00:00\",\"dateModified\":\"2025-07-07T14:22:56+00:00\",\"breadcrumb\":{\"@id\":\"https:\\\/\\\/encompaniastj.org\\\/pt-pt\\\/encontro-de-catequistas-can-vidalet-12-janeiro-22\\\/#breadcrumb\"},\"inLanguage\":\"pt-PT\",\"potentialAction\":[{\"@type\":\"ReadAction\",\"target\":[\"https:\\\/\\\/encompaniastj.org\\\/pt-pt\\\/encontro-de-catequistas-can-vidalet-12-janeiro-22\\\/\"]}]},{\"@type\":\"ImageObject\",\"inLanguage\":\"pt-PT\",\"@id\":\"https:\\\/\\\/encompaniastj.org\\\/pt-pt\\\/encontro-de-catequistas-can-vidalet-12-janeiro-22\\\/#primaryimage\",\"url\":\"https:\\\/\\\/encompaniastj.org\\\/wp-content\\\/uploads\\\/2025\\\/05\\\/Foto-Tesoro-3.jpg\",\"contentUrl\":\"https:\\\/\\\/encompaniastj.org\\\/wp-content\\\/uploads\\\/2025\\\/05\\\/Foto-Tesoro-3.jpg\",\"width\":500,\"height\":581},{\"@type\":\"BreadcrumbList\",\"@id\":\"https:\\\/\\\/encompaniastj.org\\\/pt-pt\\\/encontro-de-catequistas-can-vidalet-12-janeiro-22\\\/#breadcrumb\",\"itemListElement\":[{\"@type\":\"ListItem\",\"position\":1,\"name\":\"Portada\",\"item\":\"https:\\\/\\\/encompaniastj.org\\\/pt-pt\\\/\"},{\"@type\":\"ListItem\",\"position\":2,\"name\":\"Encontro de catequistas Can Vidalet 12- janeiro - 22\"}]},{\"@type\":\"WebSite\",\"@id\":\"https:\\\/\\\/encompaniastj.org\\\/pt-pt\\\/#website\",\"url\":\"https:\\\/\\\/encompaniastj.org\\\/pt-pt\\\/\",\"name\":\"En Compa\u00f1\u00eda STJ\",\"description\":\"Bolet\u00edn de la Compa\u00f1\u00eda de Santa Teresa de Jes\u00fas\",\"publisher\":{\"@id\":\"https:\\\/\\\/encompaniastj.org\\\/pt-pt\\\/#organization\"},\"potentialAction\":[{\"@type\":\"SearchAction\",\"target\":{\"@type\":\"EntryPoint\",\"urlTemplate\":\"https:\\\/\\\/encompaniastj.org\\\/pt-pt\\\/?s={search_term_string}\"},\"query-input\":{\"@type\":\"PropertyValueSpecification\",\"valueRequired\":true,\"valueName\":\"search_term_string\"}}],\"inLanguage\":\"pt-PT\"},{\"@type\":\"Organization\",\"@id\":\"https:\\\/\\\/encompaniastj.org\\\/pt-pt\\\/#organization\",\"name\":\"Compa\u00f1\u00eda de Santa Teresa de Jes\u00fas\",\"url\":\"https:\\\/\\\/encompaniastj.org\\\/pt-pt\\\/\",\"logo\":{\"@type\":\"ImageObject\",\"inLanguage\":\"pt-PT\",\"@id\":\"https:\\\/\\\/encompaniastj.org\\\/pt-pt\\\/#\\\/schema\\\/logo\\\/image\\\/\",\"url\":\"https:\\\/\\\/encompaniastj.org\\\/wp-content\\\/uploads\\\/2025\\\/04\\\/logo_provincias02-1-3.png\",\"contentUrl\":\"https:\\\/\\\/encompaniastj.org\\\/wp-content\\\/uploads\\\/2025\\\/04\\\/logo_provincias02-1-3.png\",\"width\":2368,\"height\":825,\"caption\":\"Compa\u00f1\u00eda de Santa Teresa de Jes\u00fas\"},\"image\":{\"@id\":\"https:\\\/\\\/encompaniastj.org\\\/pt-pt\\\/#\\\/schema\\\/logo\\\/image\\\/\"}},{\"@type\":\"Person\",\"@id\":\"https:\\\/\\\/encompaniastj.org\\\/pt-pt\\\/#\\\/schema\\\/person\\\/520e7ecc314793d40091993c2a02b651\",\"name\":\"admin\",\"image\":{\"@type\":\"ImageObject\",\"inLanguage\":\"pt-PT\",\"@id\":\"https:\\\/\\\/secure.gravatar.com\\\/avatar\\\/948b492cce32b586ac2db0eaa926ee87024f7afe218d73b397ea5ddfc5f43ea1?s=96&d=mm&r=g\",\"url\":\"https:\\\/\\\/secure.gravatar.com\\\/avatar\\\/948b492cce32b586ac2db0eaa926ee87024f7afe218d73b397ea5ddfc5f43ea1?s=96&d=mm&r=g\",\"contentUrl\":\"https:\\\/\\\/secure.gravatar.com\\\/avatar\\\/948b492cce32b586ac2db0eaa926ee87024f7afe218d73b397ea5ddfc5f43ea1?s=96&d=mm&r=g\",\"caption\":\"admin\"},\"sameAs\":[\"https:\\\/\\\/encompaniastj.org\"],\"url\":\"https:\\\/\\\/encompaniastj.org\\\/pt-pt\\\/author\\\/sjdigital\\\/\"}]}<\/script>\n<!-- \/ Yoast SEO plugin. -->","yoast_head_json":{"title":"Encontro de catequistas Can Vidalet 12- janeiro - 22 - En Compa\u00f1\u00eda STJ","robots":{"index":"index","follow":"follow","max-snippet":"max-snippet:-1","max-image-preview":"max-image-preview:large","max-video-preview":"max-video-preview:-1"},"canonical":"https:\/\/encompaniastj.org\/pt-pt\/encontro-de-catequistas-can-vidalet-12-janeiro-22\/","og_locale":"pt_PT","og_type":"article","og_title":"Encontro de catequistas Can Vidalet 12- janeiro - 22 - En Compa\u00f1\u00eda STJ","og_description":"No dia 12 de janeiro participei na apresenta\u00e7\u00e3o do Tesouro dos Amigos de Jesus aos catequistas e sacerdotes da par\u00f3quia Henrique d&#8217;Oss\u00f3 de Can Vidalet (Hospitalet). Participaram doze catequistas e [&hellip;]","og_url":"https:\/\/encompaniastj.org\/pt-pt\/encontro-de-catequistas-can-vidalet-12-janeiro-22\/","og_site_name":"En Compa\u00f1\u00eda STJ","article_published_time":"2022-01-27T19:46:34+00:00","article_modified_time":"2025-07-07T14:22:56+00:00","og_image":[{"width":500,"height":581,"url":"https:\/\/encompaniastj.org\/wp-content\/uploads\/2025\/05\/Foto-Tesoro-3.jpg","type":"image\/jpeg"}],"author":"admin","twitter_card":"summary_large_image","twitter_misc":{"Escrito por":"admin","Tempo estimado de leitura":"2 minutos"},"schema":{"@context":"https:\/\/schema.org","@graph":[{"@type":"Article","@id":"https:\/\/encompaniastj.org\/pt-pt\/encontro-de-catequistas-can-vidalet-12-janeiro-22\/#article","isPartOf":{"@id":"https:\/\/encompaniastj.org\/pt-pt\/encontro-de-catequistas-can-vidalet-12-janeiro-22\/"},"author":{"name":"admin","@id":"https:\/\/encompaniastj.org\/pt-pt\/#\/schema\/person\/520e7ecc314793d40091993c2a02b651"},"headline":"Encontro de catequistas Can Vidalet 12- janeiro - 22","datePublished":"2022-01-27T19:46:34+00:00","dateModified":"2025-07-07T14:22:56+00:00","mainEntityOfPage":{"@id":"https:\/\/encompaniastj.org\/pt-pt\/encontro-de-catequistas-can-vidalet-12-janeiro-22\/"},"wordCount":399,"commentCount":0,"publisher":{"@id":"https:\/\/encompaniastj.org\/pt-pt\/#organization"},"image":{"@id":"https:\/\/encompaniastj.org\/pt-pt\/encontro-de-catequistas-can-vidalet-12-janeiro-22\/#primaryimage"},"thumbnailUrl":"https:\/\/encompaniastj.org\/wp-content\/uploads\/2025\/05\/Foto-Tesoro-3.jpg","articleSection":["Noticias","Paroquial - eclesial","Parroquial - Eclesial"],"inLanguage":"pt-PT","potentialAction":[{"@type":"CommentAction","name":"Comment","target":["https:\/\/encompaniastj.org\/pt-pt\/encontro-de-catequistas-can-vidalet-12-janeiro-22\/#respond"]}]},{"@type":"WebPage","@id":"https:\/\/encompaniastj.org\/pt-pt\/encontro-de-catequistas-can-vidalet-12-janeiro-22\/","url":"https:\/\/encompaniastj.org\/pt-pt\/encontro-de-catequistas-can-vidalet-12-janeiro-22\/","name":"Encontro de catequistas Can Vidalet 12- janeiro - 22 - En Compa\u00f1\u00eda STJ","isPartOf":{"@id":"https:\/\/encompaniastj.org\/pt-pt\/#website"},"primaryImageOfPage":{"@id":"https:\/\/encompaniastj.org\/pt-pt\/encontro-de-catequistas-can-vidalet-12-janeiro-22\/#primaryimage"},"image":{"@id":"https:\/\/encompaniastj.org\/pt-pt\/encontro-de-catequistas-can-vidalet-12-janeiro-22\/#primaryimage"},"thumbnailUrl":"https:\/\/encompaniastj.org\/wp-content\/uploads\/2025\/05\/Foto-Tesoro-3.jpg","datePublished":"2022-01-27T19:46:34+00:00","dateModified":"2025-07-07T14:22:56+00:00","breadcrumb":{"@id":"https:\/\/encompaniastj.org\/pt-pt\/encontro-de-catequistas-can-vidalet-12-janeiro-22\/#breadcrumb"},"inLanguage":"pt-PT","potentialAction":[{"@type":"ReadAction","target":["https:\/\/encompaniastj.org\/pt-pt\/encontro-de-catequistas-can-vidalet-12-janeiro-22\/"]}]},{"@type":"ImageObject","inLanguage":"pt-PT","@id":"https:\/\/encompaniastj.org\/pt-pt\/encontro-de-catequistas-can-vidalet-12-janeiro-22\/#primaryimage","url":"https:\/\/encompaniastj.org\/wp-content\/uploads\/2025\/05\/Foto-Tesoro-3.jpg","contentUrl":"https:\/\/encompaniastj.org\/wp-content\/uploads\/2025\/05\/Foto-Tesoro-3.jpg","width":500,"height":581},{"@type":"BreadcrumbList","@id":"https:\/\/encompaniastj.org\/pt-pt\/encontro-de-catequistas-can-vidalet-12-janeiro-22\/#breadcrumb","itemListElement":[{"@type":"ListItem","position":1,"name":"Portada","item":"https:\/\/encompaniastj.org\/pt-pt\/"},{"@type":"ListItem","position":2,"name":"Encontro de catequistas Can Vidalet 12- janeiro - 22"}]},{"@type":"WebSite","@id":"https:\/\/encompaniastj.org\/pt-pt\/#website","url":"https:\/\/encompaniastj.org\/pt-pt\/","name":"En Compa\u00f1\u00eda STJ","description":"Bolet\u00edn de la Compa\u00f1\u00eda de Santa Teresa de Jes\u00fas","publisher":{"@id":"https:\/\/encompaniastj.org\/pt-pt\/#organization"},"potentialAction":[{"@type":"SearchAction","target":{"@type":"EntryPoint","urlTemplate":"https:\/\/encompaniastj.org\/pt-pt\/?s={search_term_string}"},"query-input":{"@type":"PropertyValueSpecification","valueRequired":true,"valueName":"search_term_string"}}],"inLanguage":"pt-PT"},{"@type":"Organization","@id":"https:\/\/encompaniastj.org\/pt-pt\/#organization","name":"Compa\u00f1\u00eda de Santa Teresa de Jes\u00fas","url":"https:\/\/encompaniastj.org\/pt-pt\/","logo":{"@type":"ImageObject","inLanguage":"pt-PT","@id":"https:\/\/encompaniastj.org\/pt-pt\/#\/schema\/logo\/image\/","url":"https:\/\/encompaniastj.org\/wp-content\/uploads\/2025\/04\/logo_provincias02-1-3.png","contentUrl":"https:\/\/encompaniastj.org\/wp-content\/uploads\/2025\/04\/logo_provincias02-1-3.png","width":2368,"height":825,"caption":"Compa\u00f1\u00eda de Santa Teresa de Jes\u00fas"},"image":{"@id":"https:\/\/encompaniastj.org\/pt-pt\/#\/schema\/logo\/image\/"}},{"@type":"Person","@id":"https:\/\/encompaniastj.org\/pt-pt\/#\/schema\/person\/520e7ecc314793d40091993c2a02b651","name":"admin","image":{"@type":"ImageObject","inLanguage":"pt-PT","@id":"https:\/\/secure.gravatar.com\/avatar\/948b492cce32b586ac2db0eaa926ee87024f7afe218d73b397ea5ddfc5f43ea1?s=96&d=mm&r=g","url":"https:\/\/secure.gravatar.com\/avatar\/948b492cce32b586ac2db0eaa926ee87024f7afe218d73b397ea5ddfc5f43ea1?s=96&d=mm&r=g","contentUrl":"https:\/\/secure.gravatar.com\/avatar\/948b492cce32b586ac2db0eaa926ee87024f7afe218d73b397ea5ddfc5f43ea1?s=96&d=mm&r=g","caption":"admin"},"sameAs":["https:\/\/encompaniastj.org"],"url":"https:\/\/encompaniastj.org\/pt-pt\/author\/sjdigital\/"}]}},"_links":{"self":[{"href":"https:\/\/encompaniastj.org\/pt-pt\/wp-json\/wp\/v2\/posts\/10842","targetHints":{"allow":["GET"]}}],"collection":[{"href":"https:\/\/encompaniastj.org\/pt-pt\/wp-json\/wp\/v2\/posts"}],"about":[{"href":"https:\/\/encompaniastj.org\/pt-pt\/wp-json\/wp\/v2\/types\/post"}],"author":[{"embeddable":true,"href":"https:\/\/encompaniastj.org\/pt-pt\/wp-json\/wp\/v2\/users\/1"}],"replies":[{"embeddable":true,"href":"https:\/\/encompaniastj.org\/pt-pt\/wp-json\/wp\/v2\/comments?post=10842"}],"version-history":[{"count":1,"href":"https:\/\/encompaniastj.org\/pt-pt\/wp-json\/wp\/v2\/posts\/10842\/revisions"}],"predecessor-version":[{"id":10843,"href":"https:\/\/encompaniastj.org\/pt-pt\/wp-json\/wp\/v2\/posts\/10842\/revisions\/10843"}],"wp:featuredmedia":[{"embeddable":true,"href":"https:\/\/encompaniastj.org\/pt-pt\/wp-json\/wp\/v2\/media\/7838"}],"wp:attachment":[{"href":"https:\/\/encompaniastj.org\/pt-pt\/wp-json\/wp\/v2\/media?parent=10842"}],"wp:term":[{"taxonomy":"category","embeddable":true,"href":"https:\/\/encompaniastj.org\/pt-pt\/wp-json\/wp\/v2\/categories?post=10842"},{"taxonomy":"post_tag","embeddable":true,"href":"https:\/\/encompaniastj.org\/pt-pt\/wp-json\/wp\/v2\/tags?post=10842"}],"curies":[{"name":"wp","href":"https:\/\/api.w.org\/{rel}","templated":true}]}}