{"id":10834,"date":"2022-01-05T09:21:58","date_gmt":"2022-01-05T08:21:58","guid":{"rendered":"https:\/\/encompaniastj.org\/convivio-natalicio-salamanca\/"},"modified":"2025-07-07T16:22:55","modified_gmt":"2025-07-07T14:22:55","slug":"convivio-natalicio-salamanca","status":"publish","type":"post","link":"https:\/\/encompaniastj.org\/pt-pt\/convivio-natalicio-salamanca\/","title":{"rendered":"Conv\u00edvio natal\u00edcio - Salamanca"},"content":{"rendered":"<p>A CONFER de Salamanca tem o costume de distribuir os conventos de clausura entre as religiosas de vida ativa a fim de as visitarem e criarem la\u00e7os de fraternidade.<\/p>\n<p>A n\u00f3s, deram-nos o Mosteiro Porta Coeli, das Franciscanas da Ordem Terceira Regular (TOR). E fomos l\u00e1, na tarde do domingo da Sagrada Fam\u00edlia. Fica a 45 km de Cidade Rodrigo em El Zarzoso. S\u00e3o 10 irm\u00e3s: 7 mexicanas, 2 espanholas, de Maiorca - uma novi\u00e7a - e uma queniana. Cheg\u00e1mos um pouco antes da sua hora de v\u00e9speras, deram-nos um caf\u00e9 quentinho e convidaram-nos para irmos para o coro alto para rezar com elas. Quando come\u00e7aram o hino, fic\u00e1mos boquiabertas. Muitos instrumentos! - \u00f3rg\u00e3o, guitarras, bong\u00f3s, campainhas, sinos, maracas. Que ritmo! Por ser festa, cantaram tudo. E a verdade \u00e9 que foi muito bom. E cantaram da mesma forma o Magnificat com m\u00fasica e ritmo latino-americanos. Foi uma celebra\u00e7\u00e3o muito festiva.<\/p>\n<p>Elas tinham o Sant\u00edssimo Sacramento exposto e depois das V\u00e9speras n\u00f3s fizemos ora\u00e7\u00e3o pessoal at\u00e9 completar a hora. Convidaram-nos depois a &#8220;comer alguma coisa&#8221;. Imagin\u00e1vamos que seriam alguns bolos, turr\u00e3o e alguma bebida. Qual n\u00e3o foi a nossa surpresa quando vimos que elas nos levaram para o refeit\u00f3rio delas, bem quente, ali\u00e1s, com um bom fog\u00e3o a pellets. Ali, n\u00e3o nos mex\u00edamos, e depois de insistir j\u00e1 v\u00e1rias vezes para que nos sent\u00e1ssemos fomos para os lugares preparados. E foram entrando todas as irm\u00e3s. Tinham numa das paredes um grande quadro da Virgem de Guadalupe que, logicamente, n\u00e3o podia faltar. \u00c0 sua esquerda, a bandeira do M\u00e9xico; abaixo, a da Espanha, e \u00e0 sua direita, a do Qu\u00e9nia, as tr\u00eas bem grandes. Trouxeram um carrinho com a ceia, e cada uma, conforme o seu costume, e n\u00f3s tamb\u00e9m, fomos servir-nos ali.<\/p>\n<p>Aproveit\u00e1mos este tempo para lhes fazer perguntas sobre a sua hist\u00f3ria e como tinham chegado do seu pa\u00eds. \u00c9 um mosteiro do s\u00e9culo XV. Ali professou, viveu, morreu e est\u00e1 enterrada uma filha de Ant\u00f3nio de Nebrija, ilustre humanista e autor da primeira gram\u00e1tica espanhola, cujo centen\u00e1rio da sua morte ser\u00e1 comemorado no pr\u00f3ximo ano. Este tem sido um motivo de interesse para o mosteiro por parte da Comiss\u00e3o deste centen\u00e1rio.<\/p>\n<p>Contaram-nos que desde o s\u00e9culo XV sempre tiveram voca\u00e7\u00f5es e, h\u00e1 cerca de 50 anos, pediram ao M\u00e9xico, por meio dos franciscanos, que viessem Irm\u00e3s para que pudessem continuar a manter o mosteiro.<\/p>\n<p>Quando termin\u00e1mos o jantar, convidaram-nos a pegar numa guitarra e cantar can\u00e7\u00f5es de natal. Era curioso porque sabiam todas as nossas can\u00e7\u00f5es populares. Apareceram outra vez instrumentos e aquela que n\u00e3o tinha, fazia o batimento com um prato e duas colheres. Pass\u00e1mos mais de uma hora intercalando can\u00e7\u00f5es e instrumental, at\u00e9 que n\u00e3o tivemos outro rem\u00e9dio se n\u00e3o cantar juntas \u2018Noite Feliz\u00b4 mais serena, para nos despedirmos.<\/p>\n<p>Foi uma magn\u00edfica tarde de conv\u00edvio na qual, tanto elas como n\u00f3s, nos divertimos muito. E prometemos repeti-la na P\u00e1scoa.<\/p>\n<p>Irm\u00e3s de Cidade Rodrigo<\/p>\n\n","protected":false},"excerpt":{"rendered":"<p>A CONFER de Salamanca tem o costume de distribuir os conventos de clausura entre as religiosas de vida ativa a fim de as visitarem e criarem la\u00e7os de fraternidade. A [&hellip;]<\/p>\n","protected":false},"author":1,"featured_media":7834,"comment_status":"open","ping_status":"open","sticky":false,"template":"","format":"standard","meta":{"_acf_changed":false,"footnotes":""},"categories":[61,80],"tags":[],"class_list":["post-10834","post","type-post","status-publish","format-standard","has-post-thumbnail","hentry","category-noticias","category-paroquial-eclesial"],"acf":[],"yoast_head":"<!-- This site is optimized with the Yoast SEO plugin v27.5 - https:\/\/yoast.com\/product\/yoast-seo-wordpress\/ -->\n<title>Conv\u00edvio natal\u00edcio - Salamanca - En Compa\u00f1\u00eda STJ<\/title>\n<meta name=\"robots\" content=\"index, follow, max-snippet:-1, max-image-preview:large, max-video-preview:-1\" \/>\n<link rel=\"canonical\" href=\"https:\/\/encompaniastj.org\/pt-pt\/convivio-natalicio-salamanca\/\" \/>\n<meta property=\"og:locale\" content=\"pt_PT\" \/>\n<meta property=\"og:type\" content=\"article\" \/>\n<meta property=\"og:title\" content=\"Conv\u00edvio natal\u00edcio - Salamanca - En Compa\u00f1\u00eda STJ\" \/>\n<meta property=\"og:description\" content=\"A CONFER de Salamanca tem o costume de distribuir os conventos de clausura entre as religiosas de vida ativa a fim de as visitarem e criarem la\u00e7os de fraternidade. A [&hellip;]\" \/>\n<meta property=\"og:url\" content=\"https:\/\/encompaniastj.org\/pt-pt\/convivio-natalicio-salamanca\/\" \/>\n<meta property=\"og:site_name\" content=\"En Compa\u00f1\u00eda STJ\" \/>\n<meta property=\"article:published_time\" content=\"2022-01-05T08:21:58+00:00\" \/>\n<meta property=\"article:modified_time\" content=\"2025-07-07T14:22:55+00:00\" \/>\n<meta property=\"og:image\" content=\"https:\/\/encompaniastj.org\/wp-content\/uploads\/2025\/05\/1-1-3.jpg\" \/>\n\t<meta property=\"og:image:width\" content=\"500\" \/>\n\t<meta property=\"og:image:height\" content=\"375\" \/>\n\t<meta property=\"og:image:type\" content=\"image\/jpeg\" \/>\n<meta name=\"author\" content=\"admin\" \/>\n<meta name=\"twitter:card\" content=\"summary_large_image\" \/>\n<meta name=\"twitter:label1\" content=\"Escrito por\" \/>\n\t<meta name=\"twitter:data1\" content=\"admin\" \/>\n\t<meta name=\"twitter:label2\" content=\"Tempo estimado de leitura\" \/>\n\t<meta name=\"twitter:data2\" content=\"3 minutos\" \/>\n<script type=\"application\/ld+json\" class=\"yoast-schema-graph\">{\"@context\":\"https:\\\/\\\/schema.org\",\"@graph\":[{\"@type\":\"Article\",\"@id\":\"https:\\\/\\\/encompaniastj.org\\\/pt-pt\\\/convivio-natalicio-salamanca\\\/#article\",\"isPartOf\":{\"@id\":\"https:\\\/\\\/encompaniastj.org\\\/pt-pt\\\/convivio-natalicio-salamanca\\\/\"},\"author\":{\"name\":\"admin\",\"@id\":\"https:\\\/\\\/encompaniastj.org\\\/pt-pt\\\/#\\\/schema\\\/person\\\/520e7ecc314793d40091993c2a02b651\"},\"headline\":\"Conv\u00edvio natal\u00edcio - Salamanca\",\"datePublished\":\"2022-01-05T08:21:58+00:00\",\"dateModified\":\"2025-07-07T14:22:55+00:00\",\"mainEntityOfPage\":{\"@id\":\"https:\\\/\\\/encompaniastj.org\\\/pt-pt\\\/convivio-natalicio-salamanca\\\/\"},\"wordCount\":609,\"commentCount\":0,\"publisher\":{\"@id\":\"https:\\\/\\\/encompaniastj.org\\\/pt-pt\\\/#organization\"},\"image\":{\"@id\":\"https:\\\/\\\/encompaniastj.org\\\/pt-pt\\\/convivio-natalicio-salamanca\\\/#primaryimage\"},\"thumbnailUrl\":\"https:\\\/\\\/encompaniastj.org\\\/wp-content\\\/uploads\\\/2025\\\/05\\\/1-1-3.jpg\",\"articleSection\":[\"Noticias\",\"Paroquial - eclesial\"],\"inLanguage\":\"pt-PT\",\"potentialAction\":[{\"@type\":\"CommentAction\",\"name\":\"Comment\",\"target\":[\"https:\\\/\\\/encompaniastj.org\\\/pt-pt\\\/convivio-natalicio-salamanca\\\/#respond\"]}]},{\"@type\":\"WebPage\",\"@id\":\"https:\\\/\\\/encompaniastj.org\\\/pt-pt\\\/convivio-natalicio-salamanca\\\/\",\"url\":\"https:\\\/\\\/encompaniastj.org\\\/pt-pt\\\/convivio-natalicio-salamanca\\\/\",\"name\":\"Conv\u00edvio natal\u00edcio - Salamanca - En Compa\u00f1\u00eda STJ\",\"isPartOf\":{\"@id\":\"https:\\\/\\\/encompaniastj.org\\\/pt-pt\\\/#website\"},\"primaryImageOfPage\":{\"@id\":\"https:\\\/\\\/encompaniastj.org\\\/pt-pt\\\/convivio-natalicio-salamanca\\\/#primaryimage\"},\"image\":{\"@id\":\"https:\\\/\\\/encompaniastj.org\\\/pt-pt\\\/convivio-natalicio-salamanca\\\/#primaryimage\"},\"thumbnailUrl\":\"https:\\\/\\\/encompaniastj.org\\\/wp-content\\\/uploads\\\/2025\\\/05\\\/1-1-3.jpg\",\"datePublished\":\"2022-01-05T08:21:58+00:00\",\"dateModified\":\"2025-07-07T14:22:55+00:00\",\"breadcrumb\":{\"@id\":\"https:\\\/\\\/encompaniastj.org\\\/pt-pt\\\/convivio-natalicio-salamanca\\\/#breadcrumb\"},\"inLanguage\":\"pt-PT\",\"potentialAction\":[{\"@type\":\"ReadAction\",\"target\":[\"https:\\\/\\\/encompaniastj.org\\\/pt-pt\\\/convivio-natalicio-salamanca\\\/\"]}]},{\"@type\":\"ImageObject\",\"inLanguage\":\"pt-PT\",\"@id\":\"https:\\\/\\\/encompaniastj.org\\\/pt-pt\\\/convivio-natalicio-salamanca\\\/#primaryimage\",\"url\":\"https:\\\/\\\/encompaniastj.org\\\/wp-content\\\/uploads\\\/2025\\\/05\\\/1-1-3.jpg\",\"contentUrl\":\"https:\\\/\\\/encompaniastj.org\\\/wp-content\\\/uploads\\\/2025\\\/05\\\/1-1-3.jpg\",\"width\":500,\"height\":375},{\"@type\":\"BreadcrumbList\",\"@id\":\"https:\\\/\\\/encompaniastj.org\\\/pt-pt\\\/convivio-natalicio-salamanca\\\/#breadcrumb\",\"itemListElement\":[{\"@type\":\"ListItem\",\"position\":1,\"name\":\"Portada\",\"item\":\"https:\\\/\\\/encompaniastj.org\\\/pt-pt\\\/\"},{\"@type\":\"ListItem\",\"position\":2,\"name\":\"Conv\u00edvio natal\u00edcio - Salamanca\"}]},{\"@type\":\"WebSite\",\"@id\":\"https:\\\/\\\/encompaniastj.org\\\/pt-pt\\\/#website\",\"url\":\"https:\\\/\\\/encompaniastj.org\\\/pt-pt\\\/\",\"name\":\"En Compa\u00f1\u00eda STJ\",\"description\":\"Bolet\u00edn de la Compa\u00f1\u00eda de Santa Teresa de Jes\u00fas\",\"publisher\":{\"@id\":\"https:\\\/\\\/encompaniastj.org\\\/pt-pt\\\/#organization\"},\"potentialAction\":[{\"@type\":\"SearchAction\",\"target\":{\"@type\":\"EntryPoint\",\"urlTemplate\":\"https:\\\/\\\/encompaniastj.org\\\/pt-pt\\\/?s={search_term_string}\"},\"query-input\":{\"@type\":\"PropertyValueSpecification\",\"valueRequired\":true,\"valueName\":\"search_term_string\"}}],\"inLanguage\":\"pt-PT\"},{\"@type\":\"Organization\",\"@id\":\"https:\\\/\\\/encompaniastj.org\\\/pt-pt\\\/#organization\",\"name\":\"Compa\u00f1\u00eda de Santa Teresa de Jes\u00fas\",\"url\":\"https:\\\/\\\/encompaniastj.org\\\/pt-pt\\\/\",\"logo\":{\"@type\":\"ImageObject\",\"inLanguage\":\"pt-PT\",\"@id\":\"https:\\\/\\\/encompaniastj.org\\\/pt-pt\\\/#\\\/schema\\\/logo\\\/image\\\/\",\"url\":\"https:\\\/\\\/encompaniastj.org\\\/wp-content\\\/uploads\\\/2025\\\/04\\\/logo_provincias02-1-3.png\",\"contentUrl\":\"https:\\\/\\\/encompaniastj.org\\\/wp-content\\\/uploads\\\/2025\\\/04\\\/logo_provincias02-1-3.png\",\"width\":2368,\"height\":825,\"caption\":\"Compa\u00f1\u00eda de Santa Teresa de Jes\u00fas\"},\"image\":{\"@id\":\"https:\\\/\\\/encompaniastj.org\\\/pt-pt\\\/#\\\/schema\\\/logo\\\/image\\\/\"}},{\"@type\":\"Person\",\"@id\":\"https:\\\/\\\/encompaniastj.org\\\/pt-pt\\\/#\\\/schema\\\/person\\\/520e7ecc314793d40091993c2a02b651\",\"name\":\"admin\",\"image\":{\"@type\":\"ImageObject\",\"inLanguage\":\"pt-PT\",\"@id\":\"https:\\\/\\\/secure.gravatar.com\\\/avatar\\\/948b492cce32b586ac2db0eaa926ee87024f7afe218d73b397ea5ddfc5f43ea1?s=96&d=mm&r=g\",\"url\":\"https:\\\/\\\/secure.gravatar.com\\\/avatar\\\/948b492cce32b586ac2db0eaa926ee87024f7afe218d73b397ea5ddfc5f43ea1?s=96&d=mm&r=g\",\"contentUrl\":\"https:\\\/\\\/secure.gravatar.com\\\/avatar\\\/948b492cce32b586ac2db0eaa926ee87024f7afe218d73b397ea5ddfc5f43ea1?s=96&d=mm&r=g\",\"caption\":\"admin\"},\"sameAs\":[\"https:\\\/\\\/encompaniastj.org\"],\"url\":\"https:\\\/\\\/encompaniastj.org\\\/pt-pt\\\/author\\\/sjdigital\\\/\"}]}<\/script>\n<!-- \/ Yoast SEO plugin. -->","yoast_head_json":{"title":"Conv\u00edvio natal\u00edcio - Salamanca - En Compa\u00f1\u00eda STJ","robots":{"index":"index","follow":"follow","max-snippet":"max-snippet:-1","max-image-preview":"max-image-preview:large","max-video-preview":"max-video-preview:-1"},"canonical":"https:\/\/encompaniastj.org\/pt-pt\/convivio-natalicio-salamanca\/","og_locale":"pt_PT","og_type":"article","og_title":"Conv\u00edvio natal\u00edcio - Salamanca - En Compa\u00f1\u00eda STJ","og_description":"A CONFER de Salamanca tem o costume de distribuir os conventos de clausura entre as religiosas de vida ativa a fim de as visitarem e criarem la\u00e7os de fraternidade. A [&hellip;]","og_url":"https:\/\/encompaniastj.org\/pt-pt\/convivio-natalicio-salamanca\/","og_site_name":"En Compa\u00f1\u00eda STJ","article_published_time":"2022-01-05T08:21:58+00:00","article_modified_time":"2025-07-07T14:22:55+00:00","og_image":[{"width":500,"height":375,"url":"https:\/\/encompaniastj.org\/wp-content\/uploads\/2025\/05\/1-1-3.jpg","type":"image\/jpeg"}],"author":"admin","twitter_card":"summary_large_image","twitter_misc":{"Escrito por":"admin","Tempo estimado de leitura":"3 minutos"},"schema":{"@context":"https:\/\/schema.org","@graph":[{"@type":"Article","@id":"https:\/\/encompaniastj.org\/pt-pt\/convivio-natalicio-salamanca\/#article","isPartOf":{"@id":"https:\/\/encompaniastj.org\/pt-pt\/convivio-natalicio-salamanca\/"},"author":{"name":"admin","@id":"https:\/\/encompaniastj.org\/pt-pt\/#\/schema\/person\/520e7ecc314793d40091993c2a02b651"},"headline":"Conv\u00edvio natal\u00edcio - Salamanca","datePublished":"2022-01-05T08:21:58+00:00","dateModified":"2025-07-07T14:22:55+00:00","mainEntityOfPage":{"@id":"https:\/\/encompaniastj.org\/pt-pt\/convivio-natalicio-salamanca\/"},"wordCount":609,"commentCount":0,"publisher":{"@id":"https:\/\/encompaniastj.org\/pt-pt\/#organization"},"image":{"@id":"https:\/\/encompaniastj.org\/pt-pt\/convivio-natalicio-salamanca\/#primaryimage"},"thumbnailUrl":"https:\/\/encompaniastj.org\/wp-content\/uploads\/2025\/05\/1-1-3.jpg","articleSection":["Noticias","Paroquial - eclesial"],"inLanguage":"pt-PT","potentialAction":[{"@type":"CommentAction","name":"Comment","target":["https:\/\/encompaniastj.org\/pt-pt\/convivio-natalicio-salamanca\/#respond"]}]},{"@type":"WebPage","@id":"https:\/\/encompaniastj.org\/pt-pt\/convivio-natalicio-salamanca\/","url":"https:\/\/encompaniastj.org\/pt-pt\/convivio-natalicio-salamanca\/","name":"Conv\u00edvio natal\u00edcio - Salamanca - En Compa\u00f1\u00eda STJ","isPartOf":{"@id":"https:\/\/encompaniastj.org\/pt-pt\/#website"},"primaryImageOfPage":{"@id":"https:\/\/encompaniastj.org\/pt-pt\/convivio-natalicio-salamanca\/#primaryimage"},"image":{"@id":"https:\/\/encompaniastj.org\/pt-pt\/convivio-natalicio-salamanca\/#primaryimage"},"thumbnailUrl":"https:\/\/encompaniastj.org\/wp-content\/uploads\/2025\/05\/1-1-3.jpg","datePublished":"2022-01-05T08:21:58+00:00","dateModified":"2025-07-07T14:22:55+00:00","breadcrumb":{"@id":"https:\/\/encompaniastj.org\/pt-pt\/convivio-natalicio-salamanca\/#breadcrumb"},"inLanguage":"pt-PT","potentialAction":[{"@type":"ReadAction","target":["https:\/\/encompaniastj.org\/pt-pt\/convivio-natalicio-salamanca\/"]}]},{"@type":"ImageObject","inLanguage":"pt-PT","@id":"https:\/\/encompaniastj.org\/pt-pt\/convivio-natalicio-salamanca\/#primaryimage","url":"https:\/\/encompaniastj.org\/wp-content\/uploads\/2025\/05\/1-1-3.jpg","contentUrl":"https:\/\/encompaniastj.org\/wp-content\/uploads\/2025\/05\/1-1-3.jpg","width":500,"height":375},{"@type":"BreadcrumbList","@id":"https:\/\/encompaniastj.org\/pt-pt\/convivio-natalicio-salamanca\/#breadcrumb","itemListElement":[{"@type":"ListItem","position":1,"name":"Portada","item":"https:\/\/encompaniastj.org\/pt-pt\/"},{"@type":"ListItem","position":2,"name":"Conv\u00edvio natal\u00edcio - Salamanca"}]},{"@type":"WebSite","@id":"https:\/\/encompaniastj.org\/pt-pt\/#website","url":"https:\/\/encompaniastj.org\/pt-pt\/","name":"En Compa\u00f1\u00eda STJ","description":"Bolet\u00edn de la Compa\u00f1\u00eda de Santa Teresa de Jes\u00fas","publisher":{"@id":"https:\/\/encompaniastj.org\/pt-pt\/#organization"},"potentialAction":[{"@type":"SearchAction","target":{"@type":"EntryPoint","urlTemplate":"https:\/\/encompaniastj.org\/pt-pt\/?s={search_term_string}"},"query-input":{"@type":"PropertyValueSpecification","valueRequired":true,"valueName":"search_term_string"}}],"inLanguage":"pt-PT"},{"@type":"Organization","@id":"https:\/\/encompaniastj.org\/pt-pt\/#organization","name":"Compa\u00f1\u00eda de Santa Teresa de Jes\u00fas","url":"https:\/\/encompaniastj.org\/pt-pt\/","logo":{"@type":"ImageObject","inLanguage":"pt-PT","@id":"https:\/\/encompaniastj.org\/pt-pt\/#\/schema\/logo\/image\/","url":"https:\/\/encompaniastj.org\/wp-content\/uploads\/2025\/04\/logo_provincias02-1-3.png","contentUrl":"https:\/\/encompaniastj.org\/wp-content\/uploads\/2025\/04\/logo_provincias02-1-3.png","width":2368,"height":825,"caption":"Compa\u00f1\u00eda de Santa Teresa de Jes\u00fas"},"image":{"@id":"https:\/\/encompaniastj.org\/pt-pt\/#\/schema\/logo\/image\/"}},{"@type":"Person","@id":"https:\/\/encompaniastj.org\/pt-pt\/#\/schema\/person\/520e7ecc314793d40091993c2a02b651","name":"admin","image":{"@type":"ImageObject","inLanguage":"pt-PT","@id":"https:\/\/secure.gravatar.com\/avatar\/948b492cce32b586ac2db0eaa926ee87024f7afe218d73b397ea5ddfc5f43ea1?s=96&d=mm&r=g","url":"https:\/\/secure.gravatar.com\/avatar\/948b492cce32b586ac2db0eaa926ee87024f7afe218d73b397ea5ddfc5f43ea1?s=96&d=mm&r=g","contentUrl":"https:\/\/secure.gravatar.com\/avatar\/948b492cce32b586ac2db0eaa926ee87024f7afe218d73b397ea5ddfc5f43ea1?s=96&d=mm&r=g","caption":"admin"},"sameAs":["https:\/\/encompaniastj.org"],"url":"https:\/\/encompaniastj.org\/pt-pt\/author\/sjdigital\/"}]}},"_links":{"self":[{"href":"https:\/\/encompaniastj.org\/pt-pt\/wp-json\/wp\/v2\/posts\/10834","targetHints":{"allow":["GET"]}}],"collection":[{"href":"https:\/\/encompaniastj.org\/pt-pt\/wp-json\/wp\/v2\/posts"}],"about":[{"href":"https:\/\/encompaniastj.org\/pt-pt\/wp-json\/wp\/v2\/types\/post"}],"author":[{"embeddable":true,"href":"https:\/\/encompaniastj.org\/pt-pt\/wp-json\/wp\/v2\/users\/1"}],"replies":[{"embeddable":true,"href":"https:\/\/encompaniastj.org\/pt-pt\/wp-json\/wp\/v2\/comments?post=10834"}],"version-history":[{"count":1,"href":"https:\/\/encompaniastj.org\/pt-pt\/wp-json\/wp\/v2\/posts\/10834\/revisions"}],"predecessor-version":[{"id":10835,"href":"https:\/\/encompaniastj.org\/pt-pt\/wp-json\/wp\/v2\/posts\/10834\/revisions\/10835"}],"wp:featuredmedia":[{"embeddable":true,"href":"https:\/\/encompaniastj.org\/pt-pt\/wp-json\/wp\/v2\/media\/7834"}],"wp:attachment":[{"href":"https:\/\/encompaniastj.org\/pt-pt\/wp-json\/wp\/v2\/media?parent=10834"}],"wp:term":[{"taxonomy":"category","embeddable":true,"href":"https:\/\/encompaniastj.org\/pt-pt\/wp-json\/wp\/v2\/categories?post=10834"},{"taxonomy":"post_tag","embeddable":true,"href":"https:\/\/encompaniastj.org\/pt-pt\/wp-json\/wp\/v2\/tags?post=10834"}],"curies":[{"name":"wp","href":"https:\/\/api.w.org\/{rel}","templated":true}]}}