{"id":10812,"date":"2021-11-20T16:58:18","date_gmt":"2021-11-20T15:58:18","guid":{"rendered":"https:\/\/encompaniastj.org\/luzes-e-sombras\/"},"modified":"2025-07-07T16:22:53","modified_gmt":"2025-07-07T14:22:53","slug":"luzes-e-sombras","status":"publish","type":"post","link":"https:\/\/encompaniastj.org\/pt-pt\/luzes-e-sombras\/","title":{"rendered":"Luzes e sombras"},"content":{"rendered":"<p>F\u00e1tima Gil stj, Revista Icono 2021<\/p>\n<p>Levanto-me pela manh\u00e3 e tenho medo de ouvir as not\u00edcias e come\u00e7ar o dia abrindo-me ao mundo. Tenho medo de conhecer os n\u00fameros sobre os novos infetados, de mortes, os efeitos secund\u00e1rios da vacina. Vou para o trabalho e entro na rotina da atividade, dos prazos e tarefas que me fazem esquecer o meu medo. Mas l\u00e1 est\u00e1 ele esperando-me no encontro \u00e0 dist\u00e2ncia com os companheiros, na ventila\u00e7\u00e3o for\u00e7ada e nos ecr\u00e3s. Volto para casa e sinto novamente o medo da inconsci\u00eancia de alguns que n\u00e3o cumprem a dist\u00e2ncia e que continuam sem m\u00e1scara. Atravesso a rua e fa\u00e7o um desvio para evitar uma esplanada cheia de gente. Espero em filas intermin\u00e1veis \u200b\u200bna padaria e no supermercado para conseguir p\u00e3o, fruta, leite, mantendo-me a mais de dois metros de dist\u00e2ncia, constantemente lavando as m\u00e3os com \u00e1lcool gel.<\/p>\n<p>Eu permiti-me ser colonizado pelo medo. Vivo a responsabilidade do cuidado e a d\u00favida da incerteza com medo como companheiro de caminho. \u00c9 um mau companheiro que enche a realidade de sombras, a obscurece e busca continuamente os culpados, negando a fraternidade com o seu lema de &#8221; salve-se quem puder&#8221;.<\/p>\n<p>E perto de mim, existem milh\u00f5es de pessoas que vivem neste medo e inseguran\u00e7a cont\u00ednua, ao sentir-se abandonadas pelo sistema. Para eles, n\u00e3o \u00e9 um estado tempor\u00e1rio que depende de uma vacina. \u00c9 um modo de vida que tiveram de assumir na m\u00e1 distribui\u00e7\u00e3o de um mundo cada vez mais sombrio. O medo dos imigrantes que continuam arriscando as suas vidas ao atravessar o estreito em barcos que parecem de brinquedo, sem coletes salva-vidas e arriscando todas as suas economias. O medo de todos os desalojados que n\u00e3o podem pagar o aluguer, nem luz, nem alimenta\u00e7\u00e3o por terem perdido o emprego, com a incerteza de n\u00e3o saber onde procurar. O medo das mulheres enganadas para se prostitu\u00edrem e serem como escravas; o medo de crian\u00e7as abusadas e assediadas por adultos que fazem com\u00e9rcio com imagens dos seus corpos nus; o medo de casas indignas que voam com ventos e inunda\u00e7\u00f5es que temos provocado. Tantos medos &#8230;!<\/p>\n<p>Como poderemos viver com tanto medo, com tanta escurid\u00e3o?<\/p>\n<p>Jung diz que onde h\u00e1 luz deve haver sombra e onde h\u00e1 sombra deve haver luz. N\u00e3o h\u00e1 sombra sem luz ou luz sem sombra. Ambas adquirem a sua verdadeira ess\u00eancia atrav\u00e9s do seu contraste. Nas palavras de Jos\u00e9 Ant\u00f3nio Sosa, \u201ca dimens\u00e3o e as qualidades de um determinado espa\u00e7o s\u00e3o condicionadas pela forma como a luz o configura\u201d. \u00c9 a voz de um arquiteto, um artista da luz que nos ensina a v\u00ea-la al\u00e9m da pedra, do tijolo e do vidro.<\/p>\n<p>Acho que precisamos de muitos arquitetos da vida que nos ensinem a olhar para o outro lado das sombras e do medo, para descobrir as luzes que habitam na nossa realidade. Assim como funciona na arquitetura, acontece na vida: onde h\u00e1 sombra, deve haver luz.<\/p>\n<p>\u00c9 aqui que reside a minha proposta orante: a decis\u00e3o de viver e olhar a vida desde a luz e n\u00e3o desde a sombra. Trata-se apenas de ter vontade de estar atento e consciente da luz.<\/p>\n<p>Para rezar a partir da explica\u00e7\u00e3o da luz que nos ajuda a iluminar a incerteza que devemos viver, creio que s\u00e3o necess\u00e1rias duas palavras: sil\u00eancio e gratid\u00e3o. Resgatar momentos de ora\u00e7\u00e3o de sil\u00eancio todos os dias, ajuda-nos a evitar que a vida nos arraste para baixo. E a gratid\u00e3o mostra-nos a verdadeira luz. Existem boas pessoas que nos ajudam gratuitamente. Pessoas an\u00f3nimas que nos cuidam todos os dias, padeiros, m\u00e9dicos, camionistas, professores, enfermeiras, vendedores, reabastecedores, limpadores, cuidadores &#8230;. Temos relacionamentos com pessoas que nos amam e se preocupam connosco: fam\u00edlia, amigos, colegas, vizinhos. Descobrimos uma natureza que ainda nos d\u00e1 sua beleza de outono e primavera em cada ciclo, em cada \u00e1rvore e em cada flor.<\/p>\n<p>Acordar e deitar-nos todos os dias com gratid\u00e3o, com a simplicidade de saber que tudo \u00e9 uma d\u00e1diva, permite-nos descobrir a luz. Teresa de Jesus fazia-o continuamente: \u201c\u00c9 imposs\u00edvel segundo a nossa natureza ter coragem para as grandes coisas quem n\u00e3o compreende que est\u00e1 a ser ajudado por Deus. Entendamos bem, como \u00e9, que Deus no-lo d\u00e1 sem nenhum m\u00e9rito nosso, e vamos agradecer a Sua Majestade por isso; porque se n\u00e3o conhecemos o que recebemos, n\u00e3o nos despertamos para amar. &#8221; (V 10.4).<\/p>\n<p>Assim poderemos, justamente, descobrir a luz junto das sombras. Capazes de n\u00e3o nos deixarmos colonizar pelo medo, nem pelos charlat\u00e3es das desgra\u00e7as que abundam no nosso tempo. E, sobretudo, capazes de continuar a acreditar no Deus encarnado aqui e agora que nos convida a transformar a nossa terra numa terra de luz.<\/p>\n","protected":false},"excerpt":{"rendered":"<p>F\u00e1tima Gil stj, Revista Icono 2021 Levanto-me pela manh\u00e3 e tenho medo de ouvir as not\u00edcias e come\u00e7ar o dia abrindo-me ao mundo. Tenho medo de conhecer os n\u00fameros sobre [&hellip;]<\/p>\n","protected":false},"author":1,"featured_media":7826,"comment_status":"open","ping_status":"open","sticky":false,"template":"","format":"standard","meta":{"_acf_changed":false,"footnotes":""},"categories":[72,61],"tags":[],"class_list":["post-10812","post","type-post","status-publish","format-standard","has-post-thumbnail","hentry","category-espiritualidade","category-noticias"],"acf":[],"yoast_head":"<!-- This site is optimized with the Yoast SEO plugin v27.5 - https:\/\/yoast.com\/product\/yoast-seo-wordpress\/ -->\n<title>Luzes e sombras - En Compa\u00f1\u00eda STJ<\/title>\n<meta name=\"robots\" content=\"index, follow, max-snippet:-1, max-image-preview:large, max-video-preview:-1\" \/>\n<link rel=\"canonical\" href=\"https:\/\/encompaniastj.org\/pt-pt\/luzes-e-sombras\/\" \/>\n<meta property=\"og:locale\" content=\"pt_PT\" \/>\n<meta property=\"og:type\" content=\"article\" \/>\n<meta property=\"og:title\" content=\"Luzes e sombras - En Compa\u00f1\u00eda STJ\" \/>\n<meta property=\"og:description\" content=\"F\u00e1tima Gil stj, Revista Icono 2021 Levanto-me pela manh\u00e3 e tenho medo de ouvir as not\u00edcias e come\u00e7ar o dia abrindo-me ao mundo. Tenho medo de conhecer os n\u00fameros sobre [&hellip;]\" \/>\n<meta property=\"og:url\" content=\"https:\/\/encompaniastj.org\/pt-pt\/luzes-e-sombras\/\" \/>\n<meta property=\"og:site_name\" content=\"En Compa\u00f1\u00eda STJ\" \/>\n<meta property=\"article:published_time\" content=\"2021-11-20T15:58:18+00:00\" \/>\n<meta property=\"article:modified_time\" content=\"2025-07-07T14:22:53+00:00\" \/>\n<meta property=\"og:image\" content=\"https:\/\/encompaniastj.org\/wp-content\/uploads\/2025\/05\/luces.jpg\" \/>\n\t<meta property=\"og:image:width\" content=\"500\" \/>\n\t<meta property=\"og:image:height\" content=\"281\" \/>\n\t<meta property=\"og:image:type\" content=\"image\/jpeg\" \/>\n<meta name=\"author\" content=\"admin\" \/>\n<meta name=\"twitter:card\" content=\"summary_large_image\" \/>\n<meta name=\"twitter:label1\" content=\"Escrito por\" \/>\n\t<meta name=\"twitter:data1\" content=\"admin\" \/>\n\t<meta name=\"twitter:label2\" content=\"Tempo estimado de leitura\" \/>\n\t<meta name=\"twitter:data2\" content=\"4 minutos\" \/>\n<script type=\"application\/ld+json\" class=\"yoast-schema-graph\">{\"@context\":\"https:\\\/\\\/schema.org\",\"@graph\":[{\"@type\":\"Article\",\"@id\":\"https:\\\/\\\/encompaniastj.org\\\/pt-pt\\\/luzes-e-sombras\\\/#article\",\"isPartOf\":{\"@id\":\"https:\\\/\\\/encompaniastj.org\\\/pt-pt\\\/luzes-e-sombras\\\/\"},\"author\":{\"name\":\"admin\",\"@id\":\"https:\\\/\\\/encompaniastj.org\\\/pt-pt\\\/#\\\/schema\\\/person\\\/520e7ecc314793d40091993c2a02b651\"},\"headline\":\"Luzes e sombras\",\"datePublished\":\"2021-11-20T15:58:18+00:00\",\"dateModified\":\"2025-07-07T14:22:53+00:00\",\"mainEntityOfPage\":{\"@id\":\"https:\\\/\\\/encompaniastj.org\\\/pt-pt\\\/luzes-e-sombras\\\/\"},\"wordCount\":828,\"commentCount\":0,\"publisher\":{\"@id\":\"https:\\\/\\\/encompaniastj.org\\\/pt-pt\\\/#organization\"},\"image\":{\"@id\":\"https:\\\/\\\/encompaniastj.org\\\/pt-pt\\\/luzes-e-sombras\\\/#primaryimage\"},\"thumbnailUrl\":\"https:\\\/\\\/encompaniastj.org\\\/wp-content\\\/uploads\\\/2025\\\/05\\\/luces.jpg\",\"articleSection\":[\"Espiritualidade\",\"Noticias\"],\"inLanguage\":\"pt-PT\",\"potentialAction\":[{\"@type\":\"CommentAction\",\"name\":\"Comment\",\"target\":[\"https:\\\/\\\/encompaniastj.org\\\/pt-pt\\\/luzes-e-sombras\\\/#respond\"]}]},{\"@type\":\"WebPage\",\"@id\":\"https:\\\/\\\/encompaniastj.org\\\/pt-pt\\\/luzes-e-sombras\\\/\",\"url\":\"https:\\\/\\\/encompaniastj.org\\\/pt-pt\\\/luzes-e-sombras\\\/\",\"name\":\"Luzes e sombras - En Compa\u00f1\u00eda STJ\",\"isPartOf\":{\"@id\":\"https:\\\/\\\/encompaniastj.org\\\/pt-pt\\\/#website\"},\"primaryImageOfPage\":{\"@id\":\"https:\\\/\\\/encompaniastj.org\\\/pt-pt\\\/luzes-e-sombras\\\/#primaryimage\"},\"image\":{\"@id\":\"https:\\\/\\\/encompaniastj.org\\\/pt-pt\\\/luzes-e-sombras\\\/#primaryimage\"},\"thumbnailUrl\":\"https:\\\/\\\/encompaniastj.org\\\/wp-content\\\/uploads\\\/2025\\\/05\\\/luces.jpg\",\"datePublished\":\"2021-11-20T15:58:18+00:00\",\"dateModified\":\"2025-07-07T14:22:53+00:00\",\"breadcrumb\":{\"@id\":\"https:\\\/\\\/encompaniastj.org\\\/pt-pt\\\/luzes-e-sombras\\\/#breadcrumb\"},\"inLanguage\":\"pt-PT\",\"potentialAction\":[{\"@type\":\"ReadAction\",\"target\":[\"https:\\\/\\\/encompaniastj.org\\\/pt-pt\\\/luzes-e-sombras\\\/\"]}]},{\"@type\":\"ImageObject\",\"inLanguage\":\"pt-PT\",\"@id\":\"https:\\\/\\\/encompaniastj.org\\\/pt-pt\\\/luzes-e-sombras\\\/#primaryimage\",\"url\":\"https:\\\/\\\/encompaniastj.org\\\/wp-content\\\/uploads\\\/2025\\\/05\\\/luces.jpg\",\"contentUrl\":\"https:\\\/\\\/encompaniastj.org\\\/wp-content\\\/uploads\\\/2025\\\/05\\\/luces.jpg\",\"width\":500,\"height\":281},{\"@type\":\"BreadcrumbList\",\"@id\":\"https:\\\/\\\/encompaniastj.org\\\/pt-pt\\\/luzes-e-sombras\\\/#breadcrumb\",\"itemListElement\":[{\"@type\":\"ListItem\",\"position\":1,\"name\":\"Portada\",\"item\":\"https:\\\/\\\/encompaniastj.org\\\/pt-pt\\\/\"},{\"@type\":\"ListItem\",\"position\":2,\"name\":\"Luzes e sombras\"}]},{\"@type\":\"WebSite\",\"@id\":\"https:\\\/\\\/encompaniastj.org\\\/pt-pt\\\/#website\",\"url\":\"https:\\\/\\\/encompaniastj.org\\\/pt-pt\\\/\",\"name\":\"En Compa\u00f1\u00eda STJ\",\"description\":\"Bolet\u00edn de la Compa\u00f1\u00eda de Santa Teresa de Jes\u00fas\",\"publisher\":{\"@id\":\"https:\\\/\\\/encompaniastj.org\\\/pt-pt\\\/#organization\"},\"potentialAction\":[{\"@type\":\"SearchAction\",\"target\":{\"@type\":\"EntryPoint\",\"urlTemplate\":\"https:\\\/\\\/encompaniastj.org\\\/pt-pt\\\/?s={search_term_string}\"},\"query-input\":{\"@type\":\"PropertyValueSpecification\",\"valueRequired\":true,\"valueName\":\"search_term_string\"}}],\"inLanguage\":\"pt-PT\"},{\"@type\":\"Organization\",\"@id\":\"https:\\\/\\\/encompaniastj.org\\\/pt-pt\\\/#organization\",\"name\":\"Compa\u00f1\u00eda de Santa Teresa de Jes\u00fas\",\"url\":\"https:\\\/\\\/encompaniastj.org\\\/pt-pt\\\/\",\"logo\":{\"@type\":\"ImageObject\",\"inLanguage\":\"pt-PT\",\"@id\":\"https:\\\/\\\/encompaniastj.org\\\/pt-pt\\\/#\\\/schema\\\/logo\\\/image\\\/\",\"url\":\"https:\\\/\\\/encompaniastj.org\\\/wp-content\\\/uploads\\\/2025\\\/04\\\/logo_provincias02-1-3.png\",\"contentUrl\":\"https:\\\/\\\/encompaniastj.org\\\/wp-content\\\/uploads\\\/2025\\\/04\\\/logo_provincias02-1-3.png\",\"width\":2368,\"height\":825,\"caption\":\"Compa\u00f1\u00eda de Santa Teresa de Jes\u00fas\"},\"image\":{\"@id\":\"https:\\\/\\\/encompaniastj.org\\\/pt-pt\\\/#\\\/schema\\\/logo\\\/image\\\/\"}},{\"@type\":\"Person\",\"@id\":\"https:\\\/\\\/encompaniastj.org\\\/pt-pt\\\/#\\\/schema\\\/person\\\/520e7ecc314793d40091993c2a02b651\",\"name\":\"admin\",\"image\":{\"@type\":\"ImageObject\",\"inLanguage\":\"pt-PT\",\"@id\":\"https:\\\/\\\/secure.gravatar.com\\\/avatar\\\/948b492cce32b586ac2db0eaa926ee87024f7afe218d73b397ea5ddfc5f43ea1?s=96&d=mm&r=g\",\"url\":\"https:\\\/\\\/secure.gravatar.com\\\/avatar\\\/948b492cce32b586ac2db0eaa926ee87024f7afe218d73b397ea5ddfc5f43ea1?s=96&d=mm&r=g\",\"contentUrl\":\"https:\\\/\\\/secure.gravatar.com\\\/avatar\\\/948b492cce32b586ac2db0eaa926ee87024f7afe218d73b397ea5ddfc5f43ea1?s=96&d=mm&r=g\",\"caption\":\"admin\"},\"sameAs\":[\"https:\\\/\\\/encompaniastj.org\"],\"url\":\"https:\\\/\\\/encompaniastj.org\\\/pt-pt\\\/author\\\/sjdigital\\\/\"}]}<\/script>\n<!-- \/ Yoast SEO plugin. -->","yoast_head_json":{"title":"Luzes e sombras - En Compa\u00f1\u00eda STJ","robots":{"index":"index","follow":"follow","max-snippet":"max-snippet:-1","max-image-preview":"max-image-preview:large","max-video-preview":"max-video-preview:-1"},"canonical":"https:\/\/encompaniastj.org\/pt-pt\/luzes-e-sombras\/","og_locale":"pt_PT","og_type":"article","og_title":"Luzes e sombras - En Compa\u00f1\u00eda STJ","og_description":"F\u00e1tima Gil stj, Revista Icono 2021 Levanto-me pela manh\u00e3 e tenho medo de ouvir as not\u00edcias e come\u00e7ar o dia abrindo-me ao mundo. Tenho medo de conhecer os n\u00fameros sobre [&hellip;]","og_url":"https:\/\/encompaniastj.org\/pt-pt\/luzes-e-sombras\/","og_site_name":"En Compa\u00f1\u00eda STJ","article_published_time":"2021-11-20T15:58:18+00:00","article_modified_time":"2025-07-07T14:22:53+00:00","og_image":[{"width":500,"height":281,"url":"https:\/\/encompaniastj.org\/wp-content\/uploads\/2025\/05\/luces.jpg","type":"image\/jpeg"}],"author":"admin","twitter_card":"summary_large_image","twitter_misc":{"Escrito por":"admin","Tempo estimado de leitura":"4 minutos"},"schema":{"@context":"https:\/\/schema.org","@graph":[{"@type":"Article","@id":"https:\/\/encompaniastj.org\/pt-pt\/luzes-e-sombras\/#article","isPartOf":{"@id":"https:\/\/encompaniastj.org\/pt-pt\/luzes-e-sombras\/"},"author":{"name":"admin","@id":"https:\/\/encompaniastj.org\/pt-pt\/#\/schema\/person\/520e7ecc314793d40091993c2a02b651"},"headline":"Luzes e sombras","datePublished":"2021-11-20T15:58:18+00:00","dateModified":"2025-07-07T14:22:53+00:00","mainEntityOfPage":{"@id":"https:\/\/encompaniastj.org\/pt-pt\/luzes-e-sombras\/"},"wordCount":828,"commentCount":0,"publisher":{"@id":"https:\/\/encompaniastj.org\/pt-pt\/#organization"},"image":{"@id":"https:\/\/encompaniastj.org\/pt-pt\/luzes-e-sombras\/#primaryimage"},"thumbnailUrl":"https:\/\/encompaniastj.org\/wp-content\/uploads\/2025\/05\/luces.jpg","articleSection":["Espiritualidade","Noticias"],"inLanguage":"pt-PT","potentialAction":[{"@type":"CommentAction","name":"Comment","target":["https:\/\/encompaniastj.org\/pt-pt\/luzes-e-sombras\/#respond"]}]},{"@type":"WebPage","@id":"https:\/\/encompaniastj.org\/pt-pt\/luzes-e-sombras\/","url":"https:\/\/encompaniastj.org\/pt-pt\/luzes-e-sombras\/","name":"Luzes e sombras - En Compa\u00f1\u00eda STJ","isPartOf":{"@id":"https:\/\/encompaniastj.org\/pt-pt\/#website"},"primaryImageOfPage":{"@id":"https:\/\/encompaniastj.org\/pt-pt\/luzes-e-sombras\/#primaryimage"},"image":{"@id":"https:\/\/encompaniastj.org\/pt-pt\/luzes-e-sombras\/#primaryimage"},"thumbnailUrl":"https:\/\/encompaniastj.org\/wp-content\/uploads\/2025\/05\/luces.jpg","datePublished":"2021-11-20T15:58:18+00:00","dateModified":"2025-07-07T14:22:53+00:00","breadcrumb":{"@id":"https:\/\/encompaniastj.org\/pt-pt\/luzes-e-sombras\/#breadcrumb"},"inLanguage":"pt-PT","potentialAction":[{"@type":"ReadAction","target":["https:\/\/encompaniastj.org\/pt-pt\/luzes-e-sombras\/"]}]},{"@type":"ImageObject","inLanguage":"pt-PT","@id":"https:\/\/encompaniastj.org\/pt-pt\/luzes-e-sombras\/#primaryimage","url":"https:\/\/encompaniastj.org\/wp-content\/uploads\/2025\/05\/luces.jpg","contentUrl":"https:\/\/encompaniastj.org\/wp-content\/uploads\/2025\/05\/luces.jpg","width":500,"height":281},{"@type":"BreadcrumbList","@id":"https:\/\/encompaniastj.org\/pt-pt\/luzes-e-sombras\/#breadcrumb","itemListElement":[{"@type":"ListItem","position":1,"name":"Portada","item":"https:\/\/encompaniastj.org\/pt-pt\/"},{"@type":"ListItem","position":2,"name":"Luzes e sombras"}]},{"@type":"WebSite","@id":"https:\/\/encompaniastj.org\/pt-pt\/#website","url":"https:\/\/encompaniastj.org\/pt-pt\/","name":"En Compa\u00f1\u00eda STJ","description":"Bolet\u00edn de la Compa\u00f1\u00eda de Santa Teresa de Jes\u00fas","publisher":{"@id":"https:\/\/encompaniastj.org\/pt-pt\/#organization"},"potentialAction":[{"@type":"SearchAction","target":{"@type":"EntryPoint","urlTemplate":"https:\/\/encompaniastj.org\/pt-pt\/?s={search_term_string}"},"query-input":{"@type":"PropertyValueSpecification","valueRequired":true,"valueName":"search_term_string"}}],"inLanguage":"pt-PT"},{"@type":"Organization","@id":"https:\/\/encompaniastj.org\/pt-pt\/#organization","name":"Compa\u00f1\u00eda de Santa Teresa de Jes\u00fas","url":"https:\/\/encompaniastj.org\/pt-pt\/","logo":{"@type":"ImageObject","inLanguage":"pt-PT","@id":"https:\/\/encompaniastj.org\/pt-pt\/#\/schema\/logo\/image\/","url":"https:\/\/encompaniastj.org\/wp-content\/uploads\/2025\/04\/logo_provincias02-1-3.png","contentUrl":"https:\/\/encompaniastj.org\/wp-content\/uploads\/2025\/04\/logo_provincias02-1-3.png","width":2368,"height":825,"caption":"Compa\u00f1\u00eda de Santa Teresa de Jes\u00fas"},"image":{"@id":"https:\/\/encompaniastj.org\/pt-pt\/#\/schema\/logo\/image\/"}},{"@type":"Person","@id":"https:\/\/encompaniastj.org\/pt-pt\/#\/schema\/person\/520e7ecc314793d40091993c2a02b651","name":"admin","image":{"@type":"ImageObject","inLanguage":"pt-PT","@id":"https:\/\/secure.gravatar.com\/avatar\/948b492cce32b586ac2db0eaa926ee87024f7afe218d73b397ea5ddfc5f43ea1?s=96&d=mm&r=g","url":"https:\/\/secure.gravatar.com\/avatar\/948b492cce32b586ac2db0eaa926ee87024f7afe218d73b397ea5ddfc5f43ea1?s=96&d=mm&r=g","contentUrl":"https:\/\/secure.gravatar.com\/avatar\/948b492cce32b586ac2db0eaa926ee87024f7afe218d73b397ea5ddfc5f43ea1?s=96&d=mm&r=g","caption":"admin"},"sameAs":["https:\/\/encompaniastj.org"],"url":"https:\/\/encompaniastj.org\/pt-pt\/author\/sjdigital\/"}]}},"_links":{"self":[{"href":"https:\/\/encompaniastj.org\/pt-pt\/wp-json\/wp\/v2\/posts\/10812","targetHints":{"allow":["GET"]}}],"collection":[{"href":"https:\/\/encompaniastj.org\/pt-pt\/wp-json\/wp\/v2\/posts"}],"about":[{"href":"https:\/\/encompaniastj.org\/pt-pt\/wp-json\/wp\/v2\/types\/post"}],"author":[{"embeddable":true,"href":"https:\/\/encompaniastj.org\/pt-pt\/wp-json\/wp\/v2\/users\/1"}],"replies":[{"embeddable":true,"href":"https:\/\/encompaniastj.org\/pt-pt\/wp-json\/wp\/v2\/comments?post=10812"}],"version-history":[{"count":1,"href":"https:\/\/encompaniastj.org\/pt-pt\/wp-json\/wp\/v2\/posts\/10812\/revisions"}],"predecessor-version":[{"id":10813,"href":"https:\/\/encompaniastj.org\/pt-pt\/wp-json\/wp\/v2\/posts\/10812\/revisions\/10813"}],"wp:featuredmedia":[{"embeddable":true,"href":"https:\/\/encompaniastj.org\/pt-pt\/wp-json\/wp\/v2\/media\/7826"}],"wp:attachment":[{"href":"https:\/\/encompaniastj.org\/pt-pt\/wp-json\/wp\/v2\/media?parent=10812"}],"wp:term":[{"taxonomy":"category","embeddable":true,"href":"https:\/\/encompaniastj.org\/pt-pt\/wp-json\/wp\/v2\/categories?post=10812"},{"taxonomy":"post_tag","embeddable":true,"href":"https:\/\/encompaniastj.org\/pt-pt\/wp-json\/wp\/v2\/tags?post=10812"}],"curies":[{"name":"wp","href":"https:\/\/api.w.org\/{rel}","templated":true}]}}