{"id":10796,"date":"2021-11-01T20:47:12","date_gmt":"2021-11-01T19:47:12","guid":{"rendered":"https:\/\/encompaniastj.org\/uma-homenagem-de-vida-e-entrega-a-educacao-teresiana\/"},"modified":"2025-07-07T16:22:51","modified_gmt":"2025-07-07T14:22:51","slug":"uma-homenagem-de-vida-e-entrega-a-educacao-teresiana","status":"publish","type":"post","link":"https:\/\/encompaniastj.org\/pt-pt\/uma-homenagem-de-vida-e-entrega-a-educacao-teresiana\/","title":{"rendered":"Uma homenagem de vida e entrega \u00e0 Educa\u00e7\u00e3o Teresiana"},"content":{"rendered":"<p>J\u00e1 l\u00e1 v\u00e3o 47 anos dedicados \u00e0 Educa\u00e7\u00e3o nas Comunidades Educativas Teresianas, a maior parte, de entrega e dedica\u00e7\u00e3o ao Col\u00e9gio de Santa Teresa de Jesus, em Santo Tirso. No ano letivo passado terminou o contacto direto com os alunos em contexto de sala de aula e n\u00e3o demorou o reconhecimento p\u00fablico desta d\u00e1diva de valor(es) com o seu dom de educar.<\/p>\n<p>Este reconhecimento p\u00fablico, aconteceu no passado dia 20 de Outubro, pelas 16:30h, no Sal\u00e3o Nobre da Academia das Ci\u00eancias, em Lisboa, sendo a Irm\u00e3 Concei\u00e7\u00e3o Marques agraciada com o Pr\u00e9mio Pe. Nuno Burguete, SJ.<\/p>\n<p>Este pr\u00e9mio, dirigido a cada Estabelecimento de Ensino Particular e Cooperativo, associado \u00e0 AEEP (Associa\u00e7\u00e3o de Estabelecimentos de Ensino Particular e Cooperativo), distingue a carreira escolar ao servi\u00e7o da Educa\u00e7\u00e3o e dos Alunos.<\/p>\n<p>Num gesto de s\u00e1bia simplicidade, a Irm\u00e3 Concei\u00e7\u00e3o Marques fez quest\u00e3o que o diploma e medalha recebidos ficassem no Col\u00e9gio de Santa Teresa de Jesus, em Santo Tirso.<\/p>\n<p>Este momento \u00e9 motivo de alegria para toda a Fam\u00edlia Teresiana, em geral, e para o Col\u00e9gio de Santo Tirso, em particular. Estamos gratos pela sua entrega e dedica\u00e7\u00e3o \u00e0 educa\u00e7\u00e3o.<\/p>\n<p>Inserida na brochura publicada nesta 10\u00aa Edi\u00e7\u00e3o do Pr\u00e9mio Pe. Nuno Burguete, SJ, fica a resenha da vida da Irm\u00e3 Concei\u00e7\u00e3o Marques dedicada \u00e0 educa\u00e7\u00e3o e aos alunos:<\/p>\n<p><em>Maria da Concei\u00e7\u00e3o de Sousa Marques dedicou 47 anos \u00e0 educa\u00e7\u00e3o nas Comunidades <\/em><em>Educativas Teresianas da Companhia de Santa Teresa de Jesus, sendo uma refer\u00eancia viva do carisma da Fam\u00edlia Teresiana de Henrique de Oss\u00f3.<\/em><\/p>\n<p><em>Iniciou a sua miss\u00e3o como professora em 1974 e desempenhou fun\u00e7\u00f5es de Secret\u00e1ria\u00a0<\/em><em>Provincial, Coordenadora da Comunidade Religiosa e Diretora Titular do Col\u00e9gio de Santa Teresa de Jesus, em Santo Tirso.<\/em><\/p>\n<p><em>Imbu\u00edda da espiritualidade de Teresa de Jesus e da pedagogia de Henrique de Oss\u00f3, a sua presen\u00e7a inspiradora desencadeou, em Sto Tirso, um dinamismo de responsabilidade e participa\u00e7\u00e3o em toda a equipa educativa do Col\u00e9gio.<\/em><\/p>\n<p><em>Aos alunos e alunas incutiu a perseveran\u00e7a para serem homens e mulheres \u00edntegros, af\u00e1veis e comprometidos com a miss\u00e3o que lhes foi confiada por Deus.<\/em><\/p>\n<p><em>Neste ano, em que termina a sua nomea\u00e7\u00e3o de Coordenadora da Comunidade e Diretora Titular do Col\u00e9gio, desejamos-lhe que mantenha a determina\u00e7\u00e3o e a fortaleza das \u201cfilhas\u201d de Teresa de Jesus.<\/em><\/p>\n<p>&nbsp;<\/p>\n\n","protected":false},"excerpt":{"rendered":"<p>J\u00e1 l\u00e1 v\u00e3o 47 anos dedicados \u00e0 Educa\u00e7\u00e3o nas Comunidades Educativas Teresianas, a maior parte, de entrega e dedica\u00e7\u00e3o ao Col\u00e9gio de Santa Teresa de Jesus, em Santo Tirso. No [&hellip;]<\/p>\n","protected":false},"author":1,"featured_media":7819,"comment_status":"open","ping_status":"open","sticky":false,"template":"","format":"standard","meta":{"_acf_changed":false,"footnotes":""},"categories":[61,68],"tags":[],"class_list":["post-10796","post","type-post","status-publish","format-standard","has-post-thumbnail","hentry","category-noticias","category-outras"],"acf":[],"yoast_head":"<!-- This site is optimized with the Yoast SEO plugin v27.5 - https:\/\/yoast.com\/product\/yoast-seo-wordpress\/ -->\n<title>Uma homenagem de vida e entrega \u00e0 Educa\u00e7\u00e3o Teresiana - En Compa\u00f1\u00eda STJ<\/title>\n<meta name=\"robots\" content=\"index, follow, max-snippet:-1, max-image-preview:large, max-video-preview:-1\" \/>\n<link rel=\"canonical\" href=\"https:\/\/encompaniastj.org\/pt-pt\/uma-homenagem-de-vida-e-entrega-a-educacao-teresiana\/\" \/>\n<meta property=\"og:locale\" content=\"pt_PT\" \/>\n<meta property=\"og:type\" content=\"article\" \/>\n<meta property=\"og:title\" content=\"Uma homenagem de vida e entrega \u00e0 Educa\u00e7\u00e3o Teresiana - En Compa\u00f1\u00eda STJ\" \/>\n<meta property=\"og:description\" content=\"J\u00e1 l\u00e1 v\u00e3o 47 anos dedicados \u00e0 Educa\u00e7\u00e3o nas Comunidades Educativas Teresianas, a maior parte, de entrega e dedica\u00e7\u00e3o ao Col\u00e9gio de Santa Teresa de Jesus, em Santo Tirso. No [&hellip;]\" \/>\n<meta property=\"og:url\" content=\"https:\/\/encompaniastj.org\/pt-pt\/uma-homenagem-de-vida-e-entrega-a-educacao-teresiana\/\" \/>\n<meta property=\"og:site_name\" content=\"En Compa\u00f1\u00eda STJ\" \/>\n<meta property=\"article:published_time\" content=\"2021-11-01T19:47:12+00:00\" \/>\n<meta property=\"article:modified_time\" content=\"2025-07-07T14:22:51+00:00\" \/>\n<meta property=\"og:image\" content=\"https:\/\/encompaniastj.org\/wp-content\/uploads\/2025\/05\/marques2.jpg\" \/>\n\t<meta property=\"og:image:width\" content=\"500\" \/>\n\t<meta property=\"og:image:height\" content=\"666\" \/>\n\t<meta property=\"og:image:type\" content=\"image\/jpeg\" \/>\n<meta name=\"author\" content=\"admin\" \/>\n<meta name=\"twitter:card\" content=\"summary_large_image\" \/>\n<meta name=\"twitter:label1\" content=\"Escrito por\" \/>\n\t<meta name=\"twitter:data1\" content=\"admin\" \/>\n\t<meta name=\"twitter:label2\" content=\"Tempo estimado de leitura\" \/>\n\t<meta name=\"twitter:data2\" content=\"2 minutos\" \/>\n<script type=\"application\/ld+json\" class=\"yoast-schema-graph\">{\"@context\":\"https:\\\/\\\/schema.org\",\"@graph\":[{\"@type\":\"Article\",\"@id\":\"https:\\\/\\\/encompaniastj.org\\\/pt-pt\\\/uma-homenagem-de-vida-e-entrega-a-educacao-teresiana\\\/#article\",\"isPartOf\":{\"@id\":\"https:\\\/\\\/encompaniastj.org\\\/pt-pt\\\/uma-homenagem-de-vida-e-entrega-a-educacao-teresiana\\\/\"},\"author\":{\"name\":\"admin\",\"@id\":\"https:\\\/\\\/encompaniastj.org\\\/pt-pt\\\/#\\\/schema\\\/person\\\/520e7ecc314793d40091993c2a02b651\"},\"headline\":\"Uma homenagem de vida e entrega \u00e0 Educa\u00e7\u00e3o Teresiana\",\"datePublished\":\"2021-11-01T19:47:12+00:00\",\"dateModified\":\"2025-07-07T14:22:51+00:00\",\"mainEntityOfPage\":{\"@id\":\"https:\\\/\\\/encompaniastj.org\\\/pt-pt\\\/uma-homenagem-de-vida-e-entrega-a-educacao-teresiana\\\/\"},\"wordCount\":470,\"commentCount\":0,\"publisher\":{\"@id\":\"https:\\\/\\\/encompaniastj.org\\\/pt-pt\\\/#organization\"},\"image\":{\"@id\":\"https:\\\/\\\/encompaniastj.org\\\/pt-pt\\\/uma-homenagem-de-vida-e-entrega-a-educacao-teresiana\\\/#primaryimage\"},\"thumbnailUrl\":\"https:\\\/\\\/encompaniastj.org\\\/wp-content\\\/uploads\\\/2025\\\/05\\\/marques2.jpg\",\"articleSection\":[\"Noticias\",\"Outras\"],\"inLanguage\":\"pt-PT\",\"potentialAction\":[{\"@type\":\"CommentAction\",\"name\":\"Comment\",\"target\":[\"https:\\\/\\\/encompaniastj.org\\\/pt-pt\\\/uma-homenagem-de-vida-e-entrega-a-educacao-teresiana\\\/#respond\"]}]},{\"@type\":\"WebPage\",\"@id\":\"https:\\\/\\\/encompaniastj.org\\\/pt-pt\\\/uma-homenagem-de-vida-e-entrega-a-educacao-teresiana\\\/\",\"url\":\"https:\\\/\\\/encompaniastj.org\\\/pt-pt\\\/uma-homenagem-de-vida-e-entrega-a-educacao-teresiana\\\/\",\"name\":\"Uma homenagem de vida e entrega \u00e0 Educa\u00e7\u00e3o Teresiana - En Compa\u00f1\u00eda STJ\",\"isPartOf\":{\"@id\":\"https:\\\/\\\/encompaniastj.org\\\/pt-pt\\\/#website\"},\"primaryImageOfPage\":{\"@id\":\"https:\\\/\\\/encompaniastj.org\\\/pt-pt\\\/uma-homenagem-de-vida-e-entrega-a-educacao-teresiana\\\/#primaryimage\"},\"image\":{\"@id\":\"https:\\\/\\\/encompaniastj.org\\\/pt-pt\\\/uma-homenagem-de-vida-e-entrega-a-educacao-teresiana\\\/#primaryimage\"},\"thumbnailUrl\":\"https:\\\/\\\/encompaniastj.org\\\/wp-content\\\/uploads\\\/2025\\\/05\\\/marques2.jpg\",\"datePublished\":\"2021-11-01T19:47:12+00:00\",\"dateModified\":\"2025-07-07T14:22:51+00:00\",\"breadcrumb\":{\"@id\":\"https:\\\/\\\/encompaniastj.org\\\/pt-pt\\\/uma-homenagem-de-vida-e-entrega-a-educacao-teresiana\\\/#breadcrumb\"},\"inLanguage\":\"pt-PT\",\"potentialAction\":[{\"@type\":\"ReadAction\",\"target\":[\"https:\\\/\\\/encompaniastj.org\\\/pt-pt\\\/uma-homenagem-de-vida-e-entrega-a-educacao-teresiana\\\/\"]}]},{\"@type\":\"ImageObject\",\"inLanguage\":\"pt-PT\",\"@id\":\"https:\\\/\\\/encompaniastj.org\\\/pt-pt\\\/uma-homenagem-de-vida-e-entrega-a-educacao-teresiana\\\/#primaryimage\",\"url\":\"https:\\\/\\\/encompaniastj.org\\\/wp-content\\\/uploads\\\/2025\\\/05\\\/marques2.jpg\",\"contentUrl\":\"https:\\\/\\\/encompaniastj.org\\\/wp-content\\\/uploads\\\/2025\\\/05\\\/marques2.jpg\",\"width\":500,\"height\":666},{\"@type\":\"BreadcrumbList\",\"@id\":\"https:\\\/\\\/encompaniastj.org\\\/pt-pt\\\/uma-homenagem-de-vida-e-entrega-a-educacao-teresiana\\\/#breadcrumb\",\"itemListElement\":[{\"@type\":\"ListItem\",\"position\":1,\"name\":\"Portada\",\"item\":\"https:\\\/\\\/encompaniastj.org\\\/pt-pt\\\/\"},{\"@type\":\"ListItem\",\"position\":2,\"name\":\"Uma homenagem de vida e entrega \u00e0 Educa\u00e7\u00e3o Teresiana\"}]},{\"@type\":\"WebSite\",\"@id\":\"https:\\\/\\\/encompaniastj.org\\\/pt-pt\\\/#website\",\"url\":\"https:\\\/\\\/encompaniastj.org\\\/pt-pt\\\/\",\"name\":\"En Compa\u00f1\u00eda STJ\",\"description\":\"Bolet\u00edn de la Compa\u00f1\u00eda de Santa Teresa de Jes\u00fas\",\"publisher\":{\"@id\":\"https:\\\/\\\/encompaniastj.org\\\/pt-pt\\\/#organization\"},\"potentialAction\":[{\"@type\":\"SearchAction\",\"target\":{\"@type\":\"EntryPoint\",\"urlTemplate\":\"https:\\\/\\\/encompaniastj.org\\\/pt-pt\\\/?s={search_term_string}\"},\"query-input\":{\"@type\":\"PropertyValueSpecification\",\"valueRequired\":true,\"valueName\":\"search_term_string\"}}],\"inLanguage\":\"pt-PT\"},{\"@type\":\"Organization\",\"@id\":\"https:\\\/\\\/encompaniastj.org\\\/pt-pt\\\/#organization\",\"name\":\"Compa\u00f1\u00eda de Santa Teresa de Jes\u00fas\",\"url\":\"https:\\\/\\\/encompaniastj.org\\\/pt-pt\\\/\",\"logo\":{\"@type\":\"ImageObject\",\"inLanguage\":\"pt-PT\",\"@id\":\"https:\\\/\\\/encompaniastj.org\\\/pt-pt\\\/#\\\/schema\\\/logo\\\/image\\\/\",\"url\":\"https:\\\/\\\/encompaniastj.org\\\/wp-content\\\/uploads\\\/2025\\\/04\\\/logo_provincias02-1-3.png\",\"contentUrl\":\"https:\\\/\\\/encompaniastj.org\\\/wp-content\\\/uploads\\\/2025\\\/04\\\/logo_provincias02-1-3.png\",\"width\":2368,\"height\":825,\"caption\":\"Compa\u00f1\u00eda de Santa Teresa de Jes\u00fas\"},\"image\":{\"@id\":\"https:\\\/\\\/encompaniastj.org\\\/pt-pt\\\/#\\\/schema\\\/logo\\\/image\\\/\"}},{\"@type\":\"Person\",\"@id\":\"https:\\\/\\\/encompaniastj.org\\\/pt-pt\\\/#\\\/schema\\\/person\\\/520e7ecc314793d40091993c2a02b651\",\"name\":\"admin\",\"image\":{\"@type\":\"ImageObject\",\"inLanguage\":\"pt-PT\",\"@id\":\"https:\\\/\\\/secure.gravatar.com\\\/avatar\\\/948b492cce32b586ac2db0eaa926ee87024f7afe218d73b397ea5ddfc5f43ea1?s=96&d=mm&r=g\",\"url\":\"https:\\\/\\\/secure.gravatar.com\\\/avatar\\\/948b492cce32b586ac2db0eaa926ee87024f7afe218d73b397ea5ddfc5f43ea1?s=96&d=mm&r=g\",\"contentUrl\":\"https:\\\/\\\/secure.gravatar.com\\\/avatar\\\/948b492cce32b586ac2db0eaa926ee87024f7afe218d73b397ea5ddfc5f43ea1?s=96&d=mm&r=g\",\"caption\":\"admin\"},\"sameAs\":[\"https:\\\/\\\/encompaniastj.org\"],\"url\":\"https:\\\/\\\/encompaniastj.org\\\/pt-pt\\\/author\\\/sjdigital\\\/\"}]}<\/script>\n<!-- \/ Yoast SEO plugin. -->","yoast_head_json":{"title":"Uma homenagem de vida e entrega \u00e0 Educa\u00e7\u00e3o Teresiana - En Compa\u00f1\u00eda STJ","robots":{"index":"index","follow":"follow","max-snippet":"max-snippet:-1","max-image-preview":"max-image-preview:large","max-video-preview":"max-video-preview:-1"},"canonical":"https:\/\/encompaniastj.org\/pt-pt\/uma-homenagem-de-vida-e-entrega-a-educacao-teresiana\/","og_locale":"pt_PT","og_type":"article","og_title":"Uma homenagem de vida e entrega \u00e0 Educa\u00e7\u00e3o Teresiana - En Compa\u00f1\u00eda STJ","og_description":"J\u00e1 l\u00e1 v\u00e3o 47 anos dedicados \u00e0 Educa\u00e7\u00e3o nas Comunidades Educativas Teresianas, a maior parte, de entrega e dedica\u00e7\u00e3o ao Col\u00e9gio de Santa Teresa de Jesus, em Santo Tirso. No [&hellip;]","og_url":"https:\/\/encompaniastj.org\/pt-pt\/uma-homenagem-de-vida-e-entrega-a-educacao-teresiana\/","og_site_name":"En Compa\u00f1\u00eda STJ","article_published_time":"2021-11-01T19:47:12+00:00","article_modified_time":"2025-07-07T14:22:51+00:00","og_image":[{"width":500,"height":666,"url":"https:\/\/encompaniastj.org\/wp-content\/uploads\/2025\/05\/marques2.jpg","type":"image\/jpeg"}],"author":"admin","twitter_card":"summary_large_image","twitter_misc":{"Escrito por":"admin","Tempo estimado de leitura":"2 minutos"},"schema":{"@context":"https:\/\/schema.org","@graph":[{"@type":"Article","@id":"https:\/\/encompaniastj.org\/pt-pt\/uma-homenagem-de-vida-e-entrega-a-educacao-teresiana\/#article","isPartOf":{"@id":"https:\/\/encompaniastj.org\/pt-pt\/uma-homenagem-de-vida-e-entrega-a-educacao-teresiana\/"},"author":{"name":"admin","@id":"https:\/\/encompaniastj.org\/pt-pt\/#\/schema\/person\/520e7ecc314793d40091993c2a02b651"},"headline":"Uma homenagem de vida e entrega \u00e0 Educa\u00e7\u00e3o Teresiana","datePublished":"2021-11-01T19:47:12+00:00","dateModified":"2025-07-07T14:22:51+00:00","mainEntityOfPage":{"@id":"https:\/\/encompaniastj.org\/pt-pt\/uma-homenagem-de-vida-e-entrega-a-educacao-teresiana\/"},"wordCount":470,"commentCount":0,"publisher":{"@id":"https:\/\/encompaniastj.org\/pt-pt\/#organization"},"image":{"@id":"https:\/\/encompaniastj.org\/pt-pt\/uma-homenagem-de-vida-e-entrega-a-educacao-teresiana\/#primaryimage"},"thumbnailUrl":"https:\/\/encompaniastj.org\/wp-content\/uploads\/2025\/05\/marques2.jpg","articleSection":["Noticias","Outras"],"inLanguage":"pt-PT","potentialAction":[{"@type":"CommentAction","name":"Comment","target":["https:\/\/encompaniastj.org\/pt-pt\/uma-homenagem-de-vida-e-entrega-a-educacao-teresiana\/#respond"]}]},{"@type":"WebPage","@id":"https:\/\/encompaniastj.org\/pt-pt\/uma-homenagem-de-vida-e-entrega-a-educacao-teresiana\/","url":"https:\/\/encompaniastj.org\/pt-pt\/uma-homenagem-de-vida-e-entrega-a-educacao-teresiana\/","name":"Uma homenagem de vida e entrega \u00e0 Educa\u00e7\u00e3o Teresiana - En Compa\u00f1\u00eda STJ","isPartOf":{"@id":"https:\/\/encompaniastj.org\/pt-pt\/#website"},"primaryImageOfPage":{"@id":"https:\/\/encompaniastj.org\/pt-pt\/uma-homenagem-de-vida-e-entrega-a-educacao-teresiana\/#primaryimage"},"image":{"@id":"https:\/\/encompaniastj.org\/pt-pt\/uma-homenagem-de-vida-e-entrega-a-educacao-teresiana\/#primaryimage"},"thumbnailUrl":"https:\/\/encompaniastj.org\/wp-content\/uploads\/2025\/05\/marques2.jpg","datePublished":"2021-11-01T19:47:12+00:00","dateModified":"2025-07-07T14:22:51+00:00","breadcrumb":{"@id":"https:\/\/encompaniastj.org\/pt-pt\/uma-homenagem-de-vida-e-entrega-a-educacao-teresiana\/#breadcrumb"},"inLanguage":"pt-PT","potentialAction":[{"@type":"ReadAction","target":["https:\/\/encompaniastj.org\/pt-pt\/uma-homenagem-de-vida-e-entrega-a-educacao-teresiana\/"]}]},{"@type":"ImageObject","inLanguage":"pt-PT","@id":"https:\/\/encompaniastj.org\/pt-pt\/uma-homenagem-de-vida-e-entrega-a-educacao-teresiana\/#primaryimage","url":"https:\/\/encompaniastj.org\/wp-content\/uploads\/2025\/05\/marques2.jpg","contentUrl":"https:\/\/encompaniastj.org\/wp-content\/uploads\/2025\/05\/marques2.jpg","width":500,"height":666},{"@type":"BreadcrumbList","@id":"https:\/\/encompaniastj.org\/pt-pt\/uma-homenagem-de-vida-e-entrega-a-educacao-teresiana\/#breadcrumb","itemListElement":[{"@type":"ListItem","position":1,"name":"Portada","item":"https:\/\/encompaniastj.org\/pt-pt\/"},{"@type":"ListItem","position":2,"name":"Uma homenagem de vida e entrega \u00e0 Educa\u00e7\u00e3o Teresiana"}]},{"@type":"WebSite","@id":"https:\/\/encompaniastj.org\/pt-pt\/#website","url":"https:\/\/encompaniastj.org\/pt-pt\/","name":"En Compa\u00f1\u00eda STJ","description":"Bolet\u00edn de la Compa\u00f1\u00eda de Santa Teresa de Jes\u00fas","publisher":{"@id":"https:\/\/encompaniastj.org\/pt-pt\/#organization"},"potentialAction":[{"@type":"SearchAction","target":{"@type":"EntryPoint","urlTemplate":"https:\/\/encompaniastj.org\/pt-pt\/?s={search_term_string}"},"query-input":{"@type":"PropertyValueSpecification","valueRequired":true,"valueName":"search_term_string"}}],"inLanguage":"pt-PT"},{"@type":"Organization","@id":"https:\/\/encompaniastj.org\/pt-pt\/#organization","name":"Compa\u00f1\u00eda de Santa Teresa de Jes\u00fas","url":"https:\/\/encompaniastj.org\/pt-pt\/","logo":{"@type":"ImageObject","inLanguage":"pt-PT","@id":"https:\/\/encompaniastj.org\/pt-pt\/#\/schema\/logo\/image\/","url":"https:\/\/encompaniastj.org\/wp-content\/uploads\/2025\/04\/logo_provincias02-1-3.png","contentUrl":"https:\/\/encompaniastj.org\/wp-content\/uploads\/2025\/04\/logo_provincias02-1-3.png","width":2368,"height":825,"caption":"Compa\u00f1\u00eda de Santa Teresa de Jes\u00fas"},"image":{"@id":"https:\/\/encompaniastj.org\/pt-pt\/#\/schema\/logo\/image\/"}},{"@type":"Person","@id":"https:\/\/encompaniastj.org\/pt-pt\/#\/schema\/person\/520e7ecc314793d40091993c2a02b651","name":"admin","image":{"@type":"ImageObject","inLanguage":"pt-PT","@id":"https:\/\/secure.gravatar.com\/avatar\/948b492cce32b586ac2db0eaa926ee87024f7afe218d73b397ea5ddfc5f43ea1?s=96&d=mm&r=g","url":"https:\/\/secure.gravatar.com\/avatar\/948b492cce32b586ac2db0eaa926ee87024f7afe218d73b397ea5ddfc5f43ea1?s=96&d=mm&r=g","contentUrl":"https:\/\/secure.gravatar.com\/avatar\/948b492cce32b586ac2db0eaa926ee87024f7afe218d73b397ea5ddfc5f43ea1?s=96&d=mm&r=g","caption":"admin"},"sameAs":["https:\/\/encompaniastj.org"],"url":"https:\/\/encompaniastj.org\/pt-pt\/author\/sjdigital\/"}]}},"_links":{"self":[{"href":"https:\/\/encompaniastj.org\/pt-pt\/wp-json\/wp\/v2\/posts\/10796","targetHints":{"allow":["GET"]}}],"collection":[{"href":"https:\/\/encompaniastj.org\/pt-pt\/wp-json\/wp\/v2\/posts"}],"about":[{"href":"https:\/\/encompaniastj.org\/pt-pt\/wp-json\/wp\/v2\/types\/post"}],"author":[{"embeddable":true,"href":"https:\/\/encompaniastj.org\/pt-pt\/wp-json\/wp\/v2\/users\/1"}],"replies":[{"embeddable":true,"href":"https:\/\/encompaniastj.org\/pt-pt\/wp-json\/wp\/v2\/comments?post=10796"}],"version-history":[{"count":1,"href":"https:\/\/encompaniastj.org\/pt-pt\/wp-json\/wp\/v2\/posts\/10796\/revisions"}],"predecessor-version":[{"id":10797,"href":"https:\/\/encompaniastj.org\/pt-pt\/wp-json\/wp\/v2\/posts\/10796\/revisions\/10797"}],"wp:featuredmedia":[{"embeddable":true,"href":"https:\/\/encompaniastj.org\/pt-pt\/wp-json\/wp\/v2\/media\/7819"}],"wp:attachment":[{"href":"https:\/\/encompaniastj.org\/pt-pt\/wp-json\/wp\/v2\/media?parent=10796"}],"wp:term":[{"taxonomy":"category","embeddable":true,"href":"https:\/\/encompaniastj.org\/pt-pt\/wp-json\/wp\/v2\/categories?post=10796"},{"taxonomy":"post_tag","embeddable":true,"href":"https:\/\/encompaniastj.org\/pt-pt\/wp-json\/wp\/v2\/tags?post=10796"}],"curies":[{"name":"wp","href":"https:\/\/api.w.org\/{rel}","templated":true}]}}