{"id":10780,"date":"2021-10-05T06:42:27","date_gmt":"2021-10-05T04:42:27","guid":{"rendered":"https:\/\/encompaniastj.org\/25-anos-da-comunidade-do-raval\/"},"modified":"2025-07-07T16:22:50","modified_gmt":"2025-07-07T14:22:50","slug":"25-anos-da-comunidade-do-raval","status":"publish","type":"post","link":"https:\/\/encompaniastj.org\/pt-pt\/25-anos-da-comunidade-do-raval\/","title":{"rendered":"25 anos da Comunidade do Raval"},"content":{"rendered":"<p>Com esse sentido festivo herdado de Santa Teresa, h\u00e1 muito que nos prepar\u00e1vamos com entusiasmo para celebrar as bodas de prata na Comunidade do Raval. Eu, que sou a \u00fanica que fico daquelas que fomos as quatro &#8220;fundadoras&#8221;, em 1996, e com o meu gosto pelo manuseio da caneta, aproveitei o confinamento de 2020 para escrever quatro livros, dois encomendados e dois nascidos de um desejo inato de comunicar. Um deles foi precisamente aquele que espero j\u00e1 tenha chegado a todas as casas e que tamb\u00e9m possa chegar \u00e0s m\u00e3os de muitas de v\u00f3s. \u201cUma janela para o Raval\u201d - que \u00e9 o t\u00edtulo do livro em quest\u00e3o - fala dessa trajet\u00f3ria que tivemos para viver num mundo em constante mudan\u00e7a. E, precisamente por isso, permitiu-nos exercer a \u201citiner\u00e2ncia\u201d, n\u00e3o mudando de lugar, mas mudando a nossa aten\u00e7\u00e3o para o trabalho social, obrigando-nos a viver suspensas dos \u201cSinais dos tempos\u201d.<\/p>\n<p>Foram tr\u00eas as celebra\u00e7\u00f5es destes dias que - apesar de termos acabado esgotadas pelo esfor\u00e7o - valeram a pena e nos proporcionaram uma grande satisfa\u00e7\u00e3o. Das tr\u00eas, farei uma breve cr\u00f3nica e uma pequena reportagem gr\u00e1fica.<\/p>\n<p>&nbsp;<\/p>\n<p style=\"text-align: center;\"><strong>Celebrando os 25 anos com o bairro, na nossa par\u00f3quia do Carmen<\/strong><\/p>\n<p>Aconteceu na quarta-feira, dia 22 de setembro.<\/p>\n<p>\u00c0s 6 da tarde um bom grupo de amigos est\u00e1vamos reunidos na par\u00f3quia preparando um lugar especial numa igreja &#8220;especial&#8221;, pois, como vereis nas fotos, o presbit\u00e9rio foi literalmente &#8220;envolto&#8221; em andaimes e tecido transparente para proteger os restauradores de uma bela igreja modernista necessitada de repara\u00e7\u00e3o.<\/p>\n<p>\u00c0s sete - hora prevista - as pessoas come\u00e7aram a chegar e encheram a igreja de amizade, alegria, apre\u00e7o, gratid\u00e3o e vontade de partilhar. A Comunidade escul\u00e1pia \u2013que \u00e9 a administrada da par\u00f3quia- concelebrou com outros padres amigos. A nossa comunidade, enriquecida pela presen\u00e7a de Ana Royo, uma das fundadoras comigo e a alma de muitos projetos at\u00e9 h\u00e1 quatro anos atr\u00e1s, e outras irm\u00e3s de Barcelona que nos acompanhavam, est\u00e1vamos juntas nuns bancos paralelos aos celebrantes. Ana Ros ofereceu-se para cantar e dirigir os c\u00e2nticos como s\u00f3 ela sabe fazer.<\/p>\n<p>Quando os celebrantes chegaram ao altar, e depois de Ana entoar o canto de entrada, eu fui dirigir algumas palavras de boas-vindas, sauda\u00e7\u00e3o e mem\u00f3ria agradecida por tudo o que vivemos nestes 25 anos, durante as mudan\u00e7as que o bairro foi sofrendo ou gozando. Foram mem\u00f3rias partilhadas com todos os participantes que relembraram connosco momentos fortes na par\u00f3quia e no bairro.<\/p>\n<p>A homilia foi proferida pelo P. Eduardo Pini, o Provincial dos Escul\u00e1pios, que tem estado na par\u00f3quia bastantes anos e era quem celebrava todos os a Missa chamada \u201cComunidade das 8\u201d, \u00e0 qual n\u00f3s pertenc\u00edamos muito ativamente.<\/p>\n<p>A surpresa foi grande, quando, depois de nos dirigir algumas preciosas palavras comentando a palavra de Deus, nos fez colocar a todas as Teresianas que assist\u00edamos - n\u00e3o s\u00f3 a nossa Comunidade - diante do altar voltadas para os fi\u00e9is e prop\u00f4s que quem assim o desejasse, viesse ao micro para lembrar algo ou para agradecer o que nestes anos havia vivido ou recebido.\u00a0 Foi grande a emo\u00e7\u00e3o que sentimos ao ouvir as palavras das pessoas do nosso bairro, vizinhos, imigrantes dos primeiros tempos que j\u00e1 tinham sa\u00eddo do bairro e que agora nos acompanhavam na festa, amigos e conhecidos, relembrando momentos que j\u00e1 t\u00ednhamos esquecido. E que eles agora evocavam com gratid\u00e3o. Foi um momento inesquec\u00edvel que nos ajudou a dar gra\u00e7as a Deus porque est\u00e1vamos convencidas de que devemos tudo \u00c0quele que sempre quis valer-se da comunidade para ajudar todos aqueles que precisavam nalgum momento e n\u00f3s, como teresianas, apenas t\u00ednhamos tentado cumprir o que Santo Henrique de Oss\u00f3 nos pediu: \u201cestar onde mais correm perigo os interesses de Jesus\u201d.<\/p>\n<p>Tamb\u00e9m tivemos grande alegria ao recuperar algumas pessoas afastadas da Igreja que disseram ter-se emocionado depois de anos sem nela entrar e at\u00e9 mesmo voltar a ter um sentimento de reconcilia\u00e7\u00e3o com Deus novamente &#8230;<\/p>\n<p>No final da Eucaristia e depois de Pilar Rodr\u00edguez Briz, como Coordenadora da Comunidade, dirigir algumas palavras de agradecimento, convid\u00e1mos todos os presentes para um c\u00e1lice de vinho para brindar pelos 25 anos no Raval.<\/p>\n<p>Foi o primeiro dos dias de festa que \u00edamos ter naquela semana.<\/p>\n<p><strong>\u00a0<\/strong><\/p>\n<p style=\"text-align: center;\"><strong>Celebrando com os religiosos do Raval os 25 anos <\/strong><\/p>\n<p><strong>\u00a0<\/strong>Uma das grandes riquezas desta comunidade sempre foi o que chamamos de Comunidade de Comunidades: os religiosos que vivemos e trabalh\u00e1mos no bairro - oito comunidades em conjunto, masculinas e femininas \u2013 reunimo-nos desde h\u00e1 muitos anos na \u00faltima sexta-feira do m\u00eas, cada vez num dos andares da comunidade que acolhe, num encontro que consiste numa Eucaristia e um jantar preparado pela comunidade anfitri\u00e3. Foi nestes encontros mensais que se prepararam muitos dos projetos comuns nos quais colabor\u00e1mos. Sem d\u00favida, algo que consideramos de grande valor e que n\u00e3o costuma acontecer nos diversos bairros onde tamb\u00e9m trabalham v\u00e1rias comunidades religiosas.<\/p>\n<p>O encontro come\u00e7ou, como sempre, com uma Eucaristia na sala - onde nos vimos e nos desej\u00e1mos acolher os 27 participantes. Estava preparada para que na hora da homilia, ap\u00f3s as leituras da Palavra, coloc\u00e1ssemos uma montagem visual onde se resumiam os 25 anos, divididos por cinco anos como no livro comemorativo &#8220;Uma janela para o Raval&#8221;, mostrando em cada um deles todas as mudan\u00e7as que vivemos, atendendo aos Sinais dos tempos e, portanto, adaptando-nos \u00e0s necessidades que surgiram. No fim de cada conjunto de cinco anos, a montagem mostrava alguns textos que coment\u00e1mos e que nos levaram a diferentes a\u00e7\u00f5es de gra\u00e7a por parte dos irm\u00e3os que viveram connosco aqueles acontecimentos e participaram nas mesmas lutas ou servi\u00e7os.<\/p>\n<p>Como a maioria de n\u00f3s, nos reconhec\u00edamos naqueles acontecimentos, foi muito comovente e um motivo muito real para agradecer a Deus. As can\u00e7\u00f5es ficaram a cargo - como t\u00ednhamos solicitado antecipadamente - a comunidade dos maristas, criadores do grupo coral Kairoi.<\/p>\n<p>No final, um jantar fraterno que t\u00ednhamos preparado com grande entusiasmo.<\/p>\n<p>Naquela noite, sexta-feira, 24 de setembro, exaustas, mas felizes enquanto coloc\u00e1vamos as cadeiras emprestadas e os demais elementos necess\u00e1rios nos seus lugares, agradec\u00edamos a Deus por um dia que encheu de alegria a todos os presentes. Um dado interessante: os religiosos mais jovens, que n\u00e3o haviam vivido algumas coisas desde o in\u00edcio, ficaram entusiasmados e diziam que nunca imaginaram viver o que tinham vivido na sua fase de forma\u00e7\u00e3o em alguns dos eventos inter-religiosos que mencion\u00e1vamos na montagem.<\/p>\n<p>&nbsp;<\/p>\n<p style=\"text-align: center;\"><strong>Celebrando com as nossas Irm\u00e3s da Companhia de Santa Teresa os 25 anos em Ganduxer<\/strong><\/p>\n<p><strong>\u00a0<\/strong>Naquela que foi para muitos de n\u00f3s &#8220;A Casa Madre&#8221;, t\u00e3o querida a esta Comunidade pela nossa proximidade e pela nossa presen\u00e7a semanal na enfermaria desde h\u00e1 muitos anos, no emblem\u00e1tico edif\u00edcio de Gaud\u00ed, tivemos a terceira e \u00faltima das celebra\u00e7\u00f5es destas Bodas de Prata.<\/p>\n<p>A coincid\u00eancia do funeral de Monsenhor Giner em Tortosa fez com que faltassem algumas das Irm\u00e3s que haviam prometido a sua presen\u00e7a, mas n\u00e3o puderam comparecer.<\/p>\n<p>Os atos foram simples, mas enternecedores porque se tratava de serem as nossas irm\u00e3s que nos acompanhavam agora para dar gra\u00e7as a Deus por tudo o que recebemos nestes anos.<\/p>\n<p>Primeiro, fomos \u00e0 sala dos professores onde pudemos voltar a projetar a montagem dos 25 anos com as mesmas paragens a cada cinco anos para ouvir a Palavra de Deus, a de Teresa e a de Henrique e dar gra\u00e7as ao Senhor.<\/p>\n<p>Depois, na sala de jantar lindamente decorada com bandeiras da Companhia e uma pequena lembran\u00e7a para cada Irm\u00e3, serviram-nos um menu muito bom e, acima de tudo, sentimo-nos acompanhadas pelo mais querido e valorizado: a nossa fam\u00edlia, com quem cant\u00e1mos com entusiasmo \u201cTodas os que militamos\u201d, sentindo essa alegre fraternidade dos nossos encontros.<\/p>\n\n","protected":false},"excerpt":{"rendered":"<p>Com esse sentido festivo herdado de Santa Teresa, h\u00e1 muito que nos prepar\u00e1vamos com entusiasmo para celebrar as bodas de prata na Comunidade do Raval. Eu, que sou a \u00fanica [&hellip;]<\/p>\n","protected":false},"author":1,"featured_media":7810,"comment_status":"open","ping_status":"open","sticky":false,"template":"","format":"standard","meta":{"_acf_changed":false,"footnotes":""},"categories":[61,62,68],"tags":[],"class_list":["post-10780","post","type-post","status-publish","format-standard","has-post-thumbnail","hentry","category-noticias","category-otras","category-outras"],"acf":[],"yoast_head":"<!-- This site is optimized with the Yoast SEO plugin v27.5 - https:\/\/yoast.com\/product\/yoast-seo-wordpress\/ -->\n<title>25 anos da Comunidade do Raval - En Compa\u00f1\u00eda STJ<\/title>\n<meta name=\"robots\" content=\"index, follow, max-snippet:-1, max-image-preview:large, max-video-preview:-1\" \/>\n<link rel=\"canonical\" href=\"https:\/\/encompaniastj.org\/pt-pt\/25-anos-da-comunidade-do-raval\/\" \/>\n<meta property=\"og:locale\" content=\"pt_PT\" \/>\n<meta property=\"og:type\" content=\"article\" \/>\n<meta property=\"og:title\" content=\"25 anos da Comunidade do Raval - En Compa\u00f1\u00eda STJ\" \/>\n<meta property=\"og:description\" content=\"Com esse sentido festivo herdado de Santa Teresa, h\u00e1 muito que nos prepar\u00e1vamos com entusiasmo para celebrar as bodas de prata na Comunidade do Raval. Eu, que sou a \u00fanica [&hellip;]\" \/>\n<meta property=\"og:url\" content=\"https:\/\/encompaniastj.org\/pt-pt\/25-anos-da-comunidade-do-raval\/\" \/>\n<meta property=\"og:site_name\" content=\"En Compa\u00f1\u00eda STJ\" \/>\n<meta property=\"article:published_time\" content=\"2021-10-05T04:42:27+00:00\" \/>\n<meta property=\"article:modified_time\" content=\"2025-07-07T14:22:50+00:00\" \/>\n<meta property=\"og:image\" content=\"https:\/\/encompaniastj.org\/wp-content\/uploads\/2025\/05\/Raval2-1.jpg\" \/>\n\t<meta property=\"og:image:width\" content=\"500\" \/>\n\t<meta property=\"og:image:height\" content=\"281\" \/>\n\t<meta property=\"og:image:type\" content=\"image\/jpeg\" \/>\n<meta name=\"author\" content=\"admin\" \/>\n<meta name=\"twitter:card\" content=\"summary_large_image\" \/>\n<meta name=\"twitter:label1\" content=\"Escrito por\" \/>\n\t<meta name=\"twitter:data1\" content=\"admin\" \/>\n\t<meta name=\"twitter:label2\" content=\"Tempo estimado de leitura\" \/>\n\t<meta name=\"twitter:data2\" content=\"6 minutos\" \/>\n<script type=\"application\/ld+json\" class=\"yoast-schema-graph\">{\"@context\":\"https:\\\/\\\/schema.org\",\"@graph\":[{\"@type\":\"Article\",\"@id\":\"https:\\\/\\\/encompaniastj.org\\\/pt-pt\\\/25-anos-da-comunidade-do-raval\\\/#article\",\"isPartOf\":{\"@id\":\"https:\\\/\\\/encompaniastj.org\\\/pt-pt\\\/25-anos-da-comunidade-do-raval\\\/\"},\"author\":{\"name\":\"admin\",\"@id\":\"https:\\\/\\\/encompaniastj.org\\\/pt-pt\\\/#\\\/schema\\\/person\\\/520e7ecc314793d40091993c2a02b651\"},\"headline\":\"25 anos da Comunidade do Raval\",\"datePublished\":\"2021-10-05T04:42:27+00:00\",\"dateModified\":\"2025-07-07T14:22:50+00:00\",\"mainEntityOfPage\":{\"@id\":\"https:\\\/\\\/encompaniastj.org\\\/pt-pt\\\/25-anos-da-comunidade-do-raval\\\/\"},\"wordCount\":1416,\"commentCount\":0,\"publisher\":{\"@id\":\"https:\\\/\\\/encompaniastj.org\\\/pt-pt\\\/#organization\"},\"image\":{\"@id\":\"https:\\\/\\\/encompaniastj.org\\\/pt-pt\\\/25-anos-da-comunidade-do-raval\\\/#primaryimage\"},\"thumbnailUrl\":\"https:\\\/\\\/encompaniastj.org\\\/wp-content\\\/uploads\\\/2025\\\/05\\\/Raval2-1.jpg\",\"articleSection\":[\"Noticias\",\"Otras\",\"Outras\"],\"inLanguage\":\"pt-PT\",\"potentialAction\":[{\"@type\":\"CommentAction\",\"name\":\"Comment\",\"target\":[\"https:\\\/\\\/encompaniastj.org\\\/pt-pt\\\/25-anos-da-comunidade-do-raval\\\/#respond\"]}]},{\"@type\":\"WebPage\",\"@id\":\"https:\\\/\\\/encompaniastj.org\\\/pt-pt\\\/25-anos-da-comunidade-do-raval\\\/\",\"url\":\"https:\\\/\\\/encompaniastj.org\\\/pt-pt\\\/25-anos-da-comunidade-do-raval\\\/\",\"name\":\"25 anos da Comunidade do Raval - En Compa\u00f1\u00eda STJ\",\"isPartOf\":{\"@id\":\"https:\\\/\\\/encompaniastj.org\\\/pt-pt\\\/#website\"},\"primaryImageOfPage\":{\"@id\":\"https:\\\/\\\/encompaniastj.org\\\/pt-pt\\\/25-anos-da-comunidade-do-raval\\\/#primaryimage\"},\"image\":{\"@id\":\"https:\\\/\\\/encompaniastj.org\\\/pt-pt\\\/25-anos-da-comunidade-do-raval\\\/#primaryimage\"},\"thumbnailUrl\":\"https:\\\/\\\/encompaniastj.org\\\/wp-content\\\/uploads\\\/2025\\\/05\\\/Raval2-1.jpg\",\"datePublished\":\"2021-10-05T04:42:27+00:00\",\"dateModified\":\"2025-07-07T14:22:50+00:00\",\"breadcrumb\":{\"@id\":\"https:\\\/\\\/encompaniastj.org\\\/pt-pt\\\/25-anos-da-comunidade-do-raval\\\/#breadcrumb\"},\"inLanguage\":\"pt-PT\",\"potentialAction\":[{\"@type\":\"ReadAction\",\"target\":[\"https:\\\/\\\/encompaniastj.org\\\/pt-pt\\\/25-anos-da-comunidade-do-raval\\\/\"]}]},{\"@type\":\"ImageObject\",\"inLanguage\":\"pt-PT\",\"@id\":\"https:\\\/\\\/encompaniastj.org\\\/pt-pt\\\/25-anos-da-comunidade-do-raval\\\/#primaryimage\",\"url\":\"https:\\\/\\\/encompaniastj.org\\\/wp-content\\\/uploads\\\/2025\\\/05\\\/Raval2-1.jpg\",\"contentUrl\":\"https:\\\/\\\/encompaniastj.org\\\/wp-content\\\/uploads\\\/2025\\\/05\\\/Raval2-1.jpg\",\"width\":500,\"height\":281},{\"@type\":\"BreadcrumbList\",\"@id\":\"https:\\\/\\\/encompaniastj.org\\\/pt-pt\\\/25-anos-da-comunidade-do-raval\\\/#breadcrumb\",\"itemListElement\":[{\"@type\":\"ListItem\",\"position\":1,\"name\":\"Portada\",\"item\":\"https:\\\/\\\/encompaniastj.org\\\/pt-pt\\\/\"},{\"@type\":\"ListItem\",\"position\":2,\"name\":\"25 anos da Comunidade do Raval\"}]},{\"@type\":\"WebSite\",\"@id\":\"https:\\\/\\\/encompaniastj.org\\\/pt-pt\\\/#website\",\"url\":\"https:\\\/\\\/encompaniastj.org\\\/pt-pt\\\/\",\"name\":\"En Compa\u00f1\u00eda STJ\",\"description\":\"Bolet\u00edn de la Compa\u00f1\u00eda de Santa Teresa de Jes\u00fas\",\"publisher\":{\"@id\":\"https:\\\/\\\/encompaniastj.org\\\/pt-pt\\\/#organization\"},\"potentialAction\":[{\"@type\":\"SearchAction\",\"target\":{\"@type\":\"EntryPoint\",\"urlTemplate\":\"https:\\\/\\\/encompaniastj.org\\\/pt-pt\\\/?s={search_term_string}\"},\"query-input\":{\"@type\":\"PropertyValueSpecification\",\"valueRequired\":true,\"valueName\":\"search_term_string\"}}],\"inLanguage\":\"pt-PT\"},{\"@type\":\"Organization\",\"@id\":\"https:\\\/\\\/encompaniastj.org\\\/pt-pt\\\/#organization\",\"name\":\"Compa\u00f1\u00eda de Santa Teresa de Jes\u00fas\",\"url\":\"https:\\\/\\\/encompaniastj.org\\\/pt-pt\\\/\",\"logo\":{\"@type\":\"ImageObject\",\"inLanguage\":\"pt-PT\",\"@id\":\"https:\\\/\\\/encompaniastj.org\\\/pt-pt\\\/#\\\/schema\\\/logo\\\/image\\\/\",\"url\":\"https:\\\/\\\/encompaniastj.org\\\/wp-content\\\/uploads\\\/2025\\\/04\\\/logo_provincias02-1-3.png\",\"contentUrl\":\"https:\\\/\\\/encompaniastj.org\\\/wp-content\\\/uploads\\\/2025\\\/04\\\/logo_provincias02-1-3.png\",\"width\":2368,\"height\":825,\"caption\":\"Compa\u00f1\u00eda de Santa Teresa de Jes\u00fas\"},\"image\":{\"@id\":\"https:\\\/\\\/encompaniastj.org\\\/pt-pt\\\/#\\\/schema\\\/logo\\\/image\\\/\"}},{\"@type\":\"Person\",\"@id\":\"https:\\\/\\\/encompaniastj.org\\\/pt-pt\\\/#\\\/schema\\\/person\\\/520e7ecc314793d40091993c2a02b651\",\"name\":\"admin\",\"image\":{\"@type\":\"ImageObject\",\"inLanguage\":\"pt-PT\",\"@id\":\"https:\\\/\\\/secure.gravatar.com\\\/avatar\\\/948b492cce32b586ac2db0eaa926ee87024f7afe218d73b397ea5ddfc5f43ea1?s=96&d=mm&r=g\",\"url\":\"https:\\\/\\\/secure.gravatar.com\\\/avatar\\\/948b492cce32b586ac2db0eaa926ee87024f7afe218d73b397ea5ddfc5f43ea1?s=96&d=mm&r=g\",\"contentUrl\":\"https:\\\/\\\/secure.gravatar.com\\\/avatar\\\/948b492cce32b586ac2db0eaa926ee87024f7afe218d73b397ea5ddfc5f43ea1?s=96&d=mm&r=g\",\"caption\":\"admin\"},\"sameAs\":[\"https:\\\/\\\/encompaniastj.org\"],\"url\":\"https:\\\/\\\/encompaniastj.org\\\/pt-pt\\\/author\\\/sjdigital\\\/\"}]}<\/script>\n<!-- \/ Yoast SEO plugin. -->","yoast_head_json":{"title":"25 anos da Comunidade do Raval - En Compa\u00f1\u00eda STJ","robots":{"index":"index","follow":"follow","max-snippet":"max-snippet:-1","max-image-preview":"max-image-preview:large","max-video-preview":"max-video-preview:-1"},"canonical":"https:\/\/encompaniastj.org\/pt-pt\/25-anos-da-comunidade-do-raval\/","og_locale":"pt_PT","og_type":"article","og_title":"25 anos da Comunidade do Raval - En Compa\u00f1\u00eda STJ","og_description":"Com esse sentido festivo herdado de Santa Teresa, h\u00e1 muito que nos prepar\u00e1vamos com entusiasmo para celebrar as bodas de prata na Comunidade do Raval. Eu, que sou a \u00fanica [&hellip;]","og_url":"https:\/\/encompaniastj.org\/pt-pt\/25-anos-da-comunidade-do-raval\/","og_site_name":"En Compa\u00f1\u00eda STJ","article_published_time":"2021-10-05T04:42:27+00:00","article_modified_time":"2025-07-07T14:22:50+00:00","og_image":[{"width":500,"height":281,"url":"https:\/\/encompaniastj.org\/wp-content\/uploads\/2025\/05\/Raval2-1.jpg","type":"image\/jpeg"}],"author":"admin","twitter_card":"summary_large_image","twitter_misc":{"Escrito por":"admin","Tempo estimado de leitura":"6 minutos"},"schema":{"@context":"https:\/\/schema.org","@graph":[{"@type":"Article","@id":"https:\/\/encompaniastj.org\/pt-pt\/25-anos-da-comunidade-do-raval\/#article","isPartOf":{"@id":"https:\/\/encompaniastj.org\/pt-pt\/25-anos-da-comunidade-do-raval\/"},"author":{"name":"admin","@id":"https:\/\/encompaniastj.org\/pt-pt\/#\/schema\/person\/520e7ecc314793d40091993c2a02b651"},"headline":"25 anos da Comunidade do Raval","datePublished":"2021-10-05T04:42:27+00:00","dateModified":"2025-07-07T14:22:50+00:00","mainEntityOfPage":{"@id":"https:\/\/encompaniastj.org\/pt-pt\/25-anos-da-comunidade-do-raval\/"},"wordCount":1416,"commentCount":0,"publisher":{"@id":"https:\/\/encompaniastj.org\/pt-pt\/#organization"},"image":{"@id":"https:\/\/encompaniastj.org\/pt-pt\/25-anos-da-comunidade-do-raval\/#primaryimage"},"thumbnailUrl":"https:\/\/encompaniastj.org\/wp-content\/uploads\/2025\/05\/Raval2-1.jpg","articleSection":["Noticias","Otras","Outras"],"inLanguage":"pt-PT","potentialAction":[{"@type":"CommentAction","name":"Comment","target":["https:\/\/encompaniastj.org\/pt-pt\/25-anos-da-comunidade-do-raval\/#respond"]}]},{"@type":"WebPage","@id":"https:\/\/encompaniastj.org\/pt-pt\/25-anos-da-comunidade-do-raval\/","url":"https:\/\/encompaniastj.org\/pt-pt\/25-anos-da-comunidade-do-raval\/","name":"25 anos da Comunidade do Raval - En Compa\u00f1\u00eda STJ","isPartOf":{"@id":"https:\/\/encompaniastj.org\/pt-pt\/#website"},"primaryImageOfPage":{"@id":"https:\/\/encompaniastj.org\/pt-pt\/25-anos-da-comunidade-do-raval\/#primaryimage"},"image":{"@id":"https:\/\/encompaniastj.org\/pt-pt\/25-anos-da-comunidade-do-raval\/#primaryimage"},"thumbnailUrl":"https:\/\/encompaniastj.org\/wp-content\/uploads\/2025\/05\/Raval2-1.jpg","datePublished":"2021-10-05T04:42:27+00:00","dateModified":"2025-07-07T14:22:50+00:00","breadcrumb":{"@id":"https:\/\/encompaniastj.org\/pt-pt\/25-anos-da-comunidade-do-raval\/#breadcrumb"},"inLanguage":"pt-PT","potentialAction":[{"@type":"ReadAction","target":["https:\/\/encompaniastj.org\/pt-pt\/25-anos-da-comunidade-do-raval\/"]}]},{"@type":"ImageObject","inLanguage":"pt-PT","@id":"https:\/\/encompaniastj.org\/pt-pt\/25-anos-da-comunidade-do-raval\/#primaryimage","url":"https:\/\/encompaniastj.org\/wp-content\/uploads\/2025\/05\/Raval2-1.jpg","contentUrl":"https:\/\/encompaniastj.org\/wp-content\/uploads\/2025\/05\/Raval2-1.jpg","width":500,"height":281},{"@type":"BreadcrumbList","@id":"https:\/\/encompaniastj.org\/pt-pt\/25-anos-da-comunidade-do-raval\/#breadcrumb","itemListElement":[{"@type":"ListItem","position":1,"name":"Portada","item":"https:\/\/encompaniastj.org\/pt-pt\/"},{"@type":"ListItem","position":2,"name":"25 anos da Comunidade do Raval"}]},{"@type":"WebSite","@id":"https:\/\/encompaniastj.org\/pt-pt\/#website","url":"https:\/\/encompaniastj.org\/pt-pt\/","name":"En Compa\u00f1\u00eda STJ","description":"Bolet\u00edn de la Compa\u00f1\u00eda de Santa Teresa de Jes\u00fas","publisher":{"@id":"https:\/\/encompaniastj.org\/pt-pt\/#organization"},"potentialAction":[{"@type":"SearchAction","target":{"@type":"EntryPoint","urlTemplate":"https:\/\/encompaniastj.org\/pt-pt\/?s={search_term_string}"},"query-input":{"@type":"PropertyValueSpecification","valueRequired":true,"valueName":"search_term_string"}}],"inLanguage":"pt-PT"},{"@type":"Organization","@id":"https:\/\/encompaniastj.org\/pt-pt\/#organization","name":"Compa\u00f1\u00eda de Santa Teresa de Jes\u00fas","url":"https:\/\/encompaniastj.org\/pt-pt\/","logo":{"@type":"ImageObject","inLanguage":"pt-PT","@id":"https:\/\/encompaniastj.org\/pt-pt\/#\/schema\/logo\/image\/","url":"https:\/\/encompaniastj.org\/wp-content\/uploads\/2025\/04\/logo_provincias02-1-3.png","contentUrl":"https:\/\/encompaniastj.org\/wp-content\/uploads\/2025\/04\/logo_provincias02-1-3.png","width":2368,"height":825,"caption":"Compa\u00f1\u00eda de Santa Teresa de Jes\u00fas"},"image":{"@id":"https:\/\/encompaniastj.org\/pt-pt\/#\/schema\/logo\/image\/"}},{"@type":"Person","@id":"https:\/\/encompaniastj.org\/pt-pt\/#\/schema\/person\/520e7ecc314793d40091993c2a02b651","name":"admin","image":{"@type":"ImageObject","inLanguage":"pt-PT","@id":"https:\/\/secure.gravatar.com\/avatar\/948b492cce32b586ac2db0eaa926ee87024f7afe218d73b397ea5ddfc5f43ea1?s=96&d=mm&r=g","url":"https:\/\/secure.gravatar.com\/avatar\/948b492cce32b586ac2db0eaa926ee87024f7afe218d73b397ea5ddfc5f43ea1?s=96&d=mm&r=g","contentUrl":"https:\/\/secure.gravatar.com\/avatar\/948b492cce32b586ac2db0eaa926ee87024f7afe218d73b397ea5ddfc5f43ea1?s=96&d=mm&r=g","caption":"admin"},"sameAs":["https:\/\/encompaniastj.org"],"url":"https:\/\/encompaniastj.org\/pt-pt\/author\/sjdigital\/"}]}},"_links":{"self":[{"href":"https:\/\/encompaniastj.org\/pt-pt\/wp-json\/wp\/v2\/posts\/10780","targetHints":{"allow":["GET"]}}],"collection":[{"href":"https:\/\/encompaniastj.org\/pt-pt\/wp-json\/wp\/v2\/posts"}],"about":[{"href":"https:\/\/encompaniastj.org\/pt-pt\/wp-json\/wp\/v2\/types\/post"}],"author":[{"embeddable":true,"href":"https:\/\/encompaniastj.org\/pt-pt\/wp-json\/wp\/v2\/users\/1"}],"replies":[{"embeddable":true,"href":"https:\/\/encompaniastj.org\/pt-pt\/wp-json\/wp\/v2\/comments?post=10780"}],"version-history":[{"count":1,"href":"https:\/\/encompaniastj.org\/pt-pt\/wp-json\/wp\/v2\/posts\/10780\/revisions"}],"predecessor-version":[{"id":10781,"href":"https:\/\/encompaniastj.org\/pt-pt\/wp-json\/wp\/v2\/posts\/10780\/revisions\/10781"}],"wp:featuredmedia":[{"embeddable":true,"href":"https:\/\/encompaniastj.org\/pt-pt\/wp-json\/wp\/v2\/media\/7810"}],"wp:attachment":[{"href":"https:\/\/encompaniastj.org\/pt-pt\/wp-json\/wp\/v2\/media?parent=10780"}],"wp:term":[{"taxonomy":"category","embeddable":true,"href":"https:\/\/encompaniastj.org\/pt-pt\/wp-json\/wp\/v2\/categories?post=10780"},{"taxonomy":"post_tag","embeddable":true,"href":"https:\/\/encompaniastj.org\/pt-pt\/wp-json\/wp\/v2\/tags?post=10780"}],"curies":[{"name":"wp","href":"https:\/\/api.w.org\/{rel}","templated":true}]}}