{"id":10772,"date":"2021-10-22T06:28:38","date_gmt":"2021-10-22T04:28:38","guid":{"rendered":"https:\/\/encompaniastj.org\/a-companhia-e-centenaria-nas-asturias\/"},"modified":"2025-07-07T16:22:49","modified_gmt":"2025-07-07T14:22:49","slug":"a-companhia-e-centenaria-nas-asturias","status":"publish","type":"post","link":"https:\/\/encompaniastj.org\/pt-pt\/a-companhia-e-centenaria-nas-asturias\/","title":{"rendered":"A Companhia \u00e9 centen\u00e1ria nas Ast\u00farias"},"content":{"rendered":"<p>No dia 13 de outubro, a catedral metropolitana de Oviedo celebrou os seus 1200 anos de exist\u00eancia. No dia 15 de outubro, comemor\u00e1mos os 101 anos de presen\u00e7a da Companhia nas Ast\u00farias.<\/p>\n<p>No m\u00eas de maio de 1920, as primeiras Irm\u00e3s chegaram a Oviedo. E no 1\u00ba dia de outubro do mesmo ano, as aulas come\u00e7aram com um pequeno grupo de alunos. Cem anos depois, viv\u00edamos em confinamento e momentos complicados da pandemia, com elevado n\u00famero de infe\u00e7\u00f5es e medidas bastante restritivas. Tudo isso trouxe consigo a necessidade de adiar as comemora\u00e7\u00f5es e mant\u00ea-las simples. Em 2020 houve apenas uma celebra\u00e7\u00e3o, foi comunit\u00e1ria e com o Sr. Arcebispo, D. Jes\u00fas Sanz Montes, que juntamente com o nosso capel\u00e3o, D. Jos\u00e9 M\u00aa Hevia, estiveram connosco na Eucaristia e almo\u00e7o no dia 15 de outubro.<\/p>\n<p>O ano de 1920 tamb\u00e9m n\u00e3o foi f\u00e1cil e as Irm\u00e3s viveram com austeridade, tendo a falta de muitas coisas. No in\u00edcio, ficaram com as senhoras catequistas at\u00e9 que puderam alugar uma casa na R\/ Rosal. Voltaram, novamente com elas em 1937, quando, como resultado dos bombardeamentos, o col\u00e9gio estava em muito mau estado.<\/p>\n<p>Uns come\u00e7os agoirentos como foram os de muitas funda\u00e7\u00f5es e porque tinha de se cumprir a m\u00e1xima teresiana: <em>os princ\u00edpios s\u00e3o sempre dolorosos.<\/em><\/p>\n<p>Voltando algumas linhas mais acima, podemos perguntar-nos que sentido damos a celebrar mil\u00e9nios e centen\u00e1rios. A nossa vida \u00e9 mais ef\u00e9mera. Somos um momento curto de um tempo longo. Acrescentamos algo a uma hist\u00f3ria muito mais longa. Somos elos de uma corrente. De uma hist\u00f3ria cheia de acontecimentos e que tem luzes e sombras, alegrias e dores.<\/p>\n<p>Na Eucaristia do dia 15 deste ano, as \u00faltimas Damas Catequistas acompanharam-nos porque agora v\u00e3o sair das Ast\u00farias e se interrogavam. Estiveram presentes, deram-nos as boas-vindas, encerraram uma etapa do caminho. N\u00f3s continuamos, por quanto tempo, como no resto de nossa geografia hisp\u00e2nica? H\u00e1 muitos anos fech\u00e1mos a funda\u00e7\u00e3o de Luarca, estivemos em Mieres durante 23 anos. Demos o nosso contributo na Faculdade P. Oss\u00f3, na dire\u00e7\u00e3o e dando aulas aos futuros professores. E agora, em Oviedo, somos uma resid\u00eancia para idosos.<\/p>\n<p>Ent\u00e3o, novamente a pergunta: o que celebramos? Colocar todo o nosso empenho na miss\u00e3o recebida de Henrique de Oss\u00f3: Ser outras Teresa de Jesus, ensinar a amar e a conhecer Jesus.<\/p>\n<p>Hoje, no col\u00e9gio s\u00f3 est\u00e1 presente uma irm\u00e3. \u00c9 a nossa realidade atual, em decl\u00ednio. Certamente, neste momento, a pergunta de todas \u00e9 como ser o fermento na massa, como dar testemunho do Reino na passagem dos anos, as idades avan\u00e7adas, a redu\u00e7\u00e3o do n\u00famero de pessoas para realizar tantos projetos.<\/p>\n<p>O que \u00e9 que os participantes comemoraram na sexta-feira, dia 15, na catedral?<\/p>\n<p>Eles assistiram a um belo concerto dirigido por David Colado Coronas, Diretor da banda de m\u00fasica Cidade de Oviedo e professor do Col\u00e9gio. Participaram o Coro Centen\u00e1rio da Fam\u00edlia Teresiana de Oviedo e a Banda Sinf\u00f3nica Juvenil do Principado das Ast\u00farias. O programa foi cuidadosamente escolhido:<\/p>\n<p>Baba Yetu (Pai Nosso), Cristopher Tin, BSJPA<\/p>\n<p>Kyrie (Missa Gospel), Jacob de Has\u00e1n, Coro e BSJPA<\/p>\n<p>Pacen, Lee Dengler, Coro<\/p>\n<p>Sanctus (Missa Gospel), Jacob de Haan, Coro e BSJPA<\/p>\n<p>Hallelujah, Leonard Cohen, Coro e BSJPA<\/p>\n<p>e participaram de uma celebra\u00e7\u00e3o eucar\u00edstica presidida pelo capel\u00e3o da escola e da comunidade, Jos\u00e9 M\u00aa Hevia. Ele estava acompanhado pelo nosso p\u00e1roco, Jos\u00e9 Em\u00edlio D\u00edaz, Sim\u00f3n Cortina Hevia, presidente do Congresso diocesano e diretor do Codema de Gij\u00f3n e com sentido de pluralidade eclesial, estava tamb\u00e9m o di\u00e1cono Art\u00e9mio, respons\u00e1vel pelo Catecumenato de adultos e eleitos para participar desta festa porque \u00e9 de \u00c1vila e acenar com a cabe\u00e7a para a terra do Santo.<\/p>\n<p>Havia muitos alunos menores de dez anos que formavam o coro que cantava na Eucaristia. Fizeram com for\u00e7a de vontade, mostrando toda a energia que os caracteriza neste momento. O que \u00e9 cem anos para eles? Com realismo, algo dif\u00edcil de imaginar, eles se divertiram, participaram e se sentiram protagonistas.<\/p>\n<p>Estava todo o corpo docente atual, muitos aposentados, pais de alunos, ex-alunos, pais de ex-alunos. Em cada caso, as experi\u00eancias e mem\u00f3rias s\u00e3o diferentes. A gratid\u00e3o expressa por um jovem de vinte anos n\u00e3o tem nada a ver com a de um oitenta.<\/p>\n<p>Nestes dias, muitos lembraram-se da sua passagem pelo col\u00e9gio teresiano, publicando artigos em dois jornais regionais de grande circula\u00e7\u00e3o, La Nueva Espa\u00f1a e El Comercio. As mem\u00f3rias est\u00e3o sempre ligadas a pessoas espec\u00edficas que deixaram a sua marca nas nossas vidas. Houve quem a tenha deixado como professor maravilhoso e competente, quem o fez pelo seu acolhimento, sorriso r\u00e1pido e compreens\u00e3o, houve quem fosse capaz de um testemunho claro e contagiante do Reino. Tudo isso faz parte da hist\u00f3ria destes 101 anos.<\/p>\n<p><em>Devemos ser alicerce para os que h\u00e3o-de vir, <\/em>escreveu Teresa de Jes\u00fas. Hoje \u00e9 hora de continuar fazendo esse trabalho. A atual Diretora Geral, Beatriz Fl\u00f3rez, dirigiu algumas palavras no final da Eucaristia e expressou que a presen\u00e7a teresiana continuar\u00e1 por muito tempo em Oviedo. \u00c9 um desafio. Quem segue o testemunho?<\/p>\n<p>Depois desta pergunta, apenas narrar como final que os professores e mais algumas pessoas, de capacidade muito limitada, encerr\u00e1mos o encontro com um vinho espanhol.<\/p>\n<p>A tarde toda foi uma celebra\u00e7\u00e3o da vida, do empenho de um homem, Henrique de Oss\u00f3, e de algumas mulheres que acreditaram e que acreditamos no seu projeto. A FT continua a ser chamada a ser testemunha de Jesus no estilo de Henrique e Teresa, nesta terra de mar e mina, de vendaval e acampamento de fogo, de gente lutadora e dura, c\u00e9tica, aberta e cosmopolita, hospitaleira e cr\u00edtica. Gente que descobriu Teresa de Jesus e Henrique de Oss\u00f3 mais profundamente com a sua dedica\u00e7\u00e3o, amor e firme convic\u00e7\u00e3o da import\u00e2ncia da educa\u00e7\u00e3o de tantas Teresianas que aqui deixaram a sua marca. Obrigada a todos.<\/p>\n","protected":false},"excerpt":{"rendered":"<p>No dia 13 de outubro, a catedral metropolitana de Oviedo celebrou os seus 1200 anos de exist\u00eancia. No dia 15 de outubro, comemor\u00e1mos os 101 anos de presen\u00e7a da Companhia [&hellip;]<\/p>\n","protected":false},"author":1,"featured_media":7808,"comment_status":"open","ping_status":"open","sticky":false,"template":"","format":"standard","meta":{"_acf_changed":false,"footnotes":""},"categories":[61,62,68],"tags":[],"class_list":["post-10772","post","type-post","status-publish","format-standard","has-post-thumbnail","hentry","category-noticias","category-otras","category-outras"],"acf":[],"yoast_head":"<!-- This site is optimized with the Yoast SEO plugin v27.5 - https:\/\/yoast.com\/product\/yoast-seo-wordpress\/ -->\n<title>A Companhia \u00e9 centen\u00e1ria nas Ast\u00farias - En Compa\u00f1\u00eda STJ<\/title>\n<meta name=\"robots\" content=\"index, follow, max-snippet:-1, max-image-preview:large, max-video-preview:-1\" \/>\n<link rel=\"canonical\" href=\"https:\/\/encompaniastj.org\/pt-pt\/a-companhia-e-centenaria-nas-asturias\/\" \/>\n<meta property=\"og:locale\" content=\"pt_PT\" \/>\n<meta property=\"og:type\" content=\"article\" \/>\n<meta property=\"og:title\" content=\"A Companhia \u00e9 centen\u00e1ria nas Ast\u00farias - En Compa\u00f1\u00eda STJ\" \/>\n<meta property=\"og:description\" content=\"No dia 13 de outubro, a catedral metropolitana de Oviedo celebrou os seus 1200 anos de exist\u00eancia. No dia 15 de outubro, comemor\u00e1mos os 101 anos de presen\u00e7a da Companhia [&hellip;]\" \/>\n<meta property=\"og:url\" content=\"https:\/\/encompaniastj.org\/pt-pt\/a-companhia-e-centenaria-nas-asturias\/\" \/>\n<meta property=\"og:site_name\" content=\"En Compa\u00f1\u00eda STJ\" \/>\n<meta property=\"article:published_time\" content=\"2021-10-22T04:28:38+00:00\" \/>\n<meta property=\"article:modified_time\" content=\"2025-07-07T14:22:49+00:00\" \/>\n<meta property=\"og:image\" content=\"https:\/\/encompaniastj.org\/wp-content\/uploads\/2025\/05\/logo_centenario_final.jpg\" \/>\n\t<meta property=\"og:image:width\" content=\"500\" \/>\n\t<meta property=\"og:image:height\" content=\"414\" \/>\n\t<meta property=\"og:image:type\" content=\"image\/jpeg\" \/>\n<meta name=\"author\" content=\"admin\" \/>\n<meta name=\"twitter:card\" content=\"summary_large_image\" \/>\n<meta name=\"twitter:label1\" content=\"Escrito por\" \/>\n\t<meta name=\"twitter:data1\" content=\"admin\" \/>\n\t<meta name=\"twitter:label2\" content=\"Tempo estimado de leitura\" \/>\n\t<meta name=\"twitter:data2\" content=\"5 minutos\" \/>\n<script type=\"application\/ld+json\" class=\"yoast-schema-graph\">{\"@context\":\"https:\\\/\\\/schema.org\",\"@graph\":[{\"@type\":\"Article\",\"@id\":\"https:\\\/\\\/encompaniastj.org\\\/pt-pt\\\/a-companhia-e-centenaria-nas-asturias\\\/#article\",\"isPartOf\":{\"@id\":\"https:\\\/\\\/encompaniastj.org\\\/pt-pt\\\/a-companhia-e-centenaria-nas-asturias\\\/\"},\"author\":{\"name\":\"admin\",\"@id\":\"https:\\\/\\\/encompaniastj.org\\\/pt-pt\\\/#\\\/schema\\\/person\\\/520e7ecc314793d40091993c2a02b651\"},\"headline\":\"A Companhia \u00e9 centen\u00e1ria nas Ast\u00farias\",\"datePublished\":\"2021-10-22T04:28:38+00:00\",\"dateModified\":\"2025-07-07T14:22:49+00:00\",\"mainEntityOfPage\":{\"@id\":\"https:\\\/\\\/encompaniastj.org\\\/pt-pt\\\/a-companhia-e-centenaria-nas-asturias\\\/\"},\"wordCount\":1038,\"commentCount\":0,\"publisher\":{\"@id\":\"https:\\\/\\\/encompaniastj.org\\\/pt-pt\\\/#organization\"},\"image\":{\"@id\":\"https:\\\/\\\/encompaniastj.org\\\/pt-pt\\\/a-companhia-e-centenaria-nas-asturias\\\/#primaryimage\"},\"thumbnailUrl\":\"https:\\\/\\\/encompaniastj.org\\\/wp-content\\\/uploads\\\/2025\\\/05\\\/logo_centenario_final.jpg\",\"articleSection\":[\"Noticias\",\"Otras\",\"Outras\"],\"inLanguage\":\"pt-PT\",\"potentialAction\":[{\"@type\":\"CommentAction\",\"name\":\"Comment\",\"target\":[\"https:\\\/\\\/encompaniastj.org\\\/pt-pt\\\/a-companhia-e-centenaria-nas-asturias\\\/#respond\"]}]},{\"@type\":\"WebPage\",\"@id\":\"https:\\\/\\\/encompaniastj.org\\\/pt-pt\\\/a-companhia-e-centenaria-nas-asturias\\\/\",\"url\":\"https:\\\/\\\/encompaniastj.org\\\/pt-pt\\\/a-companhia-e-centenaria-nas-asturias\\\/\",\"name\":\"A Companhia \u00e9 centen\u00e1ria nas Ast\u00farias - En Compa\u00f1\u00eda STJ\",\"isPartOf\":{\"@id\":\"https:\\\/\\\/encompaniastj.org\\\/pt-pt\\\/#website\"},\"primaryImageOfPage\":{\"@id\":\"https:\\\/\\\/encompaniastj.org\\\/pt-pt\\\/a-companhia-e-centenaria-nas-asturias\\\/#primaryimage\"},\"image\":{\"@id\":\"https:\\\/\\\/encompaniastj.org\\\/pt-pt\\\/a-companhia-e-centenaria-nas-asturias\\\/#primaryimage\"},\"thumbnailUrl\":\"https:\\\/\\\/encompaniastj.org\\\/wp-content\\\/uploads\\\/2025\\\/05\\\/logo_centenario_final.jpg\",\"datePublished\":\"2021-10-22T04:28:38+00:00\",\"dateModified\":\"2025-07-07T14:22:49+00:00\",\"breadcrumb\":{\"@id\":\"https:\\\/\\\/encompaniastj.org\\\/pt-pt\\\/a-companhia-e-centenaria-nas-asturias\\\/#breadcrumb\"},\"inLanguage\":\"pt-PT\",\"potentialAction\":[{\"@type\":\"ReadAction\",\"target\":[\"https:\\\/\\\/encompaniastj.org\\\/pt-pt\\\/a-companhia-e-centenaria-nas-asturias\\\/\"]}]},{\"@type\":\"ImageObject\",\"inLanguage\":\"pt-PT\",\"@id\":\"https:\\\/\\\/encompaniastj.org\\\/pt-pt\\\/a-companhia-e-centenaria-nas-asturias\\\/#primaryimage\",\"url\":\"https:\\\/\\\/encompaniastj.org\\\/wp-content\\\/uploads\\\/2025\\\/05\\\/logo_centenario_final.jpg\",\"contentUrl\":\"https:\\\/\\\/encompaniastj.org\\\/wp-content\\\/uploads\\\/2025\\\/05\\\/logo_centenario_final.jpg\",\"width\":500,\"height\":414},{\"@type\":\"BreadcrumbList\",\"@id\":\"https:\\\/\\\/encompaniastj.org\\\/pt-pt\\\/a-companhia-e-centenaria-nas-asturias\\\/#breadcrumb\",\"itemListElement\":[{\"@type\":\"ListItem\",\"position\":1,\"name\":\"Portada\",\"item\":\"https:\\\/\\\/encompaniastj.org\\\/pt-pt\\\/\"},{\"@type\":\"ListItem\",\"position\":2,\"name\":\"A Companhia \u00e9 centen\u00e1ria nas Ast\u00farias\"}]},{\"@type\":\"WebSite\",\"@id\":\"https:\\\/\\\/encompaniastj.org\\\/pt-pt\\\/#website\",\"url\":\"https:\\\/\\\/encompaniastj.org\\\/pt-pt\\\/\",\"name\":\"En Compa\u00f1\u00eda STJ\",\"description\":\"Bolet\u00edn de la Compa\u00f1\u00eda de Santa Teresa de Jes\u00fas\",\"publisher\":{\"@id\":\"https:\\\/\\\/encompaniastj.org\\\/pt-pt\\\/#organization\"},\"potentialAction\":[{\"@type\":\"SearchAction\",\"target\":{\"@type\":\"EntryPoint\",\"urlTemplate\":\"https:\\\/\\\/encompaniastj.org\\\/pt-pt\\\/?s={search_term_string}\"},\"query-input\":{\"@type\":\"PropertyValueSpecification\",\"valueRequired\":true,\"valueName\":\"search_term_string\"}}],\"inLanguage\":\"pt-PT\"},{\"@type\":\"Organization\",\"@id\":\"https:\\\/\\\/encompaniastj.org\\\/pt-pt\\\/#organization\",\"name\":\"Compa\u00f1\u00eda de Santa Teresa de Jes\u00fas\",\"url\":\"https:\\\/\\\/encompaniastj.org\\\/pt-pt\\\/\",\"logo\":{\"@type\":\"ImageObject\",\"inLanguage\":\"pt-PT\",\"@id\":\"https:\\\/\\\/encompaniastj.org\\\/pt-pt\\\/#\\\/schema\\\/logo\\\/image\\\/\",\"url\":\"https:\\\/\\\/encompaniastj.org\\\/wp-content\\\/uploads\\\/2025\\\/04\\\/logo_provincias02-1-3.png\",\"contentUrl\":\"https:\\\/\\\/encompaniastj.org\\\/wp-content\\\/uploads\\\/2025\\\/04\\\/logo_provincias02-1-3.png\",\"width\":2368,\"height\":825,\"caption\":\"Compa\u00f1\u00eda de Santa Teresa de Jes\u00fas\"},\"image\":{\"@id\":\"https:\\\/\\\/encompaniastj.org\\\/pt-pt\\\/#\\\/schema\\\/logo\\\/image\\\/\"}},{\"@type\":\"Person\",\"@id\":\"https:\\\/\\\/encompaniastj.org\\\/pt-pt\\\/#\\\/schema\\\/person\\\/520e7ecc314793d40091993c2a02b651\",\"name\":\"admin\",\"image\":{\"@type\":\"ImageObject\",\"inLanguage\":\"pt-PT\",\"@id\":\"https:\\\/\\\/secure.gravatar.com\\\/avatar\\\/948b492cce32b586ac2db0eaa926ee87024f7afe218d73b397ea5ddfc5f43ea1?s=96&d=mm&r=g\",\"url\":\"https:\\\/\\\/secure.gravatar.com\\\/avatar\\\/948b492cce32b586ac2db0eaa926ee87024f7afe218d73b397ea5ddfc5f43ea1?s=96&d=mm&r=g\",\"contentUrl\":\"https:\\\/\\\/secure.gravatar.com\\\/avatar\\\/948b492cce32b586ac2db0eaa926ee87024f7afe218d73b397ea5ddfc5f43ea1?s=96&d=mm&r=g\",\"caption\":\"admin\"},\"sameAs\":[\"https:\\\/\\\/encompaniastj.org\"],\"url\":\"https:\\\/\\\/encompaniastj.org\\\/pt-pt\\\/author\\\/sjdigital\\\/\"}]}<\/script>\n<!-- \/ Yoast SEO plugin. -->","yoast_head_json":{"title":"A Companhia \u00e9 centen\u00e1ria nas Ast\u00farias - En Compa\u00f1\u00eda STJ","robots":{"index":"index","follow":"follow","max-snippet":"max-snippet:-1","max-image-preview":"max-image-preview:large","max-video-preview":"max-video-preview:-1"},"canonical":"https:\/\/encompaniastj.org\/pt-pt\/a-companhia-e-centenaria-nas-asturias\/","og_locale":"pt_PT","og_type":"article","og_title":"A Companhia \u00e9 centen\u00e1ria nas Ast\u00farias - En Compa\u00f1\u00eda STJ","og_description":"No dia 13 de outubro, a catedral metropolitana de Oviedo celebrou os seus 1200 anos de exist\u00eancia. No dia 15 de outubro, comemor\u00e1mos os 101 anos de presen\u00e7a da Companhia [&hellip;]","og_url":"https:\/\/encompaniastj.org\/pt-pt\/a-companhia-e-centenaria-nas-asturias\/","og_site_name":"En Compa\u00f1\u00eda STJ","article_published_time":"2021-10-22T04:28:38+00:00","article_modified_time":"2025-07-07T14:22:49+00:00","og_image":[{"width":500,"height":414,"url":"https:\/\/encompaniastj.org\/wp-content\/uploads\/2025\/05\/logo_centenario_final.jpg","type":"image\/jpeg"}],"author":"admin","twitter_card":"summary_large_image","twitter_misc":{"Escrito por":"admin","Tempo estimado de leitura":"5 minutos"},"schema":{"@context":"https:\/\/schema.org","@graph":[{"@type":"Article","@id":"https:\/\/encompaniastj.org\/pt-pt\/a-companhia-e-centenaria-nas-asturias\/#article","isPartOf":{"@id":"https:\/\/encompaniastj.org\/pt-pt\/a-companhia-e-centenaria-nas-asturias\/"},"author":{"name":"admin","@id":"https:\/\/encompaniastj.org\/pt-pt\/#\/schema\/person\/520e7ecc314793d40091993c2a02b651"},"headline":"A Companhia \u00e9 centen\u00e1ria nas Ast\u00farias","datePublished":"2021-10-22T04:28:38+00:00","dateModified":"2025-07-07T14:22:49+00:00","mainEntityOfPage":{"@id":"https:\/\/encompaniastj.org\/pt-pt\/a-companhia-e-centenaria-nas-asturias\/"},"wordCount":1038,"commentCount":0,"publisher":{"@id":"https:\/\/encompaniastj.org\/pt-pt\/#organization"},"image":{"@id":"https:\/\/encompaniastj.org\/pt-pt\/a-companhia-e-centenaria-nas-asturias\/#primaryimage"},"thumbnailUrl":"https:\/\/encompaniastj.org\/wp-content\/uploads\/2025\/05\/logo_centenario_final.jpg","articleSection":["Noticias","Otras","Outras"],"inLanguage":"pt-PT","potentialAction":[{"@type":"CommentAction","name":"Comment","target":["https:\/\/encompaniastj.org\/pt-pt\/a-companhia-e-centenaria-nas-asturias\/#respond"]}]},{"@type":"WebPage","@id":"https:\/\/encompaniastj.org\/pt-pt\/a-companhia-e-centenaria-nas-asturias\/","url":"https:\/\/encompaniastj.org\/pt-pt\/a-companhia-e-centenaria-nas-asturias\/","name":"A Companhia \u00e9 centen\u00e1ria nas Ast\u00farias - En Compa\u00f1\u00eda STJ","isPartOf":{"@id":"https:\/\/encompaniastj.org\/pt-pt\/#website"},"primaryImageOfPage":{"@id":"https:\/\/encompaniastj.org\/pt-pt\/a-companhia-e-centenaria-nas-asturias\/#primaryimage"},"image":{"@id":"https:\/\/encompaniastj.org\/pt-pt\/a-companhia-e-centenaria-nas-asturias\/#primaryimage"},"thumbnailUrl":"https:\/\/encompaniastj.org\/wp-content\/uploads\/2025\/05\/logo_centenario_final.jpg","datePublished":"2021-10-22T04:28:38+00:00","dateModified":"2025-07-07T14:22:49+00:00","breadcrumb":{"@id":"https:\/\/encompaniastj.org\/pt-pt\/a-companhia-e-centenaria-nas-asturias\/#breadcrumb"},"inLanguage":"pt-PT","potentialAction":[{"@type":"ReadAction","target":["https:\/\/encompaniastj.org\/pt-pt\/a-companhia-e-centenaria-nas-asturias\/"]}]},{"@type":"ImageObject","inLanguage":"pt-PT","@id":"https:\/\/encompaniastj.org\/pt-pt\/a-companhia-e-centenaria-nas-asturias\/#primaryimage","url":"https:\/\/encompaniastj.org\/wp-content\/uploads\/2025\/05\/logo_centenario_final.jpg","contentUrl":"https:\/\/encompaniastj.org\/wp-content\/uploads\/2025\/05\/logo_centenario_final.jpg","width":500,"height":414},{"@type":"BreadcrumbList","@id":"https:\/\/encompaniastj.org\/pt-pt\/a-companhia-e-centenaria-nas-asturias\/#breadcrumb","itemListElement":[{"@type":"ListItem","position":1,"name":"Portada","item":"https:\/\/encompaniastj.org\/pt-pt\/"},{"@type":"ListItem","position":2,"name":"A Companhia \u00e9 centen\u00e1ria nas Ast\u00farias"}]},{"@type":"WebSite","@id":"https:\/\/encompaniastj.org\/pt-pt\/#website","url":"https:\/\/encompaniastj.org\/pt-pt\/","name":"En Compa\u00f1\u00eda STJ","description":"Bolet\u00edn de la Compa\u00f1\u00eda de Santa Teresa de Jes\u00fas","publisher":{"@id":"https:\/\/encompaniastj.org\/pt-pt\/#organization"},"potentialAction":[{"@type":"SearchAction","target":{"@type":"EntryPoint","urlTemplate":"https:\/\/encompaniastj.org\/pt-pt\/?s={search_term_string}"},"query-input":{"@type":"PropertyValueSpecification","valueRequired":true,"valueName":"search_term_string"}}],"inLanguage":"pt-PT"},{"@type":"Organization","@id":"https:\/\/encompaniastj.org\/pt-pt\/#organization","name":"Compa\u00f1\u00eda de Santa Teresa de Jes\u00fas","url":"https:\/\/encompaniastj.org\/pt-pt\/","logo":{"@type":"ImageObject","inLanguage":"pt-PT","@id":"https:\/\/encompaniastj.org\/pt-pt\/#\/schema\/logo\/image\/","url":"https:\/\/encompaniastj.org\/wp-content\/uploads\/2025\/04\/logo_provincias02-1-3.png","contentUrl":"https:\/\/encompaniastj.org\/wp-content\/uploads\/2025\/04\/logo_provincias02-1-3.png","width":2368,"height":825,"caption":"Compa\u00f1\u00eda de Santa Teresa de Jes\u00fas"},"image":{"@id":"https:\/\/encompaniastj.org\/pt-pt\/#\/schema\/logo\/image\/"}},{"@type":"Person","@id":"https:\/\/encompaniastj.org\/pt-pt\/#\/schema\/person\/520e7ecc314793d40091993c2a02b651","name":"admin","image":{"@type":"ImageObject","inLanguage":"pt-PT","@id":"https:\/\/secure.gravatar.com\/avatar\/948b492cce32b586ac2db0eaa926ee87024f7afe218d73b397ea5ddfc5f43ea1?s=96&d=mm&r=g","url":"https:\/\/secure.gravatar.com\/avatar\/948b492cce32b586ac2db0eaa926ee87024f7afe218d73b397ea5ddfc5f43ea1?s=96&d=mm&r=g","contentUrl":"https:\/\/secure.gravatar.com\/avatar\/948b492cce32b586ac2db0eaa926ee87024f7afe218d73b397ea5ddfc5f43ea1?s=96&d=mm&r=g","caption":"admin"},"sameAs":["https:\/\/encompaniastj.org"],"url":"https:\/\/encompaniastj.org\/pt-pt\/author\/sjdigital\/"}]}},"_links":{"self":[{"href":"https:\/\/encompaniastj.org\/pt-pt\/wp-json\/wp\/v2\/posts\/10772","targetHints":{"allow":["GET"]}}],"collection":[{"href":"https:\/\/encompaniastj.org\/pt-pt\/wp-json\/wp\/v2\/posts"}],"about":[{"href":"https:\/\/encompaniastj.org\/pt-pt\/wp-json\/wp\/v2\/types\/post"}],"author":[{"embeddable":true,"href":"https:\/\/encompaniastj.org\/pt-pt\/wp-json\/wp\/v2\/users\/1"}],"replies":[{"embeddable":true,"href":"https:\/\/encompaniastj.org\/pt-pt\/wp-json\/wp\/v2\/comments?post=10772"}],"version-history":[{"count":1,"href":"https:\/\/encompaniastj.org\/pt-pt\/wp-json\/wp\/v2\/posts\/10772\/revisions"}],"predecessor-version":[{"id":10773,"href":"https:\/\/encompaniastj.org\/pt-pt\/wp-json\/wp\/v2\/posts\/10772\/revisions\/10773"}],"wp:featuredmedia":[{"embeddable":true,"href":"https:\/\/encompaniastj.org\/pt-pt\/wp-json\/wp\/v2\/media\/7808"}],"wp:attachment":[{"href":"https:\/\/encompaniastj.org\/pt-pt\/wp-json\/wp\/v2\/media?parent=10772"}],"wp:term":[{"taxonomy":"category","embeddable":true,"href":"https:\/\/encompaniastj.org\/pt-pt\/wp-json\/wp\/v2\/categories?post=10772"},{"taxonomy":"post_tag","embeddable":true,"href":"https:\/\/encompaniastj.org\/pt-pt\/wp-json\/wp\/v2\/tags?post=10772"}],"curies":[{"name":"wp","href":"https:\/\/api.w.org\/{rel}","templated":true}]}}