{"id":10748,"date":"2021-10-08T06:22:43","date_gmt":"2021-10-08T04:22:43","guid":{"rendered":"https:\/\/encompaniastj.org\/reuniao-de-coordenadoras-da-provincia-da-europa-outubro-de-2021\/"},"modified":"2025-07-07T16:22:46","modified_gmt":"2025-07-07T14:22:46","slug":"reuniao-de-coordenadoras-da-provincia-da-europa-outubro-de-2021","status":"publish","type":"post","link":"https:\/\/encompaniastj.org\/pt-pt\/reuniao-de-coordenadoras-da-provincia-da-europa-outubro-de-2021\/","title":{"rendered":"Reuni\u00e3o de Coordenadoras da Prov\u00edncia da Europa \u2013 outubro de 2021"},"content":{"rendered":"<p>Depois de um longo interregno, devido \u00e0 pandemia que assolou a humanidade, tivemos oportunidade de nos reunirmos novamente, em \u00c1vila, no in\u00edcio do m\u00eas da SANTA. Data significativa, porque outubro fala-nos de uma forma muito especial de Teresa. Fomos acolhidas por ela, na sua TERRA NATAL, e umas pelas outras.<\/p>\n<p>Mesmo com as m\u00e1scaras era not\u00f3rio a alegria, a satisfa\u00e7\u00e3o que reinava em cada uma de n\u00f3s, pois h\u00e1 ano e meio, aproximadamente, que n\u00e3o usufru\u00edmos de um encontro presencial.<\/p>\n<p>Tivemos um dia e meio muito preenchido (h\u00e1bito que n\u00e3o se perdeu): momentos oracionais, encontros expositivos e formativos, uma rota cultural sobre as lendas da cidade de \u00c1vila\u2026 Muita vida, muita partilha!\u2026<\/p>\n<p>Nesta pequena resenha, quero apenas deter-me no tema abordado na manh\u00e3 de domingo \u2013 SINODALIDADE.\u00a0 Tema apresentado com uma metodologia atraente que nos envolveu a todas. Supostamente, um tema bem familiar para cada uma de n\u00f3s. Todas recordamos que est\u00e1 assinalado no acento capitular 2020-2023.<\/p>\n<p>Hoje, recebemos, al\u00e9m da Companhia, um forte apelo da Igreja a fazer este caminho de <em>convers\u00e3o sinodal<\/em>.\u00a0 Fomos exortadas a t\u00ea-lo presente nos nossos projetos comunit\u00e1rios, e, como tal, no nosso dia a dia. Viver a SINODALIDADE como um modo de vida: de comunh\u00e3o, de escuta, participa\u00e7\u00e3o, miss\u00e3o, corresponsabilidade\u2026<\/p>\n<p>&nbsp;<\/p>\n<p>Nestes \u00faltimos tempos, tenho tido oportunidade de ler e refletir artigos emanados de diversos \u00e2mbitos eclesiais sobre sinodalidade. Com o que refletimos, neste fim de semana, pude constatar uma chamada de aten\u00e7\u00e3o, de responsabilidade e, ao mesmo tempo, satisfa\u00e7\u00e3o por verificar, segundo o meu ponto de vista, que as nossas Constitui\u00e7\u00f5es est\u00e3o repletas de termos, voc\u00e1bulos que nos apontam para este <em>caminho sinodal<\/em>. Parece que estamos no bom caminho! Agora, <em>o tempo urge, m\u00e3os \u00e0 obra<\/em>.<\/p>\n<p>Obrigada a todas! As reflex\u00f5es, partilhas e sugest\u00f5es, penso que tornaram este encontro prof\u00edcuo.<\/p>\n<p>Um obrigada muito especial \u00e0s irm\u00e3s do Governo Provincial.<\/p>\n<p>Bem-haja!<\/p>\n<p>Concei\u00e7\u00e3o Marques<\/p>\n","protected":false},"excerpt":{"rendered":"<p>Depois de um longo interregno, devido \u00e0 pandemia que assolou a humanidade, tivemos oportunidade de nos reunirmos novamente, em \u00c1vila, no in\u00edcio do m\u00eas da SANTA. Data significativa, porque outubro [&hellip;]<\/p>\n","protected":false},"author":1,"featured_media":7798,"comment_status":"open","ping_status":"open","sticky":false,"template":"","format":"standard","meta":{"_acf_changed":false,"footnotes":""},"categories":[61,62,68],"tags":[],"class_list":["post-10748","post","type-post","status-publish","format-standard","has-post-thumbnail","hentry","category-noticias","category-otras","category-outras"],"acf":[],"yoast_head":"<!-- This site is optimized with the Yoast SEO plugin v27.5 - https:\/\/yoast.com\/product\/yoast-seo-wordpress\/ -->\n<title>Reuni\u00e3o de Coordenadoras da Prov\u00edncia da Europa \u2013 outubro de 2021 - En Compa\u00f1\u00eda STJ<\/title>\n<meta name=\"robots\" content=\"index, follow, max-snippet:-1, max-image-preview:large, max-video-preview:-1\" \/>\n<link rel=\"canonical\" href=\"https:\/\/encompaniastj.org\/pt-pt\/reuniao-de-coordenadoras-da-provincia-da-europa-outubro-de-2021\/\" \/>\n<meta property=\"og:locale\" content=\"pt_PT\" \/>\n<meta property=\"og:type\" content=\"article\" \/>\n<meta property=\"og:title\" content=\"Reuni\u00e3o de Coordenadoras da Prov\u00edncia da Europa \u2013 outubro de 2021 - En Compa\u00f1\u00eda STJ\" \/>\n<meta property=\"og:description\" content=\"Depois de um longo interregno, devido \u00e0 pandemia que assolou a humanidade, tivemos oportunidade de nos reunirmos novamente, em \u00c1vila, no in\u00edcio do m\u00eas da SANTA. Data significativa, porque outubro [&hellip;]\" \/>\n<meta property=\"og:url\" content=\"https:\/\/encompaniastj.org\/pt-pt\/reuniao-de-coordenadoras-da-provincia-da-europa-outubro-de-2021\/\" \/>\n<meta property=\"og:site_name\" content=\"En Compa\u00f1\u00eda STJ\" \/>\n<meta property=\"article:published_time\" content=\"2021-10-08T04:22:43+00:00\" \/>\n<meta property=\"article:modified_time\" content=\"2025-07-07T14:22:46+00:00\" \/>\n<meta property=\"og:image\" content=\"https:\/\/encompaniastj.org\/wp-content\/uploads\/2025\/05\/coor-Avila.jpg\" \/>\n\t<meta property=\"og:image:width\" content=\"500\" \/>\n\t<meta property=\"og:image:height\" content=\"281\" \/>\n\t<meta property=\"og:image:type\" content=\"image\/jpeg\" \/>\n<meta name=\"author\" content=\"admin\" \/>\n<meta name=\"twitter:card\" content=\"summary_large_image\" \/>\n<meta name=\"twitter:label1\" content=\"Escrito por\" \/>\n\t<meta name=\"twitter:data1\" content=\"admin\" \/>\n\t<meta name=\"twitter:label2\" content=\"Tempo estimado de leitura\" \/>\n\t<meta name=\"twitter:data2\" content=\"2 minutos\" \/>\n<script type=\"application\/ld+json\" class=\"yoast-schema-graph\">{\"@context\":\"https:\\\/\\\/schema.org\",\"@graph\":[{\"@type\":\"Article\",\"@id\":\"https:\\\/\\\/encompaniastj.org\\\/pt-pt\\\/reuniao-de-coordenadoras-da-provincia-da-europa-outubro-de-2021\\\/#article\",\"isPartOf\":{\"@id\":\"https:\\\/\\\/encompaniastj.org\\\/pt-pt\\\/reuniao-de-coordenadoras-da-provincia-da-europa-outubro-de-2021\\\/\"},\"author\":{\"name\":\"admin\",\"@id\":\"https:\\\/\\\/encompaniastj.org\\\/pt-pt\\\/#\\\/schema\\\/person\\\/520e7ecc314793d40091993c2a02b651\"},\"headline\":\"Reuni\u00e3o de Coordenadoras da Prov\u00edncia da Europa \u2013 outubro de 2021\",\"datePublished\":\"2021-10-08T04:22:43+00:00\",\"dateModified\":\"2025-07-07T14:22:46+00:00\",\"mainEntityOfPage\":{\"@id\":\"https:\\\/\\\/encompaniastj.org\\\/pt-pt\\\/reuniao-de-coordenadoras-da-provincia-da-europa-outubro-de-2021\\\/\"},\"wordCount\":346,\"commentCount\":0,\"publisher\":{\"@id\":\"https:\\\/\\\/encompaniastj.org\\\/pt-pt\\\/#organization\"},\"image\":{\"@id\":\"https:\\\/\\\/encompaniastj.org\\\/pt-pt\\\/reuniao-de-coordenadoras-da-provincia-da-europa-outubro-de-2021\\\/#primaryimage\"},\"thumbnailUrl\":\"https:\\\/\\\/encompaniastj.org\\\/wp-content\\\/uploads\\\/2025\\\/05\\\/coor-Avila.jpg\",\"articleSection\":[\"Noticias\",\"Otras\",\"Outras\"],\"inLanguage\":\"pt-PT\",\"potentialAction\":[{\"@type\":\"CommentAction\",\"name\":\"Comment\",\"target\":[\"https:\\\/\\\/encompaniastj.org\\\/pt-pt\\\/reuniao-de-coordenadoras-da-provincia-da-europa-outubro-de-2021\\\/#respond\"]}]},{\"@type\":\"WebPage\",\"@id\":\"https:\\\/\\\/encompaniastj.org\\\/pt-pt\\\/reuniao-de-coordenadoras-da-provincia-da-europa-outubro-de-2021\\\/\",\"url\":\"https:\\\/\\\/encompaniastj.org\\\/pt-pt\\\/reuniao-de-coordenadoras-da-provincia-da-europa-outubro-de-2021\\\/\",\"name\":\"Reuni\u00e3o de Coordenadoras da Prov\u00edncia da Europa \u2013 outubro de 2021 - En Compa\u00f1\u00eda STJ\",\"isPartOf\":{\"@id\":\"https:\\\/\\\/encompaniastj.org\\\/pt-pt\\\/#website\"},\"primaryImageOfPage\":{\"@id\":\"https:\\\/\\\/encompaniastj.org\\\/pt-pt\\\/reuniao-de-coordenadoras-da-provincia-da-europa-outubro-de-2021\\\/#primaryimage\"},\"image\":{\"@id\":\"https:\\\/\\\/encompaniastj.org\\\/pt-pt\\\/reuniao-de-coordenadoras-da-provincia-da-europa-outubro-de-2021\\\/#primaryimage\"},\"thumbnailUrl\":\"https:\\\/\\\/encompaniastj.org\\\/wp-content\\\/uploads\\\/2025\\\/05\\\/coor-Avila.jpg\",\"datePublished\":\"2021-10-08T04:22:43+00:00\",\"dateModified\":\"2025-07-07T14:22:46+00:00\",\"breadcrumb\":{\"@id\":\"https:\\\/\\\/encompaniastj.org\\\/pt-pt\\\/reuniao-de-coordenadoras-da-provincia-da-europa-outubro-de-2021\\\/#breadcrumb\"},\"inLanguage\":\"pt-PT\",\"potentialAction\":[{\"@type\":\"ReadAction\",\"target\":[\"https:\\\/\\\/encompaniastj.org\\\/pt-pt\\\/reuniao-de-coordenadoras-da-provincia-da-europa-outubro-de-2021\\\/\"]}]},{\"@type\":\"ImageObject\",\"inLanguage\":\"pt-PT\",\"@id\":\"https:\\\/\\\/encompaniastj.org\\\/pt-pt\\\/reuniao-de-coordenadoras-da-provincia-da-europa-outubro-de-2021\\\/#primaryimage\",\"url\":\"https:\\\/\\\/encompaniastj.org\\\/wp-content\\\/uploads\\\/2025\\\/05\\\/coor-Avila.jpg\",\"contentUrl\":\"https:\\\/\\\/encompaniastj.org\\\/wp-content\\\/uploads\\\/2025\\\/05\\\/coor-Avila.jpg\",\"width\":500,\"height\":281},{\"@type\":\"BreadcrumbList\",\"@id\":\"https:\\\/\\\/encompaniastj.org\\\/pt-pt\\\/reuniao-de-coordenadoras-da-provincia-da-europa-outubro-de-2021\\\/#breadcrumb\",\"itemListElement\":[{\"@type\":\"ListItem\",\"position\":1,\"name\":\"Portada\",\"item\":\"https:\\\/\\\/encompaniastj.org\\\/pt-pt\\\/\"},{\"@type\":\"ListItem\",\"position\":2,\"name\":\"Reuni\u00e3o de Coordenadoras da Prov\u00edncia da Europa \u2013 outubro de 2021\"}]},{\"@type\":\"WebSite\",\"@id\":\"https:\\\/\\\/encompaniastj.org\\\/pt-pt\\\/#website\",\"url\":\"https:\\\/\\\/encompaniastj.org\\\/pt-pt\\\/\",\"name\":\"En Compa\u00f1\u00eda STJ\",\"description\":\"Bolet\u00edn de la Compa\u00f1\u00eda de Santa Teresa de Jes\u00fas\",\"publisher\":{\"@id\":\"https:\\\/\\\/encompaniastj.org\\\/pt-pt\\\/#organization\"},\"potentialAction\":[{\"@type\":\"SearchAction\",\"target\":{\"@type\":\"EntryPoint\",\"urlTemplate\":\"https:\\\/\\\/encompaniastj.org\\\/pt-pt\\\/?s={search_term_string}\"},\"query-input\":{\"@type\":\"PropertyValueSpecification\",\"valueRequired\":true,\"valueName\":\"search_term_string\"}}],\"inLanguage\":\"pt-PT\"},{\"@type\":\"Organization\",\"@id\":\"https:\\\/\\\/encompaniastj.org\\\/pt-pt\\\/#organization\",\"name\":\"Compa\u00f1\u00eda de Santa Teresa de Jes\u00fas\",\"url\":\"https:\\\/\\\/encompaniastj.org\\\/pt-pt\\\/\",\"logo\":{\"@type\":\"ImageObject\",\"inLanguage\":\"pt-PT\",\"@id\":\"https:\\\/\\\/encompaniastj.org\\\/pt-pt\\\/#\\\/schema\\\/logo\\\/image\\\/\",\"url\":\"https:\\\/\\\/encompaniastj.org\\\/wp-content\\\/uploads\\\/2025\\\/04\\\/logo_provincias02-1-3.png\",\"contentUrl\":\"https:\\\/\\\/encompaniastj.org\\\/wp-content\\\/uploads\\\/2025\\\/04\\\/logo_provincias02-1-3.png\",\"width\":2368,\"height\":825,\"caption\":\"Compa\u00f1\u00eda de Santa Teresa de Jes\u00fas\"},\"image\":{\"@id\":\"https:\\\/\\\/encompaniastj.org\\\/pt-pt\\\/#\\\/schema\\\/logo\\\/image\\\/\"}},{\"@type\":\"Person\",\"@id\":\"https:\\\/\\\/encompaniastj.org\\\/pt-pt\\\/#\\\/schema\\\/person\\\/520e7ecc314793d40091993c2a02b651\",\"name\":\"admin\",\"image\":{\"@type\":\"ImageObject\",\"inLanguage\":\"pt-PT\",\"@id\":\"https:\\\/\\\/secure.gravatar.com\\\/avatar\\\/948b492cce32b586ac2db0eaa926ee87024f7afe218d73b397ea5ddfc5f43ea1?s=96&d=mm&r=g\",\"url\":\"https:\\\/\\\/secure.gravatar.com\\\/avatar\\\/948b492cce32b586ac2db0eaa926ee87024f7afe218d73b397ea5ddfc5f43ea1?s=96&d=mm&r=g\",\"contentUrl\":\"https:\\\/\\\/secure.gravatar.com\\\/avatar\\\/948b492cce32b586ac2db0eaa926ee87024f7afe218d73b397ea5ddfc5f43ea1?s=96&d=mm&r=g\",\"caption\":\"admin\"},\"sameAs\":[\"https:\\\/\\\/encompaniastj.org\"],\"url\":\"https:\\\/\\\/encompaniastj.org\\\/pt-pt\\\/author\\\/sjdigital\\\/\"}]}<\/script>\n<!-- \/ Yoast SEO plugin. -->","yoast_head_json":{"title":"Reuni\u00e3o de Coordenadoras da Prov\u00edncia da Europa \u2013 outubro de 2021 - En Compa\u00f1\u00eda STJ","robots":{"index":"index","follow":"follow","max-snippet":"max-snippet:-1","max-image-preview":"max-image-preview:large","max-video-preview":"max-video-preview:-1"},"canonical":"https:\/\/encompaniastj.org\/pt-pt\/reuniao-de-coordenadoras-da-provincia-da-europa-outubro-de-2021\/","og_locale":"pt_PT","og_type":"article","og_title":"Reuni\u00e3o de Coordenadoras da Prov\u00edncia da Europa \u2013 outubro de 2021 - En Compa\u00f1\u00eda STJ","og_description":"Depois de um longo interregno, devido \u00e0 pandemia que assolou a humanidade, tivemos oportunidade de nos reunirmos novamente, em \u00c1vila, no in\u00edcio do m\u00eas da SANTA. Data significativa, porque outubro [&hellip;]","og_url":"https:\/\/encompaniastj.org\/pt-pt\/reuniao-de-coordenadoras-da-provincia-da-europa-outubro-de-2021\/","og_site_name":"En Compa\u00f1\u00eda STJ","article_published_time":"2021-10-08T04:22:43+00:00","article_modified_time":"2025-07-07T14:22:46+00:00","og_image":[{"width":500,"height":281,"url":"https:\/\/encompaniastj.org\/wp-content\/uploads\/2025\/05\/coor-Avila.jpg","type":"image\/jpeg"}],"author":"admin","twitter_card":"summary_large_image","twitter_misc":{"Escrito por":"admin","Tempo estimado de leitura":"2 minutos"},"schema":{"@context":"https:\/\/schema.org","@graph":[{"@type":"Article","@id":"https:\/\/encompaniastj.org\/pt-pt\/reuniao-de-coordenadoras-da-provincia-da-europa-outubro-de-2021\/#article","isPartOf":{"@id":"https:\/\/encompaniastj.org\/pt-pt\/reuniao-de-coordenadoras-da-provincia-da-europa-outubro-de-2021\/"},"author":{"name":"admin","@id":"https:\/\/encompaniastj.org\/pt-pt\/#\/schema\/person\/520e7ecc314793d40091993c2a02b651"},"headline":"Reuni\u00e3o de Coordenadoras da Prov\u00edncia da Europa \u2013 outubro de 2021","datePublished":"2021-10-08T04:22:43+00:00","dateModified":"2025-07-07T14:22:46+00:00","mainEntityOfPage":{"@id":"https:\/\/encompaniastj.org\/pt-pt\/reuniao-de-coordenadoras-da-provincia-da-europa-outubro-de-2021\/"},"wordCount":346,"commentCount":0,"publisher":{"@id":"https:\/\/encompaniastj.org\/pt-pt\/#organization"},"image":{"@id":"https:\/\/encompaniastj.org\/pt-pt\/reuniao-de-coordenadoras-da-provincia-da-europa-outubro-de-2021\/#primaryimage"},"thumbnailUrl":"https:\/\/encompaniastj.org\/wp-content\/uploads\/2025\/05\/coor-Avila.jpg","articleSection":["Noticias","Otras","Outras"],"inLanguage":"pt-PT","potentialAction":[{"@type":"CommentAction","name":"Comment","target":["https:\/\/encompaniastj.org\/pt-pt\/reuniao-de-coordenadoras-da-provincia-da-europa-outubro-de-2021\/#respond"]}]},{"@type":"WebPage","@id":"https:\/\/encompaniastj.org\/pt-pt\/reuniao-de-coordenadoras-da-provincia-da-europa-outubro-de-2021\/","url":"https:\/\/encompaniastj.org\/pt-pt\/reuniao-de-coordenadoras-da-provincia-da-europa-outubro-de-2021\/","name":"Reuni\u00e3o de Coordenadoras da Prov\u00edncia da Europa \u2013 outubro de 2021 - En Compa\u00f1\u00eda STJ","isPartOf":{"@id":"https:\/\/encompaniastj.org\/pt-pt\/#website"},"primaryImageOfPage":{"@id":"https:\/\/encompaniastj.org\/pt-pt\/reuniao-de-coordenadoras-da-provincia-da-europa-outubro-de-2021\/#primaryimage"},"image":{"@id":"https:\/\/encompaniastj.org\/pt-pt\/reuniao-de-coordenadoras-da-provincia-da-europa-outubro-de-2021\/#primaryimage"},"thumbnailUrl":"https:\/\/encompaniastj.org\/wp-content\/uploads\/2025\/05\/coor-Avila.jpg","datePublished":"2021-10-08T04:22:43+00:00","dateModified":"2025-07-07T14:22:46+00:00","breadcrumb":{"@id":"https:\/\/encompaniastj.org\/pt-pt\/reuniao-de-coordenadoras-da-provincia-da-europa-outubro-de-2021\/#breadcrumb"},"inLanguage":"pt-PT","potentialAction":[{"@type":"ReadAction","target":["https:\/\/encompaniastj.org\/pt-pt\/reuniao-de-coordenadoras-da-provincia-da-europa-outubro-de-2021\/"]}]},{"@type":"ImageObject","inLanguage":"pt-PT","@id":"https:\/\/encompaniastj.org\/pt-pt\/reuniao-de-coordenadoras-da-provincia-da-europa-outubro-de-2021\/#primaryimage","url":"https:\/\/encompaniastj.org\/wp-content\/uploads\/2025\/05\/coor-Avila.jpg","contentUrl":"https:\/\/encompaniastj.org\/wp-content\/uploads\/2025\/05\/coor-Avila.jpg","width":500,"height":281},{"@type":"BreadcrumbList","@id":"https:\/\/encompaniastj.org\/pt-pt\/reuniao-de-coordenadoras-da-provincia-da-europa-outubro-de-2021\/#breadcrumb","itemListElement":[{"@type":"ListItem","position":1,"name":"Portada","item":"https:\/\/encompaniastj.org\/pt-pt\/"},{"@type":"ListItem","position":2,"name":"Reuni\u00e3o de Coordenadoras da Prov\u00edncia da Europa \u2013 outubro de 2021"}]},{"@type":"WebSite","@id":"https:\/\/encompaniastj.org\/pt-pt\/#website","url":"https:\/\/encompaniastj.org\/pt-pt\/","name":"En Compa\u00f1\u00eda STJ","description":"Bolet\u00edn de la Compa\u00f1\u00eda de Santa Teresa de Jes\u00fas","publisher":{"@id":"https:\/\/encompaniastj.org\/pt-pt\/#organization"},"potentialAction":[{"@type":"SearchAction","target":{"@type":"EntryPoint","urlTemplate":"https:\/\/encompaniastj.org\/pt-pt\/?s={search_term_string}"},"query-input":{"@type":"PropertyValueSpecification","valueRequired":true,"valueName":"search_term_string"}}],"inLanguage":"pt-PT"},{"@type":"Organization","@id":"https:\/\/encompaniastj.org\/pt-pt\/#organization","name":"Compa\u00f1\u00eda de Santa Teresa de Jes\u00fas","url":"https:\/\/encompaniastj.org\/pt-pt\/","logo":{"@type":"ImageObject","inLanguage":"pt-PT","@id":"https:\/\/encompaniastj.org\/pt-pt\/#\/schema\/logo\/image\/","url":"https:\/\/encompaniastj.org\/wp-content\/uploads\/2025\/04\/logo_provincias02-1-3.png","contentUrl":"https:\/\/encompaniastj.org\/wp-content\/uploads\/2025\/04\/logo_provincias02-1-3.png","width":2368,"height":825,"caption":"Compa\u00f1\u00eda de Santa Teresa de Jes\u00fas"},"image":{"@id":"https:\/\/encompaniastj.org\/pt-pt\/#\/schema\/logo\/image\/"}},{"@type":"Person","@id":"https:\/\/encompaniastj.org\/pt-pt\/#\/schema\/person\/520e7ecc314793d40091993c2a02b651","name":"admin","image":{"@type":"ImageObject","inLanguage":"pt-PT","@id":"https:\/\/secure.gravatar.com\/avatar\/948b492cce32b586ac2db0eaa926ee87024f7afe218d73b397ea5ddfc5f43ea1?s=96&d=mm&r=g","url":"https:\/\/secure.gravatar.com\/avatar\/948b492cce32b586ac2db0eaa926ee87024f7afe218d73b397ea5ddfc5f43ea1?s=96&d=mm&r=g","contentUrl":"https:\/\/secure.gravatar.com\/avatar\/948b492cce32b586ac2db0eaa926ee87024f7afe218d73b397ea5ddfc5f43ea1?s=96&d=mm&r=g","caption":"admin"},"sameAs":["https:\/\/encompaniastj.org"],"url":"https:\/\/encompaniastj.org\/pt-pt\/author\/sjdigital\/"}]}},"_links":{"self":[{"href":"https:\/\/encompaniastj.org\/pt-pt\/wp-json\/wp\/v2\/posts\/10748","targetHints":{"allow":["GET"]}}],"collection":[{"href":"https:\/\/encompaniastj.org\/pt-pt\/wp-json\/wp\/v2\/posts"}],"about":[{"href":"https:\/\/encompaniastj.org\/pt-pt\/wp-json\/wp\/v2\/types\/post"}],"author":[{"embeddable":true,"href":"https:\/\/encompaniastj.org\/pt-pt\/wp-json\/wp\/v2\/users\/1"}],"replies":[{"embeddable":true,"href":"https:\/\/encompaniastj.org\/pt-pt\/wp-json\/wp\/v2\/comments?post=10748"}],"version-history":[{"count":1,"href":"https:\/\/encompaniastj.org\/pt-pt\/wp-json\/wp\/v2\/posts\/10748\/revisions"}],"predecessor-version":[{"id":10749,"href":"https:\/\/encompaniastj.org\/pt-pt\/wp-json\/wp\/v2\/posts\/10748\/revisions\/10749"}],"wp:featuredmedia":[{"embeddable":true,"href":"https:\/\/encompaniastj.org\/pt-pt\/wp-json\/wp\/v2\/media\/7798"}],"wp:attachment":[{"href":"https:\/\/encompaniastj.org\/pt-pt\/wp-json\/wp\/v2\/media?parent=10748"}],"wp:term":[{"taxonomy":"category","embeddable":true,"href":"https:\/\/encompaniastj.org\/pt-pt\/wp-json\/wp\/v2\/categories?post=10748"},{"taxonomy":"post_tag","embeddable":true,"href":"https:\/\/encompaniastj.org\/pt-pt\/wp-json\/wp\/v2\/tags?post=10748"}],"curies":[{"name":"wp","href":"https:\/\/api.w.org\/{rel}","templated":true}]}}