{"id":10716,"date":"2021-08-16T09:21:50","date_gmt":"2021-08-16T07:21:50","guid":{"rendered":"https:\/\/encompaniastj.org\/ana-ma-martin-prieto-15-de-agosto-de-2021-oviedo-residencia-2\/"},"modified":"2025-07-07T16:22:44","modified_gmt":"2025-07-07T14:22:44","slug":"ana-ma-martin-prieto-15-de-agosto-de-2021-oviedo-residencia-2","status":"publish","type":"post","link":"https:\/\/encompaniastj.org\/pt-pt\/ana-ma-martin-prieto-15-de-agosto-de-2021-oviedo-residencia-2\/","title":{"rendered":"Ana M\u00aa Mart\u00edn Prieto. 15 de agosto de 2021 (Oviedo - Residencia)"},"content":{"rendered":"<p>No dia 15 de agosto de 2021, Ana foi para a casa do Pai com 93 anos de idade e 74 anos de vida religiosa.<\/p>\n<p>Entrou na Companhia em 1947. Emitiu os primeiros votos em Tortosa em 1950. Foi uma mulher que sempre foi aonde os interesses de Jesus mais a necessitavam, e isso fica evidente nos destinos e servi\u00e7os que realizou.<\/p>\n<p>Viveu em Tarragona, Barcelona Casa Madre, onde fez os votos em 1955, Valladolid, Madrid, Assun\u00e7\u00e3o, novamente Barcelona Casa Madre. Mais tarde, foi destinada a Madrid como Delegada da Educa\u00e7\u00e3o. Voltou a cruzar o Atl\u00e2ntico, esteve primeiro na Casa Provincial de Buenos Aires e depois desempenhou um servi\u00e7o de dois anos como Vice-Provincial no Chile. Regressou a Espanha e foi destinada a Oviedo. Novamente foi destinada \u00e0 Am\u00e9rica, neste caso, ao M\u00e9xico, onde esteve em Guadalajara, Casa Provincial, Instituto Cultural e M\u00e9rida. Ali, ela desempenhou os servi\u00e7os de Delegada de Educa\u00e7\u00e3o e Mestra de Junioras. Em 1997 voltou a Espanha e sempre residiu em Oviedo, onde foi Vig\u00e1ria nalgumas ocasi\u00f5es e Secret\u00e1ria da Casa durante bastantes anos.<\/p>\n<p>Ana caracterizou-se pelo amor \u00e0 Companhia e pela sua atitude de servi\u00e7o e dedica\u00e7\u00e3o em todas as miss\u00f5es que lhe foram confiadas. Ela era uma mulher discreta, prudente, delicada no trato, com grande capacidade de sofrer em sil\u00eancio e sem incomodar. A sua educa\u00e7\u00e3o e intelig\u00eancia sempre a ajudaram a realizar as tarefas da melhor maneira poss\u00edvel.<\/p>\n<p>Damos gra\u00e7as pela sua vida e dedica\u00e7\u00e3o, pelo que nos deixa de serenidade, saber estar e \u00a0de coragem. Ela era uma mulher forte, fiel ao seu Deus.<\/p>\n","protected":false},"excerpt":{"rendered":"<p>No dia 15 de agosto de 2021, Ana foi para a casa do Pai com 93 anos de idade e 74 anos de vida religiosa. Entrou na Companhia em 1947. [&hellip;]<\/p>\n","protected":false},"author":1,"featured_media":7786,"comment_status":"open","ping_status":"open","sticky":false,"template":"","format":"standard","meta":{"_acf_changed":false,"footnotes":""},"categories":[69,63],"tags":[],"class_list":["post-10716","post","type-post","status-publish","format-standard","has-post-thumbnail","hentry","category-falecimentos","category-fallecimientos"],"acf":[],"yoast_head":"<!-- This site is optimized with the Yoast SEO plugin v27.5 - https:\/\/yoast.com\/product\/yoast-seo-wordpress\/ -->\n<title>Ana M\u00aa Mart\u00edn Prieto. 15 de agosto de 2021 (Oviedo - Residencia) - En Compa\u00f1\u00eda STJ<\/title>\n<meta name=\"robots\" content=\"index, follow, max-snippet:-1, max-image-preview:large, max-video-preview:-1\" \/>\n<link rel=\"canonical\" href=\"https:\/\/encompaniastj.org\/pt-pt\/ana-ma-martin-prieto-15-de-agosto-de-2021-oviedo-residencia-2\/\" \/>\n<meta property=\"og:locale\" content=\"pt_PT\" \/>\n<meta property=\"og:type\" content=\"article\" \/>\n<meta property=\"og:title\" content=\"Ana M\u00aa Mart\u00edn Prieto. 15 de agosto de 2021 (Oviedo - Residencia) - En Compa\u00f1\u00eda STJ\" \/>\n<meta property=\"og:description\" content=\"No dia 15 de agosto de 2021, Ana foi para a casa do Pai com 93 anos de idade e 74 anos de vida religiosa. Entrou na Companhia em 1947. [&hellip;]\" \/>\n<meta property=\"og:url\" content=\"https:\/\/encompaniastj.org\/pt-pt\/ana-ma-martin-prieto-15-de-agosto-de-2021-oviedo-residencia-2\/\" \/>\n<meta property=\"og:site_name\" content=\"En Compa\u00f1\u00eda STJ\" \/>\n<meta property=\"article:published_time\" content=\"2021-08-16T07:21:50+00:00\" \/>\n<meta property=\"article:modified_time\" content=\"2025-07-07T14:22:44+00:00\" \/>\n<meta property=\"og:image\" content=\"https:\/\/encompaniastj.org\/wp-content\/uploads\/2025\/05\/flore-4153578_640.jpg\" \/>\n\t<meta property=\"og:image:width\" content=\"640\" \/>\n\t<meta property=\"og:image:height\" content=\"399\" \/>\n\t<meta property=\"og:image:type\" content=\"image\/jpeg\" \/>\n<meta name=\"author\" content=\"admin\" \/>\n<meta name=\"twitter:card\" content=\"summary_large_image\" \/>\n<meta name=\"twitter:label1\" content=\"Escrito por\" \/>\n\t<meta name=\"twitter:data1\" content=\"admin\" \/>\n\t<meta name=\"twitter:label2\" content=\"Tempo estimado de leitura\" \/>\n\t<meta name=\"twitter:data2\" content=\"2 minutos\" \/>\n<script type=\"application\/ld+json\" class=\"yoast-schema-graph\">{\"@context\":\"https:\\\/\\\/schema.org\",\"@graph\":[{\"@type\":\"Article\",\"@id\":\"https:\\\/\\\/encompaniastj.org\\\/pt-pt\\\/ana-ma-martin-prieto-15-de-agosto-de-2021-oviedo-residencia-2\\\/#article\",\"isPartOf\":{\"@id\":\"https:\\\/\\\/encompaniastj.org\\\/pt-pt\\\/ana-ma-martin-prieto-15-de-agosto-de-2021-oviedo-residencia-2\\\/\"},\"author\":{\"name\":\"admin\",\"@id\":\"https:\\\/\\\/encompaniastj.org\\\/pt-pt\\\/#\\\/schema\\\/person\\\/520e7ecc314793d40091993c2a02b651\"},\"headline\":\"Ana M\u00aa Mart\u00edn Prieto. 15 de agosto de 2021 (Oviedo - Residencia)\",\"datePublished\":\"2021-08-16T07:21:50+00:00\",\"dateModified\":\"2025-07-07T14:22:44+00:00\",\"mainEntityOfPage\":{\"@id\":\"https:\\\/\\\/encompaniastj.org\\\/pt-pt\\\/ana-ma-martin-prieto-15-de-agosto-de-2021-oviedo-residencia-2\\\/\"},\"wordCount\":285,\"commentCount\":0,\"publisher\":{\"@id\":\"https:\\\/\\\/encompaniastj.org\\\/pt-pt\\\/#organization\"},\"image\":{\"@id\":\"https:\\\/\\\/encompaniastj.org\\\/pt-pt\\\/ana-ma-martin-prieto-15-de-agosto-de-2021-oviedo-residencia-2\\\/#primaryimage\"},\"thumbnailUrl\":\"https:\\\/\\\/encompaniastj.org\\\/wp-content\\\/uploads\\\/2025\\\/05\\\/flore-4153578_640.jpg\",\"articleSection\":[\"Falecimentos\",\"Fallecimientos\"],\"inLanguage\":\"pt-PT\",\"potentialAction\":[{\"@type\":\"CommentAction\",\"name\":\"Comment\",\"target\":[\"https:\\\/\\\/encompaniastj.org\\\/pt-pt\\\/ana-ma-martin-prieto-15-de-agosto-de-2021-oviedo-residencia-2\\\/#respond\"]}]},{\"@type\":\"WebPage\",\"@id\":\"https:\\\/\\\/encompaniastj.org\\\/pt-pt\\\/ana-ma-martin-prieto-15-de-agosto-de-2021-oviedo-residencia-2\\\/\",\"url\":\"https:\\\/\\\/encompaniastj.org\\\/pt-pt\\\/ana-ma-martin-prieto-15-de-agosto-de-2021-oviedo-residencia-2\\\/\",\"name\":\"Ana M\u00aa Mart\u00edn Prieto. 15 de agosto de 2021 (Oviedo - Residencia) - En Compa\u00f1\u00eda STJ\",\"isPartOf\":{\"@id\":\"https:\\\/\\\/encompaniastj.org\\\/pt-pt\\\/#website\"},\"primaryImageOfPage\":{\"@id\":\"https:\\\/\\\/encompaniastj.org\\\/pt-pt\\\/ana-ma-martin-prieto-15-de-agosto-de-2021-oviedo-residencia-2\\\/#primaryimage\"},\"image\":{\"@id\":\"https:\\\/\\\/encompaniastj.org\\\/pt-pt\\\/ana-ma-martin-prieto-15-de-agosto-de-2021-oviedo-residencia-2\\\/#primaryimage\"},\"thumbnailUrl\":\"https:\\\/\\\/encompaniastj.org\\\/wp-content\\\/uploads\\\/2025\\\/05\\\/flore-4153578_640.jpg\",\"datePublished\":\"2021-08-16T07:21:50+00:00\",\"dateModified\":\"2025-07-07T14:22:44+00:00\",\"breadcrumb\":{\"@id\":\"https:\\\/\\\/encompaniastj.org\\\/pt-pt\\\/ana-ma-martin-prieto-15-de-agosto-de-2021-oviedo-residencia-2\\\/#breadcrumb\"},\"inLanguage\":\"pt-PT\",\"potentialAction\":[{\"@type\":\"ReadAction\",\"target\":[\"https:\\\/\\\/encompaniastj.org\\\/pt-pt\\\/ana-ma-martin-prieto-15-de-agosto-de-2021-oviedo-residencia-2\\\/\"]}]},{\"@type\":\"ImageObject\",\"inLanguage\":\"pt-PT\",\"@id\":\"https:\\\/\\\/encompaniastj.org\\\/pt-pt\\\/ana-ma-martin-prieto-15-de-agosto-de-2021-oviedo-residencia-2\\\/#primaryimage\",\"url\":\"https:\\\/\\\/encompaniastj.org\\\/wp-content\\\/uploads\\\/2025\\\/05\\\/flore-4153578_640.jpg\",\"contentUrl\":\"https:\\\/\\\/encompaniastj.org\\\/wp-content\\\/uploads\\\/2025\\\/05\\\/flore-4153578_640.jpg\",\"width\":640,\"height\":399},{\"@type\":\"BreadcrumbList\",\"@id\":\"https:\\\/\\\/encompaniastj.org\\\/pt-pt\\\/ana-ma-martin-prieto-15-de-agosto-de-2021-oviedo-residencia-2\\\/#breadcrumb\",\"itemListElement\":[{\"@type\":\"ListItem\",\"position\":1,\"name\":\"Portada\",\"item\":\"https:\\\/\\\/encompaniastj.org\\\/pt-pt\\\/\"},{\"@type\":\"ListItem\",\"position\":2,\"name\":\"Ana M\u00aa Mart\u00edn Prieto. 15 de agosto de 2021 (Oviedo - Residencia)\"}]},{\"@type\":\"WebSite\",\"@id\":\"https:\\\/\\\/encompaniastj.org\\\/pt-pt\\\/#website\",\"url\":\"https:\\\/\\\/encompaniastj.org\\\/pt-pt\\\/\",\"name\":\"En Compa\u00f1\u00eda STJ\",\"description\":\"Bolet\u00edn de la Compa\u00f1\u00eda de Santa Teresa de Jes\u00fas\",\"publisher\":{\"@id\":\"https:\\\/\\\/encompaniastj.org\\\/pt-pt\\\/#organization\"},\"potentialAction\":[{\"@type\":\"SearchAction\",\"target\":{\"@type\":\"EntryPoint\",\"urlTemplate\":\"https:\\\/\\\/encompaniastj.org\\\/pt-pt\\\/?s={search_term_string}\"},\"query-input\":{\"@type\":\"PropertyValueSpecification\",\"valueRequired\":true,\"valueName\":\"search_term_string\"}}],\"inLanguage\":\"pt-PT\"},{\"@type\":\"Organization\",\"@id\":\"https:\\\/\\\/encompaniastj.org\\\/pt-pt\\\/#organization\",\"name\":\"Compa\u00f1\u00eda de Santa Teresa de Jes\u00fas\",\"url\":\"https:\\\/\\\/encompaniastj.org\\\/pt-pt\\\/\",\"logo\":{\"@type\":\"ImageObject\",\"inLanguage\":\"pt-PT\",\"@id\":\"https:\\\/\\\/encompaniastj.org\\\/pt-pt\\\/#\\\/schema\\\/logo\\\/image\\\/\",\"url\":\"https:\\\/\\\/encompaniastj.org\\\/wp-content\\\/uploads\\\/2025\\\/04\\\/logo_provincias02-1-3.png\",\"contentUrl\":\"https:\\\/\\\/encompaniastj.org\\\/wp-content\\\/uploads\\\/2025\\\/04\\\/logo_provincias02-1-3.png\",\"width\":2368,\"height\":825,\"caption\":\"Compa\u00f1\u00eda de Santa Teresa de Jes\u00fas\"},\"image\":{\"@id\":\"https:\\\/\\\/encompaniastj.org\\\/pt-pt\\\/#\\\/schema\\\/logo\\\/image\\\/\"}},{\"@type\":\"Person\",\"@id\":\"https:\\\/\\\/encompaniastj.org\\\/pt-pt\\\/#\\\/schema\\\/person\\\/520e7ecc314793d40091993c2a02b651\",\"name\":\"admin\",\"image\":{\"@type\":\"ImageObject\",\"inLanguage\":\"pt-PT\",\"@id\":\"https:\\\/\\\/secure.gravatar.com\\\/avatar\\\/948b492cce32b586ac2db0eaa926ee87024f7afe218d73b397ea5ddfc5f43ea1?s=96&d=mm&r=g\",\"url\":\"https:\\\/\\\/secure.gravatar.com\\\/avatar\\\/948b492cce32b586ac2db0eaa926ee87024f7afe218d73b397ea5ddfc5f43ea1?s=96&d=mm&r=g\",\"contentUrl\":\"https:\\\/\\\/secure.gravatar.com\\\/avatar\\\/948b492cce32b586ac2db0eaa926ee87024f7afe218d73b397ea5ddfc5f43ea1?s=96&d=mm&r=g\",\"caption\":\"admin\"},\"sameAs\":[\"https:\\\/\\\/encompaniastj.org\"],\"url\":\"https:\\\/\\\/encompaniastj.org\\\/pt-pt\\\/author\\\/sjdigital\\\/\"}]}<\/script>\n<!-- \/ Yoast SEO plugin. -->","yoast_head_json":{"title":"Ana M\u00aa Mart\u00edn Prieto. 15 de agosto de 2021 (Oviedo - Residencia) - En Compa\u00f1\u00eda STJ","robots":{"index":"index","follow":"follow","max-snippet":"max-snippet:-1","max-image-preview":"max-image-preview:large","max-video-preview":"max-video-preview:-1"},"canonical":"https:\/\/encompaniastj.org\/pt-pt\/ana-ma-martin-prieto-15-de-agosto-de-2021-oviedo-residencia-2\/","og_locale":"pt_PT","og_type":"article","og_title":"Ana M\u00aa Mart\u00edn Prieto. 15 de agosto de 2021 (Oviedo - Residencia) - En Compa\u00f1\u00eda STJ","og_description":"No dia 15 de agosto de 2021, Ana foi para a casa do Pai com 93 anos de idade e 74 anos de vida religiosa. Entrou na Companhia em 1947. [&hellip;]","og_url":"https:\/\/encompaniastj.org\/pt-pt\/ana-ma-martin-prieto-15-de-agosto-de-2021-oviedo-residencia-2\/","og_site_name":"En Compa\u00f1\u00eda STJ","article_published_time":"2021-08-16T07:21:50+00:00","article_modified_time":"2025-07-07T14:22:44+00:00","og_image":[{"width":640,"height":399,"url":"https:\/\/encompaniastj.org\/wp-content\/uploads\/2025\/05\/flore-4153578_640.jpg","type":"image\/jpeg"}],"author":"admin","twitter_card":"summary_large_image","twitter_misc":{"Escrito por":"admin","Tempo estimado de leitura":"2 minutos"},"schema":{"@context":"https:\/\/schema.org","@graph":[{"@type":"Article","@id":"https:\/\/encompaniastj.org\/pt-pt\/ana-ma-martin-prieto-15-de-agosto-de-2021-oviedo-residencia-2\/#article","isPartOf":{"@id":"https:\/\/encompaniastj.org\/pt-pt\/ana-ma-martin-prieto-15-de-agosto-de-2021-oviedo-residencia-2\/"},"author":{"name":"admin","@id":"https:\/\/encompaniastj.org\/pt-pt\/#\/schema\/person\/520e7ecc314793d40091993c2a02b651"},"headline":"Ana M\u00aa Mart\u00edn Prieto. 15 de agosto de 2021 (Oviedo - Residencia)","datePublished":"2021-08-16T07:21:50+00:00","dateModified":"2025-07-07T14:22:44+00:00","mainEntityOfPage":{"@id":"https:\/\/encompaniastj.org\/pt-pt\/ana-ma-martin-prieto-15-de-agosto-de-2021-oviedo-residencia-2\/"},"wordCount":285,"commentCount":0,"publisher":{"@id":"https:\/\/encompaniastj.org\/pt-pt\/#organization"},"image":{"@id":"https:\/\/encompaniastj.org\/pt-pt\/ana-ma-martin-prieto-15-de-agosto-de-2021-oviedo-residencia-2\/#primaryimage"},"thumbnailUrl":"https:\/\/encompaniastj.org\/wp-content\/uploads\/2025\/05\/flore-4153578_640.jpg","articleSection":["Falecimentos","Fallecimientos"],"inLanguage":"pt-PT","potentialAction":[{"@type":"CommentAction","name":"Comment","target":["https:\/\/encompaniastj.org\/pt-pt\/ana-ma-martin-prieto-15-de-agosto-de-2021-oviedo-residencia-2\/#respond"]}]},{"@type":"WebPage","@id":"https:\/\/encompaniastj.org\/pt-pt\/ana-ma-martin-prieto-15-de-agosto-de-2021-oviedo-residencia-2\/","url":"https:\/\/encompaniastj.org\/pt-pt\/ana-ma-martin-prieto-15-de-agosto-de-2021-oviedo-residencia-2\/","name":"Ana M\u00aa Mart\u00edn Prieto. 15 de agosto de 2021 (Oviedo - Residencia) - En Compa\u00f1\u00eda STJ","isPartOf":{"@id":"https:\/\/encompaniastj.org\/pt-pt\/#website"},"primaryImageOfPage":{"@id":"https:\/\/encompaniastj.org\/pt-pt\/ana-ma-martin-prieto-15-de-agosto-de-2021-oviedo-residencia-2\/#primaryimage"},"image":{"@id":"https:\/\/encompaniastj.org\/pt-pt\/ana-ma-martin-prieto-15-de-agosto-de-2021-oviedo-residencia-2\/#primaryimage"},"thumbnailUrl":"https:\/\/encompaniastj.org\/wp-content\/uploads\/2025\/05\/flore-4153578_640.jpg","datePublished":"2021-08-16T07:21:50+00:00","dateModified":"2025-07-07T14:22:44+00:00","breadcrumb":{"@id":"https:\/\/encompaniastj.org\/pt-pt\/ana-ma-martin-prieto-15-de-agosto-de-2021-oviedo-residencia-2\/#breadcrumb"},"inLanguage":"pt-PT","potentialAction":[{"@type":"ReadAction","target":["https:\/\/encompaniastj.org\/pt-pt\/ana-ma-martin-prieto-15-de-agosto-de-2021-oviedo-residencia-2\/"]}]},{"@type":"ImageObject","inLanguage":"pt-PT","@id":"https:\/\/encompaniastj.org\/pt-pt\/ana-ma-martin-prieto-15-de-agosto-de-2021-oviedo-residencia-2\/#primaryimage","url":"https:\/\/encompaniastj.org\/wp-content\/uploads\/2025\/05\/flore-4153578_640.jpg","contentUrl":"https:\/\/encompaniastj.org\/wp-content\/uploads\/2025\/05\/flore-4153578_640.jpg","width":640,"height":399},{"@type":"BreadcrumbList","@id":"https:\/\/encompaniastj.org\/pt-pt\/ana-ma-martin-prieto-15-de-agosto-de-2021-oviedo-residencia-2\/#breadcrumb","itemListElement":[{"@type":"ListItem","position":1,"name":"Portada","item":"https:\/\/encompaniastj.org\/pt-pt\/"},{"@type":"ListItem","position":2,"name":"Ana M\u00aa Mart\u00edn Prieto. 15 de agosto de 2021 (Oviedo - Residencia)"}]},{"@type":"WebSite","@id":"https:\/\/encompaniastj.org\/pt-pt\/#website","url":"https:\/\/encompaniastj.org\/pt-pt\/","name":"En Compa\u00f1\u00eda STJ","description":"Bolet\u00edn de la Compa\u00f1\u00eda de Santa Teresa de Jes\u00fas","publisher":{"@id":"https:\/\/encompaniastj.org\/pt-pt\/#organization"},"potentialAction":[{"@type":"SearchAction","target":{"@type":"EntryPoint","urlTemplate":"https:\/\/encompaniastj.org\/pt-pt\/?s={search_term_string}"},"query-input":{"@type":"PropertyValueSpecification","valueRequired":true,"valueName":"search_term_string"}}],"inLanguage":"pt-PT"},{"@type":"Organization","@id":"https:\/\/encompaniastj.org\/pt-pt\/#organization","name":"Compa\u00f1\u00eda de Santa Teresa de Jes\u00fas","url":"https:\/\/encompaniastj.org\/pt-pt\/","logo":{"@type":"ImageObject","inLanguage":"pt-PT","@id":"https:\/\/encompaniastj.org\/pt-pt\/#\/schema\/logo\/image\/","url":"https:\/\/encompaniastj.org\/wp-content\/uploads\/2025\/04\/logo_provincias02-1-3.png","contentUrl":"https:\/\/encompaniastj.org\/wp-content\/uploads\/2025\/04\/logo_provincias02-1-3.png","width":2368,"height":825,"caption":"Compa\u00f1\u00eda de Santa Teresa de Jes\u00fas"},"image":{"@id":"https:\/\/encompaniastj.org\/pt-pt\/#\/schema\/logo\/image\/"}},{"@type":"Person","@id":"https:\/\/encompaniastj.org\/pt-pt\/#\/schema\/person\/520e7ecc314793d40091993c2a02b651","name":"admin","image":{"@type":"ImageObject","inLanguage":"pt-PT","@id":"https:\/\/secure.gravatar.com\/avatar\/948b492cce32b586ac2db0eaa926ee87024f7afe218d73b397ea5ddfc5f43ea1?s=96&d=mm&r=g","url":"https:\/\/secure.gravatar.com\/avatar\/948b492cce32b586ac2db0eaa926ee87024f7afe218d73b397ea5ddfc5f43ea1?s=96&d=mm&r=g","contentUrl":"https:\/\/secure.gravatar.com\/avatar\/948b492cce32b586ac2db0eaa926ee87024f7afe218d73b397ea5ddfc5f43ea1?s=96&d=mm&r=g","caption":"admin"},"sameAs":["https:\/\/encompaniastj.org"],"url":"https:\/\/encompaniastj.org\/pt-pt\/author\/sjdigital\/"}]}},"_links":{"self":[{"href":"https:\/\/encompaniastj.org\/pt-pt\/wp-json\/wp\/v2\/posts\/10716","targetHints":{"allow":["GET"]}}],"collection":[{"href":"https:\/\/encompaniastj.org\/pt-pt\/wp-json\/wp\/v2\/posts"}],"about":[{"href":"https:\/\/encompaniastj.org\/pt-pt\/wp-json\/wp\/v2\/types\/post"}],"author":[{"embeddable":true,"href":"https:\/\/encompaniastj.org\/pt-pt\/wp-json\/wp\/v2\/users\/1"}],"replies":[{"embeddable":true,"href":"https:\/\/encompaniastj.org\/pt-pt\/wp-json\/wp\/v2\/comments?post=10716"}],"version-history":[{"count":1,"href":"https:\/\/encompaniastj.org\/pt-pt\/wp-json\/wp\/v2\/posts\/10716\/revisions"}],"predecessor-version":[{"id":10717,"href":"https:\/\/encompaniastj.org\/pt-pt\/wp-json\/wp\/v2\/posts\/10716\/revisions\/10717"}],"wp:featuredmedia":[{"embeddable":true,"href":"https:\/\/encompaniastj.org\/pt-pt\/wp-json\/wp\/v2\/media\/7786"}],"wp:attachment":[{"href":"https:\/\/encompaniastj.org\/pt-pt\/wp-json\/wp\/v2\/media?parent=10716"}],"wp:term":[{"taxonomy":"category","embeddable":true,"href":"https:\/\/encompaniastj.org\/pt-pt\/wp-json\/wp\/v2\/categories?post=10716"},{"taxonomy":"post_tag","embeddable":true,"href":"https:\/\/encompaniastj.org\/pt-pt\/wp-json\/wp\/v2\/tags?post=10716"}],"curies":[{"name":"wp","href":"https:\/\/api.w.org\/{rel}","templated":true}]}}