{"id":10712,"date":"2021-07-06T14:00:39","date_gmt":"2021-07-06T12:00:39","guid":{"rendered":"https:\/\/encompaniastj.org\/comunidade-da-casa-de-oracao-uma-agradavel-surpresa\/"},"modified":"2025-07-07T16:22:42","modified_gmt":"2025-07-07T14:22:42","slug":"comunidade-da-casa-de-oracao-uma-agradavel-surpresa","status":"publish","type":"post","link":"https:\/\/encompaniastj.org\/pt-pt\/comunidade-da-casa-de-oracao-uma-agradavel-surpresa\/","title":{"rendered":"Comunidade da Casa de Ora\u00e7\u00e3o, uma agrad\u00e1vel surpresa."},"content":{"rendered":"<p>No dia de S\u00e3o Jo\u00e3o, a comunidade da Casa de Ora\u00e7\u00e3o de Sarago\u00e7a teve uma agrad\u00e1vel surpresa. Quase cinquenta professores do col\u00e9gio P. Henrique de Oss\u00f3 vieram visitar-nos. Nunca aqui, t\u00ednhamos recebido tanta gente! Foi um encontro simples e emocionante, \u201cpreparado\u201d pela equipa pastoral, que teve a ideia de convidar os professores a recordar e agradecer a sua passagem de tantos anos por esta Casa.<\/p>\n<p>O jardim foi o local do encontro: sauda\u00e7\u00e3o e acolhimento emotivos, ora\u00e7\u00e3o de louvor e simples partilha espont\u00e2nea antes de nos despedirmos. Depois da ora\u00e7\u00e3o, houve um tempo longo para que os veteranos pudessem percorrer sem pressa os lugares da Casa, de tantas lembran\u00e7as para eles. Para os mais novos, que s\u00e3o muitos, oferecemos-lhes em tr\u00eas grupos uma visita guiada pela casa, ermida e recantos do jardim. Eles deixaram-nos um lindo arranjo de flores, uma caixinha em forma de casa cheia de mensagens de agradecimento e uma carta - que transcrevemos - com a qual inici\u00e1mos a ora\u00e7\u00e3o.<\/p>\n<p>\u201cHoje, 24 de junho de 2021, estamos reunidos para agradecer e relembrar a nossa passagem pela Casa. Queremos agradecer com o cora\u00e7\u00e3o pelo muito que aqui recebemos, sempre guiados pela m\u00e3o de cada uma das Irm\u00e3s que, ao longo destes anos, estiveram aqui para nos apoiar, acompanhar, ajudar-nos a crescer e a dar o melhor de n\u00f3s, no nosso trabalho e na vida.<\/p>\n<p>Quando a not\u00edcia da inaugura\u00e7\u00e3o de uma Casa de Ora\u00e7\u00e3o chegou ao nosso col\u00e9gio, h\u00e1 mais de 25 anos, fic\u00e1mos surpreendidos, com interesse e curiosidade. Soubemos ent\u00e3o que seria um lugar especial, um lugar onde poder\u00edamos viver experi\u00eancias de sil\u00eancio, ora\u00e7\u00e3o e encontro. Um lugar de paz onde poder\u00edamos deixar de lado a correria e o stresse do dia a dia para nos aprofundarmos e, como diz Santa Teresa, \u201cficar a s\u00f3s com Quem sabemos que nos ama\u201d. Que presente nos estava sendo oferecido!<\/p>\n<p>Assim, come\u00e7\u00e1mos a ir uns e outros \u00e0 Casa de Ora\u00e7\u00e3o. Em grupos de professores de um e outro col\u00e9gio pudemos partilhar momentos \u00fanicos, pessoais, grupais e, acima de tudo, \u00edntimos com Deus.<\/p>\n<p>Para todos e cada um de n\u00f3s que j\u00e1 estivemos na Casa, esta experi\u00eancia foi sempre \u00fanica. Ningu\u00e9m saiu desta Casa sem uma lembran\u00e7a especial, sem um tra\u00e7o na retina, sem ter encontrado a paz em algum momento, sem gratid\u00e3o, sem uma proximidade de Deus, sem se sentir mais irm\u00e3os com Jesus, e, acima de tudo, todos sa\u00edmos de casa com o cora\u00e7\u00e3o mais teresiano.<\/p>\n<p>Recordamos todas as irm\u00e3s, aquelas que est\u00e3o aqui presentes e aquelas que j\u00e1 n\u00e3o est\u00e3o connosco. Hoje sentimos que nos est\u00e3o acompanhando neste ato de gratid\u00e3o. Todas deixaram uma marca profunda em todos n\u00f3s que tivemos a sorte de passar por esta Casa.<\/p>\n<p>Obrigado pelo vosso interesse, entrega e trabalho. Chegar a esta Casa \u00e9 receber de imediato um acolhimento, um acolhimento caloroso de cada uma de v\u00f3s. Uma proximidade instant\u00e2nea, a sensa\u00e7\u00e3o de ser um convidado especial, o mais especial. A vossa entrega e rece\u00e7\u00e3o \u00e9 tal que at\u00e9 nos fazeis sentir o parad\u00f3xico da vossa gratid\u00e3o por viver momentos que s\u00e3o presentes para a nossa alma.<\/p>\n<p>H\u00e1 muitos professores aqui hoje que n\u00e3o viveram a experi\u00eancia diretamente, mas nos ouviram falar a outras pessoas ou est\u00e3o curiosos para saber o que foi vivido aqui. Muitos deles veem e sentem o seu Esp\u00edrito quando o t\u00eam ou o tiveram como colega de trabalho.<\/p>\n<p>Todos nos sentimos teresianos, fam\u00edlia teresiana, sabemos e sentimos que nesta Casa se vive o verdadeiro esp\u00edrito de Teresa, esp\u00edrito de ora\u00e7\u00e3o, alegria, humildade e servi\u00e7o.<\/p>\n<p>Teresa e Henrique est\u00e3o nesta Casa, e a partir dela chegou-nos a ess\u00eancia das suas mensagens, atrav\u00e9s de v\u00f3s, do vosso modo de vida, da vossa ora\u00e7\u00e3o e da vossa dedica\u00e7\u00e3o aos outros.<\/p>\n<p>Obrigada por nos fazerem sentir sempre que est\u00e1vamos na nossa casa.<\/p>\n<p>Obrigada, obrigada, obrigada.<\/p>\n\n","protected":false},"excerpt":{"rendered":"<p>No dia de S\u00e3o Jo\u00e3o, a comunidade da Casa de Ora\u00e7\u00e3o de Sarago\u00e7a teve uma agrad\u00e1vel surpresa. Quase cinquenta professores do col\u00e9gio P. Henrique de Oss\u00f3 vieram visitar-nos. Nunca aqui, [&hellip;]<\/p>\n","protected":false},"author":1,"featured_media":7783,"comment_status":"open","ping_status":"open","sticky":false,"template":"","format":"standard","meta":{"_acf_changed":false,"footnotes":""},"categories":[61,62,68],"tags":[],"class_list":["post-10712","post","type-post","status-publish","format-standard","has-post-thumbnail","hentry","category-noticias","category-otras","category-outras"],"acf":[],"yoast_head":"<!-- This site is optimized with the Yoast SEO plugin v27.5 - https:\/\/yoast.com\/product\/yoast-seo-wordpress\/ -->\n<title>Comunidade da Casa de Ora\u00e7\u00e3o, uma agrad\u00e1vel surpresa. - En Compa\u00f1\u00eda STJ<\/title>\n<meta name=\"robots\" content=\"index, follow, max-snippet:-1, max-image-preview:large, max-video-preview:-1\" \/>\n<link rel=\"canonical\" href=\"https:\/\/encompaniastj.org\/pt-pt\/comunidade-da-casa-de-oracao-uma-agradavel-surpresa\/\" \/>\n<meta property=\"og:locale\" content=\"pt_PT\" \/>\n<meta property=\"og:type\" content=\"article\" \/>\n<meta property=\"og:title\" content=\"Comunidade da Casa de Ora\u00e7\u00e3o, uma agrad\u00e1vel surpresa. - En Compa\u00f1\u00eda STJ\" \/>\n<meta property=\"og:description\" content=\"No dia de S\u00e3o Jo\u00e3o, a comunidade da Casa de Ora\u00e7\u00e3o de Sarago\u00e7a teve uma agrad\u00e1vel surpresa. Quase cinquenta professores do col\u00e9gio P. Henrique de Oss\u00f3 vieram visitar-nos. Nunca aqui, [&hellip;]\" \/>\n<meta property=\"og:url\" content=\"https:\/\/encompaniastj.org\/pt-pt\/comunidade-da-casa-de-oracao-uma-agradavel-surpresa\/\" \/>\n<meta property=\"og:site_name\" content=\"En Compa\u00f1\u00eda STJ\" \/>\n<meta property=\"article:published_time\" content=\"2021-07-06T12:00:39+00:00\" \/>\n<meta property=\"article:modified_time\" content=\"2025-07-07T14:22:42+00:00\" \/>\n<meta property=\"og:image\" content=\"https:\/\/encompaniastj.org\/wp-content\/uploads\/2025\/05\/casa2.jpg\" \/>\n\t<meta property=\"og:image:width\" content=\"500\" \/>\n\t<meta property=\"og:image:height\" content=\"375\" \/>\n\t<meta property=\"og:image:type\" content=\"image\/jpeg\" \/>\n<meta name=\"author\" content=\"admin\" \/>\n<meta name=\"twitter:card\" content=\"summary_large_image\" \/>\n<meta name=\"twitter:label1\" content=\"Escrito por\" \/>\n\t<meta name=\"twitter:data1\" content=\"admin\" \/>\n\t<meta name=\"twitter:label2\" content=\"Tempo estimado de leitura\" \/>\n\t<meta name=\"twitter:data2\" content=\"3 minutos\" \/>\n<script type=\"application\/ld+json\" class=\"yoast-schema-graph\">{\"@context\":\"https:\\\/\\\/schema.org\",\"@graph\":[{\"@type\":\"Article\",\"@id\":\"https:\\\/\\\/encompaniastj.org\\\/pt-pt\\\/comunidade-da-casa-de-oracao-uma-agradavel-surpresa\\\/#article\",\"isPartOf\":{\"@id\":\"https:\\\/\\\/encompaniastj.org\\\/pt-pt\\\/comunidade-da-casa-de-oracao-uma-agradavel-surpresa\\\/\"},\"author\":{\"name\":\"admin\",\"@id\":\"https:\\\/\\\/encompaniastj.org\\\/pt-pt\\\/#\\\/schema\\\/person\\\/520e7ecc314793d40091993c2a02b651\"},\"headline\":\"Comunidade da Casa de Ora\u00e7\u00e3o, uma agrad\u00e1vel surpresa.\",\"datePublished\":\"2021-07-06T12:00:39+00:00\",\"dateModified\":\"2025-07-07T14:22:42+00:00\",\"mainEntityOfPage\":{\"@id\":\"https:\\\/\\\/encompaniastj.org\\\/pt-pt\\\/comunidade-da-casa-de-oracao-uma-agradavel-surpresa\\\/\"},\"wordCount\":812,\"commentCount\":0,\"publisher\":{\"@id\":\"https:\\\/\\\/encompaniastj.org\\\/pt-pt\\\/#organization\"},\"image\":{\"@id\":\"https:\\\/\\\/encompaniastj.org\\\/pt-pt\\\/comunidade-da-casa-de-oracao-uma-agradavel-surpresa\\\/#primaryimage\"},\"thumbnailUrl\":\"https:\\\/\\\/encompaniastj.org\\\/wp-content\\\/uploads\\\/2025\\\/05\\\/casa2.jpg\",\"articleSection\":[\"Noticias\",\"Otras\",\"Outras\"],\"inLanguage\":\"pt-PT\",\"potentialAction\":[{\"@type\":\"CommentAction\",\"name\":\"Comment\",\"target\":[\"https:\\\/\\\/encompaniastj.org\\\/pt-pt\\\/comunidade-da-casa-de-oracao-uma-agradavel-surpresa\\\/#respond\"]}]},{\"@type\":\"WebPage\",\"@id\":\"https:\\\/\\\/encompaniastj.org\\\/pt-pt\\\/comunidade-da-casa-de-oracao-uma-agradavel-surpresa\\\/\",\"url\":\"https:\\\/\\\/encompaniastj.org\\\/pt-pt\\\/comunidade-da-casa-de-oracao-uma-agradavel-surpresa\\\/\",\"name\":\"Comunidade da Casa de Ora\u00e7\u00e3o, uma agrad\u00e1vel surpresa. - En Compa\u00f1\u00eda STJ\",\"isPartOf\":{\"@id\":\"https:\\\/\\\/encompaniastj.org\\\/pt-pt\\\/#website\"},\"primaryImageOfPage\":{\"@id\":\"https:\\\/\\\/encompaniastj.org\\\/pt-pt\\\/comunidade-da-casa-de-oracao-uma-agradavel-surpresa\\\/#primaryimage\"},\"image\":{\"@id\":\"https:\\\/\\\/encompaniastj.org\\\/pt-pt\\\/comunidade-da-casa-de-oracao-uma-agradavel-surpresa\\\/#primaryimage\"},\"thumbnailUrl\":\"https:\\\/\\\/encompaniastj.org\\\/wp-content\\\/uploads\\\/2025\\\/05\\\/casa2.jpg\",\"datePublished\":\"2021-07-06T12:00:39+00:00\",\"dateModified\":\"2025-07-07T14:22:42+00:00\",\"breadcrumb\":{\"@id\":\"https:\\\/\\\/encompaniastj.org\\\/pt-pt\\\/comunidade-da-casa-de-oracao-uma-agradavel-surpresa\\\/#breadcrumb\"},\"inLanguage\":\"pt-PT\",\"potentialAction\":[{\"@type\":\"ReadAction\",\"target\":[\"https:\\\/\\\/encompaniastj.org\\\/pt-pt\\\/comunidade-da-casa-de-oracao-uma-agradavel-surpresa\\\/\"]}]},{\"@type\":\"ImageObject\",\"inLanguage\":\"pt-PT\",\"@id\":\"https:\\\/\\\/encompaniastj.org\\\/pt-pt\\\/comunidade-da-casa-de-oracao-uma-agradavel-surpresa\\\/#primaryimage\",\"url\":\"https:\\\/\\\/encompaniastj.org\\\/wp-content\\\/uploads\\\/2025\\\/05\\\/casa2.jpg\",\"contentUrl\":\"https:\\\/\\\/encompaniastj.org\\\/wp-content\\\/uploads\\\/2025\\\/05\\\/casa2.jpg\",\"width\":500,\"height\":375},{\"@type\":\"BreadcrumbList\",\"@id\":\"https:\\\/\\\/encompaniastj.org\\\/pt-pt\\\/comunidade-da-casa-de-oracao-uma-agradavel-surpresa\\\/#breadcrumb\",\"itemListElement\":[{\"@type\":\"ListItem\",\"position\":1,\"name\":\"Portada\",\"item\":\"https:\\\/\\\/encompaniastj.org\\\/pt-pt\\\/\"},{\"@type\":\"ListItem\",\"position\":2,\"name\":\"Comunidade da Casa de Ora\u00e7\u00e3o, uma agrad\u00e1vel surpresa.\"}]},{\"@type\":\"WebSite\",\"@id\":\"https:\\\/\\\/encompaniastj.org\\\/pt-pt\\\/#website\",\"url\":\"https:\\\/\\\/encompaniastj.org\\\/pt-pt\\\/\",\"name\":\"En Compa\u00f1\u00eda STJ\",\"description\":\"Bolet\u00edn de la Compa\u00f1\u00eda de Santa Teresa de Jes\u00fas\",\"publisher\":{\"@id\":\"https:\\\/\\\/encompaniastj.org\\\/pt-pt\\\/#organization\"},\"potentialAction\":[{\"@type\":\"SearchAction\",\"target\":{\"@type\":\"EntryPoint\",\"urlTemplate\":\"https:\\\/\\\/encompaniastj.org\\\/pt-pt\\\/?s={search_term_string}\"},\"query-input\":{\"@type\":\"PropertyValueSpecification\",\"valueRequired\":true,\"valueName\":\"search_term_string\"}}],\"inLanguage\":\"pt-PT\"},{\"@type\":\"Organization\",\"@id\":\"https:\\\/\\\/encompaniastj.org\\\/pt-pt\\\/#organization\",\"name\":\"Compa\u00f1\u00eda de Santa Teresa de Jes\u00fas\",\"url\":\"https:\\\/\\\/encompaniastj.org\\\/pt-pt\\\/\",\"logo\":{\"@type\":\"ImageObject\",\"inLanguage\":\"pt-PT\",\"@id\":\"https:\\\/\\\/encompaniastj.org\\\/pt-pt\\\/#\\\/schema\\\/logo\\\/image\\\/\",\"url\":\"https:\\\/\\\/encompaniastj.org\\\/wp-content\\\/uploads\\\/2025\\\/04\\\/logo_provincias02-1-3.png\",\"contentUrl\":\"https:\\\/\\\/encompaniastj.org\\\/wp-content\\\/uploads\\\/2025\\\/04\\\/logo_provincias02-1-3.png\",\"width\":2368,\"height\":825,\"caption\":\"Compa\u00f1\u00eda de Santa Teresa de Jes\u00fas\"},\"image\":{\"@id\":\"https:\\\/\\\/encompaniastj.org\\\/pt-pt\\\/#\\\/schema\\\/logo\\\/image\\\/\"}},{\"@type\":\"Person\",\"@id\":\"https:\\\/\\\/encompaniastj.org\\\/pt-pt\\\/#\\\/schema\\\/person\\\/520e7ecc314793d40091993c2a02b651\",\"name\":\"admin\",\"image\":{\"@type\":\"ImageObject\",\"inLanguage\":\"pt-PT\",\"@id\":\"https:\\\/\\\/secure.gravatar.com\\\/avatar\\\/948b492cce32b586ac2db0eaa926ee87024f7afe218d73b397ea5ddfc5f43ea1?s=96&d=mm&r=g\",\"url\":\"https:\\\/\\\/secure.gravatar.com\\\/avatar\\\/948b492cce32b586ac2db0eaa926ee87024f7afe218d73b397ea5ddfc5f43ea1?s=96&d=mm&r=g\",\"contentUrl\":\"https:\\\/\\\/secure.gravatar.com\\\/avatar\\\/948b492cce32b586ac2db0eaa926ee87024f7afe218d73b397ea5ddfc5f43ea1?s=96&d=mm&r=g\",\"caption\":\"admin\"},\"sameAs\":[\"https:\\\/\\\/encompaniastj.org\"],\"url\":\"https:\\\/\\\/encompaniastj.org\\\/pt-pt\\\/author\\\/sjdigital\\\/\"}]}<\/script>\n<!-- \/ Yoast SEO plugin. -->","yoast_head_json":{"title":"Comunidade da Casa de Ora\u00e7\u00e3o, uma agrad\u00e1vel surpresa. - En Compa\u00f1\u00eda STJ","robots":{"index":"index","follow":"follow","max-snippet":"max-snippet:-1","max-image-preview":"max-image-preview:large","max-video-preview":"max-video-preview:-1"},"canonical":"https:\/\/encompaniastj.org\/pt-pt\/comunidade-da-casa-de-oracao-uma-agradavel-surpresa\/","og_locale":"pt_PT","og_type":"article","og_title":"Comunidade da Casa de Ora\u00e7\u00e3o, uma agrad\u00e1vel surpresa. - En Compa\u00f1\u00eda STJ","og_description":"No dia de S\u00e3o Jo\u00e3o, a comunidade da Casa de Ora\u00e7\u00e3o de Sarago\u00e7a teve uma agrad\u00e1vel surpresa. Quase cinquenta professores do col\u00e9gio P. Henrique de Oss\u00f3 vieram visitar-nos. Nunca aqui, [&hellip;]","og_url":"https:\/\/encompaniastj.org\/pt-pt\/comunidade-da-casa-de-oracao-uma-agradavel-surpresa\/","og_site_name":"En Compa\u00f1\u00eda STJ","article_published_time":"2021-07-06T12:00:39+00:00","article_modified_time":"2025-07-07T14:22:42+00:00","og_image":[{"width":500,"height":375,"url":"https:\/\/encompaniastj.org\/wp-content\/uploads\/2025\/05\/casa2.jpg","type":"image\/jpeg"}],"author":"admin","twitter_card":"summary_large_image","twitter_misc":{"Escrito por":"admin","Tempo estimado de leitura":"3 minutos"},"schema":{"@context":"https:\/\/schema.org","@graph":[{"@type":"Article","@id":"https:\/\/encompaniastj.org\/pt-pt\/comunidade-da-casa-de-oracao-uma-agradavel-surpresa\/#article","isPartOf":{"@id":"https:\/\/encompaniastj.org\/pt-pt\/comunidade-da-casa-de-oracao-uma-agradavel-surpresa\/"},"author":{"name":"admin","@id":"https:\/\/encompaniastj.org\/pt-pt\/#\/schema\/person\/520e7ecc314793d40091993c2a02b651"},"headline":"Comunidade da Casa de Ora\u00e7\u00e3o, uma agrad\u00e1vel surpresa.","datePublished":"2021-07-06T12:00:39+00:00","dateModified":"2025-07-07T14:22:42+00:00","mainEntityOfPage":{"@id":"https:\/\/encompaniastj.org\/pt-pt\/comunidade-da-casa-de-oracao-uma-agradavel-surpresa\/"},"wordCount":812,"commentCount":0,"publisher":{"@id":"https:\/\/encompaniastj.org\/pt-pt\/#organization"},"image":{"@id":"https:\/\/encompaniastj.org\/pt-pt\/comunidade-da-casa-de-oracao-uma-agradavel-surpresa\/#primaryimage"},"thumbnailUrl":"https:\/\/encompaniastj.org\/wp-content\/uploads\/2025\/05\/casa2.jpg","articleSection":["Noticias","Otras","Outras"],"inLanguage":"pt-PT","potentialAction":[{"@type":"CommentAction","name":"Comment","target":["https:\/\/encompaniastj.org\/pt-pt\/comunidade-da-casa-de-oracao-uma-agradavel-surpresa\/#respond"]}]},{"@type":"WebPage","@id":"https:\/\/encompaniastj.org\/pt-pt\/comunidade-da-casa-de-oracao-uma-agradavel-surpresa\/","url":"https:\/\/encompaniastj.org\/pt-pt\/comunidade-da-casa-de-oracao-uma-agradavel-surpresa\/","name":"Comunidade da Casa de Ora\u00e7\u00e3o, uma agrad\u00e1vel surpresa. - En Compa\u00f1\u00eda STJ","isPartOf":{"@id":"https:\/\/encompaniastj.org\/pt-pt\/#website"},"primaryImageOfPage":{"@id":"https:\/\/encompaniastj.org\/pt-pt\/comunidade-da-casa-de-oracao-uma-agradavel-surpresa\/#primaryimage"},"image":{"@id":"https:\/\/encompaniastj.org\/pt-pt\/comunidade-da-casa-de-oracao-uma-agradavel-surpresa\/#primaryimage"},"thumbnailUrl":"https:\/\/encompaniastj.org\/wp-content\/uploads\/2025\/05\/casa2.jpg","datePublished":"2021-07-06T12:00:39+00:00","dateModified":"2025-07-07T14:22:42+00:00","breadcrumb":{"@id":"https:\/\/encompaniastj.org\/pt-pt\/comunidade-da-casa-de-oracao-uma-agradavel-surpresa\/#breadcrumb"},"inLanguage":"pt-PT","potentialAction":[{"@type":"ReadAction","target":["https:\/\/encompaniastj.org\/pt-pt\/comunidade-da-casa-de-oracao-uma-agradavel-surpresa\/"]}]},{"@type":"ImageObject","inLanguage":"pt-PT","@id":"https:\/\/encompaniastj.org\/pt-pt\/comunidade-da-casa-de-oracao-uma-agradavel-surpresa\/#primaryimage","url":"https:\/\/encompaniastj.org\/wp-content\/uploads\/2025\/05\/casa2.jpg","contentUrl":"https:\/\/encompaniastj.org\/wp-content\/uploads\/2025\/05\/casa2.jpg","width":500,"height":375},{"@type":"BreadcrumbList","@id":"https:\/\/encompaniastj.org\/pt-pt\/comunidade-da-casa-de-oracao-uma-agradavel-surpresa\/#breadcrumb","itemListElement":[{"@type":"ListItem","position":1,"name":"Portada","item":"https:\/\/encompaniastj.org\/pt-pt\/"},{"@type":"ListItem","position":2,"name":"Comunidade da Casa de Ora\u00e7\u00e3o, uma agrad\u00e1vel surpresa."}]},{"@type":"WebSite","@id":"https:\/\/encompaniastj.org\/pt-pt\/#website","url":"https:\/\/encompaniastj.org\/pt-pt\/","name":"En Compa\u00f1\u00eda STJ","description":"Bolet\u00edn de la Compa\u00f1\u00eda de Santa Teresa de Jes\u00fas","publisher":{"@id":"https:\/\/encompaniastj.org\/pt-pt\/#organization"},"potentialAction":[{"@type":"SearchAction","target":{"@type":"EntryPoint","urlTemplate":"https:\/\/encompaniastj.org\/pt-pt\/?s={search_term_string}"},"query-input":{"@type":"PropertyValueSpecification","valueRequired":true,"valueName":"search_term_string"}}],"inLanguage":"pt-PT"},{"@type":"Organization","@id":"https:\/\/encompaniastj.org\/pt-pt\/#organization","name":"Compa\u00f1\u00eda de Santa Teresa de Jes\u00fas","url":"https:\/\/encompaniastj.org\/pt-pt\/","logo":{"@type":"ImageObject","inLanguage":"pt-PT","@id":"https:\/\/encompaniastj.org\/pt-pt\/#\/schema\/logo\/image\/","url":"https:\/\/encompaniastj.org\/wp-content\/uploads\/2025\/04\/logo_provincias02-1-3.png","contentUrl":"https:\/\/encompaniastj.org\/wp-content\/uploads\/2025\/04\/logo_provincias02-1-3.png","width":2368,"height":825,"caption":"Compa\u00f1\u00eda de Santa Teresa de Jes\u00fas"},"image":{"@id":"https:\/\/encompaniastj.org\/pt-pt\/#\/schema\/logo\/image\/"}},{"@type":"Person","@id":"https:\/\/encompaniastj.org\/pt-pt\/#\/schema\/person\/520e7ecc314793d40091993c2a02b651","name":"admin","image":{"@type":"ImageObject","inLanguage":"pt-PT","@id":"https:\/\/secure.gravatar.com\/avatar\/948b492cce32b586ac2db0eaa926ee87024f7afe218d73b397ea5ddfc5f43ea1?s=96&d=mm&r=g","url":"https:\/\/secure.gravatar.com\/avatar\/948b492cce32b586ac2db0eaa926ee87024f7afe218d73b397ea5ddfc5f43ea1?s=96&d=mm&r=g","contentUrl":"https:\/\/secure.gravatar.com\/avatar\/948b492cce32b586ac2db0eaa926ee87024f7afe218d73b397ea5ddfc5f43ea1?s=96&d=mm&r=g","caption":"admin"},"sameAs":["https:\/\/encompaniastj.org"],"url":"https:\/\/encompaniastj.org\/pt-pt\/author\/sjdigital\/"}]}},"_links":{"self":[{"href":"https:\/\/encompaniastj.org\/pt-pt\/wp-json\/wp\/v2\/posts\/10712","targetHints":{"allow":["GET"]}}],"collection":[{"href":"https:\/\/encompaniastj.org\/pt-pt\/wp-json\/wp\/v2\/posts"}],"about":[{"href":"https:\/\/encompaniastj.org\/pt-pt\/wp-json\/wp\/v2\/types\/post"}],"author":[{"embeddable":true,"href":"https:\/\/encompaniastj.org\/pt-pt\/wp-json\/wp\/v2\/users\/1"}],"replies":[{"embeddable":true,"href":"https:\/\/encompaniastj.org\/pt-pt\/wp-json\/wp\/v2\/comments?post=10712"}],"version-history":[{"count":1,"href":"https:\/\/encompaniastj.org\/pt-pt\/wp-json\/wp\/v2\/posts\/10712\/revisions"}],"predecessor-version":[{"id":10713,"href":"https:\/\/encompaniastj.org\/pt-pt\/wp-json\/wp\/v2\/posts\/10712\/revisions\/10713"}],"wp:featuredmedia":[{"embeddable":true,"href":"https:\/\/encompaniastj.org\/pt-pt\/wp-json\/wp\/v2\/media\/7783"}],"wp:attachment":[{"href":"https:\/\/encompaniastj.org\/pt-pt\/wp-json\/wp\/v2\/media?parent=10712"}],"wp:term":[{"taxonomy":"category","embeddable":true,"href":"https:\/\/encompaniastj.org\/pt-pt\/wp-json\/wp\/v2\/categories?post=10712"},{"taxonomy":"post_tag","embeddable":true,"href":"https:\/\/encompaniastj.org\/pt-pt\/wp-json\/wp\/v2\/tags?post=10712"}],"curies":[{"name":"wp","href":"https:\/\/api.w.org\/{rel}","templated":true}]}}