{"id":10708,"date":"2021-07-05T09:39:04","date_gmt":"2021-07-05T07:39:04","guid":{"rendered":"https:\/\/encompaniastj.org\/palmira-lopez-pina-4-de-julio-de-2021-torrent-el-vedat-residencia-2\/"},"modified":"2025-07-07T16:22:42","modified_gmt":"2025-07-07T14:22:42","slug":"palmira-lopez-pina-4-de-julio-de-2021-torrent-el-vedat-residencia-2","status":"publish","type":"post","link":"https:\/\/encompaniastj.org\/pt-pt\/palmira-lopez-pina-4-de-julio-de-2021-torrent-el-vedat-residencia-2\/","title":{"rendered":"Palmira L\u00f3pez Pina. 4 de julio de 2021 (Torrent El Vedat-Residencia)"},"content":{"rendered":"<p>Palmira L\u00f3pez Pina nasceu em Ba\u00f1\u00f3n, uma pequena aldeia de Teruel. O seu cora\u00e7\u00e3o aragon\u00eas vibrava quando invoc\u00e1vamos a Virgem do Pilar e, com grande devo\u00e7\u00e3o e grande energia, lhe cantava o seu hino. Sob o seu manto, ela encontrou-se com Jesus, o Senhor da sua vida.<\/p>\n<p>Muito jovem ainda foi destinada a Oran; posteriormente, em Barcelona-Gracia, viveu muitos anos encarregada do refeit\u00f3rio das alunas e da rouparia da comunidade, e mais tarde Zaragoza-Henrique de Oss\u00f3, onde viveu contente como sacrist\u00e3 da sua comunidade e da Par\u00f3quia. Tudo foi feito com cuidado e muita delicadeza. Quando come\u00e7ou a precisar de ajuda, foi destinado \u00e0 nossa comunidade de El Vedat. Aqu\u00ed, viveu feliz. Tinha 98 anos<\/p>\n<p>Foi um presente para a nossa comunidade t\u00ea-la entre n\u00f3s: alegre, divertida e, sobretudo, com um cora\u00e7\u00e3o muito grande cheio de carinho por todos e de profunda gratid\u00e3o. &#8220;Ela s\u00f3 sabe dizer palavras de afeto, palavras am\u00e1veis&#8221;, dissemos entre n\u00f3s, muitas vezes.<\/p>\n<p>Sempre disposta a ajudar, oferecia-se, quando ainda podia, para qualquer servi\u00e7o de costura, e no tempo restante gostava de ler e reler as cartas do Nosso Padre. O seu livro de &#8220;capas verdes&#8221; tinha-o sempre \u00e0 m\u00e3o.<\/p>\n<p>A Companhia foi para ela o grande presente que Jesus e sua Teresa lhe deram. Para n\u00f3s fica o seu carinho e a certeza de que interceder\u00e1 por todas diante de Jesus.<\/p>\n<p>Damos gra\u00e7as a Deus pela sua vida!<\/p>\n","protected":false},"excerpt":{"rendered":"<p>Palmira L\u00f3pez Pina nasceu em Ba\u00f1\u00f3n, uma pequena aldeia de Teruel. O seu cora\u00e7\u00e3o aragon\u00eas vibrava quando invoc\u00e1vamos a Virgem do Pilar e, com grande devo\u00e7\u00e3o e grande energia, lhe [&hellip;]<\/p>\n","protected":false},"author":1,"featured_media":7781,"comment_status":"open","ping_status":"open","sticky":false,"template":"","format":"standard","meta":{"_acf_changed":false,"footnotes":""},"categories":[69,63],"tags":[],"class_list":["post-10708","post","type-post","status-publish","format-standard","has-post-thumbnail","hentry","category-falecimentos","category-fallecimientos"],"acf":[],"yoast_head":"<!-- This site is optimized with the Yoast SEO plugin v27.5 - https:\/\/yoast.com\/product\/yoast-seo-wordpress\/ -->\n<title>Palmira L\u00f3pez Pina. 4 de julio de 2021 (Torrent El Vedat-Residencia) - En Compa\u00f1\u00eda STJ<\/title>\n<meta name=\"robots\" content=\"index, follow, max-snippet:-1, max-image-preview:large, max-video-preview:-1\" \/>\n<link rel=\"canonical\" href=\"https:\/\/encompaniastj.org\/pt-pt\/palmira-lopez-pina-4-de-julio-de-2021-torrent-el-vedat-residencia-2\/\" \/>\n<meta property=\"og:locale\" content=\"pt_PT\" \/>\n<meta property=\"og:type\" content=\"article\" \/>\n<meta property=\"og:title\" content=\"Palmira L\u00f3pez Pina. 4 de julio de 2021 (Torrent El Vedat-Residencia) - En Compa\u00f1\u00eda STJ\" \/>\n<meta property=\"og:description\" content=\"Palmira L\u00f3pez Pina nasceu em Ba\u00f1\u00f3n, uma pequena aldeia de Teruel. O seu cora\u00e7\u00e3o aragon\u00eas vibrava quando invoc\u00e1vamos a Virgem do Pilar e, com grande devo\u00e7\u00e3o e grande energia, lhe [&hellip;]\" \/>\n<meta property=\"og:url\" content=\"https:\/\/encompaniastj.org\/pt-pt\/palmira-lopez-pina-4-de-julio-de-2021-torrent-el-vedat-residencia-2\/\" \/>\n<meta property=\"og:site_name\" content=\"En Compa\u00f1\u00eda STJ\" \/>\n<meta property=\"article:published_time\" content=\"2021-07-05T07:39:04+00:00\" \/>\n<meta property=\"article:modified_time\" content=\"2025-07-07T14:22:42+00:00\" \/>\n<meta property=\"og:image\" content=\"https:\/\/encompaniastj.org\/wp-content\/uploads\/2025\/05\/the-iguana-3817711_640.jpg\" \/>\n\t<meta property=\"og:image:width\" content=\"640\" \/>\n\t<meta property=\"og:image:height\" content=\"426\" \/>\n\t<meta property=\"og:image:type\" content=\"image\/jpeg\" \/>\n<meta name=\"author\" content=\"admin\" \/>\n<meta name=\"twitter:card\" content=\"summary_large_image\" \/>\n<meta name=\"twitter:label1\" content=\"Escrito por\" \/>\n\t<meta name=\"twitter:data1\" content=\"admin\" \/>\n\t<meta name=\"twitter:label2\" content=\"Tempo estimado de leitura\" \/>\n\t<meta name=\"twitter:data2\" content=\"2 minutos\" \/>\n<script type=\"application\/ld+json\" class=\"yoast-schema-graph\">{\"@context\":\"https:\\\/\\\/schema.org\",\"@graph\":[{\"@type\":\"Article\",\"@id\":\"https:\\\/\\\/encompaniastj.org\\\/pt-pt\\\/palmira-lopez-pina-4-de-julio-de-2021-torrent-el-vedat-residencia-2\\\/#article\",\"isPartOf\":{\"@id\":\"https:\\\/\\\/encompaniastj.org\\\/pt-pt\\\/palmira-lopez-pina-4-de-julio-de-2021-torrent-el-vedat-residencia-2\\\/\"},\"author\":{\"name\":\"admin\",\"@id\":\"https:\\\/\\\/encompaniastj.org\\\/pt-pt\\\/#\\\/schema\\\/person\\\/520e7ecc314793d40091993c2a02b651\"},\"headline\":\"Palmira L\u00f3pez Pina. 4 de julio de 2021 (Torrent El Vedat-Residencia)\",\"datePublished\":\"2021-07-05T07:39:04+00:00\",\"dateModified\":\"2025-07-07T14:22:42+00:00\",\"mainEntityOfPage\":{\"@id\":\"https:\\\/\\\/encompaniastj.org\\\/pt-pt\\\/palmira-lopez-pina-4-de-julio-de-2021-torrent-el-vedat-residencia-2\\\/\"},\"wordCount\":259,\"commentCount\":0,\"publisher\":{\"@id\":\"https:\\\/\\\/encompaniastj.org\\\/pt-pt\\\/#organization\"},\"image\":{\"@id\":\"https:\\\/\\\/encompaniastj.org\\\/pt-pt\\\/palmira-lopez-pina-4-de-julio-de-2021-torrent-el-vedat-residencia-2\\\/#primaryimage\"},\"thumbnailUrl\":\"https:\\\/\\\/encompaniastj.org\\\/wp-content\\\/uploads\\\/2025\\\/05\\\/the-iguana-3817711_640.jpg\",\"articleSection\":[\"Falecimentos\",\"Fallecimientos\"],\"inLanguage\":\"pt-PT\",\"potentialAction\":[{\"@type\":\"CommentAction\",\"name\":\"Comment\",\"target\":[\"https:\\\/\\\/encompaniastj.org\\\/pt-pt\\\/palmira-lopez-pina-4-de-julio-de-2021-torrent-el-vedat-residencia-2\\\/#respond\"]}]},{\"@type\":\"WebPage\",\"@id\":\"https:\\\/\\\/encompaniastj.org\\\/pt-pt\\\/palmira-lopez-pina-4-de-julio-de-2021-torrent-el-vedat-residencia-2\\\/\",\"url\":\"https:\\\/\\\/encompaniastj.org\\\/pt-pt\\\/palmira-lopez-pina-4-de-julio-de-2021-torrent-el-vedat-residencia-2\\\/\",\"name\":\"Palmira L\u00f3pez Pina. 4 de julio de 2021 (Torrent El Vedat-Residencia) - En Compa\u00f1\u00eda STJ\",\"isPartOf\":{\"@id\":\"https:\\\/\\\/encompaniastj.org\\\/pt-pt\\\/#website\"},\"primaryImageOfPage\":{\"@id\":\"https:\\\/\\\/encompaniastj.org\\\/pt-pt\\\/palmira-lopez-pina-4-de-julio-de-2021-torrent-el-vedat-residencia-2\\\/#primaryimage\"},\"image\":{\"@id\":\"https:\\\/\\\/encompaniastj.org\\\/pt-pt\\\/palmira-lopez-pina-4-de-julio-de-2021-torrent-el-vedat-residencia-2\\\/#primaryimage\"},\"thumbnailUrl\":\"https:\\\/\\\/encompaniastj.org\\\/wp-content\\\/uploads\\\/2025\\\/05\\\/the-iguana-3817711_640.jpg\",\"datePublished\":\"2021-07-05T07:39:04+00:00\",\"dateModified\":\"2025-07-07T14:22:42+00:00\",\"breadcrumb\":{\"@id\":\"https:\\\/\\\/encompaniastj.org\\\/pt-pt\\\/palmira-lopez-pina-4-de-julio-de-2021-torrent-el-vedat-residencia-2\\\/#breadcrumb\"},\"inLanguage\":\"pt-PT\",\"potentialAction\":[{\"@type\":\"ReadAction\",\"target\":[\"https:\\\/\\\/encompaniastj.org\\\/pt-pt\\\/palmira-lopez-pina-4-de-julio-de-2021-torrent-el-vedat-residencia-2\\\/\"]}]},{\"@type\":\"ImageObject\",\"inLanguage\":\"pt-PT\",\"@id\":\"https:\\\/\\\/encompaniastj.org\\\/pt-pt\\\/palmira-lopez-pina-4-de-julio-de-2021-torrent-el-vedat-residencia-2\\\/#primaryimage\",\"url\":\"https:\\\/\\\/encompaniastj.org\\\/wp-content\\\/uploads\\\/2025\\\/05\\\/the-iguana-3817711_640.jpg\",\"contentUrl\":\"https:\\\/\\\/encompaniastj.org\\\/wp-content\\\/uploads\\\/2025\\\/05\\\/the-iguana-3817711_640.jpg\",\"width\":640,\"height\":426},{\"@type\":\"BreadcrumbList\",\"@id\":\"https:\\\/\\\/encompaniastj.org\\\/pt-pt\\\/palmira-lopez-pina-4-de-julio-de-2021-torrent-el-vedat-residencia-2\\\/#breadcrumb\",\"itemListElement\":[{\"@type\":\"ListItem\",\"position\":1,\"name\":\"Portada\",\"item\":\"https:\\\/\\\/encompaniastj.org\\\/pt-pt\\\/\"},{\"@type\":\"ListItem\",\"position\":2,\"name\":\"Palmira L\u00f3pez Pina. 4 de julio de 2021 (Torrent El Vedat-Residencia)\"}]},{\"@type\":\"WebSite\",\"@id\":\"https:\\\/\\\/encompaniastj.org\\\/pt-pt\\\/#website\",\"url\":\"https:\\\/\\\/encompaniastj.org\\\/pt-pt\\\/\",\"name\":\"En Compa\u00f1\u00eda STJ\",\"description\":\"Bolet\u00edn de la Compa\u00f1\u00eda de Santa Teresa de Jes\u00fas\",\"publisher\":{\"@id\":\"https:\\\/\\\/encompaniastj.org\\\/pt-pt\\\/#organization\"},\"potentialAction\":[{\"@type\":\"SearchAction\",\"target\":{\"@type\":\"EntryPoint\",\"urlTemplate\":\"https:\\\/\\\/encompaniastj.org\\\/pt-pt\\\/?s={search_term_string}\"},\"query-input\":{\"@type\":\"PropertyValueSpecification\",\"valueRequired\":true,\"valueName\":\"search_term_string\"}}],\"inLanguage\":\"pt-PT\"},{\"@type\":\"Organization\",\"@id\":\"https:\\\/\\\/encompaniastj.org\\\/pt-pt\\\/#organization\",\"name\":\"Compa\u00f1\u00eda de Santa Teresa de Jes\u00fas\",\"url\":\"https:\\\/\\\/encompaniastj.org\\\/pt-pt\\\/\",\"logo\":{\"@type\":\"ImageObject\",\"inLanguage\":\"pt-PT\",\"@id\":\"https:\\\/\\\/encompaniastj.org\\\/pt-pt\\\/#\\\/schema\\\/logo\\\/image\\\/\",\"url\":\"https:\\\/\\\/encompaniastj.org\\\/wp-content\\\/uploads\\\/2025\\\/04\\\/logo_provincias02-1-3.png\",\"contentUrl\":\"https:\\\/\\\/encompaniastj.org\\\/wp-content\\\/uploads\\\/2025\\\/04\\\/logo_provincias02-1-3.png\",\"width\":2368,\"height\":825,\"caption\":\"Compa\u00f1\u00eda de Santa Teresa de Jes\u00fas\"},\"image\":{\"@id\":\"https:\\\/\\\/encompaniastj.org\\\/pt-pt\\\/#\\\/schema\\\/logo\\\/image\\\/\"}},{\"@type\":\"Person\",\"@id\":\"https:\\\/\\\/encompaniastj.org\\\/pt-pt\\\/#\\\/schema\\\/person\\\/520e7ecc314793d40091993c2a02b651\",\"name\":\"admin\",\"image\":{\"@type\":\"ImageObject\",\"inLanguage\":\"pt-PT\",\"@id\":\"https:\\\/\\\/secure.gravatar.com\\\/avatar\\\/948b492cce32b586ac2db0eaa926ee87024f7afe218d73b397ea5ddfc5f43ea1?s=96&d=mm&r=g\",\"url\":\"https:\\\/\\\/secure.gravatar.com\\\/avatar\\\/948b492cce32b586ac2db0eaa926ee87024f7afe218d73b397ea5ddfc5f43ea1?s=96&d=mm&r=g\",\"contentUrl\":\"https:\\\/\\\/secure.gravatar.com\\\/avatar\\\/948b492cce32b586ac2db0eaa926ee87024f7afe218d73b397ea5ddfc5f43ea1?s=96&d=mm&r=g\",\"caption\":\"admin\"},\"sameAs\":[\"https:\\\/\\\/encompaniastj.org\"],\"url\":\"https:\\\/\\\/encompaniastj.org\\\/pt-pt\\\/author\\\/sjdigital\\\/\"}]}<\/script>\n<!-- \/ Yoast SEO plugin. -->","yoast_head_json":{"title":"Palmira L\u00f3pez Pina. 4 de julio de 2021 (Torrent El Vedat-Residencia) - En Compa\u00f1\u00eda STJ","robots":{"index":"index","follow":"follow","max-snippet":"max-snippet:-1","max-image-preview":"max-image-preview:large","max-video-preview":"max-video-preview:-1"},"canonical":"https:\/\/encompaniastj.org\/pt-pt\/palmira-lopez-pina-4-de-julio-de-2021-torrent-el-vedat-residencia-2\/","og_locale":"pt_PT","og_type":"article","og_title":"Palmira L\u00f3pez Pina. 4 de julio de 2021 (Torrent El Vedat-Residencia) - En Compa\u00f1\u00eda STJ","og_description":"Palmira L\u00f3pez Pina nasceu em Ba\u00f1\u00f3n, uma pequena aldeia de Teruel. O seu cora\u00e7\u00e3o aragon\u00eas vibrava quando invoc\u00e1vamos a Virgem do Pilar e, com grande devo\u00e7\u00e3o e grande energia, lhe [&hellip;]","og_url":"https:\/\/encompaniastj.org\/pt-pt\/palmira-lopez-pina-4-de-julio-de-2021-torrent-el-vedat-residencia-2\/","og_site_name":"En Compa\u00f1\u00eda STJ","article_published_time":"2021-07-05T07:39:04+00:00","article_modified_time":"2025-07-07T14:22:42+00:00","og_image":[{"width":640,"height":426,"url":"https:\/\/encompaniastj.org\/wp-content\/uploads\/2025\/05\/the-iguana-3817711_640.jpg","type":"image\/jpeg"}],"author":"admin","twitter_card":"summary_large_image","twitter_misc":{"Escrito por":"admin","Tempo estimado de leitura":"2 minutos"},"schema":{"@context":"https:\/\/schema.org","@graph":[{"@type":"Article","@id":"https:\/\/encompaniastj.org\/pt-pt\/palmira-lopez-pina-4-de-julio-de-2021-torrent-el-vedat-residencia-2\/#article","isPartOf":{"@id":"https:\/\/encompaniastj.org\/pt-pt\/palmira-lopez-pina-4-de-julio-de-2021-torrent-el-vedat-residencia-2\/"},"author":{"name":"admin","@id":"https:\/\/encompaniastj.org\/pt-pt\/#\/schema\/person\/520e7ecc314793d40091993c2a02b651"},"headline":"Palmira L\u00f3pez Pina. 4 de julio de 2021 (Torrent El Vedat-Residencia)","datePublished":"2021-07-05T07:39:04+00:00","dateModified":"2025-07-07T14:22:42+00:00","mainEntityOfPage":{"@id":"https:\/\/encompaniastj.org\/pt-pt\/palmira-lopez-pina-4-de-julio-de-2021-torrent-el-vedat-residencia-2\/"},"wordCount":259,"commentCount":0,"publisher":{"@id":"https:\/\/encompaniastj.org\/pt-pt\/#organization"},"image":{"@id":"https:\/\/encompaniastj.org\/pt-pt\/palmira-lopez-pina-4-de-julio-de-2021-torrent-el-vedat-residencia-2\/#primaryimage"},"thumbnailUrl":"https:\/\/encompaniastj.org\/wp-content\/uploads\/2025\/05\/the-iguana-3817711_640.jpg","articleSection":["Falecimentos","Fallecimientos"],"inLanguage":"pt-PT","potentialAction":[{"@type":"CommentAction","name":"Comment","target":["https:\/\/encompaniastj.org\/pt-pt\/palmira-lopez-pina-4-de-julio-de-2021-torrent-el-vedat-residencia-2\/#respond"]}]},{"@type":"WebPage","@id":"https:\/\/encompaniastj.org\/pt-pt\/palmira-lopez-pina-4-de-julio-de-2021-torrent-el-vedat-residencia-2\/","url":"https:\/\/encompaniastj.org\/pt-pt\/palmira-lopez-pina-4-de-julio-de-2021-torrent-el-vedat-residencia-2\/","name":"Palmira L\u00f3pez Pina. 4 de julio de 2021 (Torrent El Vedat-Residencia) - En Compa\u00f1\u00eda STJ","isPartOf":{"@id":"https:\/\/encompaniastj.org\/pt-pt\/#website"},"primaryImageOfPage":{"@id":"https:\/\/encompaniastj.org\/pt-pt\/palmira-lopez-pina-4-de-julio-de-2021-torrent-el-vedat-residencia-2\/#primaryimage"},"image":{"@id":"https:\/\/encompaniastj.org\/pt-pt\/palmira-lopez-pina-4-de-julio-de-2021-torrent-el-vedat-residencia-2\/#primaryimage"},"thumbnailUrl":"https:\/\/encompaniastj.org\/wp-content\/uploads\/2025\/05\/the-iguana-3817711_640.jpg","datePublished":"2021-07-05T07:39:04+00:00","dateModified":"2025-07-07T14:22:42+00:00","breadcrumb":{"@id":"https:\/\/encompaniastj.org\/pt-pt\/palmira-lopez-pina-4-de-julio-de-2021-torrent-el-vedat-residencia-2\/#breadcrumb"},"inLanguage":"pt-PT","potentialAction":[{"@type":"ReadAction","target":["https:\/\/encompaniastj.org\/pt-pt\/palmira-lopez-pina-4-de-julio-de-2021-torrent-el-vedat-residencia-2\/"]}]},{"@type":"ImageObject","inLanguage":"pt-PT","@id":"https:\/\/encompaniastj.org\/pt-pt\/palmira-lopez-pina-4-de-julio-de-2021-torrent-el-vedat-residencia-2\/#primaryimage","url":"https:\/\/encompaniastj.org\/wp-content\/uploads\/2025\/05\/the-iguana-3817711_640.jpg","contentUrl":"https:\/\/encompaniastj.org\/wp-content\/uploads\/2025\/05\/the-iguana-3817711_640.jpg","width":640,"height":426},{"@type":"BreadcrumbList","@id":"https:\/\/encompaniastj.org\/pt-pt\/palmira-lopez-pina-4-de-julio-de-2021-torrent-el-vedat-residencia-2\/#breadcrumb","itemListElement":[{"@type":"ListItem","position":1,"name":"Portada","item":"https:\/\/encompaniastj.org\/pt-pt\/"},{"@type":"ListItem","position":2,"name":"Palmira L\u00f3pez Pina. 4 de julio de 2021 (Torrent El Vedat-Residencia)"}]},{"@type":"WebSite","@id":"https:\/\/encompaniastj.org\/pt-pt\/#website","url":"https:\/\/encompaniastj.org\/pt-pt\/","name":"En Compa\u00f1\u00eda STJ","description":"Bolet\u00edn de la Compa\u00f1\u00eda de Santa Teresa de Jes\u00fas","publisher":{"@id":"https:\/\/encompaniastj.org\/pt-pt\/#organization"},"potentialAction":[{"@type":"SearchAction","target":{"@type":"EntryPoint","urlTemplate":"https:\/\/encompaniastj.org\/pt-pt\/?s={search_term_string}"},"query-input":{"@type":"PropertyValueSpecification","valueRequired":true,"valueName":"search_term_string"}}],"inLanguage":"pt-PT"},{"@type":"Organization","@id":"https:\/\/encompaniastj.org\/pt-pt\/#organization","name":"Compa\u00f1\u00eda de Santa Teresa de Jes\u00fas","url":"https:\/\/encompaniastj.org\/pt-pt\/","logo":{"@type":"ImageObject","inLanguage":"pt-PT","@id":"https:\/\/encompaniastj.org\/pt-pt\/#\/schema\/logo\/image\/","url":"https:\/\/encompaniastj.org\/wp-content\/uploads\/2025\/04\/logo_provincias02-1-3.png","contentUrl":"https:\/\/encompaniastj.org\/wp-content\/uploads\/2025\/04\/logo_provincias02-1-3.png","width":2368,"height":825,"caption":"Compa\u00f1\u00eda de Santa Teresa de Jes\u00fas"},"image":{"@id":"https:\/\/encompaniastj.org\/pt-pt\/#\/schema\/logo\/image\/"}},{"@type":"Person","@id":"https:\/\/encompaniastj.org\/pt-pt\/#\/schema\/person\/520e7ecc314793d40091993c2a02b651","name":"admin","image":{"@type":"ImageObject","inLanguage":"pt-PT","@id":"https:\/\/secure.gravatar.com\/avatar\/948b492cce32b586ac2db0eaa926ee87024f7afe218d73b397ea5ddfc5f43ea1?s=96&d=mm&r=g","url":"https:\/\/secure.gravatar.com\/avatar\/948b492cce32b586ac2db0eaa926ee87024f7afe218d73b397ea5ddfc5f43ea1?s=96&d=mm&r=g","contentUrl":"https:\/\/secure.gravatar.com\/avatar\/948b492cce32b586ac2db0eaa926ee87024f7afe218d73b397ea5ddfc5f43ea1?s=96&d=mm&r=g","caption":"admin"},"sameAs":["https:\/\/encompaniastj.org"],"url":"https:\/\/encompaniastj.org\/pt-pt\/author\/sjdigital\/"}]}},"_links":{"self":[{"href":"https:\/\/encompaniastj.org\/pt-pt\/wp-json\/wp\/v2\/posts\/10708","targetHints":{"allow":["GET"]}}],"collection":[{"href":"https:\/\/encompaniastj.org\/pt-pt\/wp-json\/wp\/v2\/posts"}],"about":[{"href":"https:\/\/encompaniastj.org\/pt-pt\/wp-json\/wp\/v2\/types\/post"}],"author":[{"embeddable":true,"href":"https:\/\/encompaniastj.org\/pt-pt\/wp-json\/wp\/v2\/users\/1"}],"replies":[{"embeddable":true,"href":"https:\/\/encompaniastj.org\/pt-pt\/wp-json\/wp\/v2\/comments?post=10708"}],"version-history":[{"count":1,"href":"https:\/\/encompaniastj.org\/pt-pt\/wp-json\/wp\/v2\/posts\/10708\/revisions"}],"predecessor-version":[{"id":10709,"href":"https:\/\/encompaniastj.org\/pt-pt\/wp-json\/wp\/v2\/posts\/10708\/revisions\/10709"}],"wp:featuredmedia":[{"embeddable":true,"href":"https:\/\/encompaniastj.org\/pt-pt\/wp-json\/wp\/v2\/media\/7781"}],"wp:attachment":[{"href":"https:\/\/encompaniastj.org\/pt-pt\/wp-json\/wp\/v2\/media?parent=10708"}],"wp:term":[{"taxonomy":"category","embeddable":true,"href":"https:\/\/encompaniastj.org\/pt-pt\/wp-json\/wp\/v2\/categories?post=10708"},{"taxonomy":"post_tag","embeddable":true,"href":"https:\/\/encompaniastj.org\/pt-pt\/wp-json\/wp\/v2\/tags?post=10708"}],"curies":[{"name":"wp","href":"https:\/\/api.w.org\/{rel}","templated":true}]}}