{"id":10704,"date":"2021-07-02T10:14:34","date_gmt":"2021-07-02T08:14:34","guid":{"rendered":"https:\/\/encompaniastj.org\/apresentacao-do-livro-uma-janela-para-raval-de-ma-victoria-molins\/"},"modified":"2025-07-07T16:22:42","modified_gmt":"2025-07-07T14:22:42","slug":"apresentacao-do-livro-uma-janela-para-raval-de-ma-victoria-molins","status":"publish","type":"post","link":"https:\/\/encompaniastj.org\/pt-pt\/apresentacao-do-livro-uma-janela-para-raval-de-ma-victoria-molins\/","title":{"rendered":"Apresenta\u00e7\u00e3o do livro \u201cUma janela para Raval\u201d, de M\u00aa Vict\u00f3ria Molins"},"content":{"rendered":"<p>Ter\u00e7a-feira, dia 22 de junho, foi apresentado em Barcelona o livro da Irm\u00e3 Maria Vict\u00f3ria Molins &#8220;UMA JANELA PARA RAVAL&#8221;, publicado pela Editorial Claret. A apresenta\u00e7\u00e3o foi feita no claustro do Hospital de Campanha de Santa Anna, por se tratar de um local amplo e aberto onde muitas pessoas poderiam ter quartos.<\/p>\n<p>O evento foi lindo e cativante, tanto para os presentes - todos amigos e conhecidos da grande fam\u00edlia, tanto de Raval quanto de Santa Anna - e pelo conte\u00fado do livro, relacionado a muitos dos presentes. A mesa de apresenta\u00e7\u00e3o foi composta por Merc\u00e8 Homs, ex-vereadora do distrito de Raval e Ciutat Vella; Mohamed Halhoul, presidente do Conselho Isl\u00e2mico da Catalunha; \u00d3scar Esteban, diretor da Funda\u00e7\u00e3o Tot Raval, irm\u00e3 Ana Royo que escreveu o pref\u00e1cio e Maria Vict\u00f3ria Molins, autora do livro.<\/p>\n<p>&#8220;UMA JANELA PARA RAVAL&#8221; \u00e9 escrita por ocasi\u00e3o do Jubileu de Prata celebrado pela Comunidade Teresiana residente no bairro. No livro s\u00e3o contados esses 25 anos, narram-se experi\u00eancias e anedotas nas quais se confundem a comunidade e o bairro: a vida do bairro, a comunidade paroquial, a uni\u00e3o e o trabalho intercongregacional, o acolhimento comunit\u00e1rio, o associativismo, as festas e as tradi\u00e7\u00f5es populares do bairro, os projetos sociais &#8230; Todos os \u00e2mbitos de presen\u00e7a e a\u00e7\u00e3o em que estivemos integradas e que t\u00eam constitu\u00eddo a vida da comunidade durante esse tempo<\/p>\n<p>O evento foi encerrado por Maria Victoria explicando que a raz\u00e3o de escrever o livro \u00e9 a necessidade de refletir de alguma forma a maravilha que constituem esses 25 anos vividos na comunidade e ao lado das pessoas, t\u00e3o queridas do bairro de Raval.<\/p>\n<p>Algumas das frases dos integrantes da mesa:<\/p>\n<p><strong>\u00d3scar Esteban<\/strong>, diretor da Funda\u00e7\u00e3o Tot Raval, composta por cerca de cinquenta entidades sociais, centros educativos, institui\u00e7\u00f5es culturais, associa\u00e7\u00f5es empresariais e pessoas ligadas ao bairro do Raval, que trabalha em rede para melhorar a coes\u00e3o social, a conviv\u00eancia e a qualidade de vida na vizinhan\u00e7a. <strong>\u201cNeste sentido, a comunidade teresiana desempenhou um papel fundamental desde o in\u00edcio. Ensinaram-nos muito a construir a partir de outros \u00e2mbitos\u201d.<\/strong><\/p>\n<p><strong>Merc\u00e8 Homs,<\/strong> vereadora do Distrito de Raval e Ciutat Vella h\u00e1 12 anos: <strong>\u201c\u00c9 um livro muito ameno, que eu devorei. \u00c9 sincero, completo, aut\u00eantico e terap\u00eautico\u201d. &#8220;Tudo se explica nele com infinito amor, ternura e delicadeza.&#8221;<\/strong><\/p>\n<p><strong>Ana Royo<\/strong>, uma das fundadoras da comunidade, e que a\u00ed viveu durante 20 anos: <strong>\u201cO bairro \u00a0\u00a0\u00a0\u00a0ia mudando, e n\u00f3s \u00edamos adaptando-nos, est\u00e1vamos atentas aos sinais dos tempos para ajudar ali onde mais \u201ccorriam perigo os interesses de Jesus\u201d.<\/strong><\/p>\n<p><strong>Mohamed Halhoul,<\/strong> presidente do Conselho Isl\u00e2mico da Catalunha: <strong>\u201c\u00c9 um livro que deixa uma marca. <\/strong><strong>\u00c0s vezes angustia, mas transmite muito amor \u201d<\/strong>.<\/p>\n<p>\u00c9 um livro escrito a partir da realidade mais real e tamb\u00e9m do amor mais aut\u00eantico pela comunidade e pelo bairro, aquele pedacinho do mundo que Deus nos confiou e no qual a comunidade sempre quis e trabalhou por \u201cser mem\u00f3ria de Jesus\u201d. Em setembro, continuaremos com as celebra\u00e7\u00f5es desses Jubileus de Ouro.<\/p>\n<p>Pilar Rodr\u00edguez Briz<\/p>\n\n","protected":false},"excerpt":{"rendered":"<p>Ter\u00e7a-feira, dia 22 de junho, foi apresentado em Barcelona o livro da Irm\u00e3 Maria Vict\u00f3ria Molins &#8220;UMA JANELA PARA RAVAL&#8221;, publicado pela Editorial Claret. A apresenta\u00e7\u00e3o foi feita no claustro [&hellip;]<\/p>\n","protected":false},"author":1,"featured_media":7780,"comment_status":"open","ping_status":"open","sticky":false,"template":"","format":"standard","meta":{"_acf_changed":false,"footnotes":""},"categories":[61,62,68],"tags":[],"class_list":["post-10704","post","type-post","status-publish","format-standard","has-post-thumbnail","hentry","category-noticias","category-otras","category-outras"],"acf":[],"yoast_head":"<!-- This site is optimized with the Yoast SEO plugin v27.5 - https:\/\/yoast.com\/product\/yoast-seo-wordpress\/ -->\n<title>Apresenta\u00e7\u00e3o do livro \u201cUma janela para Raval\u201d, de M\u00aa Vict\u00f3ria Molins - En Compa\u00f1\u00eda STJ<\/title>\n<meta name=\"robots\" content=\"index, follow, max-snippet:-1, max-image-preview:large, max-video-preview:-1\" \/>\n<link rel=\"canonical\" href=\"https:\/\/encompaniastj.org\/pt-pt\/apresentacao-do-livro-uma-janela-para-raval-de-ma-victoria-molins\/\" \/>\n<meta property=\"og:locale\" content=\"pt_PT\" \/>\n<meta property=\"og:type\" content=\"article\" \/>\n<meta property=\"og:title\" content=\"Apresenta\u00e7\u00e3o do livro \u201cUma janela para Raval\u201d, de M\u00aa Vict\u00f3ria Molins - En Compa\u00f1\u00eda STJ\" \/>\n<meta property=\"og:description\" content=\"Ter\u00e7a-feira, dia 22 de junho, foi apresentado em Barcelona o livro da Irm\u00e3 Maria Vict\u00f3ria Molins &#8220;UMA JANELA PARA RAVAL&#8221;, publicado pela Editorial Claret. A apresenta\u00e7\u00e3o foi feita no claustro [&hellip;]\" \/>\n<meta property=\"og:url\" content=\"https:\/\/encompaniastj.org\/pt-pt\/apresentacao-do-livro-uma-janela-para-raval-de-ma-victoria-molins\/\" \/>\n<meta property=\"og:site_name\" content=\"En Compa\u00f1\u00eda STJ\" \/>\n<meta property=\"article:published_time\" content=\"2021-07-02T08:14:34+00:00\" \/>\n<meta property=\"article:modified_time\" content=\"2025-07-07T14:22:42+00:00\" \/>\n<meta property=\"og:image\" content=\"https:\/\/encompaniastj.org\/wp-content\/uploads\/2025\/05\/portada1.jpg\" \/>\n\t<meta property=\"og:image:width\" content=\"495\" \/>\n\t<meta property=\"og:image:height\" content=\"350\" \/>\n\t<meta property=\"og:image:type\" content=\"image\/jpeg\" \/>\n<meta name=\"author\" content=\"admin\" \/>\n<meta name=\"twitter:card\" content=\"summary_large_image\" \/>\n<meta name=\"twitter:label1\" content=\"Escrito por\" \/>\n\t<meta name=\"twitter:data1\" content=\"admin\" \/>\n\t<meta name=\"twitter:label2\" content=\"Tempo estimado de leitura\" \/>\n\t<meta name=\"twitter:data2\" content=\"3 minutos\" \/>\n<script type=\"application\/ld+json\" class=\"yoast-schema-graph\">{\"@context\":\"https:\\\/\\\/schema.org\",\"@graph\":[{\"@type\":\"Article\",\"@id\":\"https:\\\/\\\/encompaniastj.org\\\/pt-pt\\\/apresentacao-do-livro-uma-janela-para-raval-de-ma-victoria-molins\\\/#article\",\"isPartOf\":{\"@id\":\"https:\\\/\\\/encompaniastj.org\\\/pt-pt\\\/apresentacao-do-livro-uma-janela-para-raval-de-ma-victoria-molins\\\/\"},\"author\":{\"name\":\"admin\",\"@id\":\"https:\\\/\\\/encompaniastj.org\\\/pt-pt\\\/#\\\/schema\\\/person\\\/520e7ecc314793d40091993c2a02b651\"},\"headline\":\"Apresenta\u00e7\u00e3o do livro \u201cUma janela para Raval\u201d, de M\u00aa Vict\u00f3ria Molins\",\"datePublished\":\"2021-07-02T08:14:34+00:00\",\"dateModified\":\"2025-07-07T14:22:42+00:00\",\"mainEntityOfPage\":{\"@id\":\"https:\\\/\\\/encompaniastj.org\\\/pt-pt\\\/apresentacao-do-livro-uma-janela-para-raval-de-ma-victoria-molins\\\/\"},\"wordCount\":618,\"commentCount\":0,\"publisher\":{\"@id\":\"https:\\\/\\\/encompaniastj.org\\\/pt-pt\\\/#organization\"},\"image\":{\"@id\":\"https:\\\/\\\/encompaniastj.org\\\/pt-pt\\\/apresentacao-do-livro-uma-janela-para-raval-de-ma-victoria-molins\\\/#primaryimage\"},\"thumbnailUrl\":\"https:\\\/\\\/encompaniastj.org\\\/wp-content\\\/uploads\\\/2025\\\/05\\\/portada1.jpg\",\"articleSection\":[\"Noticias\",\"Otras\",\"Outras\"],\"inLanguage\":\"pt-PT\",\"potentialAction\":[{\"@type\":\"CommentAction\",\"name\":\"Comment\",\"target\":[\"https:\\\/\\\/encompaniastj.org\\\/pt-pt\\\/apresentacao-do-livro-uma-janela-para-raval-de-ma-victoria-molins\\\/#respond\"]}]},{\"@type\":\"WebPage\",\"@id\":\"https:\\\/\\\/encompaniastj.org\\\/pt-pt\\\/apresentacao-do-livro-uma-janela-para-raval-de-ma-victoria-molins\\\/\",\"url\":\"https:\\\/\\\/encompaniastj.org\\\/pt-pt\\\/apresentacao-do-livro-uma-janela-para-raval-de-ma-victoria-molins\\\/\",\"name\":\"Apresenta\u00e7\u00e3o do livro \u201cUma janela para Raval\u201d, de M\u00aa Vict\u00f3ria Molins - En Compa\u00f1\u00eda STJ\",\"isPartOf\":{\"@id\":\"https:\\\/\\\/encompaniastj.org\\\/pt-pt\\\/#website\"},\"primaryImageOfPage\":{\"@id\":\"https:\\\/\\\/encompaniastj.org\\\/pt-pt\\\/apresentacao-do-livro-uma-janela-para-raval-de-ma-victoria-molins\\\/#primaryimage\"},\"image\":{\"@id\":\"https:\\\/\\\/encompaniastj.org\\\/pt-pt\\\/apresentacao-do-livro-uma-janela-para-raval-de-ma-victoria-molins\\\/#primaryimage\"},\"thumbnailUrl\":\"https:\\\/\\\/encompaniastj.org\\\/wp-content\\\/uploads\\\/2025\\\/05\\\/portada1.jpg\",\"datePublished\":\"2021-07-02T08:14:34+00:00\",\"dateModified\":\"2025-07-07T14:22:42+00:00\",\"breadcrumb\":{\"@id\":\"https:\\\/\\\/encompaniastj.org\\\/pt-pt\\\/apresentacao-do-livro-uma-janela-para-raval-de-ma-victoria-molins\\\/#breadcrumb\"},\"inLanguage\":\"pt-PT\",\"potentialAction\":[{\"@type\":\"ReadAction\",\"target\":[\"https:\\\/\\\/encompaniastj.org\\\/pt-pt\\\/apresentacao-do-livro-uma-janela-para-raval-de-ma-victoria-molins\\\/\"]}]},{\"@type\":\"ImageObject\",\"inLanguage\":\"pt-PT\",\"@id\":\"https:\\\/\\\/encompaniastj.org\\\/pt-pt\\\/apresentacao-do-livro-uma-janela-para-raval-de-ma-victoria-molins\\\/#primaryimage\",\"url\":\"https:\\\/\\\/encompaniastj.org\\\/wp-content\\\/uploads\\\/2025\\\/05\\\/portada1.jpg\",\"contentUrl\":\"https:\\\/\\\/encompaniastj.org\\\/wp-content\\\/uploads\\\/2025\\\/05\\\/portada1.jpg\",\"width\":495,\"height\":350},{\"@type\":\"BreadcrumbList\",\"@id\":\"https:\\\/\\\/encompaniastj.org\\\/pt-pt\\\/apresentacao-do-livro-uma-janela-para-raval-de-ma-victoria-molins\\\/#breadcrumb\",\"itemListElement\":[{\"@type\":\"ListItem\",\"position\":1,\"name\":\"Portada\",\"item\":\"https:\\\/\\\/encompaniastj.org\\\/pt-pt\\\/\"},{\"@type\":\"ListItem\",\"position\":2,\"name\":\"Apresenta\u00e7\u00e3o do livro \u201cUma janela para Raval\u201d, de M\u00aa Vict\u00f3ria Molins\"}]},{\"@type\":\"WebSite\",\"@id\":\"https:\\\/\\\/encompaniastj.org\\\/pt-pt\\\/#website\",\"url\":\"https:\\\/\\\/encompaniastj.org\\\/pt-pt\\\/\",\"name\":\"En Compa\u00f1\u00eda STJ\",\"description\":\"Bolet\u00edn de la Compa\u00f1\u00eda de Santa Teresa de Jes\u00fas\",\"publisher\":{\"@id\":\"https:\\\/\\\/encompaniastj.org\\\/pt-pt\\\/#organization\"},\"potentialAction\":[{\"@type\":\"SearchAction\",\"target\":{\"@type\":\"EntryPoint\",\"urlTemplate\":\"https:\\\/\\\/encompaniastj.org\\\/pt-pt\\\/?s={search_term_string}\"},\"query-input\":{\"@type\":\"PropertyValueSpecification\",\"valueRequired\":true,\"valueName\":\"search_term_string\"}}],\"inLanguage\":\"pt-PT\"},{\"@type\":\"Organization\",\"@id\":\"https:\\\/\\\/encompaniastj.org\\\/pt-pt\\\/#organization\",\"name\":\"Compa\u00f1\u00eda de Santa Teresa de Jes\u00fas\",\"url\":\"https:\\\/\\\/encompaniastj.org\\\/pt-pt\\\/\",\"logo\":{\"@type\":\"ImageObject\",\"inLanguage\":\"pt-PT\",\"@id\":\"https:\\\/\\\/encompaniastj.org\\\/pt-pt\\\/#\\\/schema\\\/logo\\\/image\\\/\",\"url\":\"https:\\\/\\\/encompaniastj.org\\\/wp-content\\\/uploads\\\/2025\\\/04\\\/logo_provincias02-1-3.png\",\"contentUrl\":\"https:\\\/\\\/encompaniastj.org\\\/wp-content\\\/uploads\\\/2025\\\/04\\\/logo_provincias02-1-3.png\",\"width\":2368,\"height\":825,\"caption\":\"Compa\u00f1\u00eda de Santa Teresa de Jes\u00fas\"},\"image\":{\"@id\":\"https:\\\/\\\/encompaniastj.org\\\/pt-pt\\\/#\\\/schema\\\/logo\\\/image\\\/\"}},{\"@type\":\"Person\",\"@id\":\"https:\\\/\\\/encompaniastj.org\\\/pt-pt\\\/#\\\/schema\\\/person\\\/520e7ecc314793d40091993c2a02b651\",\"name\":\"admin\",\"image\":{\"@type\":\"ImageObject\",\"inLanguage\":\"pt-PT\",\"@id\":\"https:\\\/\\\/secure.gravatar.com\\\/avatar\\\/948b492cce32b586ac2db0eaa926ee87024f7afe218d73b397ea5ddfc5f43ea1?s=96&d=mm&r=g\",\"url\":\"https:\\\/\\\/secure.gravatar.com\\\/avatar\\\/948b492cce32b586ac2db0eaa926ee87024f7afe218d73b397ea5ddfc5f43ea1?s=96&d=mm&r=g\",\"contentUrl\":\"https:\\\/\\\/secure.gravatar.com\\\/avatar\\\/948b492cce32b586ac2db0eaa926ee87024f7afe218d73b397ea5ddfc5f43ea1?s=96&d=mm&r=g\",\"caption\":\"admin\"},\"sameAs\":[\"https:\\\/\\\/encompaniastj.org\"],\"url\":\"https:\\\/\\\/encompaniastj.org\\\/pt-pt\\\/author\\\/sjdigital\\\/\"}]}<\/script>\n<!-- \/ Yoast SEO plugin. -->","yoast_head_json":{"title":"Apresenta\u00e7\u00e3o do livro \u201cUma janela para Raval\u201d, de M\u00aa Vict\u00f3ria Molins - En Compa\u00f1\u00eda STJ","robots":{"index":"index","follow":"follow","max-snippet":"max-snippet:-1","max-image-preview":"max-image-preview:large","max-video-preview":"max-video-preview:-1"},"canonical":"https:\/\/encompaniastj.org\/pt-pt\/apresentacao-do-livro-uma-janela-para-raval-de-ma-victoria-molins\/","og_locale":"pt_PT","og_type":"article","og_title":"Apresenta\u00e7\u00e3o do livro \u201cUma janela para Raval\u201d, de M\u00aa Vict\u00f3ria Molins - En Compa\u00f1\u00eda STJ","og_description":"Ter\u00e7a-feira, dia 22 de junho, foi apresentado em Barcelona o livro da Irm\u00e3 Maria Vict\u00f3ria Molins &#8220;UMA JANELA PARA RAVAL&#8221;, publicado pela Editorial Claret. A apresenta\u00e7\u00e3o foi feita no claustro [&hellip;]","og_url":"https:\/\/encompaniastj.org\/pt-pt\/apresentacao-do-livro-uma-janela-para-raval-de-ma-victoria-molins\/","og_site_name":"En Compa\u00f1\u00eda STJ","article_published_time":"2021-07-02T08:14:34+00:00","article_modified_time":"2025-07-07T14:22:42+00:00","og_image":[{"width":495,"height":350,"url":"https:\/\/encompaniastj.org\/wp-content\/uploads\/2025\/05\/portada1.jpg","type":"image\/jpeg"}],"author":"admin","twitter_card":"summary_large_image","twitter_misc":{"Escrito por":"admin","Tempo estimado de leitura":"3 minutos"},"schema":{"@context":"https:\/\/schema.org","@graph":[{"@type":"Article","@id":"https:\/\/encompaniastj.org\/pt-pt\/apresentacao-do-livro-uma-janela-para-raval-de-ma-victoria-molins\/#article","isPartOf":{"@id":"https:\/\/encompaniastj.org\/pt-pt\/apresentacao-do-livro-uma-janela-para-raval-de-ma-victoria-molins\/"},"author":{"name":"admin","@id":"https:\/\/encompaniastj.org\/pt-pt\/#\/schema\/person\/520e7ecc314793d40091993c2a02b651"},"headline":"Apresenta\u00e7\u00e3o do livro \u201cUma janela para Raval\u201d, de M\u00aa Vict\u00f3ria Molins","datePublished":"2021-07-02T08:14:34+00:00","dateModified":"2025-07-07T14:22:42+00:00","mainEntityOfPage":{"@id":"https:\/\/encompaniastj.org\/pt-pt\/apresentacao-do-livro-uma-janela-para-raval-de-ma-victoria-molins\/"},"wordCount":618,"commentCount":0,"publisher":{"@id":"https:\/\/encompaniastj.org\/pt-pt\/#organization"},"image":{"@id":"https:\/\/encompaniastj.org\/pt-pt\/apresentacao-do-livro-uma-janela-para-raval-de-ma-victoria-molins\/#primaryimage"},"thumbnailUrl":"https:\/\/encompaniastj.org\/wp-content\/uploads\/2025\/05\/portada1.jpg","articleSection":["Noticias","Otras","Outras"],"inLanguage":"pt-PT","potentialAction":[{"@type":"CommentAction","name":"Comment","target":["https:\/\/encompaniastj.org\/pt-pt\/apresentacao-do-livro-uma-janela-para-raval-de-ma-victoria-molins\/#respond"]}]},{"@type":"WebPage","@id":"https:\/\/encompaniastj.org\/pt-pt\/apresentacao-do-livro-uma-janela-para-raval-de-ma-victoria-molins\/","url":"https:\/\/encompaniastj.org\/pt-pt\/apresentacao-do-livro-uma-janela-para-raval-de-ma-victoria-molins\/","name":"Apresenta\u00e7\u00e3o do livro \u201cUma janela para Raval\u201d, de M\u00aa Vict\u00f3ria Molins - En Compa\u00f1\u00eda STJ","isPartOf":{"@id":"https:\/\/encompaniastj.org\/pt-pt\/#website"},"primaryImageOfPage":{"@id":"https:\/\/encompaniastj.org\/pt-pt\/apresentacao-do-livro-uma-janela-para-raval-de-ma-victoria-molins\/#primaryimage"},"image":{"@id":"https:\/\/encompaniastj.org\/pt-pt\/apresentacao-do-livro-uma-janela-para-raval-de-ma-victoria-molins\/#primaryimage"},"thumbnailUrl":"https:\/\/encompaniastj.org\/wp-content\/uploads\/2025\/05\/portada1.jpg","datePublished":"2021-07-02T08:14:34+00:00","dateModified":"2025-07-07T14:22:42+00:00","breadcrumb":{"@id":"https:\/\/encompaniastj.org\/pt-pt\/apresentacao-do-livro-uma-janela-para-raval-de-ma-victoria-molins\/#breadcrumb"},"inLanguage":"pt-PT","potentialAction":[{"@type":"ReadAction","target":["https:\/\/encompaniastj.org\/pt-pt\/apresentacao-do-livro-uma-janela-para-raval-de-ma-victoria-molins\/"]}]},{"@type":"ImageObject","inLanguage":"pt-PT","@id":"https:\/\/encompaniastj.org\/pt-pt\/apresentacao-do-livro-uma-janela-para-raval-de-ma-victoria-molins\/#primaryimage","url":"https:\/\/encompaniastj.org\/wp-content\/uploads\/2025\/05\/portada1.jpg","contentUrl":"https:\/\/encompaniastj.org\/wp-content\/uploads\/2025\/05\/portada1.jpg","width":495,"height":350},{"@type":"BreadcrumbList","@id":"https:\/\/encompaniastj.org\/pt-pt\/apresentacao-do-livro-uma-janela-para-raval-de-ma-victoria-molins\/#breadcrumb","itemListElement":[{"@type":"ListItem","position":1,"name":"Portada","item":"https:\/\/encompaniastj.org\/pt-pt\/"},{"@type":"ListItem","position":2,"name":"Apresenta\u00e7\u00e3o do livro \u201cUma janela para Raval\u201d, de M\u00aa Vict\u00f3ria Molins"}]},{"@type":"WebSite","@id":"https:\/\/encompaniastj.org\/pt-pt\/#website","url":"https:\/\/encompaniastj.org\/pt-pt\/","name":"En Compa\u00f1\u00eda STJ","description":"Bolet\u00edn de la Compa\u00f1\u00eda de Santa Teresa de Jes\u00fas","publisher":{"@id":"https:\/\/encompaniastj.org\/pt-pt\/#organization"},"potentialAction":[{"@type":"SearchAction","target":{"@type":"EntryPoint","urlTemplate":"https:\/\/encompaniastj.org\/pt-pt\/?s={search_term_string}"},"query-input":{"@type":"PropertyValueSpecification","valueRequired":true,"valueName":"search_term_string"}}],"inLanguage":"pt-PT"},{"@type":"Organization","@id":"https:\/\/encompaniastj.org\/pt-pt\/#organization","name":"Compa\u00f1\u00eda de Santa Teresa de Jes\u00fas","url":"https:\/\/encompaniastj.org\/pt-pt\/","logo":{"@type":"ImageObject","inLanguage":"pt-PT","@id":"https:\/\/encompaniastj.org\/pt-pt\/#\/schema\/logo\/image\/","url":"https:\/\/encompaniastj.org\/wp-content\/uploads\/2025\/04\/logo_provincias02-1-3.png","contentUrl":"https:\/\/encompaniastj.org\/wp-content\/uploads\/2025\/04\/logo_provincias02-1-3.png","width":2368,"height":825,"caption":"Compa\u00f1\u00eda de Santa Teresa de Jes\u00fas"},"image":{"@id":"https:\/\/encompaniastj.org\/pt-pt\/#\/schema\/logo\/image\/"}},{"@type":"Person","@id":"https:\/\/encompaniastj.org\/pt-pt\/#\/schema\/person\/520e7ecc314793d40091993c2a02b651","name":"admin","image":{"@type":"ImageObject","inLanguage":"pt-PT","@id":"https:\/\/secure.gravatar.com\/avatar\/948b492cce32b586ac2db0eaa926ee87024f7afe218d73b397ea5ddfc5f43ea1?s=96&d=mm&r=g","url":"https:\/\/secure.gravatar.com\/avatar\/948b492cce32b586ac2db0eaa926ee87024f7afe218d73b397ea5ddfc5f43ea1?s=96&d=mm&r=g","contentUrl":"https:\/\/secure.gravatar.com\/avatar\/948b492cce32b586ac2db0eaa926ee87024f7afe218d73b397ea5ddfc5f43ea1?s=96&d=mm&r=g","caption":"admin"},"sameAs":["https:\/\/encompaniastj.org"],"url":"https:\/\/encompaniastj.org\/pt-pt\/author\/sjdigital\/"}]}},"_links":{"self":[{"href":"https:\/\/encompaniastj.org\/pt-pt\/wp-json\/wp\/v2\/posts\/10704","targetHints":{"allow":["GET"]}}],"collection":[{"href":"https:\/\/encompaniastj.org\/pt-pt\/wp-json\/wp\/v2\/posts"}],"about":[{"href":"https:\/\/encompaniastj.org\/pt-pt\/wp-json\/wp\/v2\/types\/post"}],"author":[{"embeddable":true,"href":"https:\/\/encompaniastj.org\/pt-pt\/wp-json\/wp\/v2\/users\/1"}],"replies":[{"embeddable":true,"href":"https:\/\/encompaniastj.org\/pt-pt\/wp-json\/wp\/v2\/comments?post=10704"}],"version-history":[{"count":1,"href":"https:\/\/encompaniastj.org\/pt-pt\/wp-json\/wp\/v2\/posts\/10704\/revisions"}],"predecessor-version":[{"id":10705,"href":"https:\/\/encompaniastj.org\/pt-pt\/wp-json\/wp\/v2\/posts\/10704\/revisions\/10705"}],"wp:featuredmedia":[{"embeddable":true,"href":"https:\/\/encompaniastj.org\/pt-pt\/wp-json\/wp\/v2\/media\/7780"}],"wp:attachment":[{"href":"https:\/\/encompaniastj.org\/pt-pt\/wp-json\/wp\/v2\/media?parent=10704"}],"wp:term":[{"taxonomy":"category","embeddable":true,"href":"https:\/\/encompaniastj.org\/pt-pt\/wp-json\/wp\/v2\/categories?post=10704"},{"taxonomy":"post_tag","embeddable":true,"href":"https:\/\/encompaniastj.org\/pt-pt\/wp-json\/wp\/v2\/tags?post=10704"}],"curies":[{"name":"wp","href":"https:\/\/api.w.org\/{rel}","templated":true}]}}