{"id":10694,"date":"2021-06-30T11:18:12","date_gmt":"2021-06-30T09:18:12","guid":{"rendered":"https:\/\/encompaniastj.org\/as-nossas-comunidades-teresianas-encontramo-nos-em-bellvitge\/"},"modified":"2025-07-07T16:22:41","modified_gmt":"2025-07-07T14:22:41","slug":"as-nossas-comunidades-teresianas-encontramo-nos-em-bellvitge","status":"publish","type":"post","link":"https:\/\/encompaniastj.org\/pt-pt\/as-nossas-comunidades-teresianas-encontramo-nos-em-bellvitge\/","title":{"rendered":"As nossas comunidades teresianas encontr\u00e1mo-nos em Bellvitge"},"content":{"rendered":"<p>Decidimo-lo num momento de grande emo\u00e7\u00e3o - aquelas de n\u00f3s que assistimos \u00e0 despedida das irm\u00e3s Can Vidalet. Depois da Eucaristia, a Comunidade convidou-nos a ir \u00e0 sua casa e ofereceu-nos um lanche. Foi a\u00ed que a alegria de nos reencontrarmos pessoalmente, n\u00e3o online, nos fez perceber a grande necessidade que sent\u00edamos de voltar \u00e0queles encontros aos quais nos t\u00ednhamos acostumado antes da pandemia.<\/p>\n<p>Algu\u00e9m sugeriu voltar rapidamente a esses encontros, sem deixar passar mais tempo. Foi um desejo apoiado por unanimidade: o dia de S\u00e3o Jo\u00e3o parecia ser bom para a maioria. A Comunidade de Bellvitge, com sua hospitalidade caracter\u00edstica, ofereceu-se para faz\u00ea-lo em sua casa. Por outro lado, elas t\u00eam a facilidade de nos oferecerem um local para nos encontrarmos, na sua par\u00f3quia de S. Jo\u00e3o Evangelista.<\/p>\n<p>Acho que expresso o sentimento de todas n\u00f3s que nos encontr\u00e1mos, dizendo que foi um dia precioso que iremos lembrar como um dos momentos mais desejados, ap\u00f3s passarmos cerca de um ano e meio vendo-nos apenas atrav\u00e9s das pequenas janelas da televis\u00e3o.<\/p>\n<p>Reunidas \u00e0 volta de uma mesa, preparada com tanto cuidado quanto o amor e a fraternidade, come\u00e7\u00e1mos com uma ora\u00e7\u00e3o que t\u00ednhamos preparado com anteced\u00eancia.<\/p>\n<p>A simplicidade foi o sinal que nos fez gozar da Palavra do Evangelho, da palavra de Teresa e de cada uma de n\u00f3s.<\/p>\n<p>O texto do chamamento de Jesus aos ap\u00f3stolos deu origem ao primeiro di\u00e1logo de ora\u00e7\u00e3o partilhada: as irm\u00e3s que assim o desejaram puderam comunicar-nos a todas algum momento do seu \u00abchamamento\u00bb, quer no in\u00edcio do caminho vocacional, quer ao longo dos diferentes chamamentos ao longo dos anos e das mudan\u00e7as de casa, dando gra\u00e7as a Deus. Foi muito belo.<\/p>\n<p>A segunda parte da ora\u00e7\u00e3o acompanhada de cantos alusivos, foi a palavra de Teresa da Funda\u00e7\u00e3o de S. Jos\u00e9 explicando para que fomos chamadas, convencidas de que &#8220;n\u00e3o \u00e9 hora de tratar com Deus os pequenos neg\u00f3cios&#8221;, aludindo ao que se vivia, durante a pandemia em cada comunidade.<\/p>\n<p>O almo\u00e7o foi de verdadeira fraternidade, num lindo ambiente e apreciando o que as irm\u00e3s de Bellvitge nos prepararam com carinho, bom gosto e &#8230; um bom paladar.<\/p>\n<p>Foi o come\u00e7o. N\u00e3o ir\u00e1 demorar muito para nos encontrarmos novamente. A maioria de n\u00f3s somos de idade avan\u00e7ada, mas todas estamos envolvidas nas atividades que podemos fazer e sentirmo-nos unidas na miss\u00e3o. Creio que cada uma de n\u00f3s voltou \u00e0 sua comunidade com a alegria de nos sentirmos irm\u00e3s, na nossa querida Companhia de Santa Teresa de Jesus.<\/p>\n\n","protected":false},"excerpt":{"rendered":"<p>Decidimo-lo num momento de grande emo\u00e7\u00e3o - aquelas de n\u00f3s que assistimos \u00e0 despedida das irm\u00e3s Can Vidalet. Depois da Eucaristia, a Comunidade convidou-nos a ir \u00e0 sua casa e [&hellip;]<\/p>\n","protected":false},"author":1,"featured_media":7769,"comment_status":"open","ping_status":"open","sticky":false,"template":"","format":"standard","meta":{"_acf_changed":false,"footnotes":""},"categories":[61,62,68],"tags":[],"class_list":["post-10694","post","type-post","status-publish","format-standard","has-post-thumbnail","hentry","category-noticias","category-otras","category-outras"],"acf":[],"yoast_head":"<!-- This site is optimized with the Yoast SEO plugin v27.5 - https:\/\/yoast.com\/product\/yoast-seo-wordpress\/ -->\n<title>As nossas comunidades teresianas encontr\u00e1mo-nos em Bellvitge - En Compa\u00f1\u00eda STJ<\/title>\n<meta name=\"robots\" content=\"index, follow, max-snippet:-1, max-image-preview:large, max-video-preview:-1\" \/>\n<link rel=\"canonical\" href=\"https:\/\/encompaniastj.org\/pt-pt\/as-nossas-comunidades-teresianas-encontramo-nos-em-bellvitge\/\" \/>\n<meta property=\"og:locale\" content=\"pt_PT\" \/>\n<meta property=\"og:type\" content=\"article\" \/>\n<meta property=\"og:title\" content=\"As nossas comunidades teresianas encontr\u00e1mo-nos em Bellvitge - En Compa\u00f1\u00eda STJ\" \/>\n<meta property=\"og:description\" content=\"Decidimo-lo num momento de grande emo\u00e7\u00e3o - aquelas de n\u00f3s que assistimos \u00e0 despedida das irm\u00e3s Can Vidalet. Depois da Eucaristia, a Comunidade convidou-nos a ir \u00e0 sua casa e [&hellip;]\" \/>\n<meta property=\"og:url\" content=\"https:\/\/encompaniastj.org\/pt-pt\/as-nossas-comunidades-teresianas-encontramo-nos-em-bellvitge\/\" \/>\n<meta property=\"og:site_name\" content=\"En Compa\u00f1\u00eda STJ\" \/>\n<meta property=\"article:published_time\" content=\"2021-06-30T09:18:12+00:00\" \/>\n<meta property=\"article:modified_time\" content=\"2025-07-07T14:22:41+00:00\" \/>\n<meta property=\"og:image\" content=\"https:\/\/encompaniastj.org\/wp-content\/uploads\/2025\/05\/enc2.jpg\" \/>\n\t<meta property=\"og:image:width\" content=\"500\" \/>\n\t<meta property=\"og:image:height\" content=\"295\" \/>\n\t<meta property=\"og:image:type\" content=\"image\/jpeg\" \/>\n<meta name=\"author\" content=\"admin\" \/>\n<meta name=\"twitter:card\" content=\"summary_large_image\" \/>\n<meta name=\"twitter:label1\" content=\"Escrito por\" \/>\n\t<meta name=\"twitter:data1\" content=\"admin\" \/>\n\t<meta name=\"twitter:label2\" content=\"Tempo estimado de leitura\" \/>\n\t<meta name=\"twitter:data2\" content=\"2 minutos\" \/>\n<script type=\"application\/ld+json\" class=\"yoast-schema-graph\">{\"@context\":\"https:\\\/\\\/schema.org\",\"@graph\":[{\"@type\":\"Article\",\"@id\":\"https:\\\/\\\/encompaniastj.org\\\/pt-pt\\\/as-nossas-comunidades-teresianas-encontramo-nos-em-bellvitge\\\/#article\",\"isPartOf\":{\"@id\":\"https:\\\/\\\/encompaniastj.org\\\/pt-pt\\\/as-nossas-comunidades-teresianas-encontramo-nos-em-bellvitge\\\/\"},\"author\":{\"name\":\"admin\",\"@id\":\"https:\\\/\\\/encompaniastj.org\\\/pt-pt\\\/#\\\/schema\\\/person\\\/520e7ecc314793d40091993c2a02b651\"},\"headline\":\"As nossas comunidades teresianas encontr\u00e1mo-nos em Bellvitge\",\"datePublished\":\"2021-06-30T09:18:12+00:00\",\"dateModified\":\"2025-07-07T14:22:41+00:00\",\"mainEntityOfPage\":{\"@id\":\"https:\\\/\\\/encompaniastj.org\\\/pt-pt\\\/as-nossas-comunidades-teresianas-encontramo-nos-em-bellvitge\\\/\"},\"wordCount\":496,\"commentCount\":0,\"publisher\":{\"@id\":\"https:\\\/\\\/encompaniastj.org\\\/pt-pt\\\/#organization\"},\"image\":{\"@id\":\"https:\\\/\\\/encompaniastj.org\\\/pt-pt\\\/as-nossas-comunidades-teresianas-encontramo-nos-em-bellvitge\\\/#primaryimage\"},\"thumbnailUrl\":\"https:\\\/\\\/encompaniastj.org\\\/wp-content\\\/uploads\\\/2025\\\/05\\\/enc2.jpg\",\"articleSection\":[\"Noticias\",\"Otras\",\"Outras\"],\"inLanguage\":\"pt-PT\",\"potentialAction\":[{\"@type\":\"CommentAction\",\"name\":\"Comment\",\"target\":[\"https:\\\/\\\/encompaniastj.org\\\/pt-pt\\\/as-nossas-comunidades-teresianas-encontramo-nos-em-bellvitge\\\/#respond\"]}]},{\"@type\":\"WebPage\",\"@id\":\"https:\\\/\\\/encompaniastj.org\\\/pt-pt\\\/as-nossas-comunidades-teresianas-encontramo-nos-em-bellvitge\\\/\",\"url\":\"https:\\\/\\\/encompaniastj.org\\\/pt-pt\\\/as-nossas-comunidades-teresianas-encontramo-nos-em-bellvitge\\\/\",\"name\":\"As nossas comunidades teresianas encontr\u00e1mo-nos em Bellvitge - En Compa\u00f1\u00eda STJ\",\"isPartOf\":{\"@id\":\"https:\\\/\\\/encompaniastj.org\\\/pt-pt\\\/#website\"},\"primaryImageOfPage\":{\"@id\":\"https:\\\/\\\/encompaniastj.org\\\/pt-pt\\\/as-nossas-comunidades-teresianas-encontramo-nos-em-bellvitge\\\/#primaryimage\"},\"image\":{\"@id\":\"https:\\\/\\\/encompaniastj.org\\\/pt-pt\\\/as-nossas-comunidades-teresianas-encontramo-nos-em-bellvitge\\\/#primaryimage\"},\"thumbnailUrl\":\"https:\\\/\\\/encompaniastj.org\\\/wp-content\\\/uploads\\\/2025\\\/05\\\/enc2.jpg\",\"datePublished\":\"2021-06-30T09:18:12+00:00\",\"dateModified\":\"2025-07-07T14:22:41+00:00\",\"breadcrumb\":{\"@id\":\"https:\\\/\\\/encompaniastj.org\\\/pt-pt\\\/as-nossas-comunidades-teresianas-encontramo-nos-em-bellvitge\\\/#breadcrumb\"},\"inLanguage\":\"pt-PT\",\"potentialAction\":[{\"@type\":\"ReadAction\",\"target\":[\"https:\\\/\\\/encompaniastj.org\\\/pt-pt\\\/as-nossas-comunidades-teresianas-encontramo-nos-em-bellvitge\\\/\"]}]},{\"@type\":\"ImageObject\",\"inLanguage\":\"pt-PT\",\"@id\":\"https:\\\/\\\/encompaniastj.org\\\/pt-pt\\\/as-nossas-comunidades-teresianas-encontramo-nos-em-bellvitge\\\/#primaryimage\",\"url\":\"https:\\\/\\\/encompaniastj.org\\\/wp-content\\\/uploads\\\/2025\\\/05\\\/enc2.jpg\",\"contentUrl\":\"https:\\\/\\\/encompaniastj.org\\\/wp-content\\\/uploads\\\/2025\\\/05\\\/enc2.jpg\",\"width\":500,\"height\":295},{\"@type\":\"BreadcrumbList\",\"@id\":\"https:\\\/\\\/encompaniastj.org\\\/pt-pt\\\/as-nossas-comunidades-teresianas-encontramo-nos-em-bellvitge\\\/#breadcrumb\",\"itemListElement\":[{\"@type\":\"ListItem\",\"position\":1,\"name\":\"Portada\",\"item\":\"https:\\\/\\\/encompaniastj.org\\\/pt-pt\\\/\"},{\"@type\":\"ListItem\",\"position\":2,\"name\":\"As nossas comunidades teresianas encontr\u00e1mo-nos em Bellvitge\"}]},{\"@type\":\"WebSite\",\"@id\":\"https:\\\/\\\/encompaniastj.org\\\/pt-pt\\\/#website\",\"url\":\"https:\\\/\\\/encompaniastj.org\\\/pt-pt\\\/\",\"name\":\"En Compa\u00f1\u00eda STJ\",\"description\":\"Bolet\u00edn de la Compa\u00f1\u00eda de Santa Teresa de Jes\u00fas\",\"publisher\":{\"@id\":\"https:\\\/\\\/encompaniastj.org\\\/pt-pt\\\/#organization\"},\"potentialAction\":[{\"@type\":\"SearchAction\",\"target\":{\"@type\":\"EntryPoint\",\"urlTemplate\":\"https:\\\/\\\/encompaniastj.org\\\/pt-pt\\\/?s={search_term_string}\"},\"query-input\":{\"@type\":\"PropertyValueSpecification\",\"valueRequired\":true,\"valueName\":\"search_term_string\"}}],\"inLanguage\":\"pt-PT\"},{\"@type\":\"Organization\",\"@id\":\"https:\\\/\\\/encompaniastj.org\\\/pt-pt\\\/#organization\",\"name\":\"Compa\u00f1\u00eda de Santa Teresa de Jes\u00fas\",\"url\":\"https:\\\/\\\/encompaniastj.org\\\/pt-pt\\\/\",\"logo\":{\"@type\":\"ImageObject\",\"inLanguage\":\"pt-PT\",\"@id\":\"https:\\\/\\\/encompaniastj.org\\\/pt-pt\\\/#\\\/schema\\\/logo\\\/image\\\/\",\"url\":\"https:\\\/\\\/encompaniastj.org\\\/wp-content\\\/uploads\\\/2025\\\/04\\\/logo_provincias02-1-3.png\",\"contentUrl\":\"https:\\\/\\\/encompaniastj.org\\\/wp-content\\\/uploads\\\/2025\\\/04\\\/logo_provincias02-1-3.png\",\"width\":2368,\"height\":825,\"caption\":\"Compa\u00f1\u00eda de Santa Teresa de Jes\u00fas\"},\"image\":{\"@id\":\"https:\\\/\\\/encompaniastj.org\\\/pt-pt\\\/#\\\/schema\\\/logo\\\/image\\\/\"}},{\"@type\":\"Person\",\"@id\":\"https:\\\/\\\/encompaniastj.org\\\/pt-pt\\\/#\\\/schema\\\/person\\\/520e7ecc314793d40091993c2a02b651\",\"name\":\"admin\",\"image\":{\"@type\":\"ImageObject\",\"inLanguage\":\"pt-PT\",\"@id\":\"https:\\\/\\\/secure.gravatar.com\\\/avatar\\\/948b492cce32b586ac2db0eaa926ee87024f7afe218d73b397ea5ddfc5f43ea1?s=96&d=mm&r=g\",\"url\":\"https:\\\/\\\/secure.gravatar.com\\\/avatar\\\/948b492cce32b586ac2db0eaa926ee87024f7afe218d73b397ea5ddfc5f43ea1?s=96&d=mm&r=g\",\"contentUrl\":\"https:\\\/\\\/secure.gravatar.com\\\/avatar\\\/948b492cce32b586ac2db0eaa926ee87024f7afe218d73b397ea5ddfc5f43ea1?s=96&d=mm&r=g\",\"caption\":\"admin\"},\"sameAs\":[\"https:\\\/\\\/encompaniastj.org\"],\"url\":\"https:\\\/\\\/encompaniastj.org\\\/pt-pt\\\/author\\\/sjdigital\\\/\"}]}<\/script>\n<!-- \/ Yoast SEO plugin. -->","yoast_head_json":{"title":"As nossas comunidades teresianas encontr\u00e1mo-nos em Bellvitge - En Compa\u00f1\u00eda STJ","robots":{"index":"index","follow":"follow","max-snippet":"max-snippet:-1","max-image-preview":"max-image-preview:large","max-video-preview":"max-video-preview:-1"},"canonical":"https:\/\/encompaniastj.org\/pt-pt\/as-nossas-comunidades-teresianas-encontramo-nos-em-bellvitge\/","og_locale":"pt_PT","og_type":"article","og_title":"As nossas comunidades teresianas encontr\u00e1mo-nos em Bellvitge - En Compa\u00f1\u00eda STJ","og_description":"Decidimo-lo num momento de grande emo\u00e7\u00e3o - aquelas de n\u00f3s que assistimos \u00e0 despedida das irm\u00e3s Can Vidalet. Depois da Eucaristia, a Comunidade convidou-nos a ir \u00e0 sua casa e [&hellip;]","og_url":"https:\/\/encompaniastj.org\/pt-pt\/as-nossas-comunidades-teresianas-encontramo-nos-em-bellvitge\/","og_site_name":"En Compa\u00f1\u00eda STJ","article_published_time":"2021-06-30T09:18:12+00:00","article_modified_time":"2025-07-07T14:22:41+00:00","og_image":[{"width":500,"height":295,"url":"https:\/\/encompaniastj.org\/wp-content\/uploads\/2025\/05\/enc2.jpg","type":"image\/jpeg"}],"author":"admin","twitter_card":"summary_large_image","twitter_misc":{"Escrito por":"admin","Tempo estimado de leitura":"2 minutos"},"schema":{"@context":"https:\/\/schema.org","@graph":[{"@type":"Article","@id":"https:\/\/encompaniastj.org\/pt-pt\/as-nossas-comunidades-teresianas-encontramo-nos-em-bellvitge\/#article","isPartOf":{"@id":"https:\/\/encompaniastj.org\/pt-pt\/as-nossas-comunidades-teresianas-encontramo-nos-em-bellvitge\/"},"author":{"name":"admin","@id":"https:\/\/encompaniastj.org\/pt-pt\/#\/schema\/person\/520e7ecc314793d40091993c2a02b651"},"headline":"As nossas comunidades teresianas encontr\u00e1mo-nos em Bellvitge","datePublished":"2021-06-30T09:18:12+00:00","dateModified":"2025-07-07T14:22:41+00:00","mainEntityOfPage":{"@id":"https:\/\/encompaniastj.org\/pt-pt\/as-nossas-comunidades-teresianas-encontramo-nos-em-bellvitge\/"},"wordCount":496,"commentCount":0,"publisher":{"@id":"https:\/\/encompaniastj.org\/pt-pt\/#organization"},"image":{"@id":"https:\/\/encompaniastj.org\/pt-pt\/as-nossas-comunidades-teresianas-encontramo-nos-em-bellvitge\/#primaryimage"},"thumbnailUrl":"https:\/\/encompaniastj.org\/wp-content\/uploads\/2025\/05\/enc2.jpg","articleSection":["Noticias","Otras","Outras"],"inLanguage":"pt-PT","potentialAction":[{"@type":"CommentAction","name":"Comment","target":["https:\/\/encompaniastj.org\/pt-pt\/as-nossas-comunidades-teresianas-encontramo-nos-em-bellvitge\/#respond"]}]},{"@type":"WebPage","@id":"https:\/\/encompaniastj.org\/pt-pt\/as-nossas-comunidades-teresianas-encontramo-nos-em-bellvitge\/","url":"https:\/\/encompaniastj.org\/pt-pt\/as-nossas-comunidades-teresianas-encontramo-nos-em-bellvitge\/","name":"As nossas comunidades teresianas encontr\u00e1mo-nos em Bellvitge - En Compa\u00f1\u00eda STJ","isPartOf":{"@id":"https:\/\/encompaniastj.org\/pt-pt\/#website"},"primaryImageOfPage":{"@id":"https:\/\/encompaniastj.org\/pt-pt\/as-nossas-comunidades-teresianas-encontramo-nos-em-bellvitge\/#primaryimage"},"image":{"@id":"https:\/\/encompaniastj.org\/pt-pt\/as-nossas-comunidades-teresianas-encontramo-nos-em-bellvitge\/#primaryimage"},"thumbnailUrl":"https:\/\/encompaniastj.org\/wp-content\/uploads\/2025\/05\/enc2.jpg","datePublished":"2021-06-30T09:18:12+00:00","dateModified":"2025-07-07T14:22:41+00:00","breadcrumb":{"@id":"https:\/\/encompaniastj.org\/pt-pt\/as-nossas-comunidades-teresianas-encontramo-nos-em-bellvitge\/#breadcrumb"},"inLanguage":"pt-PT","potentialAction":[{"@type":"ReadAction","target":["https:\/\/encompaniastj.org\/pt-pt\/as-nossas-comunidades-teresianas-encontramo-nos-em-bellvitge\/"]}]},{"@type":"ImageObject","inLanguage":"pt-PT","@id":"https:\/\/encompaniastj.org\/pt-pt\/as-nossas-comunidades-teresianas-encontramo-nos-em-bellvitge\/#primaryimage","url":"https:\/\/encompaniastj.org\/wp-content\/uploads\/2025\/05\/enc2.jpg","contentUrl":"https:\/\/encompaniastj.org\/wp-content\/uploads\/2025\/05\/enc2.jpg","width":500,"height":295},{"@type":"BreadcrumbList","@id":"https:\/\/encompaniastj.org\/pt-pt\/as-nossas-comunidades-teresianas-encontramo-nos-em-bellvitge\/#breadcrumb","itemListElement":[{"@type":"ListItem","position":1,"name":"Portada","item":"https:\/\/encompaniastj.org\/pt-pt\/"},{"@type":"ListItem","position":2,"name":"As nossas comunidades teresianas encontr\u00e1mo-nos em Bellvitge"}]},{"@type":"WebSite","@id":"https:\/\/encompaniastj.org\/pt-pt\/#website","url":"https:\/\/encompaniastj.org\/pt-pt\/","name":"En Compa\u00f1\u00eda STJ","description":"Bolet\u00edn de la Compa\u00f1\u00eda de Santa Teresa de Jes\u00fas","publisher":{"@id":"https:\/\/encompaniastj.org\/pt-pt\/#organization"},"potentialAction":[{"@type":"SearchAction","target":{"@type":"EntryPoint","urlTemplate":"https:\/\/encompaniastj.org\/pt-pt\/?s={search_term_string}"},"query-input":{"@type":"PropertyValueSpecification","valueRequired":true,"valueName":"search_term_string"}}],"inLanguage":"pt-PT"},{"@type":"Organization","@id":"https:\/\/encompaniastj.org\/pt-pt\/#organization","name":"Compa\u00f1\u00eda de Santa Teresa de Jes\u00fas","url":"https:\/\/encompaniastj.org\/pt-pt\/","logo":{"@type":"ImageObject","inLanguage":"pt-PT","@id":"https:\/\/encompaniastj.org\/pt-pt\/#\/schema\/logo\/image\/","url":"https:\/\/encompaniastj.org\/wp-content\/uploads\/2025\/04\/logo_provincias02-1-3.png","contentUrl":"https:\/\/encompaniastj.org\/wp-content\/uploads\/2025\/04\/logo_provincias02-1-3.png","width":2368,"height":825,"caption":"Compa\u00f1\u00eda de Santa Teresa de Jes\u00fas"},"image":{"@id":"https:\/\/encompaniastj.org\/pt-pt\/#\/schema\/logo\/image\/"}},{"@type":"Person","@id":"https:\/\/encompaniastj.org\/pt-pt\/#\/schema\/person\/520e7ecc314793d40091993c2a02b651","name":"admin","image":{"@type":"ImageObject","inLanguage":"pt-PT","@id":"https:\/\/secure.gravatar.com\/avatar\/948b492cce32b586ac2db0eaa926ee87024f7afe218d73b397ea5ddfc5f43ea1?s=96&d=mm&r=g","url":"https:\/\/secure.gravatar.com\/avatar\/948b492cce32b586ac2db0eaa926ee87024f7afe218d73b397ea5ddfc5f43ea1?s=96&d=mm&r=g","contentUrl":"https:\/\/secure.gravatar.com\/avatar\/948b492cce32b586ac2db0eaa926ee87024f7afe218d73b397ea5ddfc5f43ea1?s=96&d=mm&r=g","caption":"admin"},"sameAs":["https:\/\/encompaniastj.org"],"url":"https:\/\/encompaniastj.org\/pt-pt\/author\/sjdigital\/"}]}},"_links":{"self":[{"href":"https:\/\/encompaniastj.org\/pt-pt\/wp-json\/wp\/v2\/posts\/10694","targetHints":{"allow":["GET"]}}],"collection":[{"href":"https:\/\/encompaniastj.org\/pt-pt\/wp-json\/wp\/v2\/posts"}],"about":[{"href":"https:\/\/encompaniastj.org\/pt-pt\/wp-json\/wp\/v2\/types\/post"}],"author":[{"embeddable":true,"href":"https:\/\/encompaniastj.org\/pt-pt\/wp-json\/wp\/v2\/users\/1"}],"replies":[{"embeddable":true,"href":"https:\/\/encompaniastj.org\/pt-pt\/wp-json\/wp\/v2\/comments?post=10694"}],"version-history":[{"count":1,"href":"https:\/\/encompaniastj.org\/pt-pt\/wp-json\/wp\/v2\/posts\/10694\/revisions"}],"predecessor-version":[{"id":10695,"href":"https:\/\/encompaniastj.org\/pt-pt\/wp-json\/wp\/v2\/posts\/10694\/revisions\/10695"}],"wp:featuredmedia":[{"embeddable":true,"href":"https:\/\/encompaniastj.org\/pt-pt\/wp-json\/wp\/v2\/media\/7769"}],"wp:attachment":[{"href":"https:\/\/encompaniastj.org\/pt-pt\/wp-json\/wp\/v2\/media?parent=10694"}],"wp:term":[{"taxonomy":"category","embeddable":true,"href":"https:\/\/encompaniastj.org\/pt-pt\/wp-json\/wp\/v2\/categories?post=10694"},{"taxonomy":"post_tag","embeddable":true,"href":"https:\/\/encompaniastj.org\/pt-pt\/wp-json\/wp\/v2\/tags?post=10694"}],"curies":[{"name":"wp","href":"https:\/\/api.w.org\/{rel}","templated":true}]}}