{"id":10670,"date":"2021-06-28T09:16:59","date_gmt":"2021-06-28T07:16:59","guid":{"rendered":"https:\/\/encompaniastj.org\/despedida-da-paroquia-de-sant-henric-dosso\/"},"modified":"2025-07-07T16:22:37","modified_gmt":"2025-07-07T14:22:37","slug":"despedida-da-paroquia-de-sant-henric-dosso","status":"publish","type":"post","link":"https:\/\/encompaniastj.org\/pt-pt\/despedida-da-paroquia-de-sant-henric-dosso\/","title":{"rendered":"Despedida da par\u00f3quia de Sant Henric d\u2019Oss\u00f3"},"content":{"rendered":"<p>Domingo 20 de junho. Par\u00f3quia de Sant Enric d\u2019Oss\u00f3, em L\u2019Hospitalet de Llobregat (Barcelona).<\/p>\n<p>Manh\u00e3 de despedidas, agradecimentos, emo\u00e7\u00f5es profundas &#8230; A comunidade teresiana deixa de estar presente na par\u00f3quia e no bairro. A comunidade fez a entrada no dia 8 de maio de 2002, e quatro irm\u00e3s a\u00ed come\u00e7aram a morar: Carmen Puig, Nuria Bonrepaux, Concha Monfort e Trini Rosell, que estariam ao servi\u00e7o da par\u00f3quia.<\/p>\n<p>Desde ent\u00e3o, j\u00e1 se passaram 19 anos, vividos intensamente por todas n\u00f3s que pass\u00e1mos pela par\u00f3quia e pelo bairro de Can Vidalet. Quantas horas na igreja ouvindo umas vezes o Senhor e outras a uns e outros vizinhos que vinham para contar as suas alegrias e os seus gozos, n\u00e3o s\u00f3 a Jesus, mas tamb\u00e9m \u00e0s irm\u00e3s. Eucaristias, catequese para os filhos e pais, festas, visitas \u00e0 casa dos idosos, grupos com a Gent Gran, prepara\u00e7\u00e3o das ora\u00e7\u00f5es, decora\u00e7\u00e3o da igreja nos tempos lit\u00fargicos &#8230;. Quanta vida doada em miss\u00e3o! Que alegria dar a conhecer a Henrique de Oss\u00f3 e celebrar a sua festa com o bairro e ouvi-los cantar TUDO POR JESUS em voz alta!<\/p>\n<p>Agora, desped\u00edamo-nos. A igreja est\u00e1 totalmente cheia. A Eucaristia foi cativante, come\u00e7ando pelos dois padres que estavam a celebrar, p\u00e1roco e coadjutor, que com todas as suas palavras agradeceram \u00e0s irm\u00e3s pelo seu trabalho e pela sua presen\u00e7a na par\u00f3quia. Fomos acompanhadas pela rel\u00edquia de nosso Pai colocada sobre o altar. No final da Eucaristia, antes da b\u00ean\u00e7\u00e3o, as irm\u00e3s da comunidade quiseram dirigir algumas palavras a todas n\u00f3s que ali est\u00e1vamos reunidos para nos despedirmos. Dalm\u00e1cia Rodr\u00edguez, Pilar Caballero e Laura R\u00edus, cada uma com a sua maneira de ser, agradeceram tudo o que viveram. As tr\u00eas com uma experi\u00eancia comum: deram tudo o que podiam, mas receberam muito mais.<\/p>\n<p>Um n\u00famero significativo de irm\u00e3s da Companhia acompanh\u00e1mo-las, muitas de n\u00f3s t\u00ednhamos vivido na comunidade nalguns momentos durante aqueles 19 anos. Outras iam todos os anos a celebrar ali, a festa de Santo Henrique. Est\u00e1vamos todas muito, muito emocionadas, especialmente quando as irm\u00e3s falaram. Tamb\u00e9m porque foi a primeira vez que nos encontr\u00e1mos pessoalmente ap\u00f3s a pandemia. Muitos len\u00e7os foram vistos.<\/p>\n<p>Depois das intermin\u00e1veis sauda\u00e7\u00f5es, &#8220;toques de cotovelos&#8221;, reconhecimento m\u00fatuo pelas amigas da par\u00f3quia, subimos ao apartamento das irm\u00e3s, que nos prepararam um aperitivo. L\u00e1 tivemos um momento de encontro muito fraterno. E como gostamos desses encontros, volt\u00e1mos a encontrar-nos no dia 24, S\u00e3o Jo\u00e3o Evangelista, para um momento de ora\u00e7\u00e3o e refei\u00e7\u00f5es juntas, como j\u00e1 fizemos noutras ocasi\u00f5es, na comunidade \u201cmuito generosa\u201d de Bellvitge. E assim o faremos.<\/p>\n<p>Pilar Rodr\u00edguez Briz<\/p>\n\n","protected":false},"excerpt":{"rendered":"<p>Domingo 20 de junho. Par\u00f3quia de Sant Enric d\u2019Oss\u00f3, em L\u2019Hospitalet de Llobregat (Barcelona). Manh\u00e3 de despedidas, agradecimentos, emo\u00e7\u00f5es profundas &#8230; A comunidade teresiana deixa de estar presente na par\u00f3quia [&hellip;]<\/p>\n","protected":false},"author":1,"featured_media":7755,"comment_status":"open","ping_status":"open","sticky":false,"template":"","format":"standard","meta":{"_acf_changed":false,"footnotes":""},"categories":[61,62,68],"tags":[],"class_list":["post-10670","post","type-post","status-publish","format-standard","has-post-thumbnail","hentry","category-noticias","category-otras","category-outras"],"acf":[],"yoast_head":"<!-- This site is optimized with the Yoast SEO plugin v27.5 - https:\/\/yoast.com\/product\/yoast-seo-wordpress\/ -->\n<title>Despedida da par\u00f3quia de Sant Henric d\u2019Oss\u00f3 - En Compa\u00f1\u00eda STJ<\/title>\n<meta name=\"robots\" content=\"index, follow, max-snippet:-1, max-image-preview:large, max-video-preview:-1\" \/>\n<link rel=\"canonical\" href=\"https:\/\/encompaniastj.org\/pt-pt\/despedida-da-paroquia-de-sant-henric-dosso\/\" \/>\n<meta property=\"og:locale\" content=\"pt_PT\" \/>\n<meta property=\"og:type\" content=\"article\" \/>\n<meta property=\"og:title\" content=\"Despedida da par\u00f3quia de Sant Henric d\u2019Oss\u00f3 - En Compa\u00f1\u00eda STJ\" \/>\n<meta property=\"og:description\" content=\"Domingo 20 de junho. Par\u00f3quia de Sant Enric d\u2019Oss\u00f3, em L\u2019Hospitalet de Llobregat (Barcelona). Manh\u00e3 de despedidas, agradecimentos, emo\u00e7\u00f5es profundas &#8230; A comunidade teresiana deixa de estar presente na par\u00f3quia [&hellip;]\" \/>\n<meta property=\"og:url\" content=\"https:\/\/encompaniastj.org\/pt-pt\/despedida-da-paroquia-de-sant-henric-dosso\/\" \/>\n<meta property=\"og:site_name\" content=\"En Compa\u00f1\u00eda STJ\" \/>\n<meta property=\"article:published_time\" content=\"2021-06-28T07:16:59+00:00\" \/>\n<meta property=\"article:modified_time\" content=\"2025-07-07T14:22:37+00:00\" \/>\n<meta property=\"og:image\" content=\"https:\/\/encompaniastj.org\/wp-content\/uploads\/2025\/05\/can1.jpg\" \/>\n\t<meta property=\"og:image:width\" content=\"500\" \/>\n\t<meta property=\"og:image:height\" content=\"375\" \/>\n\t<meta property=\"og:image:type\" content=\"image\/jpeg\" \/>\n<meta name=\"author\" content=\"admin\" \/>\n<meta name=\"twitter:card\" content=\"summary_large_image\" \/>\n<meta name=\"twitter:label1\" content=\"Escrito por\" \/>\n\t<meta name=\"twitter:data1\" content=\"admin\" \/>\n\t<meta name=\"twitter:label2\" content=\"Tempo estimado de leitura\" \/>\n\t<meta name=\"twitter:data2\" content=\"2 minutos\" \/>\n<script type=\"application\/ld+json\" class=\"yoast-schema-graph\">{\"@context\":\"https:\\\/\\\/schema.org\",\"@graph\":[{\"@type\":\"Article\",\"@id\":\"https:\\\/\\\/encompaniastj.org\\\/pt-pt\\\/despedida-da-paroquia-de-sant-henric-dosso\\\/#article\",\"isPartOf\":{\"@id\":\"https:\\\/\\\/encompaniastj.org\\\/pt-pt\\\/despedida-da-paroquia-de-sant-henric-dosso\\\/\"},\"author\":{\"name\":\"admin\",\"@id\":\"https:\\\/\\\/encompaniastj.org\\\/pt-pt\\\/#\\\/schema\\\/person\\\/520e7ecc314793d40091993c2a02b651\"},\"headline\":\"Despedida da par\u00f3quia de Sant Henric d\u2019Oss\u00f3\",\"datePublished\":\"2021-06-28T07:16:59+00:00\",\"dateModified\":\"2025-07-07T14:22:37+00:00\",\"mainEntityOfPage\":{\"@id\":\"https:\\\/\\\/encompaniastj.org\\\/pt-pt\\\/despedida-da-paroquia-de-sant-henric-dosso\\\/\"},\"wordCount\":543,\"commentCount\":0,\"publisher\":{\"@id\":\"https:\\\/\\\/encompaniastj.org\\\/pt-pt\\\/#organization\"},\"image\":{\"@id\":\"https:\\\/\\\/encompaniastj.org\\\/pt-pt\\\/despedida-da-paroquia-de-sant-henric-dosso\\\/#primaryimage\"},\"thumbnailUrl\":\"https:\\\/\\\/encompaniastj.org\\\/wp-content\\\/uploads\\\/2025\\\/05\\\/can1.jpg\",\"articleSection\":[\"Noticias\",\"Otras\",\"Outras\"],\"inLanguage\":\"pt-PT\",\"potentialAction\":[{\"@type\":\"CommentAction\",\"name\":\"Comment\",\"target\":[\"https:\\\/\\\/encompaniastj.org\\\/pt-pt\\\/despedida-da-paroquia-de-sant-henric-dosso\\\/#respond\"]}]},{\"@type\":\"WebPage\",\"@id\":\"https:\\\/\\\/encompaniastj.org\\\/pt-pt\\\/despedida-da-paroquia-de-sant-henric-dosso\\\/\",\"url\":\"https:\\\/\\\/encompaniastj.org\\\/pt-pt\\\/despedida-da-paroquia-de-sant-henric-dosso\\\/\",\"name\":\"Despedida da par\u00f3quia de Sant Henric d\u2019Oss\u00f3 - En Compa\u00f1\u00eda STJ\",\"isPartOf\":{\"@id\":\"https:\\\/\\\/encompaniastj.org\\\/pt-pt\\\/#website\"},\"primaryImageOfPage\":{\"@id\":\"https:\\\/\\\/encompaniastj.org\\\/pt-pt\\\/despedida-da-paroquia-de-sant-henric-dosso\\\/#primaryimage\"},\"image\":{\"@id\":\"https:\\\/\\\/encompaniastj.org\\\/pt-pt\\\/despedida-da-paroquia-de-sant-henric-dosso\\\/#primaryimage\"},\"thumbnailUrl\":\"https:\\\/\\\/encompaniastj.org\\\/wp-content\\\/uploads\\\/2025\\\/05\\\/can1.jpg\",\"datePublished\":\"2021-06-28T07:16:59+00:00\",\"dateModified\":\"2025-07-07T14:22:37+00:00\",\"breadcrumb\":{\"@id\":\"https:\\\/\\\/encompaniastj.org\\\/pt-pt\\\/despedida-da-paroquia-de-sant-henric-dosso\\\/#breadcrumb\"},\"inLanguage\":\"pt-PT\",\"potentialAction\":[{\"@type\":\"ReadAction\",\"target\":[\"https:\\\/\\\/encompaniastj.org\\\/pt-pt\\\/despedida-da-paroquia-de-sant-henric-dosso\\\/\"]}]},{\"@type\":\"ImageObject\",\"inLanguage\":\"pt-PT\",\"@id\":\"https:\\\/\\\/encompaniastj.org\\\/pt-pt\\\/despedida-da-paroquia-de-sant-henric-dosso\\\/#primaryimage\",\"url\":\"https:\\\/\\\/encompaniastj.org\\\/wp-content\\\/uploads\\\/2025\\\/05\\\/can1.jpg\",\"contentUrl\":\"https:\\\/\\\/encompaniastj.org\\\/wp-content\\\/uploads\\\/2025\\\/05\\\/can1.jpg\",\"width\":500,\"height\":375},{\"@type\":\"BreadcrumbList\",\"@id\":\"https:\\\/\\\/encompaniastj.org\\\/pt-pt\\\/despedida-da-paroquia-de-sant-henric-dosso\\\/#breadcrumb\",\"itemListElement\":[{\"@type\":\"ListItem\",\"position\":1,\"name\":\"Portada\",\"item\":\"https:\\\/\\\/encompaniastj.org\\\/pt-pt\\\/\"},{\"@type\":\"ListItem\",\"position\":2,\"name\":\"Despedida da par\u00f3quia de Sant Henric d\u2019Oss\u00f3\"}]},{\"@type\":\"WebSite\",\"@id\":\"https:\\\/\\\/encompaniastj.org\\\/pt-pt\\\/#website\",\"url\":\"https:\\\/\\\/encompaniastj.org\\\/pt-pt\\\/\",\"name\":\"En Compa\u00f1\u00eda STJ\",\"description\":\"Bolet\u00edn de la Compa\u00f1\u00eda de Santa Teresa de Jes\u00fas\",\"publisher\":{\"@id\":\"https:\\\/\\\/encompaniastj.org\\\/pt-pt\\\/#organization\"},\"potentialAction\":[{\"@type\":\"SearchAction\",\"target\":{\"@type\":\"EntryPoint\",\"urlTemplate\":\"https:\\\/\\\/encompaniastj.org\\\/pt-pt\\\/?s={search_term_string}\"},\"query-input\":{\"@type\":\"PropertyValueSpecification\",\"valueRequired\":true,\"valueName\":\"search_term_string\"}}],\"inLanguage\":\"pt-PT\"},{\"@type\":\"Organization\",\"@id\":\"https:\\\/\\\/encompaniastj.org\\\/pt-pt\\\/#organization\",\"name\":\"Compa\u00f1\u00eda de Santa Teresa de Jes\u00fas\",\"url\":\"https:\\\/\\\/encompaniastj.org\\\/pt-pt\\\/\",\"logo\":{\"@type\":\"ImageObject\",\"inLanguage\":\"pt-PT\",\"@id\":\"https:\\\/\\\/encompaniastj.org\\\/pt-pt\\\/#\\\/schema\\\/logo\\\/image\\\/\",\"url\":\"https:\\\/\\\/encompaniastj.org\\\/wp-content\\\/uploads\\\/2025\\\/04\\\/logo_provincias02-1-3.png\",\"contentUrl\":\"https:\\\/\\\/encompaniastj.org\\\/wp-content\\\/uploads\\\/2025\\\/04\\\/logo_provincias02-1-3.png\",\"width\":2368,\"height\":825,\"caption\":\"Compa\u00f1\u00eda de Santa Teresa de Jes\u00fas\"},\"image\":{\"@id\":\"https:\\\/\\\/encompaniastj.org\\\/pt-pt\\\/#\\\/schema\\\/logo\\\/image\\\/\"}},{\"@type\":\"Person\",\"@id\":\"https:\\\/\\\/encompaniastj.org\\\/pt-pt\\\/#\\\/schema\\\/person\\\/520e7ecc314793d40091993c2a02b651\",\"name\":\"admin\",\"image\":{\"@type\":\"ImageObject\",\"inLanguage\":\"pt-PT\",\"@id\":\"https:\\\/\\\/secure.gravatar.com\\\/avatar\\\/948b492cce32b586ac2db0eaa926ee87024f7afe218d73b397ea5ddfc5f43ea1?s=96&d=mm&r=g\",\"url\":\"https:\\\/\\\/secure.gravatar.com\\\/avatar\\\/948b492cce32b586ac2db0eaa926ee87024f7afe218d73b397ea5ddfc5f43ea1?s=96&d=mm&r=g\",\"contentUrl\":\"https:\\\/\\\/secure.gravatar.com\\\/avatar\\\/948b492cce32b586ac2db0eaa926ee87024f7afe218d73b397ea5ddfc5f43ea1?s=96&d=mm&r=g\",\"caption\":\"admin\"},\"sameAs\":[\"https:\\\/\\\/encompaniastj.org\"],\"url\":\"https:\\\/\\\/encompaniastj.org\\\/pt-pt\\\/author\\\/sjdigital\\\/\"}]}<\/script>\n<!-- \/ Yoast SEO plugin. -->","yoast_head_json":{"title":"Despedida da par\u00f3quia de Sant Henric d\u2019Oss\u00f3 - En Compa\u00f1\u00eda STJ","robots":{"index":"index","follow":"follow","max-snippet":"max-snippet:-1","max-image-preview":"max-image-preview:large","max-video-preview":"max-video-preview:-1"},"canonical":"https:\/\/encompaniastj.org\/pt-pt\/despedida-da-paroquia-de-sant-henric-dosso\/","og_locale":"pt_PT","og_type":"article","og_title":"Despedida da par\u00f3quia de Sant Henric d\u2019Oss\u00f3 - En Compa\u00f1\u00eda STJ","og_description":"Domingo 20 de junho. Par\u00f3quia de Sant Enric d\u2019Oss\u00f3, em L\u2019Hospitalet de Llobregat (Barcelona). Manh\u00e3 de despedidas, agradecimentos, emo\u00e7\u00f5es profundas &#8230; A comunidade teresiana deixa de estar presente na par\u00f3quia [&hellip;]","og_url":"https:\/\/encompaniastj.org\/pt-pt\/despedida-da-paroquia-de-sant-henric-dosso\/","og_site_name":"En Compa\u00f1\u00eda STJ","article_published_time":"2021-06-28T07:16:59+00:00","article_modified_time":"2025-07-07T14:22:37+00:00","og_image":[{"width":500,"height":375,"url":"https:\/\/encompaniastj.org\/wp-content\/uploads\/2025\/05\/can1.jpg","type":"image\/jpeg"}],"author":"admin","twitter_card":"summary_large_image","twitter_misc":{"Escrito por":"admin","Tempo estimado de leitura":"2 minutos"},"schema":{"@context":"https:\/\/schema.org","@graph":[{"@type":"Article","@id":"https:\/\/encompaniastj.org\/pt-pt\/despedida-da-paroquia-de-sant-henric-dosso\/#article","isPartOf":{"@id":"https:\/\/encompaniastj.org\/pt-pt\/despedida-da-paroquia-de-sant-henric-dosso\/"},"author":{"name":"admin","@id":"https:\/\/encompaniastj.org\/pt-pt\/#\/schema\/person\/520e7ecc314793d40091993c2a02b651"},"headline":"Despedida da par\u00f3quia de Sant Henric d\u2019Oss\u00f3","datePublished":"2021-06-28T07:16:59+00:00","dateModified":"2025-07-07T14:22:37+00:00","mainEntityOfPage":{"@id":"https:\/\/encompaniastj.org\/pt-pt\/despedida-da-paroquia-de-sant-henric-dosso\/"},"wordCount":543,"commentCount":0,"publisher":{"@id":"https:\/\/encompaniastj.org\/pt-pt\/#organization"},"image":{"@id":"https:\/\/encompaniastj.org\/pt-pt\/despedida-da-paroquia-de-sant-henric-dosso\/#primaryimage"},"thumbnailUrl":"https:\/\/encompaniastj.org\/wp-content\/uploads\/2025\/05\/can1.jpg","articleSection":["Noticias","Otras","Outras"],"inLanguage":"pt-PT","potentialAction":[{"@type":"CommentAction","name":"Comment","target":["https:\/\/encompaniastj.org\/pt-pt\/despedida-da-paroquia-de-sant-henric-dosso\/#respond"]}]},{"@type":"WebPage","@id":"https:\/\/encompaniastj.org\/pt-pt\/despedida-da-paroquia-de-sant-henric-dosso\/","url":"https:\/\/encompaniastj.org\/pt-pt\/despedida-da-paroquia-de-sant-henric-dosso\/","name":"Despedida da par\u00f3quia de Sant Henric d\u2019Oss\u00f3 - En Compa\u00f1\u00eda STJ","isPartOf":{"@id":"https:\/\/encompaniastj.org\/pt-pt\/#website"},"primaryImageOfPage":{"@id":"https:\/\/encompaniastj.org\/pt-pt\/despedida-da-paroquia-de-sant-henric-dosso\/#primaryimage"},"image":{"@id":"https:\/\/encompaniastj.org\/pt-pt\/despedida-da-paroquia-de-sant-henric-dosso\/#primaryimage"},"thumbnailUrl":"https:\/\/encompaniastj.org\/wp-content\/uploads\/2025\/05\/can1.jpg","datePublished":"2021-06-28T07:16:59+00:00","dateModified":"2025-07-07T14:22:37+00:00","breadcrumb":{"@id":"https:\/\/encompaniastj.org\/pt-pt\/despedida-da-paroquia-de-sant-henric-dosso\/#breadcrumb"},"inLanguage":"pt-PT","potentialAction":[{"@type":"ReadAction","target":["https:\/\/encompaniastj.org\/pt-pt\/despedida-da-paroquia-de-sant-henric-dosso\/"]}]},{"@type":"ImageObject","inLanguage":"pt-PT","@id":"https:\/\/encompaniastj.org\/pt-pt\/despedida-da-paroquia-de-sant-henric-dosso\/#primaryimage","url":"https:\/\/encompaniastj.org\/wp-content\/uploads\/2025\/05\/can1.jpg","contentUrl":"https:\/\/encompaniastj.org\/wp-content\/uploads\/2025\/05\/can1.jpg","width":500,"height":375},{"@type":"BreadcrumbList","@id":"https:\/\/encompaniastj.org\/pt-pt\/despedida-da-paroquia-de-sant-henric-dosso\/#breadcrumb","itemListElement":[{"@type":"ListItem","position":1,"name":"Portada","item":"https:\/\/encompaniastj.org\/pt-pt\/"},{"@type":"ListItem","position":2,"name":"Despedida da par\u00f3quia de Sant Henric d\u2019Oss\u00f3"}]},{"@type":"WebSite","@id":"https:\/\/encompaniastj.org\/pt-pt\/#website","url":"https:\/\/encompaniastj.org\/pt-pt\/","name":"En Compa\u00f1\u00eda STJ","description":"Bolet\u00edn de la Compa\u00f1\u00eda de Santa Teresa de Jes\u00fas","publisher":{"@id":"https:\/\/encompaniastj.org\/pt-pt\/#organization"},"potentialAction":[{"@type":"SearchAction","target":{"@type":"EntryPoint","urlTemplate":"https:\/\/encompaniastj.org\/pt-pt\/?s={search_term_string}"},"query-input":{"@type":"PropertyValueSpecification","valueRequired":true,"valueName":"search_term_string"}}],"inLanguage":"pt-PT"},{"@type":"Organization","@id":"https:\/\/encompaniastj.org\/pt-pt\/#organization","name":"Compa\u00f1\u00eda de Santa Teresa de Jes\u00fas","url":"https:\/\/encompaniastj.org\/pt-pt\/","logo":{"@type":"ImageObject","inLanguage":"pt-PT","@id":"https:\/\/encompaniastj.org\/pt-pt\/#\/schema\/logo\/image\/","url":"https:\/\/encompaniastj.org\/wp-content\/uploads\/2025\/04\/logo_provincias02-1-3.png","contentUrl":"https:\/\/encompaniastj.org\/wp-content\/uploads\/2025\/04\/logo_provincias02-1-3.png","width":2368,"height":825,"caption":"Compa\u00f1\u00eda de Santa Teresa de Jes\u00fas"},"image":{"@id":"https:\/\/encompaniastj.org\/pt-pt\/#\/schema\/logo\/image\/"}},{"@type":"Person","@id":"https:\/\/encompaniastj.org\/pt-pt\/#\/schema\/person\/520e7ecc314793d40091993c2a02b651","name":"admin","image":{"@type":"ImageObject","inLanguage":"pt-PT","@id":"https:\/\/secure.gravatar.com\/avatar\/948b492cce32b586ac2db0eaa926ee87024f7afe218d73b397ea5ddfc5f43ea1?s=96&d=mm&r=g","url":"https:\/\/secure.gravatar.com\/avatar\/948b492cce32b586ac2db0eaa926ee87024f7afe218d73b397ea5ddfc5f43ea1?s=96&d=mm&r=g","contentUrl":"https:\/\/secure.gravatar.com\/avatar\/948b492cce32b586ac2db0eaa926ee87024f7afe218d73b397ea5ddfc5f43ea1?s=96&d=mm&r=g","caption":"admin"},"sameAs":["https:\/\/encompaniastj.org"],"url":"https:\/\/encompaniastj.org\/pt-pt\/author\/sjdigital\/"}]}},"_links":{"self":[{"href":"https:\/\/encompaniastj.org\/pt-pt\/wp-json\/wp\/v2\/posts\/10670","targetHints":{"allow":["GET"]}}],"collection":[{"href":"https:\/\/encompaniastj.org\/pt-pt\/wp-json\/wp\/v2\/posts"}],"about":[{"href":"https:\/\/encompaniastj.org\/pt-pt\/wp-json\/wp\/v2\/types\/post"}],"author":[{"embeddable":true,"href":"https:\/\/encompaniastj.org\/pt-pt\/wp-json\/wp\/v2\/users\/1"}],"replies":[{"embeddable":true,"href":"https:\/\/encompaniastj.org\/pt-pt\/wp-json\/wp\/v2\/comments?post=10670"}],"version-history":[{"count":1,"href":"https:\/\/encompaniastj.org\/pt-pt\/wp-json\/wp\/v2\/posts\/10670\/revisions"}],"predecessor-version":[{"id":10671,"href":"https:\/\/encompaniastj.org\/pt-pt\/wp-json\/wp\/v2\/posts\/10670\/revisions\/10671"}],"wp:featuredmedia":[{"embeddable":true,"href":"https:\/\/encompaniastj.org\/pt-pt\/wp-json\/wp\/v2\/media\/7755"}],"wp:attachment":[{"href":"https:\/\/encompaniastj.org\/pt-pt\/wp-json\/wp\/v2\/media?parent=10670"}],"wp:term":[{"taxonomy":"category","embeddable":true,"href":"https:\/\/encompaniastj.org\/pt-pt\/wp-json\/wp\/v2\/categories?post=10670"},{"taxonomy":"post_tag","embeddable":true,"href":"https:\/\/encompaniastj.org\/pt-pt\/wp-json\/wp\/v2\/tags?post=10670"}],"curies":[{"name":"wp","href":"https:\/\/api.w.org\/{rel}","templated":true}]}}