{"id":10660,"date":"2021-06-23T06:06:07","date_gmt":"2021-06-23T04:06:07","guid":{"rendered":"https:\/\/encompaniastj.org\/voltar-a-comecar\/"},"modified":"2025-07-07T16:22:37","modified_gmt":"2025-07-07T14:22:37","slug":"voltar-a-comecar","status":"publish","type":"post","link":"https:\/\/encompaniastj.org\/pt-pt\/voltar-a-comecar\/","title":{"rendered":"VOLTAR A COME\u00c7AR"},"content":{"rendered":"<p>Quando chega o fim do ano escolar e \u00e9 hora de colher frutos na escola, no trabalho, no campo dependendo mais da natureza &#8230; quando o que se sonhou e planificou, o que se trabalhou dia a dia e que j\u00e1 quase v\u00edamos nas nossas m\u00e3os n\u00e3o chega a este bom final, que sensa\u00e7\u00e3o de perda de for\u00e7as, de meios e de tempo dif\u00edcil de recuperar!<\/p>\n<p>Foi assim que me encontrei h\u00e1 uns dias atr\u00e1s, enquanto assistia ao notici\u00e1rio, na &#8220;vinha de Nacho&#8221;. As suas palavras e l\u00e1grimas impressionaram-me, e mais ainda a sua imensa paix\u00e3o para, no dia seguinte, voltar ao lugar do seu sonho, valorizar tanto esfor\u00e7o, olhar para tanta heran\u00e7a recebida e ao mesmo tempo a sua parte de inova\u00e7\u00e3o que nela colocou e tentar refazer-se para voltar a come\u00e7ar.<\/p>\n<p>Nacho come\u00e7ou h\u00e1 alguns meses, com meios &#8220;caseiros&#8221;, a mostrar a sua vinha, com o cuidado de quem \u00e9 consciente de ter recebido um tesouro e ao mesmo tempo ter trabalhado muito: &#8220;N\u00e3o temos muitas vinhas e trabalhamos a qualidade. S\u00e3o vinhas que cuidamos muito bem. A minha pol\u00edtica \u00e9 ter pouca vinha, mas trabalh\u00e1-la bem &#8230; Quando vi quatro cent\u00edmetros de granizo disse: isto \u00e9 selvagem. E o estrago est\u00e1 na vinha; \u00e9 perder uma joia. Se fosse s\u00f3 este ano, conformava-me; mas o problema \u00e9 o que vai vir e como se vai recuperar &#8230; Estou no monte chorando e ligo para o meu pai entre l\u00e1grimas &#8230;\u201d<\/p>\n<p>Acumulavam-se palavras como tempestade, danos irrepar\u00e1veis \u200b\u200be cat\u00e1strofe, ang\u00fastia ao ver agora o que ia muito bem, perda das vinhas que cuidou durante anos, anos de recupera\u00e7\u00e3o e sonhos que tinha &#8230; E t\u00e3o depressa que ele recuperou outro olhar - o da heran\u00e7a recebida e dos anos de trabalho com o pai, da criatividade nas novas tecnologias e da aprendizagem partilhada daquilo que est\u00e1 a descobrir &#8230; - surgiram outras palavras: recupera\u00e7\u00e3o, tratamento das estirpes afetadas, produtos para tratar feridas e que sarem, podar no inverno e deixar dois bot\u00f5es no caule verde, esperando que sejam eles a puxar, ou puxar um novo bra\u00e7o, mesmo que demore anos &#8230; v\u00eas a videira brotar e v\u00eas que \u00e9 mais forte do que tu. &#8221;<\/p>\n<p>\u00c9 o fim de um ciclo, e \u00e9 surpreendente esse \u201crecome\u00e7ar\u201d de quem recupera a esperan\u00e7a quando j\u00e1 perdeu quase tudo, mas descobre algo de mais valor e mais forte no interior, juntamente com os outros: \u201ctodos vivemos da vinha, estamos todos no mesmo e sofrendo. &#8221;<\/p>\n<p>Nacho partilha frequentemente a sua experi\u00eancia com uma narrativa apaixonante e imagens e v\u00eddeos em redes e canal do YouTube. Quando o descobri, fazia-o chorando perante a perda, e voltando a acreditar no sonho que lhe d\u00e1 vida e cuida dela com paix\u00e3o e dedica\u00e7\u00e3o. A sua inten\u00e7\u00e3o \u00e9 continuar melhorando e ampliando a narrativa da realidade da vinha. Aprender, ajudar e contribuir: \u201cN\u00e3o quero ser professor de nada, apenas ensino o que fa\u00e7o, uma obra oculta que se deve mostrar. Como se tratam as vinhas para ir em busca da melhor qualidade poss\u00edvel\u201d.<\/p>\n<p>Acreditar e cuidar, melhorar e contribuir, aprender e mostrar &#8230; mesmo com a tempestade tem que se recome\u00e7ar. Porque a pr\u00f3pria vinha tem uma for\u00e7a - diz ele - que \u201c\u00e9 mais forte que tu\u201d. \u00c9 uma heran\u00e7a que deve ser cuidada. Qual \u00e9 o ponto de apoio e a alavanca que levanta, que diria Henrique de Oss\u00f3? Outro olhar para a realidade que possibilita outra palavra, outra esperan\u00e7a que renova o sonho de voltar a acreditar, colocar o que est\u00e1 nas nossas m\u00e3os para tratar as feridas, curar os bot\u00f5es e confiar que uns v\u00e3o arrancar outros para que a planta se cure e volte a dar fruto de novo &#8230; Porque \u00e9 herdado. Sabemos que <em>o Dono do campo cuida da vinha e a faz crescer sem que saibamos como &#8230; e que um planta, outro rega, mas \u00e9 Ele quem a faz crescer.<\/em><\/p>\n<p>\u00c9 final do ano escolar e ajuda-nos esse olhar apreciativo do bem recebido e grato por aqueles que, no mesmo ou noutros campos, nos unimos na esperan\u00e7a e no bem, no cuidado das sementes que um dia ser\u00e3o frutos nas m\u00e3os para oferecer.<\/p>\n<p><em>Isabel del Valle<\/em><\/p>\n","protected":false},"excerpt":{"rendered":"<p>Quando chega o fim do ano escolar e \u00e9 hora de colher frutos na escola, no trabalho, no campo dependendo mais da natureza &#8230; quando o que se sonhou e [&hellip;]<\/p>\n","protected":false},"author":1,"featured_media":7753,"comment_status":"open","ping_status":"open","sticky":false,"template":"","format":"standard","meta":{"_acf_changed":false,"footnotes":""},"categories":[77],"tags":[],"class_list":["post-10660","post","type-post","status-publish","format-standard","has-post-thumbnail","hentry","category-palabras"],"acf":[],"yoast_head":"<!-- This site is optimized with the Yoast SEO plugin v27.5 - https:\/\/yoast.com\/product\/yoast-seo-wordpress\/ -->\n<title>VOLTAR A COME\u00c7AR - En Compa\u00f1\u00eda STJ<\/title>\n<meta name=\"robots\" content=\"index, follow, max-snippet:-1, max-image-preview:large, max-video-preview:-1\" \/>\n<link rel=\"canonical\" href=\"https:\/\/encompaniastj.org\/pt-pt\/voltar-a-comecar\/\" \/>\n<meta property=\"og:locale\" content=\"pt_PT\" \/>\n<meta property=\"og:type\" content=\"article\" \/>\n<meta property=\"og:title\" content=\"VOLTAR A COME\u00c7AR - En Compa\u00f1\u00eda STJ\" \/>\n<meta property=\"og:description\" content=\"Quando chega o fim do ano escolar e \u00e9 hora de colher frutos na escola, no trabalho, no campo dependendo mais da natureza &#8230; quando o que se sonhou e [&hellip;]\" \/>\n<meta property=\"og:url\" content=\"https:\/\/encompaniastj.org\/pt-pt\/voltar-a-comecar\/\" \/>\n<meta property=\"og:site_name\" content=\"En Compa\u00f1\u00eda STJ\" \/>\n<meta property=\"article:published_time\" content=\"2021-06-23T04:06:07+00:00\" \/>\n<meta property=\"article:modified_time\" content=\"2025-07-07T14:22:37+00:00\" \/>\n<meta property=\"og:image\" content=\"https:\/\/encompaniastj.org\/wp-content\/uploads\/2025\/05\/palabras-1.jpg\" \/>\n\t<meta property=\"og:image:width\" content=\"500\" \/>\n\t<meta property=\"og:image:height\" content=\"243\" \/>\n\t<meta property=\"og:image:type\" content=\"image\/jpeg\" \/>\n<meta name=\"author\" content=\"admin\" \/>\n<meta name=\"twitter:card\" content=\"summary_large_image\" \/>\n<meta name=\"twitter:label1\" content=\"Escrito por\" \/>\n\t<meta name=\"twitter:data1\" content=\"admin\" \/>\n\t<meta name=\"twitter:label2\" content=\"Tempo estimado de leitura\" \/>\n\t<meta name=\"twitter:data2\" content=\"3 minutos\" \/>\n<script type=\"application\/ld+json\" class=\"yoast-schema-graph\">{\"@context\":\"https:\\\/\\\/schema.org\",\"@graph\":[{\"@type\":\"Article\",\"@id\":\"https:\\\/\\\/encompaniastj.org\\\/pt-pt\\\/voltar-a-comecar\\\/#article\",\"isPartOf\":{\"@id\":\"https:\\\/\\\/encompaniastj.org\\\/pt-pt\\\/voltar-a-comecar\\\/\"},\"author\":{\"name\":\"admin\",\"@id\":\"https:\\\/\\\/encompaniastj.org\\\/pt-pt\\\/#\\\/schema\\\/person\\\/520e7ecc314793d40091993c2a02b651\"},\"headline\":\"VOLTAR A COME\u00c7AR\",\"datePublished\":\"2021-06-23T04:06:07+00:00\",\"dateModified\":\"2025-07-07T14:22:37+00:00\",\"mainEntityOfPage\":{\"@id\":\"https:\\\/\\\/encompaniastj.org\\\/pt-pt\\\/voltar-a-comecar\\\/\"},\"wordCount\":729,\"commentCount\":0,\"publisher\":{\"@id\":\"https:\\\/\\\/encompaniastj.org\\\/pt-pt\\\/#organization\"},\"image\":{\"@id\":\"https:\\\/\\\/encompaniastj.org\\\/pt-pt\\\/voltar-a-comecar\\\/#primaryimage\"},\"thumbnailUrl\":\"https:\\\/\\\/encompaniastj.org\\\/wp-content\\\/uploads\\\/2025\\\/05\\\/palabras-1.jpg\",\"articleSection\":[\"Palabras\"],\"inLanguage\":\"pt-PT\",\"potentialAction\":[{\"@type\":\"CommentAction\",\"name\":\"Comment\",\"target\":[\"https:\\\/\\\/encompaniastj.org\\\/pt-pt\\\/voltar-a-comecar\\\/#respond\"]}]},{\"@type\":\"WebPage\",\"@id\":\"https:\\\/\\\/encompaniastj.org\\\/pt-pt\\\/voltar-a-comecar\\\/\",\"url\":\"https:\\\/\\\/encompaniastj.org\\\/pt-pt\\\/voltar-a-comecar\\\/\",\"name\":\"VOLTAR A COME\u00c7AR - En Compa\u00f1\u00eda STJ\",\"isPartOf\":{\"@id\":\"https:\\\/\\\/encompaniastj.org\\\/pt-pt\\\/#website\"},\"primaryImageOfPage\":{\"@id\":\"https:\\\/\\\/encompaniastj.org\\\/pt-pt\\\/voltar-a-comecar\\\/#primaryimage\"},\"image\":{\"@id\":\"https:\\\/\\\/encompaniastj.org\\\/pt-pt\\\/voltar-a-comecar\\\/#primaryimage\"},\"thumbnailUrl\":\"https:\\\/\\\/encompaniastj.org\\\/wp-content\\\/uploads\\\/2025\\\/05\\\/palabras-1.jpg\",\"datePublished\":\"2021-06-23T04:06:07+00:00\",\"dateModified\":\"2025-07-07T14:22:37+00:00\",\"breadcrumb\":{\"@id\":\"https:\\\/\\\/encompaniastj.org\\\/pt-pt\\\/voltar-a-comecar\\\/#breadcrumb\"},\"inLanguage\":\"pt-PT\",\"potentialAction\":[{\"@type\":\"ReadAction\",\"target\":[\"https:\\\/\\\/encompaniastj.org\\\/pt-pt\\\/voltar-a-comecar\\\/\"]}]},{\"@type\":\"ImageObject\",\"inLanguage\":\"pt-PT\",\"@id\":\"https:\\\/\\\/encompaniastj.org\\\/pt-pt\\\/voltar-a-comecar\\\/#primaryimage\",\"url\":\"https:\\\/\\\/encompaniastj.org\\\/wp-content\\\/uploads\\\/2025\\\/05\\\/palabras-1.jpg\",\"contentUrl\":\"https:\\\/\\\/encompaniastj.org\\\/wp-content\\\/uploads\\\/2025\\\/05\\\/palabras-1.jpg\",\"width\":500,\"height\":243},{\"@type\":\"BreadcrumbList\",\"@id\":\"https:\\\/\\\/encompaniastj.org\\\/pt-pt\\\/voltar-a-comecar\\\/#breadcrumb\",\"itemListElement\":[{\"@type\":\"ListItem\",\"position\":1,\"name\":\"Portada\",\"item\":\"https:\\\/\\\/encompaniastj.org\\\/pt-pt\\\/\"},{\"@type\":\"ListItem\",\"position\":2,\"name\":\"VOLTAR A COME\u00c7AR\"}]},{\"@type\":\"WebSite\",\"@id\":\"https:\\\/\\\/encompaniastj.org\\\/pt-pt\\\/#website\",\"url\":\"https:\\\/\\\/encompaniastj.org\\\/pt-pt\\\/\",\"name\":\"En Compa\u00f1\u00eda STJ\",\"description\":\"Bolet\u00edn de la Compa\u00f1\u00eda de Santa Teresa de Jes\u00fas\",\"publisher\":{\"@id\":\"https:\\\/\\\/encompaniastj.org\\\/pt-pt\\\/#organization\"},\"potentialAction\":[{\"@type\":\"SearchAction\",\"target\":{\"@type\":\"EntryPoint\",\"urlTemplate\":\"https:\\\/\\\/encompaniastj.org\\\/pt-pt\\\/?s={search_term_string}\"},\"query-input\":{\"@type\":\"PropertyValueSpecification\",\"valueRequired\":true,\"valueName\":\"search_term_string\"}}],\"inLanguage\":\"pt-PT\"},{\"@type\":\"Organization\",\"@id\":\"https:\\\/\\\/encompaniastj.org\\\/pt-pt\\\/#organization\",\"name\":\"Compa\u00f1\u00eda de Santa Teresa de Jes\u00fas\",\"url\":\"https:\\\/\\\/encompaniastj.org\\\/pt-pt\\\/\",\"logo\":{\"@type\":\"ImageObject\",\"inLanguage\":\"pt-PT\",\"@id\":\"https:\\\/\\\/encompaniastj.org\\\/pt-pt\\\/#\\\/schema\\\/logo\\\/image\\\/\",\"url\":\"https:\\\/\\\/encompaniastj.org\\\/wp-content\\\/uploads\\\/2025\\\/04\\\/logo_provincias02-1-3.png\",\"contentUrl\":\"https:\\\/\\\/encompaniastj.org\\\/wp-content\\\/uploads\\\/2025\\\/04\\\/logo_provincias02-1-3.png\",\"width\":2368,\"height\":825,\"caption\":\"Compa\u00f1\u00eda de Santa Teresa de Jes\u00fas\"},\"image\":{\"@id\":\"https:\\\/\\\/encompaniastj.org\\\/pt-pt\\\/#\\\/schema\\\/logo\\\/image\\\/\"}},{\"@type\":\"Person\",\"@id\":\"https:\\\/\\\/encompaniastj.org\\\/pt-pt\\\/#\\\/schema\\\/person\\\/520e7ecc314793d40091993c2a02b651\",\"name\":\"admin\",\"image\":{\"@type\":\"ImageObject\",\"inLanguage\":\"pt-PT\",\"@id\":\"https:\\\/\\\/secure.gravatar.com\\\/avatar\\\/948b492cce32b586ac2db0eaa926ee87024f7afe218d73b397ea5ddfc5f43ea1?s=96&d=mm&r=g\",\"url\":\"https:\\\/\\\/secure.gravatar.com\\\/avatar\\\/948b492cce32b586ac2db0eaa926ee87024f7afe218d73b397ea5ddfc5f43ea1?s=96&d=mm&r=g\",\"contentUrl\":\"https:\\\/\\\/secure.gravatar.com\\\/avatar\\\/948b492cce32b586ac2db0eaa926ee87024f7afe218d73b397ea5ddfc5f43ea1?s=96&d=mm&r=g\",\"caption\":\"admin\"},\"sameAs\":[\"https:\\\/\\\/encompaniastj.org\"],\"url\":\"https:\\\/\\\/encompaniastj.org\\\/pt-pt\\\/author\\\/sjdigital\\\/\"}]}<\/script>\n<!-- \/ Yoast SEO plugin. -->","yoast_head_json":{"title":"VOLTAR A COME\u00c7AR - En Compa\u00f1\u00eda STJ","robots":{"index":"index","follow":"follow","max-snippet":"max-snippet:-1","max-image-preview":"max-image-preview:large","max-video-preview":"max-video-preview:-1"},"canonical":"https:\/\/encompaniastj.org\/pt-pt\/voltar-a-comecar\/","og_locale":"pt_PT","og_type":"article","og_title":"VOLTAR A COME\u00c7AR - En Compa\u00f1\u00eda STJ","og_description":"Quando chega o fim do ano escolar e \u00e9 hora de colher frutos na escola, no trabalho, no campo dependendo mais da natureza &#8230; quando o que se sonhou e [&hellip;]","og_url":"https:\/\/encompaniastj.org\/pt-pt\/voltar-a-comecar\/","og_site_name":"En Compa\u00f1\u00eda STJ","article_published_time":"2021-06-23T04:06:07+00:00","article_modified_time":"2025-07-07T14:22:37+00:00","og_image":[{"width":500,"height":243,"url":"https:\/\/encompaniastj.org\/wp-content\/uploads\/2025\/05\/palabras-1.jpg","type":"image\/jpeg"}],"author":"admin","twitter_card":"summary_large_image","twitter_misc":{"Escrito por":"admin","Tempo estimado de leitura":"3 minutos"},"schema":{"@context":"https:\/\/schema.org","@graph":[{"@type":"Article","@id":"https:\/\/encompaniastj.org\/pt-pt\/voltar-a-comecar\/#article","isPartOf":{"@id":"https:\/\/encompaniastj.org\/pt-pt\/voltar-a-comecar\/"},"author":{"name":"admin","@id":"https:\/\/encompaniastj.org\/pt-pt\/#\/schema\/person\/520e7ecc314793d40091993c2a02b651"},"headline":"VOLTAR A COME\u00c7AR","datePublished":"2021-06-23T04:06:07+00:00","dateModified":"2025-07-07T14:22:37+00:00","mainEntityOfPage":{"@id":"https:\/\/encompaniastj.org\/pt-pt\/voltar-a-comecar\/"},"wordCount":729,"commentCount":0,"publisher":{"@id":"https:\/\/encompaniastj.org\/pt-pt\/#organization"},"image":{"@id":"https:\/\/encompaniastj.org\/pt-pt\/voltar-a-comecar\/#primaryimage"},"thumbnailUrl":"https:\/\/encompaniastj.org\/wp-content\/uploads\/2025\/05\/palabras-1.jpg","articleSection":["Palabras"],"inLanguage":"pt-PT","potentialAction":[{"@type":"CommentAction","name":"Comment","target":["https:\/\/encompaniastj.org\/pt-pt\/voltar-a-comecar\/#respond"]}]},{"@type":"WebPage","@id":"https:\/\/encompaniastj.org\/pt-pt\/voltar-a-comecar\/","url":"https:\/\/encompaniastj.org\/pt-pt\/voltar-a-comecar\/","name":"VOLTAR A COME\u00c7AR - En Compa\u00f1\u00eda STJ","isPartOf":{"@id":"https:\/\/encompaniastj.org\/pt-pt\/#website"},"primaryImageOfPage":{"@id":"https:\/\/encompaniastj.org\/pt-pt\/voltar-a-comecar\/#primaryimage"},"image":{"@id":"https:\/\/encompaniastj.org\/pt-pt\/voltar-a-comecar\/#primaryimage"},"thumbnailUrl":"https:\/\/encompaniastj.org\/wp-content\/uploads\/2025\/05\/palabras-1.jpg","datePublished":"2021-06-23T04:06:07+00:00","dateModified":"2025-07-07T14:22:37+00:00","breadcrumb":{"@id":"https:\/\/encompaniastj.org\/pt-pt\/voltar-a-comecar\/#breadcrumb"},"inLanguage":"pt-PT","potentialAction":[{"@type":"ReadAction","target":["https:\/\/encompaniastj.org\/pt-pt\/voltar-a-comecar\/"]}]},{"@type":"ImageObject","inLanguage":"pt-PT","@id":"https:\/\/encompaniastj.org\/pt-pt\/voltar-a-comecar\/#primaryimage","url":"https:\/\/encompaniastj.org\/wp-content\/uploads\/2025\/05\/palabras-1.jpg","contentUrl":"https:\/\/encompaniastj.org\/wp-content\/uploads\/2025\/05\/palabras-1.jpg","width":500,"height":243},{"@type":"BreadcrumbList","@id":"https:\/\/encompaniastj.org\/pt-pt\/voltar-a-comecar\/#breadcrumb","itemListElement":[{"@type":"ListItem","position":1,"name":"Portada","item":"https:\/\/encompaniastj.org\/pt-pt\/"},{"@type":"ListItem","position":2,"name":"VOLTAR A COME\u00c7AR"}]},{"@type":"WebSite","@id":"https:\/\/encompaniastj.org\/pt-pt\/#website","url":"https:\/\/encompaniastj.org\/pt-pt\/","name":"En Compa\u00f1\u00eda STJ","description":"Bolet\u00edn de la Compa\u00f1\u00eda de Santa Teresa de Jes\u00fas","publisher":{"@id":"https:\/\/encompaniastj.org\/pt-pt\/#organization"},"potentialAction":[{"@type":"SearchAction","target":{"@type":"EntryPoint","urlTemplate":"https:\/\/encompaniastj.org\/pt-pt\/?s={search_term_string}"},"query-input":{"@type":"PropertyValueSpecification","valueRequired":true,"valueName":"search_term_string"}}],"inLanguage":"pt-PT"},{"@type":"Organization","@id":"https:\/\/encompaniastj.org\/pt-pt\/#organization","name":"Compa\u00f1\u00eda de Santa Teresa de Jes\u00fas","url":"https:\/\/encompaniastj.org\/pt-pt\/","logo":{"@type":"ImageObject","inLanguage":"pt-PT","@id":"https:\/\/encompaniastj.org\/pt-pt\/#\/schema\/logo\/image\/","url":"https:\/\/encompaniastj.org\/wp-content\/uploads\/2025\/04\/logo_provincias02-1-3.png","contentUrl":"https:\/\/encompaniastj.org\/wp-content\/uploads\/2025\/04\/logo_provincias02-1-3.png","width":2368,"height":825,"caption":"Compa\u00f1\u00eda de Santa Teresa de Jes\u00fas"},"image":{"@id":"https:\/\/encompaniastj.org\/pt-pt\/#\/schema\/logo\/image\/"}},{"@type":"Person","@id":"https:\/\/encompaniastj.org\/pt-pt\/#\/schema\/person\/520e7ecc314793d40091993c2a02b651","name":"admin","image":{"@type":"ImageObject","inLanguage":"pt-PT","@id":"https:\/\/secure.gravatar.com\/avatar\/948b492cce32b586ac2db0eaa926ee87024f7afe218d73b397ea5ddfc5f43ea1?s=96&d=mm&r=g","url":"https:\/\/secure.gravatar.com\/avatar\/948b492cce32b586ac2db0eaa926ee87024f7afe218d73b397ea5ddfc5f43ea1?s=96&d=mm&r=g","contentUrl":"https:\/\/secure.gravatar.com\/avatar\/948b492cce32b586ac2db0eaa926ee87024f7afe218d73b397ea5ddfc5f43ea1?s=96&d=mm&r=g","caption":"admin"},"sameAs":["https:\/\/encompaniastj.org"],"url":"https:\/\/encompaniastj.org\/pt-pt\/author\/sjdigital\/"}]}},"_links":{"self":[{"href":"https:\/\/encompaniastj.org\/pt-pt\/wp-json\/wp\/v2\/posts\/10660","targetHints":{"allow":["GET"]}}],"collection":[{"href":"https:\/\/encompaniastj.org\/pt-pt\/wp-json\/wp\/v2\/posts"}],"about":[{"href":"https:\/\/encompaniastj.org\/pt-pt\/wp-json\/wp\/v2\/types\/post"}],"author":[{"embeddable":true,"href":"https:\/\/encompaniastj.org\/pt-pt\/wp-json\/wp\/v2\/users\/1"}],"replies":[{"embeddable":true,"href":"https:\/\/encompaniastj.org\/pt-pt\/wp-json\/wp\/v2\/comments?post=10660"}],"version-history":[{"count":1,"href":"https:\/\/encompaniastj.org\/pt-pt\/wp-json\/wp\/v2\/posts\/10660\/revisions"}],"predecessor-version":[{"id":10661,"href":"https:\/\/encompaniastj.org\/pt-pt\/wp-json\/wp\/v2\/posts\/10660\/revisions\/10661"}],"wp:featuredmedia":[{"embeddable":true,"href":"https:\/\/encompaniastj.org\/pt-pt\/wp-json\/wp\/v2\/media\/7753"}],"wp:attachment":[{"href":"https:\/\/encompaniastj.org\/pt-pt\/wp-json\/wp\/v2\/media?parent=10660"}],"wp:term":[{"taxonomy":"category","embeddable":true,"href":"https:\/\/encompaniastj.org\/pt-pt\/wp-json\/wp\/v2\/categories?post=10660"},{"taxonomy":"post_tag","embeddable":true,"href":"https:\/\/encompaniastj.org\/pt-pt\/wp-json\/wp\/v2\/tags?post=10660"}],"curies":[{"name":"wp","href":"https:\/\/api.w.org\/{rel}","templated":true}]}}