{"id":10630,"date":"2021-06-09T06:36:55","date_gmt":"2021-06-09T04:36:55","guid":{"rendered":"https:\/\/encompaniastj.org\/comunidade-avila-residencia-enfermaria\/"},"modified":"2025-07-07T16:22:34","modified_gmt":"2025-07-07T14:22:34","slug":"comunidade-avila-residencia-enfermaria","status":"publish","type":"post","link":"https:\/\/encompaniastj.org\/pt-pt\/comunidade-avila-residencia-enfermaria\/","title":{"rendered":"Comunidade \u00c1vila Resid\u00eancia Enfermaria"},"content":{"rendered":"<p>A comunidade participa do Projeto Interprovincial das Prov\u00edncias Sagrado Cora\u00e7\u00e3o e Virgem da Esperan\u00e7a 2013, que dizia: <em>\u201c\u00c9 necess\u00e1rio oferecer \u00e0s irm\u00e3s idosas e enfermas os cuidados necess\u00e1rios \u00e0 sa\u00fade, mas acima de tudo, garantir que a sua vida tenha uma maior qualidade e um est\u00edmulo para a miss\u00e3o que est\u00e3o chamadas a viver at\u00e9 ao fim da vida\u201d<\/em>. Formamos uma comunidade de 33 irm\u00e3s, todas de idade, uma com 65 anos e as outras com idade entre os 73 e os 100 anos. Como toda a comunidade teresiana, a nossa miss\u00e3o \u00e9 \u201cconhecer e amar Jesus e torn\u00e1-Lo conhecido e amado\u201d, e esta miss\u00e3o vivemo-la fundamentalmente no cuidado das doentes, promovendo um ambiente fraterno que torna presente o Reino, entre n\u00f3s.<\/p>\n<p>Para o cuidado e assist\u00eancia destas irm\u00e3s, contamos com funcion\u00e1rios da Funda\u00e7\u00e3o San Camilo que as atendem com aten\u00e7\u00e3o e gentileza. Os outros, na medida do poss\u00edvel, colaboram com disponibilidade, dedica\u00e7\u00e3o e generosidade, acompanhando as doentes e apoiando as tarefas de aten\u00e7\u00e3o e cuidado, e como forma de agradecimento por uma vida inteira doada ao Senhor na Companhia.<\/p>\n<p>Somos uma comunidade acolhedora na qual vivemos \u201ccuidando e sendo cuidadas\u201d. Acolhemos calorosamente as Irm\u00e3s que a ela s\u00e3o destinadas e assumimos com paz as frequentes despedidas. Cada despedida d\u00e1-nos a oportunidade de agradecer a vida das nossas irm\u00e3s, a sua passagem entre n\u00f3s, o bem que fizeram &#8230; Estes acontecimentos, embora dolorosos, s\u00e3o experi\u00eancias intensas de comunh\u00e3o e fraternidade com as fam\u00edlias que valorizam o cuidado e o carinho que n\u00f3s oferecemos \u00e0s mais velhas.<\/p>\n<p>Abrimos as portas da casa para que a vida entre na comunidade e em cada irm\u00e3. Acompanhamos com interesse a vida da Companhia e principalmente da Prov\u00edncia atrav\u00e9s das informa\u00e7\u00f5es que nos chegam. Estar em \u00c1vila facilita para a comunidade receber a visita das irm\u00e3s que participam nos diversos cursos e encontros na Casa de Espiritualidade. Isto, al\u00e9m de ser um motivo de alegria, favorece os la\u00e7os provinciais e mant\u00e9m vivos em n\u00f3s o compromisso e a ora\u00e7\u00e3o pela miss\u00e3o das Irm\u00e3s e dos leigos teresianos.<\/p>\n<p>Cuidamos e incentivamos as festas e celebra\u00e7\u00f5es; s\u00e3o momentos de alegria e expans\u00e3o que quebram a monotonia quotidiana. As festas da Companhia, as da Igreja, populares e locais, e principalmente as datas comemorativas dos anivers\u00e1rios e dos santos, s\u00e3o uma oportunidade para organizar um tempo de \u00edntimo conv\u00edvio fraterno do qual as irm\u00e3s muito gostam.<\/p>\n<p>Dentro da quinta temos muito espa\u00e7o para passear, apanhar o ar e o sol, e nesta \u00e9poca de pandemia foi um privil\u00e9gio poder usufruir destas condi\u00e7\u00f5es. Partilhamos o edif\u00edcio com a Casa de Espiritualidade e com a comunidade respons\u00e1vel por ela.<\/p>\n<p>Agradecemos o apoio e a ajuda das irm\u00e3s volunt\u00e1rias que ao longo do ano, enquanto tem sido poss\u00edvel, nos fins de semana e nas f\u00e9rias, vieram refor\u00e7ar o cuidado e a aten\u00e7\u00e3o das doentes e acompanharam a alguma hospitalizada.<\/p>\n<p>Viver em \u00c1vila, nesta cidade onde se sente a presen\u00e7a de Teresa, \u00e9 uma d\u00e1diva pelo que significa para n\u00f3s e pela riqueza espiritual e cultural que cont\u00e9m.<\/p>\n<p><img loading=\"lazy\" decoding=\"async\" class=\"aligncenter wp-image-7914 size-full\" src=\"https:\/\/encompaniastj.org\/wp-content\/uploads\/2025\/05\/avila1.jpg\" alt=\"\" width=\"500\" height=\"787\" \/><\/p>\n","protected":false},"excerpt":{"rendered":"<p>A comunidade participa do Projeto Interprovincial das Prov\u00edncias Sagrado Cora\u00e7\u00e3o e Virgem da Esperan\u00e7a 2013, que dizia: \u201c\u00c9 necess\u00e1rio oferecer \u00e0s irm\u00e3s idosas e enfermas os cuidados necess\u00e1rios \u00e0 sa\u00fade, [&hellip;]<\/p>\n","protected":false},"author":1,"featured_media":7742,"comment_status":"open","ping_status":"open","sticky":false,"template":"","format":"standard","meta":{"_acf_changed":false,"footnotes":""},"categories":[67,66],"tags":[],"class_list":["post-10630","post","type-post","status-publish","format-standard","has-post-thumbnail","hentry","category-comunidades-conhecemo-nos","category-conhecemo-nos"],"acf":[],"yoast_head":"<!-- This site is optimized with the Yoast SEO plugin v27.5 - https:\/\/yoast.com\/product\/yoast-seo-wordpress\/ -->\n<title>Comunidade \u00c1vila Resid\u00eancia Enfermaria - En Compa\u00f1\u00eda STJ<\/title>\n<meta name=\"robots\" content=\"index, follow, max-snippet:-1, max-image-preview:large, max-video-preview:-1\" \/>\n<link rel=\"canonical\" href=\"https:\/\/encompaniastj.org\/pt-pt\/comunidade-avila-residencia-enfermaria\/\" \/>\n<meta property=\"og:locale\" content=\"pt_PT\" \/>\n<meta property=\"og:type\" content=\"article\" \/>\n<meta property=\"og:title\" content=\"Comunidade \u00c1vila Resid\u00eancia Enfermaria - En Compa\u00f1\u00eda STJ\" \/>\n<meta property=\"og:description\" content=\"A comunidade participa do Projeto Interprovincial das Prov\u00edncias Sagrado Cora\u00e7\u00e3o e Virgem da Esperan\u00e7a 2013, que dizia: \u201c\u00c9 necess\u00e1rio oferecer \u00e0s irm\u00e3s idosas e enfermas os cuidados necess\u00e1rios \u00e0 sa\u00fade, [&hellip;]\" \/>\n<meta property=\"og:url\" content=\"https:\/\/encompaniastj.org\/pt-pt\/comunidade-avila-residencia-enfermaria\/\" \/>\n<meta property=\"og:site_name\" content=\"En Compa\u00f1\u00eda STJ\" \/>\n<meta property=\"article:published_time\" content=\"2021-06-09T04:36:55+00:00\" \/>\n<meta property=\"article:modified_time\" content=\"2025-07-07T14:22:34+00:00\" \/>\n<meta property=\"og:image\" content=\"https:\/\/encompaniastj.org\/wp-content\/uploads\/2025\/05\/avila1.jpg\" \/>\n\t<meta property=\"og:image:width\" content=\"500\" \/>\n\t<meta property=\"og:image:height\" content=\"787\" \/>\n\t<meta property=\"og:image:type\" content=\"image\/jpeg\" \/>\n<meta name=\"author\" content=\"admin\" \/>\n<meta name=\"twitter:card\" content=\"summary_large_image\" \/>\n<meta name=\"twitter:label1\" content=\"Escrito por\" \/>\n\t<meta name=\"twitter:data1\" content=\"admin\" \/>\n\t<meta name=\"twitter:label2\" content=\"Tempo estimado de leitura\" \/>\n\t<meta name=\"twitter:data2\" content=\"3 minutos\" \/>\n<script type=\"application\/ld+json\" class=\"yoast-schema-graph\">{\"@context\":\"https:\\\/\\\/schema.org\",\"@graph\":[{\"@type\":\"Article\",\"@id\":\"https:\\\/\\\/encompaniastj.org\\\/pt-pt\\\/comunidade-avila-residencia-enfermaria\\\/#article\",\"isPartOf\":{\"@id\":\"https:\\\/\\\/encompaniastj.org\\\/pt-pt\\\/comunidade-avila-residencia-enfermaria\\\/\"},\"author\":{\"name\":\"admin\",\"@id\":\"https:\\\/\\\/encompaniastj.org\\\/pt-pt\\\/#\\\/schema\\\/person\\\/520e7ecc314793d40091993c2a02b651\"},\"headline\":\"Comunidade \u00c1vila Resid\u00eancia Enfermaria\",\"datePublished\":\"2021-06-09T04:36:55+00:00\",\"dateModified\":\"2025-07-07T14:22:34+00:00\",\"mainEntityOfPage\":{\"@id\":\"https:\\\/\\\/encompaniastj.org\\\/pt-pt\\\/comunidade-avila-residencia-enfermaria\\\/\"},\"wordCount\":566,\"commentCount\":0,\"publisher\":{\"@id\":\"https:\\\/\\\/encompaniastj.org\\\/pt-pt\\\/#organization\"},\"image\":{\"@id\":\"https:\\\/\\\/encompaniastj.org\\\/pt-pt\\\/comunidade-avila-residencia-enfermaria\\\/#primaryimage\"},\"thumbnailUrl\":\"https:\\\/\\\/encompaniastj.org\\\/wp-content\\\/uploads\\\/2025\\\/05\\\/avila1.jpg\",\"articleSection\":[\"Comunidades\",\"Conhecemo-nos\"],\"inLanguage\":\"pt-PT\",\"potentialAction\":[{\"@type\":\"CommentAction\",\"name\":\"Comment\",\"target\":[\"https:\\\/\\\/encompaniastj.org\\\/pt-pt\\\/comunidade-avila-residencia-enfermaria\\\/#respond\"]}]},{\"@type\":\"WebPage\",\"@id\":\"https:\\\/\\\/encompaniastj.org\\\/pt-pt\\\/comunidade-avila-residencia-enfermaria\\\/\",\"url\":\"https:\\\/\\\/encompaniastj.org\\\/pt-pt\\\/comunidade-avila-residencia-enfermaria\\\/\",\"name\":\"Comunidade \u00c1vila Resid\u00eancia Enfermaria - En Compa\u00f1\u00eda STJ\",\"isPartOf\":{\"@id\":\"https:\\\/\\\/encompaniastj.org\\\/pt-pt\\\/#website\"},\"primaryImageOfPage\":{\"@id\":\"https:\\\/\\\/encompaniastj.org\\\/pt-pt\\\/comunidade-avila-residencia-enfermaria\\\/#primaryimage\"},\"image\":{\"@id\":\"https:\\\/\\\/encompaniastj.org\\\/pt-pt\\\/comunidade-avila-residencia-enfermaria\\\/#primaryimage\"},\"thumbnailUrl\":\"https:\\\/\\\/encompaniastj.org\\\/wp-content\\\/uploads\\\/2025\\\/05\\\/avila1.jpg\",\"datePublished\":\"2021-06-09T04:36:55+00:00\",\"dateModified\":\"2025-07-07T14:22:34+00:00\",\"breadcrumb\":{\"@id\":\"https:\\\/\\\/encompaniastj.org\\\/pt-pt\\\/comunidade-avila-residencia-enfermaria\\\/#breadcrumb\"},\"inLanguage\":\"pt-PT\",\"potentialAction\":[{\"@type\":\"ReadAction\",\"target\":[\"https:\\\/\\\/encompaniastj.org\\\/pt-pt\\\/comunidade-avila-residencia-enfermaria\\\/\"]}]},{\"@type\":\"ImageObject\",\"inLanguage\":\"pt-PT\",\"@id\":\"https:\\\/\\\/encompaniastj.org\\\/pt-pt\\\/comunidade-avila-residencia-enfermaria\\\/#primaryimage\",\"url\":\"https:\\\/\\\/encompaniastj.org\\\/wp-content\\\/uploads\\\/2025\\\/05\\\/avila1.jpg\",\"contentUrl\":\"https:\\\/\\\/encompaniastj.org\\\/wp-content\\\/uploads\\\/2025\\\/05\\\/avila1.jpg\",\"width\":500,\"height\":787},{\"@type\":\"BreadcrumbList\",\"@id\":\"https:\\\/\\\/encompaniastj.org\\\/pt-pt\\\/comunidade-avila-residencia-enfermaria\\\/#breadcrumb\",\"itemListElement\":[{\"@type\":\"ListItem\",\"position\":1,\"name\":\"Portada\",\"item\":\"https:\\\/\\\/encompaniastj.org\\\/pt-pt\\\/\"},{\"@type\":\"ListItem\",\"position\":2,\"name\":\"Comunidade \u00c1vila Resid\u00eancia Enfermaria\"}]},{\"@type\":\"WebSite\",\"@id\":\"https:\\\/\\\/encompaniastj.org\\\/pt-pt\\\/#website\",\"url\":\"https:\\\/\\\/encompaniastj.org\\\/pt-pt\\\/\",\"name\":\"En Compa\u00f1\u00eda STJ\",\"description\":\"Bolet\u00edn de la Compa\u00f1\u00eda de Santa Teresa de Jes\u00fas\",\"publisher\":{\"@id\":\"https:\\\/\\\/encompaniastj.org\\\/pt-pt\\\/#organization\"},\"potentialAction\":[{\"@type\":\"SearchAction\",\"target\":{\"@type\":\"EntryPoint\",\"urlTemplate\":\"https:\\\/\\\/encompaniastj.org\\\/pt-pt\\\/?s={search_term_string}\"},\"query-input\":{\"@type\":\"PropertyValueSpecification\",\"valueRequired\":true,\"valueName\":\"search_term_string\"}}],\"inLanguage\":\"pt-PT\"},{\"@type\":\"Organization\",\"@id\":\"https:\\\/\\\/encompaniastj.org\\\/pt-pt\\\/#organization\",\"name\":\"Compa\u00f1\u00eda de Santa Teresa de Jes\u00fas\",\"url\":\"https:\\\/\\\/encompaniastj.org\\\/pt-pt\\\/\",\"logo\":{\"@type\":\"ImageObject\",\"inLanguage\":\"pt-PT\",\"@id\":\"https:\\\/\\\/encompaniastj.org\\\/pt-pt\\\/#\\\/schema\\\/logo\\\/image\\\/\",\"url\":\"https:\\\/\\\/encompaniastj.org\\\/wp-content\\\/uploads\\\/2025\\\/04\\\/logo_provincias02-1-3.png\",\"contentUrl\":\"https:\\\/\\\/encompaniastj.org\\\/wp-content\\\/uploads\\\/2025\\\/04\\\/logo_provincias02-1-3.png\",\"width\":2368,\"height\":825,\"caption\":\"Compa\u00f1\u00eda de Santa Teresa de Jes\u00fas\"},\"image\":{\"@id\":\"https:\\\/\\\/encompaniastj.org\\\/pt-pt\\\/#\\\/schema\\\/logo\\\/image\\\/\"}},{\"@type\":\"Person\",\"@id\":\"https:\\\/\\\/encompaniastj.org\\\/pt-pt\\\/#\\\/schema\\\/person\\\/520e7ecc314793d40091993c2a02b651\",\"name\":\"admin\",\"image\":{\"@type\":\"ImageObject\",\"inLanguage\":\"pt-PT\",\"@id\":\"https:\\\/\\\/secure.gravatar.com\\\/avatar\\\/948b492cce32b586ac2db0eaa926ee87024f7afe218d73b397ea5ddfc5f43ea1?s=96&d=mm&r=g\",\"url\":\"https:\\\/\\\/secure.gravatar.com\\\/avatar\\\/948b492cce32b586ac2db0eaa926ee87024f7afe218d73b397ea5ddfc5f43ea1?s=96&d=mm&r=g\",\"contentUrl\":\"https:\\\/\\\/secure.gravatar.com\\\/avatar\\\/948b492cce32b586ac2db0eaa926ee87024f7afe218d73b397ea5ddfc5f43ea1?s=96&d=mm&r=g\",\"caption\":\"admin\"},\"sameAs\":[\"https:\\\/\\\/encompaniastj.org\"],\"url\":\"https:\\\/\\\/encompaniastj.org\\\/pt-pt\\\/author\\\/sjdigital\\\/\"}]}<\/script>\n<!-- \/ Yoast SEO plugin. -->","yoast_head_json":{"title":"Comunidade \u00c1vila Resid\u00eancia Enfermaria - En Compa\u00f1\u00eda STJ","robots":{"index":"index","follow":"follow","max-snippet":"max-snippet:-1","max-image-preview":"max-image-preview:large","max-video-preview":"max-video-preview:-1"},"canonical":"https:\/\/encompaniastj.org\/pt-pt\/comunidade-avila-residencia-enfermaria\/","og_locale":"pt_PT","og_type":"article","og_title":"Comunidade \u00c1vila Resid\u00eancia Enfermaria - En Compa\u00f1\u00eda STJ","og_description":"A comunidade participa do Projeto Interprovincial das Prov\u00edncias Sagrado Cora\u00e7\u00e3o e Virgem da Esperan\u00e7a 2013, que dizia: \u201c\u00c9 necess\u00e1rio oferecer \u00e0s irm\u00e3s idosas e enfermas os cuidados necess\u00e1rios \u00e0 sa\u00fade, [&hellip;]","og_url":"https:\/\/encompaniastj.org\/pt-pt\/comunidade-avila-residencia-enfermaria\/","og_site_name":"En Compa\u00f1\u00eda STJ","article_published_time":"2021-06-09T04:36:55+00:00","article_modified_time":"2025-07-07T14:22:34+00:00","og_image":[{"width":500,"height":787,"url":"https:\/\/encompaniastj.org\/wp-content\/uploads\/2025\/05\/avila1.jpg","type":"image\/jpeg"}],"author":"admin","twitter_card":"summary_large_image","twitter_misc":{"Escrito por":"admin","Tempo estimado de leitura":"3 minutos"},"schema":{"@context":"https:\/\/schema.org","@graph":[{"@type":"Article","@id":"https:\/\/encompaniastj.org\/pt-pt\/comunidade-avila-residencia-enfermaria\/#article","isPartOf":{"@id":"https:\/\/encompaniastj.org\/pt-pt\/comunidade-avila-residencia-enfermaria\/"},"author":{"name":"admin","@id":"https:\/\/encompaniastj.org\/pt-pt\/#\/schema\/person\/520e7ecc314793d40091993c2a02b651"},"headline":"Comunidade \u00c1vila Resid\u00eancia Enfermaria","datePublished":"2021-06-09T04:36:55+00:00","dateModified":"2025-07-07T14:22:34+00:00","mainEntityOfPage":{"@id":"https:\/\/encompaniastj.org\/pt-pt\/comunidade-avila-residencia-enfermaria\/"},"wordCount":566,"commentCount":0,"publisher":{"@id":"https:\/\/encompaniastj.org\/pt-pt\/#organization"},"image":{"@id":"https:\/\/encompaniastj.org\/pt-pt\/comunidade-avila-residencia-enfermaria\/#primaryimage"},"thumbnailUrl":"https:\/\/encompaniastj.org\/wp-content\/uploads\/2025\/05\/avila1.jpg","articleSection":["Comunidades","Conhecemo-nos"],"inLanguage":"pt-PT","potentialAction":[{"@type":"CommentAction","name":"Comment","target":["https:\/\/encompaniastj.org\/pt-pt\/comunidade-avila-residencia-enfermaria\/#respond"]}]},{"@type":"WebPage","@id":"https:\/\/encompaniastj.org\/pt-pt\/comunidade-avila-residencia-enfermaria\/","url":"https:\/\/encompaniastj.org\/pt-pt\/comunidade-avila-residencia-enfermaria\/","name":"Comunidade \u00c1vila Resid\u00eancia Enfermaria - En Compa\u00f1\u00eda STJ","isPartOf":{"@id":"https:\/\/encompaniastj.org\/pt-pt\/#website"},"primaryImageOfPage":{"@id":"https:\/\/encompaniastj.org\/pt-pt\/comunidade-avila-residencia-enfermaria\/#primaryimage"},"image":{"@id":"https:\/\/encompaniastj.org\/pt-pt\/comunidade-avila-residencia-enfermaria\/#primaryimage"},"thumbnailUrl":"https:\/\/encompaniastj.org\/wp-content\/uploads\/2025\/05\/avila1.jpg","datePublished":"2021-06-09T04:36:55+00:00","dateModified":"2025-07-07T14:22:34+00:00","breadcrumb":{"@id":"https:\/\/encompaniastj.org\/pt-pt\/comunidade-avila-residencia-enfermaria\/#breadcrumb"},"inLanguage":"pt-PT","potentialAction":[{"@type":"ReadAction","target":["https:\/\/encompaniastj.org\/pt-pt\/comunidade-avila-residencia-enfermaria\/"]}]},{"@type":"ImageObject","inLanguage":"pt-PT","@id":"https:\/\/encompaniastj.org\/pt-pt\/comunidade-avila-residencia-enfermaria\/#primaryimage","url":"https:\/\/encompaniastj.org\/wp-content\/uploads\/2025\/05\/avila1.jpg","contentUrl":"https:\/\/encompaniastj.org\/wp-content\/uploads\/2025\/05\/avila1.jpg","width":500,"height":787},{"@type":"BreadcrumbList","@id":"https:\/\/encompaniastj.org\/pt-pt\/comunidade-avila-residencia-enfermaria\/#breadcrumb","itemListElement":[{"@type":"ListItem","position":1,"name":"Portada","item":"https:\/\/encompaniastj.org\/pt-pt\/"},{"@type":"ListItem","position":2,"name":"Comunidade \u00c1vila Resid\u00eancia Enfermaria"}]},{"@type":"WebSite","@id":"https:\/\/encompaniastj.org\/pt-pt\/#website","url":"https:\/\/encompaniastj.org\/pt-pt\/","name":"En Compa\u00f1\u00eda STJ","description":"Bolet\u00edn de la Compa\u00f1\u00eda de Santa Teresa de Jes\u00fas","publisher":{"@id":"https:\/\/encompaniastj.org\/pt-pt\/#organization"},"potentialAction":[{"@type":"SearchAction","target":{"@type":"EntryPoint","urlTemplate":"https:\/\/encompaniastj.org\/pt-pt\/?s={search_term_string}"},"query-input":{"@type":"PropertyValueSpecification","valueRequired":true,"valueName":"search_term_string"}}],"inLanguage":"pt-PT"},{"@type":"Organization","@id":"https:\/\/encompaniastj.org\/pt-pt\/#organization","name":"Compa\u00f1\u00eda de Santa Teresa de Jes\u00fas","url":"https:\/\/encompaniastj.org\/pt-pt\/","logo":{"@type":"ImageObject","inLanguage":"pt-PT","@id":"https:\/\/encompaniastj.org\/pt-pt\/#\/schema\/logo\/image\/","url":"https:\/\/encompaniastj.org\/wp-content\/uploads\/2025\/04\/logo_provincias02-1-3.png","contentUrl":"https:\/\/encompaniastj.org\/wp-content\/uploads\/2025\/04\/logo_provincias02-1-3.png","width":2368,"height":825,"caption":"Compa\u00f1\u00eda de Santa Teresa de Jes\u00fas"},"image":{"@id":"https:\/\/encompaniastj.org\/pt-pt\/#\/schema\/logo\/image\/"}},{"@type":"Person","@id":"https:\/\/encompaniastj.org\/pt-pt\/#\/schema\/person\/520e7ecc314793d40091993c2a02b651","name":"admin","image":{"@type":"ImageObject","inLanguage":"pt-PT","@id":"https:\/\/secure.gravatar.com\/avatar\/948b492cce32b586ac2db0eaa926ee87024f7afe218d73b397ea5ddfc5f43ea1?s=96&d=mm&r=g","url":"https:\/\/secure.gravatar.com\/avatar\/948b492cce32b586ac2db0eaa926ee87024f7afe218d73b397ea5ddfc5f43ea1?s=96&d=mm&r=g","contentUrl":"https:\/\/secure.gravatar.com\/avatar\/948b492cce32b586ac2db0eaa926ee87024f7afe218d73b397ea5ddfc5f43ea1?s=96&d=mm&r=g","caption":"admin"},"sameAs":["https:\/\/encompaniastj.org"],"url":"https:\/\/encompaniastj.org\/pt-pt\/author\/sjdigital\/"}]}},"_links":{"self":[{"href":"https:\/\/encompaniastj.org\/pt-pt\/wp-json\/wp\/v2\/posts\/10630","targetHints":{"allow":["GET"]}}],"collection":[{"href":"https:\/\/encompaniastj.org\/pt-pt\/wp-json\/wp\/v2\/posts"}],"about":[{"href":"https:\/\/encompaniastj.org\/pt-pt\/wp-json\/wp\/v2\/types\/post"}],"author":[{"embeddable":true,"href":"https:\/\/encompaniastj.org\/pt-pt\/wp-json\/wp\/v2\/users\/1"}],"replies":[{"embeddable":true,"href":"https:\/\/encompaniastj.org\/pt-pt\/wp-json\/wp\/v2\/comments?post=10630"}],"version-history":[{"count":1,"href":"https:\/\/encompaniastj.org\/pt-pt\/wp-json\/wp\/v2\/posts\/10630\/revisions"}],"predecessor-version":[{"id":10631,"href":"https:\/\/encompaniastj.org\/pt-pt\/wp-json\/wp\/v2\/posts\/10630\/revisions\/10631"}],"wp:featuredmedia":[{"embeddable":true,"href":"https:\/\/encompaniastj.org\/pt-pt\/wp-json\/wp\/v2\/media\/7742"}],"wp:attachment":[{"href":"https:\/\/encompaniastj.org\/pt-pt\/wp-json\/wp\/v2\/media?parent=10630"}],"wp:term":[{"taxonomy":"category","embeddable":true,"href":"https:\/\/encompaniastj.org\/pt-pt\/wp-json\/wp\/v2\/categories?post=10630"},{"taxonomy":"post_tag","embeddable":true,"href":"https:\/\/encompaniastj.org\/pt-pt\/wp-json\/wp\/v2\/tags?post=10630"}],"curies":[{"name":"wp","href":"https:\/\/api.w.org\/{rel}","templated":true}]}}