{"id":10628,"date":"2021-06-01T15:49:46","date_gmt":"2021-06-01T13:49:46","guid":{"rendered":"https:\/\/encompaniastj.org\/salome-goicoechea-garmendia-1-de-junio-de-2021-san-sebastian-residencia-2\/"},"modified":"2025-07-07T16:22:34","modified_gmt":"2025-07-07T14:22:34","slug":"salome-goicoechea-garmendia-1-de-junio-de-2021-san-sebastian-residencia-2","status":"publish","type":"post","link":"https:\/\/encompaniastj.org\/pt-pt\/salome-goicoechea-garmendia-1-de-junio-de-2021-san-sebastian-residencia-2\/","title":{"rendered":"Salom\u00e9 Goicoechea Garmendia. 1 de junio de 2021 (San Sebasti\u00e1n-Residencia)"},"content":{"rendered":"<p>No primeiro dia de junho, na Resid\u00eancia de S. Sebasti\u00e3o, despedimo-nos da nossa irm\u00e3 Salom\u00e9 e, ao faz\u00ea-lo, despedimo-nos de uma mulher discreta que estava dispon\u00edvel para tudo, de uma trabalhadora incans\u00e1vel e, sobretudo, de uma pessoa boa, \u00edntegra, leal e uma fiel seguidora de Jesus.<\/p>\n<p>Nasceu num vilarejo pr\u00f3ximo \u00e0 bela cidade de Azpeitia, numa fam\u00edlia de profundas ra\u00edzes crist\u00e3s, o que fez que desde os alvores da sua vida se nutrisse com o esp\u00edrito evang\u00e9lico que se vivia em casa. Esta foi a base que a levou a entregar a vida a Deus, consagrando-se a Ele na Companhia de Santa Teresa.<\/p>\n<p>A sua mem\u00f3ria est\u00e1 ligada aos aspetos fundamentais da sua vida na It\u00e1lia, onde passou praticamente toda a sua vida religiosa. (Ela nunca teve bilhete de identidade espanhola, s\u00f3 o tirou dois anos antes de voltar para S. Sebasti\u00e3o), e onde, apesar de que na sua timidez, quisesse escond\u00ea-lo, destacou-se pelas suas qualidades: a sua for\u00e7a f\u00edsica, o seu sentido do dever, da responsabilidade, pela sua determina\u00e7\u00e3o e entrega, etc. fizeram que na c\u00faria geral as diferentes Gerais com quem viveu confiassem nela. Foi ela quem cuidou dos Bispos, Cardeais e outras personalidades que vinham \u00e0 Casa Geral: servia-os \u00e0 mesa, transportava-os aos seus destinos como uma h\u00e1bil motorista no dif\u00edcil tr\u00e2nsito de Roma e atendia-os nas suas necessidades. Era uma \u00f3tima anfitri\u00e3 e at\u00e9 viveu no Vaticano ao servi\u00e7o de D. Eduardo Martinez Somalo e, terminado este servi\u00e7o, passou para o Col\u00e9gio de Via Fregene onde como porteira se destacou pela sua gentileza, pela sua educa\u00e7\u00e3o e tantas outras qualidades que o Senhor lhe tinha dado. Sempre com um sorriso, acolhia alunos, pais e professores, como no Teresianum de P\u00e1dua. Por isso, a sua mem\u00f3ria continua viva entre as pessoas que a conheceram, que ainda perguntam por ela.<\/p>\n<p>Chegou a esta casa no in\u00edcio de novembro de 2019 e, n\u00f3s que vivemos com ela este curto per\u00edodo da sua vida, pudemos comprovar a sua serenidade e o seu temperamento apesar do isolamento causado pela sua falta de audi\u00e7\u00e3o.<\/p>\n<p>Hoje, nestes dias em que a Igreja celebra a festa do amor trinit\u00e1rio, dizemos adeus a Salom\u00e9, adeus a uma teresiana perfeita que p\u00f4s a sua vida ao servi\u00e7o do Reino e, que agora diz juntamente com o Nosso Padre as palavras que ele disse a si mesmo:<\/p>\n<p><strong><em>\u201cDeus cuidou de mim e de todas as minhas coisas; n\u00e3o me faltar\u00e1 nada. Deus \u00e9 sol\u00edcito e cuidadoso comigo. &#8221; <\/em><\/strong><\/p>\n","protected":false},"excerpt":{"rendered":"<p>No primeiro dia de junho, na Resid\u00eancia de S. Sebasti\u00e3o, despedimo-nos da nossa irm\u00e3 Salom\u00e9 e, ao faz\u00ea-lo, despedimo-nos de uma mulher discreta que estava dispon\u00edvel para tudo, de uma [&hellip;]<\/p>\n","protected":false},"author":1,"featured_media":7741,"comment_status":"open","ping_status":"open","sticky":false,"template":"","format":"standard","meta":{"_acf_changed":false,"footnotes":""},"categories":[69],"tags":[],"class_list":["post-10628","post","type-post","status-publish","format-standard","has-post-thumbnail","hentry","category-falecimentos"],"acf":[],"yoast_head":"<!-- This site is optimized with the Yoast SEO plugin v27.5 - https:\/\/yoast.com\/product\/yoast-seo-wordpress\/ -->\n<title>Salom\u00e9 Goicoechea Garmendia. 1 de junio de 2021 (San Sebasti\u00e1n-Residencia) - En Compa\u00f1\u00eda STJ<\/title>\n<meta name=\"robots\" content=\"index, follow, max-snippet:-1, max-image-preview:large, max-video-preview:-1\" \/>\n<link rel=\"canonical\" href=\"https:\/\/encompaniastj.org\/pt-pt\/salome-goicoechea-garmendia-1-de-junio-de-2021-san-sebastian-residencia-2\/\" \/>\n<meta property=\"og:locale\" content=\"pt_PT\" \/>\n<meta property=\"og:type\" content=\"article\" \/>\n<meta property=\"og:title\" content=\"Salom\u00e9 Goicoechea Garmendia. 1 de junio de 2021 (San Sebasti\u00e1n-Residencia) - En Compa\u00f1\u00eda STJ\" \/>\n<meta property=\"og:description\" content=\"No primeiro dia de junho, na Resid\u00eancia de S. Sebasti\u00e3o, despedimo-nos da nossa irm\u00e3 Salom\u00e9 e, ao faz\u00ea-lo, despedimo-nos de uma mulher discreta que estava dispon\u00edvel para tudo, de uma [&hellip;]\" \/>\n<meta property=\"og:url\" content=\"https:\/\/encompaniastj.org\/pt-pt\/salome-goicoechea-garmendia-1-de-junio-de-2021-san-sebastian-residencia-2\/\" \/>\n<meta property=\"og:site_name\" content=\"En Compa\u00f1\u00eda STJ\" \/>\n<meta property=\"article:published_time\" content=\"2021-06-01T13:49:46+00:00\" \/>\n<meta property=\"article:modified_time\" content=\"2025-07-07T14:22:34+00:00\" \/>\n<meta property=\"og:image\" content=\"https:\/\/encompaniastj.org\/wp-content\/uploads\/2025\/05\/port-106909_640.jpg\" \/>\n\t<meta property=\"og:image:width\" content=\"640\" \/>\n\t<meta property=\"og:image:height\" content=\"428\" \/>\n\t<meta property=\"og:image:type\" content=\"image\/jpeg\" \/>\n<meta name=\"author\" content=\"admin\" \/>\n<meta name=\"twitter:card\" content=\"summary_large_image\" \/>\n<meta name=\"twitter:label1\" content=\"Escrito por\" \/>\n\t<meta name=\"twitter:data1\" content=\"admin\" \/>\n\t<meta name=\"twitter:label2\" content=\"Tempo estimado de leitura\" \/>\n\t<meta name=\"twitter:data2\" content=\"2 minutos\" \/>\n<script type=\"application\/ld+json\" class=\"yoast-schema-graph\">{\"@context\":\"https:\\\/\\\/schema.org\",\"@graph\":[{\"@type\":\"Article\",\"@id\":\"https:\\\/\\\/encompaniastj.org\\\/pt-pt\\\/salome-goicoechea-garmendia-1-de-junio-de-2021-san-sebastian-residencia-2\\\/#article\",\"isPartOf\":{\"@id\":\"https:\\\/\\\/encompaniastj.org\\\/pt-pt\\\/salome-goicoechea-garmendia-1-de-junio-de-2021-san-sebastian-residencia-2\\\/\"},\"author\":{\"name\":\"admin\",\"@id\":\"https:\\\/\\\/encompaniastj.org\\\/pt-pt\\\/#\\\/schema\\\/person\\\/520e7ecc314793d40091993c2a02b651\"},\"headline\":\"Salom\u00e9 Goicoechea Garmendia. 1 de junio de 2021 (San Sebasti\u00e1n-Residencia)\",\"datePublished\":\"2021-06-01T13:49:46+00:00\",\"dateModified\":\"2025-07-07T14:22:34+00:00\",\"mainEntityOfPage\":{\"@id\":\"https:\\\/\\\/encompaniastj.org\\\/pt-pt\\\/salome-goicoechea-garmendia-1-de-junio-de-2021-san-sebastian-residencia-2\\\/\"},\"wordCount\":451,\"commentCount\":0,\"publisher\":{\"@id\":\"https:\\\/\\\/encompaniastj.org\\\/pt-pt\\\/#organization\"},\"image\":{\"@id\":\"https:\\\/\\\/encompaniastj.org\\\/pt-pt\\\/salome-goicoechea-garmendia-1-de-junio-de-2021-san-sebastian-residencia-2\\\/#primaryimage\"},\"thumbnailUrl\":\"https:\\\/\\\/encompaniastj.org\\\/wp-content\\\/uploads\\\/2025\\\/05\\\/port-106909_640.jpg\",\"articleSection\":[\"Falecimentos\"],\"inLanguage\":\"pt-PT\",\"potentialAction\":[{\"@type\":\"CommentAction\",\"name\":\"Comment\",\"target\":[\"https:\\\/\\\/encompaniastj.org\\\/pt-pt\\\/salome-goicoechea-garmendia-1-de-junio-de-2021-san-sebastian-residencia-2\\\/#respond\"]}]},{\"@type\":\"WebPage\",\"@id\":\"https:\\\/\\\/encompaniastj.org\\\/pt-pt\\\/salome-goicoechea-garmendia-1-de-junio-de-2021-san-sebastian-residencia-2\\\/\",\"url\":\"https:\\\/\\\/encompaniastj.org\\\/pt-pt\\\/salome-goicoechea-garmendia-1-de-junio-de-2021-san-sebastian-residencia-2\\\/\",\"name\":\"Salom\u00e9 Goicoechea Garmendia. 1 de junio de 2021 (San Sebasti\u00e1n-Residencia) - En Compa\u00f1\u00eda STJ\",\"isPartOf\":{\"@id\":\"https:\\\/\\\/encompaniastj.org\\\/pt-pt\\\/#website\"},\"primaryImageOfPage\":{\"@id\":\"https:\\\/\\\/encompaniastj.org\\\/pt-pt\\\/salome-goicoechea-garmendia-1-de-junio-de-2021-san-sebastian-residencia-2\\\/#primaryimage\"},\"image\":{\"@id\":\"https:\\\/\\\/encompaniastj.org\\\/pt-pt\\\/salome-goicoechea-garmendia-1-de-junio-de-2021-san-sebastian-residencia-2\\\/#primaryimage\"},\"thumbnailUrl\":\"https:\\\/\\\/encompaniastj.org\\\/wp-content\\\/uploads\\\/2025\\\/05\\\/port-106909_640.jpg\",\"datePublished\":\"2021-06-01T13:49:46+00:00\",\"dateModified\":\"2025-07-07T14:22:34+00:00\",\"breadcrumb\":{\"@id\":\"https:\\\/\\\/encompaniastj.org\\\/pt-pt\\\/salome-goicoechea-garmendia-1-de-junio-de-2021-san-sebastian-residencia-2\\\/#breadcrumb\"},\"inLanguage\":\"pt-PT\",\"potentialAction\":[{\"@type\":\"ReadAction\",\"target\":[\"https:\\\/\\\/encompaniastj.org\\\/pt-pt\\\/salome-goicoechea-garmendia-1-de-junio-de-2021-san-sebastian-residencia-2\\\/\"]}]},{\"@type\":\"ImageObject\",\"inLanguage\":\"pt-PT\",\"@id\":\"https:\\\/\\\/encompaniastj.org\\\/pt-pt\\\/salome-goicoechea-garmendia-1-de-junio-de-2021-san-sebastian-residencia-2\\\/#primaryimage\",\"url\":\"https:\\\/\\\/encompaniastj.org\\\/wp-content\\\/uploads\\\/2025\\\/05\\\/port-106909_640.jpg\",\"contentUrl\":\"https:\\\/\\\/encompaniastj.org\\\/wp-content\\\/uploads\\\/2025\\\/05\\\/port-106909_640.jpg\",\"width\":640,\"height\":428},{\"@type\":\"BreadcrumbList\",\"@id\":\"https:\\\/\\\/encompaniastj.org\\\/pt-pt\\\/salome-goicoechea-garmendia-1-de-junio-de-2021-san-sebastian-residencia-2\\\/#breadcrumb\",\"itemListElement\":[{\"@type\":\"ListItem\",\"position\":1,\"name\":\"Portada\",\"item\":\"https:\\\/\\\/encompaniastj.org\\\/pt-pt\\\/\"},{\"@type\":\"ListItem\",\"position\":2,\"name\":\"Salom\u00e9 Goicoechea Garmendia. 1 de junio de 2021 (San Sebasti\u00e1n-Residencia)\"}]},{\"@type\":\"WebSite\",\"@id\":\"https:\\\/\\\/encompaniastj.org\\\/pt-pt\\\/#website\",\"url\":\"https:\\\/\\\/encompaniastj.org\\\/pt-pt\\\/\",\"name\":\"En Compa\u00f1\u00eda STJ\",\"description\":\"Bolet\u00edn de la Compa\u00f1\u00eda de Santa Teresa de Jes\u00fas\",\"publisher\":{\"@id\":\"https:\\\/\\\/encompaniastj.org\\\/pt-pt\\\/#organization\"},\"potentialAction\":[{\"@type\":\"SearchAction\",\"target\":{\"@type\":\"EntryPoint\",\"urlTemplate\":\"https:\\\/\\\/encompaniastj.org\\\/pt-pt\\\/?s={search_term_string}\"},\"query-input\":{\"@type\":\"PropertyValueSpecification\",\"valueRequired\":true,\"valueName\":\"search_term_string\"}}],\"inLanguage\":\"pt-PT\"},{\"@type\":\"Organization\",\"@id\":\"https:\\\/\\\/encompaniastj.org\\\/pt-pt\\\/#organization\",\"name\":\"Compa\u00f1\u00eda de Santa Teresa de Jes\u00fas\",\"url\":\"https:\\\/\\\/encompaniastj.org\\\/pt-pt\\\/\",\"logo\":{\"@type\":\"ImageObject\",\"inLanguage\":\"pt-PT\",\"@id\":\"https:\\\/\\\/encompaniastj.org\\\/pt-pt\\\/#\\\/schema\\\/logo\\\/image\\\/\",\"url\":\"https:\\\/\\\/encompaniastj.org\\\/wp-content\\\/uploads\\\/2025\\\/04\\\/logo_provincias02-1-3.png\",\"contentUrl\":\"https:\\\/\\\/encompaniastj.org\\\/wp-content\\\/uploads\\\/2025\\\/04\\\/logo_provincias02-1-3.png\",\"width\":2368,\"height\":825,\"caption\":\"Compa\u00f1\u00eda de Santa Teresa de Jes\u00fas\"},\"image\":{\"@id\":\"https:\\\/\\\/encompaniastj.org\\\/pt-pt\\\/#\\\/schema\\\/logo\\\/image\\\/\"}},{\"@type\":\"Person\",\"@id\":\"https:\\\/\\\/encompaniastj.org\\\/pt-pt\\\/#\\\/schema\\\/person\\\/520e7ecc314793d40091993c2a02b651\",\"name\":\"admin\",\"image\":{\"@type\":\"ImageObject\",\"inLanguage\":\"pt-PT\",\"@id\":\"https:\\\/\\\/secure.gravatar.com\\\/avatar\\\/948b492cce32b586ac2db0eaa926ee87024f7afe218d73b397ea5ddfc5f43ea1?s=96&d=mm&r=g\",\"url\":\"https:\\\/\\\/secure.gravatar.com\\\/avatar\\\/948b492cce32b586ac2db0eaa926ee87024f7afe218d73b397ea5ddfc5f43ea1?s=96&d=mm&r=g\",\"contentUrl\":\"https:\\\/\\\/secure.gravatar.com\\\/avatar\\\/948b492cce32b586ac2db0eaa926ee87024f7afe218d73b397ea5ddfc5f43ea1?s=96&d=mm&r=g\",\"caption\":\"admin\"},\"sameAs\":[\"https:\\\/\\\/encompaniastj.org\"],\"url\":\"https:\\\/\\\/encompaniastj.org\\\/pt-pt\\\/author\\\/sjdigital\\\/\"}]}<\/script>\n<!-- \/ Yoast SEO plugin. -->","yoast_head_json":{"title":"Salom\u00e9 Goicoechea Garmendia. 1 de junio de 2021 (San Sebasti\u00e1n-Residencia) - En Compa\u00f1\u00eda STJ","robots":{"index":"index","follow":"follow","max-snippet":"max-snippet:-1","max-image-preview":"max-image-preview:large","max-video-preview":"max-video-preview:-1"},"canonical":"https:\/\/encompaniastj.org\/pt-pt\/salome-goicoechea-garmendia-1-de-junio-de-2021-san-sebastian-residencia-2\/","og_locale":"pt_PT","og_type":"article","og_title":"Salom\u00e9 Goicoechea Garmendia. 1 de junio de 2021 (San Sebasti\u00e1n-Residencia) - En Compa\u00f1\u00eda STJ","og_description":"No primeiro dia de junho, na Resid\u00eancia de S. Sebasti\u00e3o, despedimo-nos da nossa irm\u00e3 Salom\u00e9 e, ao faz\u00ea-lo, despedimo-nos de uma mulher discreta que estava dispon\u00edvel para tudo, de uma [&hellip;]","og_url":"https:\/\/encompaniastj.org\/pt-pt\/salome-goicoechea-garmendia-1-de-junio-de-2021-san-sebastian-residencia-2\/","og_site_name":"En Compa\u00f1\u00eda STJ","article_published_time":"2021-06-01T13:49:46+00:00","article_modified_time":"2025-07-07T14:22:34+00:00","og_image":[{"width":640,"height":428,"url":"https:\/\/encompaniastj.org\/wp-content\/uploads\/2025\/05\/port-106909_640.jpg","type":"image\/jpeg"}],"author":"admin","twitter_card":"summary_large_image","twitter_misc":{"Escrito por":"admin","Tempo estimado de leitura":"2 minutos"},"schema":{"@context":"https:\/\/schema.org","@graph":[{"@type":"Article","@id":"https:\/\/encompaniastj.org\/pt-pt\/salome-goicoechea-garmendia-1-de-junio-de-2021-san-sebastian-residencia-2\/#article","isPartOf":{"@id":"https:\/\/encompaniastj.org\/pt-pt\/salome-goicoechea-garmendia-1-de-junio-de-2021-san-sebastian-residencia-2\/"},"author":{"name":"admin","@id":"https:\/\/encompaniastj.org\/pt-pt\/#\/schema\/person\/520e7ecc314793d40091993c2a02b651"},"headline":"Salom\u00e9 Goicoechea Garmendia. 1 de junio de 2021 (San Sebasti\u00e1n-Residencia)","datePublished":"2021-06-01T13:49:46+00:00","dateModified":"2025-07-07T14:22:34+00:00","mainEntityOfPage":{"@id":"https:\/\/encompaniastj.org\/pt-pt\/salome-goicoechea-garmendia-1-de-junio-de-2021-san-sebastian-residencia-2\/"},"wordCount":451,"commentCount":0,"publisher":{"@id":"https:\/\/encompaniastj.org\/pt-pt\/#organization"},"image":{"@id":"https:\/\/encompaniastj.org\/pt-pt\/salome-goicoechea-garmendia-1-de-junio-de-2021-san-sebastian-residencia-2\/#primaryimage"},"thumbnailUrl":"https:\/\/encompaniastj.org\/wp-content\/uploads\/2025\/05\/port-106909_640.jpg","articleSection":["Falecimentos"],"inLanguage":"pt-PT","potentialAction":[{"@type":"CommentAction","name":"Comment","target":["https:\/\/encompaniastj.org\/pt-pt\/salome-goicoechea-garmendia-1-de-junio-de-2021-san-sebastian-residencia-2\/#respond"]}]},{"@type":"WebPage","@id":"https:\/\/encompaniastj.org\/pt-pt\/salome-goicoechea-garmendia-1-de-junio-de-2021-san-sebastian-residencia-2\/","url":"https:\/\/encompaniastj.org\/pt-pt\/salome-goicoechea-garmendia-1-de-junio-de-2021-san-sebastian-residencia-2\/","name":"Salom\u00e9 Goicoechea Garmendia. 1 de junio de 2021 (San Sebasti\u00e1n-Residencia) - En Compa\u00f1\u00eda STJ","isPartOf":{"@id":"https:\/\/encompaniastj.org\/pt-pt\/#website"},"primaryImageOfPage":{"@id":"https:\/\/encompaniastj.org\/pt-pt\/salome-goicoechea-garmendia-1-de-junio-de-2021-san-sebastian-residencia-2\/#primaryimage"},"image":{"@id":"https:\/\/encompaniastj.org\/pt-pt\/salome-goicoechea-garmendia-1-de-junio-de-2021-san-sebastian-residencia-2\/#primaryimage"},"thumbnailUrl":"https:\/\/encompaniastj.org\/wp-content\/uploads\/2025\/05\/port-106909_640.jpg","datePublished":"2021-06-01T13:49:46+00:00","dateModified":"2025-07-07T14:22:34+00:00","breadcrumb":{"@id":"https:\/\/encompaniastj.org\/pt-pt\/salome-goicoechea-garmendia-1-de-junio-de-2021-san-sebastian-residencia-2\/#breadcrumb"},"inLanguage":"pt-PT","potentialAction":[{"@type":"ReadAction","target":["https:\/\/encompaniastj.org\/pt-pt\/salome-goicoechea-garmendia-1-de-junio-de-2021-san-sebastian-residencia-2\/"]}]},{"@type":"ImageObject","inLanguage":"pt-PT","@id":"https:\/\/encompaniastj.org\/pt-pt\/salome-goicoechea-garmendia-1-de-junio-de-2021-san-sebastian-residencia-2\/#primaryimage","url":"https:\/\/encompaniastj.org\/wp-content\/uploads\/2025\/05\/port-106909_640.jpg","contentUrl":"https:\/\/encompaniastj.org\/wp-content\/uploads\/2025\/05\/port-106909_640.jpg","width":640,"height":428},{"@type":"BreadcrumbList","@id":"https:\/\/encompaniastj.org\/pt-pt\/salome-goicoechea-garmendia-1-de-junio-de-2021-san-sebastian-residencia-2\/#breadcrumb","itemListElement":[{"@type":"ListItem","position":1,"name":"Portada","item":"https:\/\/encompaniastj.org\/pt-pt\/"},{"@type":"ListItem","position":2,"name":"Salom\u00e9 Goicoechea Garmendia. 1 de junio de 2021 (San Sebasti\u00e1n-Residencia)"}]},{"@type":"WebSite","@id":"https:\/\/encompaniastj.org\/pt-pt\/#website","url":"https:\/\/encompaniastj.org\/pt-pt\/","name":"En Compa\u00f1\u00eda STJ","description":"Bolet\u00edn de la Compa\u00f1\u00eda de Santa Teresa de Jes\u00fas","publisher":{"@id":"https:\/\/encompaniastj.org\/pt-pt\/#organization"},"potentialAction":[{"@type":"SearchAction","target":{"@type":"EntryPoint","urlTemplate":"https:\/\/encompaniastj.org\/pt-pt\/?s={search_term_string}"},"query-input":{"@type":"PropertyValueSpecification","valueRequired":true,"valueName":"search_term_string"}}],"inLanguage":"pt-PT"},{"@type":"Organization","@id":"https:\/\/encompaniastj.org\/pt-pt\/#organization","name":"Compa\u00f1\u00eda de Santa Teresa de Jes\u00fas","url":"https:\/\/encompaniastj.org\/pt-pt\/","logo":{"@type":"ImageObject","inLanguage":"pt-PT","@id":"https:\/\/encompaniastj.org\/pt-pt\/#\/schema\/logo\/image\/","url":"https:\/\/encompaniastj.org\/wp-content\/uploads\/2025\/04\/logo_provincias02-1-3.png","contentUrl":"https:\/\/encompaniastj.org\/wp-content\/uploads\/2025\/04\/logo_provincias02-1-3.png","width":2368,"height":825,"caption":"Compa\u00f1\u00eda de Santa Teresa de Jes\u00fas"},"image":{"@id":"https:\/\/encompaniastj.org\/pt-pt\/#\/schema\/logo\/image\/"}},{"@type":"Person","@id":"https:\/\/encompaniastj.org\/pt-pt\/#\/schema\/person\/520e7ecc314793d40091993c2a02b651","name":"admin","image":{"@type":"ImageObject","inLanguage":"pt-PT","@id":"https:\/\/secure.gravatar.com\/avatar\/948b492cce32b586ac2db0eaa926ee87024f7afe218d73b397ea5ddfc5f43ea1?s=96&d=mm&r=g","url":"https:\/\/secure.gravatar.com\/avatar\/948b492cce32b586ac2db0eaa926ee87024f7afe218d73b397ea5ddfc5f43ea1?s=96&d=mm&r=g","contentUrl":"https:\/\/secure.gravatar.com\/avatar\/948b492cce32b586ac2db0eaa926ee87024f7afe218d73b397ea5ddfc5f43ea1?s=96&d=mm&r=g","caption":"admin"},"sameAs":["https:\/\/encompaniastj.org"],"url":"https:\/\/encompaniastj.org\/pt-pt\/author\/sjdigital\/"}]}},"_links":{"self":[{"href":"https:\/\/encompaniastj.org\/pt-pt\/wp-json\/wp\/v2\/posts\/10628","targetHints":{"allow":["GET"]}}],"collection":[{"href":"https:\/\/encompaniastj.org\/pt-pt\/wp-json\/wp\/v2\/posts"}],"about":[{"href":"https:\/\/encompaniastj.org\/pt-pt\/wp-json\/wp\/v2\/types\/post"}],"author":[{"embeddable":true,"href":"https:\/\/encompaniastj.org\/pt-pt\/wp-json\/wp\/v2\/users\/1"}],"replies":[{"embeddable":true,"href":"https:\/\/encompaniastj.org\/pt-pt\/wp-json\/wp\/v2\/comments?post=10628"}],"version-history":[{"count":1,"href":"https:\/\/encompaniastj.org\/pt-pt\/wp-json\/wp\/v2\/posts\/10628\/revisions"}],"predecessor-version":[{"id":10629,"href":"https:\/\/encompaniastj.org\/pt-pt\/wp-json\/wp\/v2\/posts\/10628\/revisions\/10629"}],"wp:featuredmedia":[{"embeddable":true,"href":"https:\/\/encompaniastj.org\/pt-pt\/wp-json\/wp\/v2\/media\/7741"}],"wp:attachment":[{"href":"https:\/\/encompaniastj.org\/pt-pt\/wp-json\/wp\/v2\/media?parent=10628"}],"wp:term":[{"taxonomy":"category","embeddable":true,"href":"https:\/\/encompaniastj.org\/pt-pt\/wp-json\/wp\/v2\/categories?post=10628"},{"taxonomy":"post_tag","embeddable":true,"href":"https:\/\/encompaniastj.org\/pt-pt\/wp-json\/wp\/v2\/tags?post=10628"}],"curies":[{"name":"wp","href":"https:\/\/api.w.org\/{rel}","templated":true}]}}