{"id":10624,"date":"2021-05-30T13:06:04","date_gmt":"2021-05-30T11:06:04","guid":{"rendered":"https:\/\/encompaniastj.org\/maria-cinta-bonavida-colome-29-de-mayo-de-2021-tortosa-residencia-2\/"},"modified":"2025-07-07T16:22:34","modified_gmt":"2025-07-07T14:22:34","slug":"maria-cinta-bonavida-colome-29-de-mayo-de-2021-tortosa-residencia-2","status":"publish","type":"post","link":"https:\/\/encompaniastj.org\/pt-pt\/maria-cinta-bonavida-colome-29-de-mayo-de-2021-tortosa-residencia-2\/","title":{"rendered":"Mar\u00eda Cinta Bonavida Colom\u00e9. 29 de mayo de 2021.  (Tortosa - Residencia)"},"content":{"rendered":"<p>La Hna. M\u00aa Cinta naci\u00f3 en el Arrabal de Jes\u00fas, pedan\u00eda perteneciente a Tortosa (Tarragona)\u00a0 el 1 de mayo de 1925. \u00a0Ingres\u00f3 en la Compa\u00f1\u00eda de Sta. Teresa el 14 de octubre de 1946, en el Noviciado de Jes\u00fas- Tortosa. All\u00ed hizo sus primeros votos el 21 de abril de 1949. Su primer destino fue la comunidad de Ganduxer, donde profes\u00f3 sus votos perpetuos el 19 de abril de 1946. En el a\u00f1o 1961 \u00a0fue destinada a la comunidad de Montjuic (Barcelona), de donde guardaba un gran recuerdo. Los siguientes destinos fueron Vilanova i la Geltr\u00fa (Barcelona), Vinebre, de nuevo Vilanova i la Geltr\u00fa, Barcelona-Gracia, Jes\u00fas-Tortosa, Tortosa-colegio \u00a0y de nuevo Jes\u00fas, que fue su \u00faltima comunidad. Muri\u00f3 poco despu\u00e9s de cumplir los 95 a\u00f1os en el Hospital de la Santa Cruz, en Jes\u00fas, el pueblo que la vio nacer, donde estuvo ingresada desde el mes de enero, cuando contrajo el covid-19.<\/p>\n<p>Siempre fue una hermana entusiasta, con una gran fuerza de voluntad, enamorada de Jes\u00fas y apasionada por su vocaci\u00f3n de maestra. Su amor a la Compa\u00f1\u00eda la llevaba a interesarse por todo lo que se iba viviendo, por la misi\u00f3n apost\u00f3lica, por las nuevas vocaciones\u2026 y, especialmente, preguntaba por los colegios, por los alumnos\u2026 Se acordaba de muchos de sus antiguos alumnos y con algunas de sus exalumnas mantuvo el contacto hasta el final de su vida.<\/p>\n<p>Damos gracias a Dios por su vida.<\/p>\n","protected":false},"excerpt":{"rendered":"<p>La Hna. M\u00aa Cinta naci\u00f3 en el Arrabal de Jes\u00fas, pedan\u00eda perteneciente a Tortosa (Tarragona)\u00a0 el 1 de mayo de 1925. \u00a0Ingres\u00f3 en la Compa\u00f1\u00eda de Sta. Teresa el 14 [&hellip;]<\/p>\n","protected":false},"author":1,"featured_media":7740,"comment_status":"open","ping_status":"open","sticky":false,"template":"","format":"standard","meta":{"_acf_changed":false,"footnotes":""},"categories":[69,63],"tags":[],"class_list":["post-10624","post","type-post","status-publish","format-standard","has-post-thumbnail","hentry","category-falecimentos","category-fallecimientos"],"acf":[],"yoast_head":"<!-- This site is optimized with the Yoast SEO plugin v27.5 - https:\/\/yoast.com\/product\/yoast-seo-wordpress\/ -->\n<title>Mar\u00eda Cinta Bonavida Colom\u00e9. 29 de mayo de 2021. (Tortosa - Residencia) - En Compa\u00f1\u00eda STJ<\/title>\n<meta name=\"robots\" content=\"index, follow, max-snippet:-1, max-image-preview:large, max-video-preview:-1\" \/>\n<link rel=\"canonical\" href=\"https:\/\/encompaniastj.org\/pt-pt\/maria-cinta-bonavida-colome-29-de-mayo-de-2021-tortosa-residencia-2\/\" \/>\n<meta property=\"og:locale\" content=\"pt_PT\" \/>\n<meta property=\"og:type\" content=\"article\" \/>\n<meta property=\"og:title\" content=\"Mar\u00eda Cinta Bonavida Colom\u00e9. 29 de mayo de 2021. (Tortosa - Residencia) - En Compa\u00f1\u00eda STJ\" \/>\n<meta property=\"og:description\" content=\"La Hna. M\u00aa Cinta naci\u00f3 en el Arrabal de Jes\u00fas, pedan\u00eda perteneciente a Tortosa (Tarragona)\u00a0 el 1 de mayo de 1925. \u00a0Ingres\u00f3 en la Compa\u00f1\u00eda de Sta. Teresa el 14 [&hellip;]\" \/>\n<meta property=\"og:url\" content=\"https:\/\/encompaniastj.org\/pt-pt\/maria-cinta-bonavida-colome-29-de-mayo-de-2021-tortosa-residencia-2\/\" \/>\n<meta property=\"og:site_name\" content=\"En Compa\u00f1\u00eda STJ\" \/>\n<meta property=\"article:published_time\" content=\"2021-05-30T11:06:04+00:00\" \/>\n<meta property=\"article:modified_time\" content=\"2025-07-07T14:22:34+00:00\" \/>\n<meta property=\"og:image\" content=\"https:\/\/encompaniastj.org\/wp-content\/uploads\/2025\/05\/flower-729514_640.jpg\" \/>\n\t<meta property=\"og:image:width\" content=\"640\" \/>\n\t<meta property=\"og:image:height\" content=\"404\" \/>\n\t<meta property=\"og:image:type\" content=\"image\/jpeg\" \/>\n<meta name=\"author\" content=\"admin\" \/>\n<meta name=\"twitter:card\" content=\"summary_large_image\" \/>\n<meta name=\"twitter:label1\" content=\"Escrito por\" \/>\n\t<meta name=\"twitter:data1\" content=\"admin\" \/>\n\t<meta name=\"twitter:label2\" content=\"Tempo estimado de leitura\" \/>\n\t<meta name=\"twitter:data2\" content=\"2 minutos\" \/>\n<script type=\"application\/ld+json\" class=\"yoast-schema-graph\">{\"@context\":\"https:\\\/\\\/schema.org\",\"@graph\":[{\"@type\":\"Article\",\"@id\":\"https:\\\/\\\/encompaniastj.org\\\/pt-pt\\\/maria-cinta-bonavida-colome-29-de-mayo-de-2021-tortosa-residencia-2\\\/#article\",\"isPartOf\":{\"@id\":\"https:\\\/\\\/encompaniastj.org\\\/pt-pt\\\/maria-cinta-bonavida-colome-29-de-mayo-de-2021-tortosa-residencia-2\\\/\"},\"author\":{\"name\":\"admin\",\"@id\":\"https:\\\/\\\/encompaniastj.org\\\/pt-pt\\\/#\\\/schema\\\/person\\\/520e7ecc314793d40091993c2a02b651\"},\"headline\":\"Mar\u00eda Cinta Bonavida Colom\u00e9. 29 de mayo de 2021. (Tortosa - Residencia)\",\"datePublished\":\"2021-05-30T11:06:04+00:00\",\"dateModified\":\"2025-07-07T14:22:34+00:00\",\"mainEntityOfPage\":{\"@id\":\"https:\\\/\\\/encompaniastj.org\\\/pt-pt\\\/maria-cinta-bonavida-colome-29-de-mayo-de-2021-tortosa-residencia-2\\\/\"},\"wordCount\":251,\"commentCount\":0,\"publisher\":{\"@id\":\"https:\\\/\\\/encompaniastj.org\\\/pt-pt\\\/#organization\"},\"image\":{\"@id\":\"https:\\\/\\\/encompaniastj.org\\\/pt-pt\\\/maria-cinta-bonavida-colome-29-de-mayo-de-2021-tortosa-residencia-2\\\/#primaryimage\"},\"thumbnailUrl\":\"https:\\\/\\\/encompaniastj.org\\\/wp-content\\\/uploads\\\/2025\\\/05\\\/flower-729514_640.jpg\",\"articleSection\":[\"Falecimentos\",\"Fallecimientos\"],\"inLanguage\":\"pt-PT\",\"potentialAction\":[{\"@type\":\"CommentAction\",\"name\":\"Comment\",\"target\":[\"https:\\\/\\\/encompaniastj.org\\\/pt-pt\\\/maria-cinta-bonavida-colome-29-de-mayo-de-2021-tortosa-residencia-2\\\/#respond\"]}]},{\"@type\":\"WebPage\",\"@id\":\"https:\\\/\\\/encompaniastj.org\\\/pt-pt\\\/maria-cinta-bonavida-colome-29-de-mayo-de-2021-tortosa-residencia-2\\\/\",\"url\":\"https:\\\/\\\/encompaniastj.org\\\/pt-pt\\\/maria-cinta-bonavida-colome-29-de-mayo-de-2021-tortosa-residencia-2\\\/\",\"name\":\"Mar\u00eda Cinta Bonavida Colom\u00e9. 29 de mayo de 2021. (Tortosa - Residencia) - En Compa\u00f1\u00eda STJ\",\"isPartOf\":{\"@id\":\"https:\\\/\\\/encompaniastj.org\\\/pt-pt\\\/#website\"},\"primaryImageOfPage\":{\"@id\":\"https:\\\/\\\/encompaniastj.org\\\/pt-pt\\\/maria-cinta-bonavida-colome-29-de-mayo-de-2021-tortosa-residencia-2\\\/#primaryimage\"},\"image\":{\"@id\":\"https:\\\/\\\/encompaniastj.org\\\/pt-pt\\\/maria-cinta-bonavida-colome-29-de-mayo-de-2021-tortosa-residencia-2\\\/#primaryimage\"},\"thumbnailUrl\":\"https:\\\/\\\/encompaniastj.org\\\/wp-content\\\/uploads\\\/2025\\\/05\\\/flower-729514_640.jpg\",\"datePublished\":\"2021-05-30T11:06:04+00:00\",\"dateModified\":\"2025-07-07T14:22:34+00:00\",\"breadcrumb\":{\"@id\":\"https:\\\/\\\/encompaniastj.org\\\/pt-pt\\\/maria-cinta-bonavida-colome-29-de-mayo-de-2021-tortosa-residencia-2\\\/#breadcrumb\"},\"inLanguage\":\"pt-PT\",\"potentialAction\":[{\"@type\":\"ReadAction\",\"target\":[\"https:\\\/\\\/encompaniastj.org\\\/pt-pt\\\/maria-cinta-bonavida-colome-29-de-mayo-de-2021-tortosa-residencia-2\\\/\"]}]},{\"@type\":\"ImageObject\",\"inLanguage\":\"pt-PT\",\"@id\":\"https:\\\/\\\/encompaniastj.org\\\/pt-pt\\\/maria-cinta-bonavida-colome-29-de-mayo-de-2021-tortosa-residencia-2\\\/#primaryimage\",\"url\":\"https:\\\/\\\/encompaniastj.org\\\/wp-content\\\/uploads\\\/2025\\\/05\\\/flower-729514_640.jpg\",\"contentUrl\":\"https:\\\/\\\/encompaniastj.org\\\/wp-content\\\/uploads\\\/2025\\\/05\\\/flower-729514_640.jpg\",\"width\":640,\"height\":404},{\"@type\":\"BreadcrumbList\",\"@id\":\"https:\\\/\\\/encompaniastj.org\\\/pt-pt\\\/maria-cinta-bonavida-colome-29-de-mayo-de-2021-tortosa-residencia-2\\\/#breadcrumb\",\"itemListElement\":[{\"@type\":\"ListItem\",\"position\":1,\"name\":\"Portada\",\"item\":\"https:\\\/\\\/encompaniastj.org\\\/pt-pt\\\/\"},{\"@type\":\"ListItem\",\"position\":2,\"name\":\"Mar\u00eda Cinta Bonavida Colom\u00e9. 29 de mayo de 2021. (Tortosa - Residencia)\"}]},{\"@type\":\"WebSite\",\"@id\":\"https:\\\/\\\/encompaniastj.org\\\/pt-pt\\\/#website\",\"url\":\"https:\\\/\\\/encompaniastj.org\\\/pt-pt\\\/\",\"name\":\"En Compa\u00f1\u00eda STJ\",\"description\":\"Bolet\u00edn de la Compa\u00f1\u00eda de Santa Teresa de Jes\u00fas\",\"publisher\":{\"@id\":\"https:\\\/\\\/encompaniastj.org\\\/pt-pt\\\/#organization\"},\"potentialAction\":[{\"@type\":\"SearchAction\",\"target\":{\"@type\":\"EntryPoint\",\"urlTemplate\":\"https:\\\/\\\/encompaniastj.org\\\/pt-pt\\\/?s={search_term_string}\"},\"query-input\":{\"@type\":\"PropertyValueSpecification\",\"valueRequired\":true,\"valueName\":\"search_term_string\"}}],\"inLanguage\":\"pt-PT\"},{\"@type\":\"Organization\",\"@id\":\"https:\\\/\\\/encompaniastj.org\\\/pt-pt\\\/#organization\",\"name\":\"Compa\u00f1\u00eda de Santa Teresa de Jes\u00fas\",\"url\":\"https:\\\/\\\/encompaniastj.org\\\/pt-pt\\\/\",\"logo\":{\"@type\":\"ImageObject\",\"inLanguage\":\"pt-PT\",\"@id\":\"https:\\\/\\\/encompaniastj.org\\\/pt-pt\\\/#\\\/schema\\\/logo\\\/image\\\/\",\"url\":\"https:\\\/\\\/encompaniastj.org\\\/wp-content\\\/uploads\\\/2025\\\/04\\\/logo_provincias02-1-3.png\",\"contentUrl\":\"https:\\\/\\\/encompaniastj.org\\\/wp-content\\\/uploads\\\/2025\\\/04\\\/logo_provincias02-1-3.png\",\"width\":2368,\"height\":825,\"caption\":\"Compa\u00f1\u00eda de Santa Teresa de Jes\u00fas\"},\"image\":{\"@id\":\"https:\\\/\\\/encompaniastj.org\\\/pt-pt\\\/#\\\/schema\\\/logo\\\/image\\\/\"}},{\"@type\":\"Person\",\"@id\":\"https:\\\/\\\/encompaniastj.org\\\/pt-pt\\\/#\\\/schema\\\/person\\\/520e7ecc314793d40091993c2a02b651\",\"name\":\"admin\",\"image\":{\"@type\":\"ImageObject\",\"inLanguage\":\"pt-PT\",\"@id\":\"https:\\\/\\\/secure.gravatar.com\\\/avatar\\\/948b492cce32b586ac2db0eaa926ee87024f7afe218d73b397ea5ddfc5f43ea1?s=96&d=mm&r=g\",\"url\":\"https:\\\/\\\/secure.gravatar.com\\\/avatar\\\/948b492cce32b586ac2db0eaa926ee87024f7afe218d73b397ea5ddfc5f43ea1?s=96&d=mm&r=g\",\"contentUrl\":\"https:\\\/\\\/secure.gravatar.com\\\/avatar\\\/948b492cce32b586ac2db0eaa926ee87024f7afe218d73b397ea5ddfc5f43ea1?s=96&d=mm&r=g\",\"caption\":\"admin\"},\"sameAs\":[\"https:\\\/\\\/encompaniastj.org\"],\"url\":\"https:\\\/\\\/encompaniastj.org\\\/pt-pt\\\/author\\\/sjdigital\\\/\"}]}<\/script>\n<!-- \/ Yoast SEO plugin. -->","yoast_head_json":{"title":"Mar\u00eda Cinta Bonavida Colom\u00e9. 29 de mayo de 2021. (Tortosa - Residencia) - En Compa\u00f1\u00eda STJ","robots":{"index":"index","follow":"follow","max-snippet":"max-snippet:-1","max-image-preview":"max-image-preview:large","max-video-preview":"max-video-preview:-1"},"canonical":"https:\/\/encompaniastj.org\/pt-pt\/maria-cinta-bonavida-colome-29-de-mayo-de-2021-tortosa-residencia-2\/","og_locale":"pt_PT","og_type":"article","og_title":"Mar\u00eda Cinta Bonavida Colom\u00e9. 29 de mayo de 2021. (Tortosa - Residencia) - En Compa\u00f1\u00eda STJ","og_description":"La Hna. M\u00aa Cinta naci\u00f3 en el Arrabal de Jes\u00fas, pedan\u00eda perteneciente a Tortosa (Tarragona)\u00a0 el 1 de mayo de 1925. \u00a0Ingres\u00f3 en la Compa\u00f1\u00eda de Sta. Teresa el 14 [&hellip;]","og_url":"https:\/\/encompaniastj.org\/pt-pt\/maria-cinta-bonavida-colome-29-de-mayo-de-2021-tortosa-residencia-2\/","og_site_name":"En Compa\u00f1\u00eda STJ","article_published_time":"2021-05-30T11:06:04+00:00","article_modified_time":"2025-07-07T14:22:34+00:00","og_image":[{"width":640,"height":404,"url":"https:\/\/encompaniastj.org\/wp-content\/uploads\/2025\/05\/flower-729514_640.jpg","type":"image\/jpeg"}],"author":"admin","twitter_card":"summary_large_image","twitter_misc":{"Escrito por":"admin","Tempo estimado de leitura":"2 minutos"},"schema":{"@context":"https:\/\/schema.org","@graph":[{"@type":"Article","@id":"https:\/\/encompaniastj.org\/pt-pt\/maria-cinta-bonavida-colome-29-de-mayo-de-2021-tortosa-residencia-2\/#article","isPartOf":{"@id":"https:\/\/encompaniastj.org\/pt-pt\/maria-cinta-bonavida-colome-29-de-mayo-de-2021-tortosa-residencia-2\/"},"author":{"name":"admin","@id":"https:\/\/encompaniastj.org\/pt-pt\/#\/schema\/person\/520e7ecc314793d40091993c2a02b651"},"headline":"Mar\u00eda Cinta Bonavida Colom\u00e9. 29 de mayo de 2021. (Tortosa - Residencia)","datePublished":"2021-05-30T11:06:04+00:00","dateModified":"2025-07-07T14:22:34+00:00","mainEntityOfPage":{"@id":"https:\/\/encompaniastj.org\/pt-pt\/maria-cinta-bonavida-colome-29-de-mayo-de-2021-tortosa-residencia-2\/"},"wordCount":251,"commentCount":0,"publisher":{"@id":"https:\/\/encompaniastj.org\/pt-pt\/#organization"},"image":{"@id":"https:\/\/encompaniastj.org\/pt-pt\/maria-cinta-bonavida-colome-29-de-mayo-de-2021-tortosa-residencia-2\/#primaryimage"},"thumbnailUrl":"https:\/\/encompaniastj.org\/wp-content\/uploads\/2025\/05\/flower-729514_640.jpg","articleSection":["Falecimentos","Fallecimientos"],"inLanguage":"pt-PT","potentialAction":[{"@type":"CommentAction","name":"Comment","target":["https:\/\/encompaniastj.org\/pt-pt\/maria-cinta-bonavida-colome-29-de-mayo-de-2021-tortosa-residencia-2\/#respond"]}]},{"@type":"WebPage","@id":"https:\/\/encompaniastj.org\/pt-pt\/maria-cinta-bonavida-colome-29-de-mayo-de-2021-tortosa-residencia-2\/","url":"https:\/\/encompaniastj.org\/pt-pt\/maria-cinta-bonavida-colome-29-de-mayo-de-2021-tortosa-residencia-2\/","name":"Mar\u00eda Cinta Bonavida Colom\u00e9. 29 de mayo de 2021. (Tortosa - Residencia) - En Compa\u00f1\u00eda STJ","isPartOf":{"@id":"https:\/\/encompaniastj.org\/pt-pt\/#website"},"primaryImageOfPage":{"@id":"https:\/\/encompaniastj.org\/pt-pt\/maria-cinta-bonavida-colome-29-de-mayo-de-2021-tortosa-residencia-2\/#primaryimage"},"image":{"@id":"https:\/\/encompaniastj.org\/pt-pt\/maria-cinta-bonavida-colome-29-de-mayo-de-2021-tortosa-residencia-2\/#primaryimage"},"thumbnailUrl":"https:\/\/encompaniastj.org\/wp-content\/uploads\/2025\/05\/flower-729514_640.jpg","datePublished":"2021-05-30T11:06:04+00:00","dateModified":"2025-07-07T14:22:34+00:00","breadcrumb":{"@id":"https:\/\/encompaniastj.org\/pt-pt\/maria-cinta-bonavida-colome-29-de-mayo-de-2021-tortosa-residencia-2\/#breadcrumb"},"inLanguage":"pt-PT","potentialAction":[{"@type":"ReadAction","target":["https:\/\/encompaniastj.org\/pt-pt\/maria-cinta-bonavida-colome-29-de-mayo-de-2021-tortosa-residencia-2\/"]}]},{"@type":"ImageObject","inLanguage":"pt-PT","@id":"https:\/\/encompaniastj.org\/pt-pt\/maria-cinta-bonavida-colome-29-de-mayo-de-2021-tortosa-residencia-2\/#primaryimage","url":"https:\/\/encompaniastj.org\/wp-content\/uploads\/2025\/05\/flower-729514_640.jpg","contentUrl":"https:\/\/encompaniastj.org\/wp-content\/uploads\/2025\/05\/flower-729514_640.jpg","width":640,"height":404},{"@type":"BreadcrumbList","@id":"https:\/\/encompaniastj.org\/pt-pt\/maria-cinta-bonavida-colome-29-de-mayo-de-2021-tortosa-residencia-2\/#breadcrumb","itemListElement":[{"@type":"ListItem","position":1,"name":"Portada","item":"https:\/\/encompaniastj.org\/pt-pt\/"},{"@type":"ListItem","position":2,"name":"Mar\u00eda Cinta Bonavida Colom\u00e9. 29 de mayo de 2021. (Tortosa - Residencia)"}]},{"@type":"WebSite","@id":"https:\/\/encompaniastj.org\/pt-pt\/#website","url":"https:\/\/encompaniastj.org\/pt-pt\/","name":"En Compa\u00f1\u00eda STJ","description":"Bolet\u00edn de la Compa\u00f1\u00eda de Santa Teresa de Jes\u00fas","publisher":{"@id":"https:\/\/encompaniastj.org\/pt-pt\/#organization"},"potentialAction":[{"@type":"SearchAction","target":{"@type":"EntryPoint","urlTemplate":"https:\/\/encompaniastj.org\/pt-pt\/?s={search_term_string}"},"query-input":{"@type":"PropertyValueSpecification","valueRequired":true,"valueName":"search_term_string"}}],"inLanguage":"pt-PT"},{"@type":"Organization","@id":"https:\/\/encompaniastj.org\/pt-pt\/#organization","name":"Compa\u00f1\u00eda de Santa Teresa de Jes\u00fas","url":"https:\/\/encompaniastj.org\/pt-pt\/","logo":{"@type":"ImageObject","inLanguage":"pt-PT","@id":"https:\/\/encompaniastj.org\/pt-pt\/#\/schema\/logo\/image\/","url":"https:\/\/encompaniastj.org\/wp-content\/uploads\/2025\/04\/logo_provincias02-1-3.png","contentUrl":"https:\/\/encompaniastj.org\/wp-content\/uploads\/2025\/04\/logo_provincias02-1-3.png","width":2368,"height":825,"caption":"Compa\u00f1\u00eda de Santa Teresa de Jes\u00fas"},"image":{"@id":"https:\/\/encompaniastj.org\/pt-pt\/#\/schema\/logo\/image\/"}},{"@type":"Person","@id":"https:\/\/encompaniastj.org\/pt-pt\/#\/schema\/person\/520e7ecc314793d40091993c2a02b651","name":"admin","image":{"@type":"ImageObject","inLanguage":"pt-PT","@id":"https:\/\/secure.gravatar.com\/avatar\/948b492cce32b586ac2db0eaa926ee87024f7afe218d73b397ea5ddfc5f43ea1?s=96&d=mm&r=g","url":"https:\/\/secure.gravatar.com\/avatar\/948b492cce32b586ac2db0eaa926ee87024f7afe218d73b397ea5ddfc5f43ea1?s=96&d=mm&r=g","contentUrl":"https:\/\/secure.gravatar.com\/avatar\/948b492cce32b586ac2db0eaa926ee87024f7afe218d73b397ea5ddfc5f43ea1?s=96&d=mm&r=g","caption":"admin"},"sameAs":["https:\/\/encompaniastj.org"],"url":"https:\/\/encompaniastj.org\/pt-pt\/author\/sjdigital\/"}]}},"_links":{"self":[{"href":"https:\/\/encompaniastj.org\/pt-pt\/wp-json\/wp\/v2\/posts\/10624","targetHints":{"allow":["GET"]}}],"collection":[{"href":"https:\/\/encompaniastj.org\/pt-pt\/wp-json\/wp\/v2\/posts"}],"about":[{"href":"https:\/\/encompaniastj.org\/pt-pt\/wp-json\/wp\/v2\/types\/post"}],"author":[{"embeddable":true,"href":"https:\/\/encompaniastj.org\/pt-pt\/wp-json\/wp\/v2\/users\/1"}],"replies":[{"embeddable":true,"href":"https:\/\/encompaniastj.org\/pt-pt\/wp-json\/wp\/v2\/comments?post=10624"}],"version-history":[{"count":1,"href":"https:\/\/encompaniastj.org\/pt-pt\/wp-json\/wp\/v2\/posts\/10624\/revisions"}],"predecessor-version":[{"id":10625,"href":"https:\/\/encompaniastj.org\/pt-pt\/wp-json\/wp\/v2\/posts\/10624\/revisions\/10625"}],"wp:featuredmedia":[{"embeddable":true,"href":"https:\/\/encompaniastj.org\/pt-pt\/wp-json\/wp\/v2\/media\/7740"}],"wp:attachment":[{"href":"https:\/\/encompaniastj.org\/pt-pt\/wp-json\/wp\/v2\/media?parent=10624"}],"wp:term":[{"taxonomy":"category","embeddable":true,"href":"https:\/\/encompaniastj.org\/pt-pt\/wp-json\/wp\/v2\/categories?post=10624"},{"taxonomy":"post_tag","embeddable":true,"href":"https:\/\/encompaniastj.org\/pt-pt\/wp-json\/wp\/v2\/tags?post=10624"}],"curies":[{"name":"wp","href":"https:\/\/api.w.org\/{rel}","templated":true}]}}