{"id":10620,"date":"2021-05-26T06:11:32","date_gmt":"2021-05-26T04:11:32","guid":{"rendered":"https:\/\/encompaniastj.org\/faire-confiance-et-sourire-2\/"},"modified":"2025-07-07T16:22:33","modified_gmt":"2025-07-07T14:22:33","slug":"faire-confiance-et-sourire-2","status":"publish","type":"post","link":"https:\/\/encompaniastj.org\/pt-pt\/faire-confiance-et-sourire-2\/","title":{"rendered":"FAIRE CONFIANCE ET SOURIRE"},"content":{"rendered":"<p>Foi assim que me apareceu no in\u00edcio deste m\u00eas de maio no blog de Ant\u00f3nio Mas, conhecido e querido teresianista. E embora em franc\u00eas, quis deixar o t\u00edtulo assim, porque me oferece outra for\u00e7a para concretiz\u00e1-lo na vida.<\/p>\n<p>Entende-se bem que fala de confian\u00e7a e de sorriso, mas sinto a for\u00e7a de fazer um caminho de confian\u00e7a no concreto daquilo que a vida nos oferece para viver, e de sorrir serenamente com tudo, em tudo &#8230; mesmo que seja dentro e no fundo. Se a\u00ed chegou a paz e a alegria da f\u00e9, nessa terra m\u00e3e cresce a confian\u00e7a que faz do caminho uma peregrina\u00e7\u00e3o di\u00e1ria na seguran\u00e7a de ser conduzido por quem j\u00e1 conhece e j\u00e1 percorreu o caminho, e nos oferece sua companhia e sua m\u00e3o.<\/p>\n<p>Sabes que ter\u00e1 que procurar \u201cos sinais\u201d para n\u00e3o se perder cada dia, percorrer o trecho da estrada que nos \u00e9 apresentado todos os dias, acolher quem nos oferece companheiros de viagem todos os dias e construir com e vivam a miss\u00e3o naqueles dias e nessas horas, e encontrem o sentido da vida na escuta interior e nas palavras e passos exteriores, integrando vida, realidade e hist\u00f3ria de salva\u00e7\u00e3o.<\/p>\n<p><em>A vida espiritual consiste em confiar e sorrir, esse texto vem a dizer com o t\u00edtulo, e termina assim tamb\u00e9m: A vida deve consistir sempre em confiar e sorrir\u2026. Confiar no mist\u00e9rio da vida a que chamamos Deus, nas m\u00e3os de Jesus Cristo, e sorrir.<\/em><\/p>\n<p>A imagem que acompanha o texto \u00e9 a de um beb\u00e9 sorridente &#8230; mais simplicidade imposs\u00edvel e menos elabora\u00e7\u00e3o e composi\u00e7\u00e3o do que \u00e9 essencial em si, j\u00e1 est\u00e1 na vida recebida e por isso \u00e9 mais simples tamb\u00e9m.<\/p>\n<p>\u00c9 um dom que recebemos e oxal\u00e1 o vivamos na abertura e no agradecimento: a beleza, a bondade e o bem, a verdade &#8230; s\u00e3o o horizonte para contemplar e nos guiarmos, um espelho para as nossas vidas, e ao mesmo tempo o passo a passo para concretizar. Elas foram semeadas e n\u00f3s as recebemos como sementes nos nossos cora\u00e7\u00f5es, sempre testemunhas daquela imagem que somos da <em>grande dignidade e beleza<\/em> que Teresa de Jesus diz nas primeiras Moradas, e que est\u00e3o no nosso pr\u00f3prio centro!<\/p>\n<p>E como nada disso podemos fazer sozinhos, no final do Evangelho de Marcos, ouvimos a chave: <em>O Senhor cooperava confirmando a Palavra com os sinais que as acompanhavam<a href=\"#_ftn1\" name=\"_ftnref1\"><strong>[1]<\/strong><\/a>..<\/em> Eles, os disc\u00edpulos, j\u00e1 colocavam o <em>seu pouquinho que h\u00e1 em mim<\/em>: sa\u00edram para anunciar a Boa Nova que receberam. Eles j\u00e1 eram a <em>Igreja em sa\u00edda<\/em>. Tinha escolhido a vida &#8230;<\/p>\n<p>Gonz\u00e1lez Buelta di-lo de outra forma: <em>Olho para a frente e vejo-me na vida que gerei ontem semeando-me, crescendo j\u00e1 diante de mim mesmo, no riso sem mentira das crian\u00e7as, no ritmo dos jovens que abrem horizontes, nas comunidades que se unem contra as for\u00e7as da morte. Minha vida j\u00e1 passa em todos eles na minha frente, mais forte do que eu, marcando o caminho para mim, puxando meus passos. <\/em><em>Hoje, neste instante, eu escolho o futuro e ressuscito.<\/em><\/p>\n<p>Confian\u00e7a e sorriso que desejo para n\u00f3s no caminho di\u00e1rio a fazer e no agradecimento pelo dom recebido.<\/p>\n<p><em>Isabel del Valle<\/em><\/p>\n<p><a href=\"#_ftnref1\" name=\"_ftn1\">[1]<\/a> Evangelho segundo S. Marcos, 16,20<\/p>\n","protected":false},"excerpt":{"rendered":"<p>Foi assim que me apareceu no in\u00edcio deste m\u00eas de maio no blog de Ant\u00f3nio Mas, conhecido e querido teresianista. E embora em franc\u00eas, quis deixar o t\u00edtulo assim, porque [&hellip;]<\/p>\n","protected":false},"author":1,"featured_media":7739,"comment_status":"open","ping_status":"open","sticky":false,"template":"","format":"standard","meta":{"_acf_changed":false,"footnotes":""},"categories":[77],"tags":[],"class_list":["post-10620","post","type-post","status-publish","format-standard","has-post-thumbnail","hentry","category-palabras"],"acf":[],"yoast_head":"<!-- This site is optimized with the Yoast SEO plugin v27.5 - https:\/\/yoast.com\/product\/yoast-seo-wordpress\/ -->\n<title>FAIRE CONFIANCE ET SOURIRE - En Compa\u00f1\u00eda STJ<\/title>\n<meta name=\"robots\" content=\"index, follow, max-snippet:-1, max-image-preview:large, max-video-preview:-1\" \/>\n<link rel=\"canonical\" href=\"https:\/\/encompaniastj.org\/pt-pt\/faire-confiance-et-sourire-2\/\" \/>\n<meta property=\"og:locale\" content=\"pt_PT\" \/>\n<meta property=\"og:type\" content=\"article\" \/>\n<meta property=\"og:title\" content=\"FAIRE CONFIANCE ET SOURIRE - En Compa\u00f1\u00eda STJ\" \/>\n<meta property=\"og:description\" content=\"Foi assim que me apareceu no in\u00edcio deste m\u00eas de maio no blog de Ant\u00f3nio Mas, conhecido e querido teresianista. E embora em franc\u00eas, quis deixar o t\u00edtulo assim, porque [&hellip;]\" \/>\n<meta property=\"og:url\" content=\"https:\/\/encompaniastj.org\/pt-pt\/faire-confiance-et-sourire-2\/\" \/>\n<meta property=\"og:site_name\" content=\"En Compa\u00f1\u00eda STJ\" \/>\n<meta property=\"article:published_time\" content=\"2021-05-26T04:11:32+00:00\" \/>\n<meta property=\"article:modified_time\" content=\"2025-07-07T14:22:33+00:00\" \/>\n<meta property=\"og:image\" content=\"https:\/\/encompaniastj.org\/wp-content\/uploads\/2025\/05\/BEBE-SONRIENDO.jpg\" \/>\n\t<meta property=\"og:image:width\" content=\"500\" \/>\n\t<meta property=\"og:image:height\" content=\"333\" \/>\n\t<meta property=\"og:image:type\" content=\"image\/jpeg\" \/>\n<meta name=\"author\" content=\"admin\" \/>\n<meta name=\"twitter:card\" content=\"summary_large_image\" \/>\n<meta name=\"twitter:label1\" content=\"Escrito por\" \/>\n\t<meta name=\"twitter:data1\" content=\"admin\" \/>\n\t<meta name=\"twitter:label2\" content=\"Tempo estimado de leitura\" \/>\n\t<meta name=\"twitter:data2\" content=\"3 minutos\" \/>\n<script type=\"application\/ld+json\" class=\"yoast-schema-graph\">{\"@context\":\"https:\\\/\\\/schema.org\",\"@graph\":[{\"@type\":\"Article\",\"@id\":\"https:\\\/\\\/encompaniastj.org\\\/pt-pt\\\/faire-confiance-et-sourire-2\\\/#article\",\"isPartOf\":{\"@id\":\"https:\\\/\\\/encompaniastj.org\\\/pt-pt\\\/faire-confiance-et-sourire-2\\\/\"},\"author\":{\"name\":\"admin\",\"@id\":\"https:\\\/\\\/encompaniastj.org\\\/pt-pt\\\/#\\\/schema\\\/person\\\/520e7ecc314793d40091993c2a02b651\"},\"headline\":\"FAIRE CONFIANCE ET SOURIRE\",\"datePublished\":\"2021-05-26T04:11:32+00:00\",\"dateModified\":\"2025-07-07T14:22:33+00:00\",\"mainEntityOfPage\":{\"@id\":\"https:\\\/\\\/encompaniastj.org\\\/pt-pt\\\/faire-confiance-et-sourire-2\\\/\"},\"wordCount\":568,\"commentCount\":0,\"publisher\":{\"@id\":\"https:\\\/\\\/encompaniastj.org\\\/pt-pt\\\/#organization\"},\"image\":{\"@id\":\"https:\\\/\\\/encompaniastj.org\\\/pt-pt\\\/faire-confiance-et-sourire-2\\\/#primaryimage\"},\"thumbnailUrl\":\"https:\\\/\\\/encompaniastj.org\\\/wp-content\\\/uploads\\\/2025\\\/05\\\/BEBE-SONRIENDO.jpg\",\"articleSection\":[\"Palabras\"],\"inLanguage\":\"pt-PT\",\"potentialAction\":[{\"@type\":\"CommentAction\",\"name\":\"Comment\",\"target\":[\"https:\\\/\\\/encompaniastj.org\\\/pt-pt\\\/faire-confiance-et-sourire-2\\\/#respond\"]}]},{\"@type\":\"WebPage\",\"@id\":\"https:\\\/\\\/encompaniastj.org\\\/pt-pt\\\/faire-confiance-et-sourire-2\\\/\",\"url\":\"https:\\\/\\\/encompaniastj.org\\\/pt-pt\\\/faire-confiance-et-sourire-2\\\/\",\"name\":\"FAIRE CONFIANCE ET SOURIRE - En Compa\u00f1\u00eda STJ\",\"isPartOf\":{\"@id\":\"https:\\\/\\\/encompaniastj.org\\\/pt-pt\\\/#website\"},\"primaryImageOfPage\":{\"@id\":\"https:\\\/\\\/encompaniastj.org\\\/pt-pt\\\/faire-confiance-et-sourire-2\\\/#primaryimage\"},\"image\":{\"@id\":\"https:\\\/\\\/encompaniastj.org\\\/pt-pt\\\/faire-confiance-et-sourire-2\\\/#primaryimage\"},\"thumbnailUrl\":\"https:\\\/\\\/encompaniastj.org\\\/wp-content\\\/uploads\\\/2025\\\/05\\\/BEBE-SONRIENDO.jpg\",\"datePublished\":\"2021-05-26T04:11:32+00:00\",\"dateModified\":\"2025-07-07T14:22:33+00:00\",\"breadcrumb\":{\"@id\":\"https:\\\/\\\/encompaniastj.org\\\/pt-pt\\\/faire-confiance-et-sourire-2\\\/#breadcrumb\"},\"inLanguage\":\"pt-PT\",\"potentialAction\":[{\"@type\":\"ReadAction\",\"target\":[\"https:\\\/\\\/encompaniastj.org\\\/pt-pt\\\/faire-confiance-et-sourire-2\\\/\"]}]},{\"@type\":\"ImageObject\",\"inLanguage\":\"pt-PT\",\"@id\":\"https:\\\/\\\/encompaniastj.org\\\/pt-pt\\\/faire-confiance-et-sourire-2\\\/#primaryimage\",\"url\":\"https:\\\/\\\/encompaniastj.org\\\/wp-content\\\/uploads\\\/2025\\\/05\\\/BEBE-SONRIENDO.jpg\",\"contentUrl\":\"https:\\\/\\\/encompaniastj.org\\\/wp-content\\\/uploads\\\/2025\\\/05\\\/BEBE-SONRIENDO.jpg\",\"width\":500,\"height\":333},{\"@type\":\"BreadcrumbList\",\"@id\":\"https:\\\/\\\/encompaniastj.org\\\/pt-pt\\\/faire-confiance-et-sourire-2\\\/#breadcrumb\",\"itemListElement\":[{\"@type\":\"ListItem\",\"position\":1,\"name\":\"Portada\",\"item\":\"https:\\\/\\\/encompaniastj.org\\\/pt-pt\\\/\"},{\"@type\":\"ListItem\",\"position\":2,\"name\":\"FAIRE CONFIANCE ET SOURIRE\"}]},{\"@type\":\"WebSite\",\"@id\":\"https:\\\/\\\/encompaniastj.org\\\/pt-pt\\\/#website\",\"url\":\"https:\\\/\\\/encompaniastj.org\\\/pt-pt\\\/\",\"name\":\"En Compa\u00f1\u00eda STJ\",\"description\":\"Bolet\u00edn de la Compa\u00f1\u00eda de Santa Teresa de Jes\u00fas\",\"publisher\":{\"@id\":\"https:\\\/\\\/encompaniastj.org\\\/pt-pt\\\/#organization\"},\"potentialAction\":[{\"@type\":\"SearchAction\",\"target\":{\"@type\":\"EntryPoint\",\"urlTemplate\":\"https:\\\/\\\/encompaniastj.org\\\/pt-pt\\\/?s={search_term_string}\"},\"query-input\":{\"@type\":\"PropertyValueSpecification\",\"valueRequired\":true,\"valueName\":\"search_term_string\"}}],\"inLanguage\":\"pt-PT\"},{\"@type\":\"Organization\",\"@id\":\"https:\\\/\\\/encompaniastj.org\\\/pt-pt\\\/#organization\",\"name\":\"Compa\u00f1\u00eda de Santa Teresa de Jes\u00fas\",\"url\":\"https:\\\/\\\/encompaniastj.org\\\/pt-pt\\\/\",\"logo\":{\"@type\":\"ImageObject\",\"inLanguage\":\"pt-PT\",\"@id\":\"https:\\\/\\\/encompaniastj.org\\\/pt-pt\\\/#\\\/schema\\\/logo\\\/image\\\/\",\"url\":\"https:\\\/\\\/encompaniastj.org\\\/wp-content\\\/uploads\\\/2025\\\/04\\\/logo_provincias02-1-3.png\",\"contentUrl\":\"https:\\\/\\\/encompaniastj.org\\\/wp-content\\\/uploads\\\/2025\\\/04\\\/logo_provincias02-1-3.png\",\"width\":2368,\"height\":825,\"caption\":\"Compa\u00f1\u00eda de Santa Teresa de Jes\u00fas\"},\"image\":{\"@id\":\"https:\\\/\\\/encompaniastj.org\\\/pt-pt\\\/#\\\/schema\\\/logo\\\/image\\\/\"}},{\"@type\":\"Person\",\"@id\":\"https:\\\/\\\/encompaniastj.org\\\/pt-pt\\\/#\\\/schema\\\/person\\\/520e7ecc314793d40091993c2a02b651\",\"name\":\"admin\",\"image\":{\"@type\":\"ImageObject\",\"inLanguage\":\"pt-PT\",\"@id\":\"https:\\\/\\\/secure.gravatar.com\\\/avatar\\\/948b492cce32b586ac2db0eaa926ee87024f7afe218d73b397ea5ddfc5f43ea1?s=96&d=mm&r=g\",\"url\":\"https:\\\/\\\/secure.gravatar.com\\\/avatar\\\/948b492cce32b586ac2db0eaa926ee87024f7afe218d73b397ea5ddfc5f43ea1?s=96&d=mm&r=g\",\"contentUrl\":\"https:\\\/\\\/secure.gravatar.com\\\/avatar\\\/948b492cce32b586ac2db0eaa926ee87024f7afe218d73b397ea5ddfc5f43ea1?s=96&d=mm&r=g\",\"caption\":\"admin\"},\"sameAs\":[\"https:\\\/\\\/encompaniastj.org\"],\"url\":\"https:\\\/\\\/encompaniastj.org\\\/pt-pt\\\/author\\\/sjdigital\\\/\"}]}<\/script>\n<!-- \/ Yoast SEO plugin. -->","yoast_head_json":{"title":"FAIRE CONFIANCE ET SOURIRE - En Compa\u00f1\u00eda STJ","robots":{"index":"index","follow":"follow","max-snippet":"max-snippet:-1","max-image-preview":"max-image-preview:large","max-video-preview":"max-video-preview:-1"},"canonical":"https:\/\/encompaniastj.org\/pt-pt\/faire-confiance-et-sourire-2\/","og_locale":"pt_PT","og_type":"article","og_title":"FAIRE CONFIANCE ET SOURIRE - En Compa\u00f1\u00eda STJ","og_description":"Foi assim que me apareceu no in\u00edcio deste m\u00eas de maio no blog de Ant\u00f3nio Mas, conhecido e querido teresianista. E embora em franc\u00eas, quis deixar o t\u00edtulo assim, porque [&hellip;]","og_url":"https:\/\/encompaniastj.org\/pt-pt\/faire-confiance-et-sourire-2\/","og_site_name":"En Compa\u00f1\u00eda STJ","article_published_time":"2021-05-26T04:11:32+00:00","article_modified_time":"2025-07-07T14:22:33+00:00","og_image":[{"width":500,"height":333,"url":"https:\/\/encompaniastj.org\/wp-content\/uploads\/2025\/05\/BEBE-SONRIENDO.jpg","type":"image\/jpeg"}],"author":"admin","twitter_card":"summary_large_image","twitter_misc":{"Escrito por":"admin","Tempo estimado de leitura":"3 minutos"},"schema":{"@context":"https:\/\/schema.org","@graph":[{"@type":"Article","@id":"https:\/\/encompaniastj.org\/pt-pt\/faire-confiance-et-sourire-2\/#article","isPartOf":{"@id":"https:\/\/encompaniastj.org\/pt-pt\/faire-confiance-et-sourire-2\/"},"author":{"name":"admin","@id":"https:\/\/encompaniastj.org\/pt-pt\/#\/schema\/person\/520e7ecc314793d40091993c2a02b651"},"headline":"FAIRE CONFIANCE ET SOURIRE","datePublished":"2021-05-26T04:11:32+00:00","dateModified":"2025-07-07T14:22:33+00:00","mainEntityOfPage":{"@id":"https:\/\/encompaniastj.org\/pt-pt\/faire-confiance-et-sourire-2\/"},"wordCount":568,"commentCount":0,"publisher":{"@id":"https:\/\/encompaniastj.org\/pt-pt\/#organization"},"image":{"@id":"https:\/\/encompaniastj.org\/pt-pt\/faire-confiance-et-sourire-2\/#primaryimage"},"thumbnailUrl":"https:\/\/encompaniastj.org\/wp-content\/uploads\/2025\/05\/BEBE-SONRIENDO.jpg","articleSection":["Palabras"],"inLanguage":"pt-PT","potentialAction":[{"@type":"CommentAction","name":"Comment","target":["https:\/\/encompaniastj.org\/pt-pt\/faire-confiance-et-sourire-2\/#respond"]}]},{"@type":"WebPage","@id":"https:\/\/encompaniastj.org\/pt-pt\/faire-confiance-et-sourire-2\/","url":"https:\/\/encompaniastj.org\/pt-pt\/faire-confiance-et-sourire-2\/","name":"FAIRE CONFIANCE ET SOURIRE - En Compa\u00f1\u00eda STJ","isPartOf":{"@id":"https:\/\/encompaniastj.org\/pt-pt\/#website"},"primaryImageOfPage":{"@id":"https:\/\/encompaniastj.org\/pt-pt\/faire-confiance-et-sourire-2\/#primaryimage"},"image":{"@id":"https:\/\/encompaniastj.org\/pt-pt\/faire-confiance-et-sourire-2\/#primaryimage"},"thumbnailUrl":"https:\/\/encompaniastj.org\/wp-content\/uploads\/2025\/05\/BEBE-SONRIENDO.jpg","datePublished":"2021-05-26T04:11:32+00:00","dateModified":"2025-07-07T14:22:33+00:00","breadcrumb":{"@id":"https:\/\/encompaniastj.org\/pt-pt\/faire-confiance-et-sourire-2\/#breadcrumb"},"inLanguage":"pt-PT","potentialAction":[{"@type":"ReadAction","target":["https:\/\/encompaniastj.org\/pt-pt\/faire-confiance-et-sourire-2\/"]}]},{"@type":"ImageObject","inLanguage":"pt-PT","@id":"https:\/\/encompaniastj.org\/pt-pt\/faire-confiance-et-sourire-2\/#primaryimage","url":"https:\/\/encompaniastj.org\/wp-content\/uploads\/2025\/05\/BEBE-SONRIENDO.jpg","contentUrl":"https:\/\/encompaniastj.org\/wp-content\/uploads\/2025\/05\/BEBE-SONRIENDO.jpg","width":500,"height":333},{"@type":"BreadcrumbList","@id":"https:\/\/encompaniastj.org\/pt-pt\/faire-confiance-et-sourire-2\/#breadcrumb","itemListElement":[{"@type":"ListItem","position":1,"name":"Portada","item":"https:\/\/encompaniastj.org\/pt-pt\/"},{"@type":"ListItem","position":2,"name":"FAIRE CONFIANCE ET SOURIRE"}]},{"@type":"WebSite","@id":"https:\/\/encompaniastj.org\/pt-pt\/#website","url":"https:\/\/encompaniastj.org\/pt-pt\/","name":"En Compa\u00f1\u00eda STJ","description":"Bolet\u00edn de la Compa\u00f1\u00eda de Santa Teresa de Jes\u00fas","publisher":{"@id":"https:\/\/encompaniastj.org\/pt-pt\/#organization"},"potentialAction":[{"@type":"SearchAction","target":{"@type":"EntryPoint","urlTemplate":"https:\/\/encompaniastj.org\/pt-pt\/?s={search_term_string}"},"query-input":{"@type":"PropertyValueSpecification","valueRequired":true,"valueName":"search_term_string"}}],"inLanguage":"pt-PT"},{"@type":"Organization","@id":"https:\/\/encompaniastj.org\/pt-pt\/#organization","name":"Compa\u00f1\u00eda de Santa Teresa de Jes\u00fas","url":"https:\/\/encompaniastj.org\/pt-pt\/","logo":{"@type":"ImageObject","inLanguage":"pt-PT","@id":"https:\/\/encompaniastj.org\/pt-pt\/#\/schema\/logo\/image\/","url":"https:\/\/encompaniastj.org\/wp-content\/uploads\/2025\/04\/logo_provincias02-1-3.png","contentUrl":"https:\/\/encompaniastj.org\/wp-content\/uploads\/2025\/04\/logo_provincias02-1-3.png","width":2368,"height":825,"caption":"Compa\u00f1\u00eda de Santa Teresa de Jes\u00fas"},"image":{"@id":"https:\/\/encompaniastj.org\/pt-pt\/#\/schema\/logo\/image\/"}},{"@type":"Person","@id":"https:\/\/encompaniastj.org\/pt-pt\/#\/schema\/person\/520e7ecc314793d40091993c2a02b651","name":"admin","image":{"@type":"ImageObject","inLanguage":"pt-PT","@id":"https:\/\/secure.gravatar.com\/avatar\/948b492cce32b586ac2db0eaa926ee87024f7afe218d73b397ea5ddfc5f43ea1?s=96&d=mm&r=g","url":"https:\/\/secure.gravatar.com\/avatar\/948b492cce32b586ac2db0eaa926ee87024f7afe218d73b397ea5ddfc5f43ea1?s=96&d=mm&r=g","contentUrl":"https:\/\/secure.gravatar.com\/avatar\/948b492cce32b586ac2db0eaa926ee87024f7afe218d73b397ea5ddfc5f43ea1?s=96&d=mm&r=g","caption":"admin"},"sameAs":["https:\/\/encompaniastj.org"],"url":"https:\/\/encompaniastj.org\/pt-pt\/author\/sjdigital\/"}]}},"_links":{"self":[{"href":"https:\/\/encompaniastj.org\/pt-pt\/wp-json\/wp\/v2\/posts\/10620","targetHints":{"allow":["GET"]}}],"collection":[{"href":"https:\/\/encompaniastj.org\/pt-pt\/wp-json\/wp\/v2\/posts"}],"about":[{"href":"https:\/\/encompaniastj.org\/pt-pt\/wp-json\/wp\/v2\/types\/post"}],"author":[{"embeddable":true,"href":"https:\/\/encompaniastj.org\/pt-pt\/wp-json\/wp\/v2\/users\/1"}],"replies":[{"embeddable":true,"href":"https:\/\/encompaniastj.org\/pt-pt\/wp-json\/wp\/v2\/comments?post=10620"}],"version-history":[{"count":1,"href":"https:\/\/encompaniastj.org\/pt-pt\/wp-json\/wp\/v2\/posts\/10620\/revisions"}],"predecessor-version":[{"id":10621,"href":"https:\/\/encompaniastj.org\/pt-pt\/wp-json\/wp\/v2\/posts\/10620\/revisions\/10621"}],"wp:featuredmedia":[{"embeddable":true,"href":"https:\/\/encompaniastj.org\/pt-pt\/wp-json\/wp\/v2\/media\/7739"}],"wp:attachment":[{"href":"https:\/\/encompaniastj.org\/pt-pt\/wp-json\/wp\/v2\/media?parent=10620"}],"wp:term":[{"taxonomy":"category","embeddable":true,"href":"https:\/\/encompaniastj.org\/pt-pt\/wp-json\/wp\/v2\/categories?post=10620"},{"taxonomy":"post_tag","embeddable":true,"href":"https:\/\/encompaniastj.org\/pt-pt\/wp-json\/wp\/v2\/tags?post=10620"}],"curies":[{"name":"wp","href":"https:\/\/api.w.org\/{rel}","templated":true}]}}