{"id":10616,"date":"2021-05-21T10:26:13","date_gmt":"2021-05-21T08:26:13","guid":{"rendered":"https:\/\/encompaniastj.org\/a-confer-de-avila-celebra-a-pascoa\/"},"modified":"2025-07-07T16:22:32","modified_gmt":"2025-07-07T14:22:32","slug":"a-confer-de-avila-celebra-a-pascoa","status":"publish","type":"post","link":"https:\/\/encompaniastj.org\/pt-pt\/a-confer-de-avila-celebra-a-pascoa\/","title":{"rendered":"A Confer de \u00c1vila celebra a P\u00e1scoa"},"content":{"rendered":"<p>H\u00e1 poucos dias, reuniu-se a Dire\u00e7\u00e3o da Confer\u00eancia de \u00c1vila, de forma presencial, depois de todos estes meses sem poder faz\u00ea-lo devido \u00e0 situa\u00e7\u00e3o de sa\u00fade em que nos encontramos. Nessa reuni\u00e3o, viu-se a necessidade de \u201cretomar aos poucos e com muita prud\u00eancia\u201d os encontros entre as comunidades de \u00c1vila, surgindo assim a proposta de celebrarmos uma Eucaristia juntos, no dia 14 de maio, num local muito querido para n\u00f3s, a igreja da Santa, para celebrar a P\u00e1scoa e renovar os nossos votos.<\/p>\n<p>Embora a data n\u00e3o tenha sido muito boa, porque j\u00e1 se celebram nas par\u00f3quias as Confirma\u00e7\u00f5es e Comunh\u00f5es, e muitos de n\u00f3s estamos empenhados nestas tarefas, pudemos encontrar-nos com uma pequena representa\u00e7\u00e3o das diferentes comunidades religiosas da cidade.<\/p>\n<p>Na homilia, fomos convidados a dar lugar na nossa vida \u00e0 alegria que Jesus ressuscitado nos traz, e a viver dela, porque, nos foi dito, que \u201c\u00e0s vezes parece que vivemos em permanente Quaresma\u201d. Fomos tamb\u00e9m convidados a viver da paz, da reconcilia\u00e7\u00e3o, da constru\u00e7\u00e3o de pontes &#8230; e do cuidado-amor entre n\u00f3s e com os outros, para &#8220;curar as feridas&#8221; &#8230; E depois destas palavras renov\u00e1mos, de forma simples, os nossos votos.<\/p>\n<p>No momento da ora\u00e7\u00e3o pelos nossos falecidos, foi feito um pedido especial por duas religiosas falecidas naquela semana, uma delas, a nossa querida irm\u00e3 Isaura.<\/p>\n<p>E foi assim, desta forma simples, que se fez este primeiro reencontro entre n\u00f3s, com a esperan\u00e7a de que em breve sejam acompanhados de mais abra\u00e7os, encontros, can\u00e7\u00f5es e lanches, dos quais guardamos t\u00e3o boas recorda\u00e7\u00f5es.<\/p>\n","protected":false},"excerpt":{"rendered":"<p>H\u00e1 poucos dias, reuniu-se a Dire\u00e7\u00e3o da Confer\u00eancia de \u00c1vila, de forma presencial, depois de todos estes meses sem poder faz\u00ea-lo devido \u00e0 situa\u00e7\u00e3o de sa\u00fade em que nos encontramos. [&hellip;]<\/p>\n","protected":false},"author":1,"featured_media":7738,"comment_status":"open","ping_status":"open","sticky":false,"template":"","format":"standard","meta":{"_acf_changed":false,"footnotes":""},"categories":[61,62,68],"tags":[],"class_list":["post-10616","post","type-post","status-publish","format-standard","has-post-thumbnail","hentry","category-noticias","category-otras","category-outras"],"acf":[],"yoast_head":"<!-- This site is optimized with the Yoast SEO plugin v27.5 - https:\/\/yoast.com\/product\/yoast-seo-wordpress\/ -->\n<title>A Confer de \u00c1vila celebra a P\u00e1scoa - En Compa\u00f1\u00eda STJ<\/title>\n<meta name=\"robots\" content=\"index, follow, max-snippet:-1, max-image-preview:large, max-video-preview:-1\" \/>\n<link rel=\"canonical\" href=\"https:\/\/encompaniastj.org\/pt-pt\/a-confer-de-avila-celebra-a-pascoa\/\" \/>\n<meta property=\"og:locale\" content=\"pt_PT\" \/>\n<meta property=\"og:type\" content=\"article\" \/>\n<meta property=\"og:title\" content=\"A Confer de \u00c1vila celebra a P\u00e1scoa - En Compa\u00f1\u00eda STJ\" \/>\n<meta property=\"og:description\" content=\"H\u00e1 poucos dias, reuniu-se a Dire\u00e7\u00e3o da Confer\u00eancia de \u00c1vila, de forma presencial, depois de todos estes meses sem poder faz\u00ea-lo devido \u00e0 situa\u00e7\u00e3o de sa\u00fade em que nos encontramos. [&hellip;]\" \/>\n<meta property=\"og:url\" content=\"https:\/\/encompaniastj.org\/pt-pt\/a-confer-de-avila-celebra-a-pascoa\/\" \/>\n<meta property=\"og:site_name\" content=\"En Compa\u00f1\u00eda STJ\" \/>\n<meta property=\"article:published_time\" content=\"2021-05-21T08:26:13+00:00\" \/>\n<meta property=\"article:modified_time\" content=\"2025-07-07T14:22:32+00:00\" \/>\n<meta property=\"og:image\" content=\"https:\/\/encompaniastj.org\/wp-content\/uploads\/2025\/05\/confer3.jpg\" \/>\n\t<meta property=\"og:image:width\" content=\"500\" \/>\n\t<meta property=\"og:image:height\" content=\"504\" \/>\n\t<meta property=\"og:image:type\" content=\"image\/jpeg\" \/>\n<meta name=\"author\" content=\"admin\" \/>\n<meta name=\"twitter:card\" content=\"summary_large_image\" \/>\n<meta name=\"twitter:label1\" content=\"Escrito por\" \/>\n\t<meta name=\"twitter:data1\" content=\"admin\" \/>\n\t<meta name=\"twitter:label2\" content=\"Tempo estimado de leitura\" \/>\n\t<meta name=\"twitter:data2\" content=\"2 minutos\" \/>\n<script type=\"application\/ld+json\" class=\"yoast-schema-graph\">{\"@context\":\"https:\\\/\\\/schema.org\",\"@graph\":[{\"@type\":\"Article\",\"@id\":\"https:\\\/\\\/encompaniastj.org\\\/pt-pt\\\/a-confer-de-avila-celebra-a-pascoa\\\/#article\",\"isPartOf\":{\"@id\":\"https:\\\/\\\/encompaniastj.org\\\/pt-pt\\\/a-confer-de-avila-celebra-a-pascoa\\\/\"},\"author\":{\"name\":\"admin\",\"@id\":\"https:\\\/\\\/encompaniastj.org\\\/pt-pt\\\/#\\\/schema\\\/person\\\/520e7ecc314793d40091993c2a02b651\"},\"headline\":\"A Confer de \u00c1vila celebra a P\u00e1scoa\",\"datePublished\":\"2021-05-21T08:26:13+00:00\",\"dateModified\":\"2025-07-07T14:22:32+00:00\",\"mainEntityOfPage\":{\"@id\":\"https:\\\/\\\/encompaniastj.org\\\/pt-pt\\\/a-confer-de-avila-celebra-a-pascoa\\\/\"},\"wordCount\":285,\"commentCount\":0,\"publisher\":{\"@id\":\"https:\\\/\\\/encompaniastj.org\\\/pt-pt\\\/#organization\"},\"image\":{\"@id\":\"https:\\\/\\\/encompaniastj.org\\\/pt-pt\\\/a-confer-de-avila-celebra-a-pascoa\\\/#primaryimage\"},\"thumbnailUrl\":\"https:\\\/\\\/encompaniastj.org\\\/wp-content\\\/uploads\\\/2025\\\/05\\\/confer3.jpg\",\"articleSection\":[\"Noticias\",\"Otras\",\"Outras\"],\"inLanguage\":\"pt-PT\",\"potentialAction\":[{\"@type\":\"CommentAction\",\"name\":\"Comment\",\"target\":[\"https:\\\/\\\/encompaniastj.org\\\/pt-pt\\\/a-confer-de-avila-celebra-a-pascoa\\\/#respond\"]}]},{\"@type\":\"WebPage\",\"@id\":\"https:\\\/\\\/encompaniastj.org\\\/pt-pt\\\/a-confer-de-avila-celebra-a-pascoa\\\/\",\"url\":\"https:\\\/\\\/encompaniastj.org\\\/pt-pt\\\/a-confer-de-avila-celebra-a-pascoa\\\/\",\"name\":\"A Confer de \u00c1vila celebra a P\u00e1scoa - En Compa\u00f1\u00eda STJ\",\"isPartOf\":{\"@id\":\"https:\\\/\\\/encompaniastj.org\\\/pt-pt\\\/#website\"},\"primaryImageOfPage\":{\"@id\":\"https:\\\/\\\/encompaniastj.org\\\/pt-pt\\\/a-confer-de-avila-celebra-a-pascoa\\\/#primaryimage\"},\"image\":{\"@id\":\"https:\\\/\\\/encompaniastj.org\\\/pt-pt\\\/a-confer-de-avila-celebra-a-pascoa\\\/#primaryimage\"},\"thumbnailUrl\":\"https:\\\/\\\/encompaniastj.org\\\/wp-content\\\/uploads\\\/2025\\\/05\\\/confer3.jpg\",\"datePublished\":\"2021-05-21T08:26:13+00:00\",\"dateModified\":\"2025-07-07T14:22:32+00:00\",\"breadcrumb\":{\"@id\":\"https:\\\/\\\/encompaniastj.org\\\/pt-pt\\\/a-confer-de-avila-celebra-a-pascoa\\\/#breadcrumb\"},\"inLanguage\":\"pt-PT\",\"potentialAction\":[{\"@type\":\"ReadAction\",\"target\":[\"https:\\\/\\\/encompaniastj.org\\\/pt-pt\\\/a-confer-de-avila-celebra-a-pascoa\\\/\"]}]},{\"@type\":\"ImageObject\",\"inLanguage\":\"pt-PT\",\"@id\":\"https:\\\/\\\/encompaniastj.org\\\/pt-pt\\\/a-confer-de-avila-celebra-a-pascoa\\\/#primaryimage\",\"url\":\"https:\\\/\\\/encompaniastj.org\\\/wp-content\\\/uploads\\\/2025\\\/05\\\/confer3.jpg\",\"contentUrl\":\"https:\\\/\\\/encompaniastj.org\\\/wp-content\\\/uploads\\\/2025\\\/05\\\/confer3.jpg\",\"width\":500,\"height\":504},{\"@type\":\"BreadcrumbList\",\"@id\":\"https:\\\/\\\/encompaniastj.org\\\/pt-pt\\\/a-confer-de-avila-celebra-a-pascoa\\\/#breadcrumb\",\"itemListElement\":[{\"@type\":\"ListItem\",\"position\":1,\"name\":\"Portada\",\"item\":\"https:\\\/\\\/encompaniastj.org\\\/pt-pt\\\/\"},{\"@type\":\"ListItem\",\"position\":2,\"name\":\"A Confer de \u00c1vila celebra a P\u00e1scoa\"}]},{\"@type\":\"WebSite\",\"@id\":\"https:\\\/\\\/encompaniastj.org\\\/pt-pt\\\/#website\",\"url\":\"https:\\\/\\\/encompaniastj.org\\\/pt-pt\\\/\",\"name\":\"En Compa\u00f1\u00eda STJ\",\"description\":\"Bolet\u00edn de la Compa\u00f1\u00eda de Santa Teresa de Jes\u00fas\",\"publisher\":{\"@id\":\"https:\\\/\\\/encompaniastj.org\\\/pt-pt\\\/#organization\"},\"potentialAction\":[{\"@type\":\"SearchAction\",\"target\":{\"@type\":\"EntryPoint\",\"urlTemplate\":\"https:\\\/\\\/encompaniastj.org\\\/pt-pt\\\/?s={search_term_string}\"},\"query-input\":{\"@type\":\"PropertyValueSpecification\",\"valueRequired\":true,\"valueName\":\"search_term_string\"}}],\"inLanguage\":\"pt-PT\"},{\"@type\":\"Organization\",\"@id\":\"https:\\\/\\\/encompaniastj.org\\\/pt-pt\\\/#organization\",\"name\":\"Compa\u00f1\u00eda de Santa Teresa de Jes\u00fas\",\"url\":\"https:\\\/\\\/encompaniastj.org\\\/pt-pt\\\/\",\"logo\":{\"@type\":\"ImageObject\",\"inLanguage\":\"pt-PT\",\"@id\":\"https:\\\/\\\/encompaniastj.org\\\/pt-pt\\\/#\\\/schema\\\/logo\\\/image\\\/\",\"url\":\"https:\\\/\\\/encompaniastj.org\\\/wp-content\\\/uploads\\\/2025\\\/04\\\/logo_provincias02-1-3.png\",\"contentUrl\":\"https:\\\/\\\/encompaniastj.org\\\/wp-content\\\/uploads\\\/2025\\\/04\\\/logo_provincias02-1-3.png\",\"width\":2368,\"height\":825,\"caption\":\"Compa\u00f1\u00eda de Santa Teresa de Jes\u00fas\"},\"image\":{\"@id\":\"https:\\\/\\\/encompaniastj.org\\\/pt-pt\\\/#\\\/schema\\\/logo\\\/image\\\/\"}},{\"@type\":\"Person\",\"@id\":\"https:\\\/\\\/encompaniastj.org\\\/pt-pt\\\/#\\\/schema\\\/person\\\/520e7ecc314793d40091993c2a02b651\",\"name\":\"admin\",\"image\":{\"@type\":\"ImageObject\",\"inLanguage\":\"pt-PT\",\"@id\":\"https:\\\/\\\/secure.gravatar.com\\\/avatar\\\/948b492cce32b586ac2db0eaa926ee87024f7afe218d73b397ea5ddfc5f43ea1?s=96&d=mm&r=g\",\"url\":\"https:\\\/\\\/secure.gravatar.com\\\/avatar\\\/948b492cce32b586ac2db0eaa926ee87024f7afe218d73b397ea5ddfc5f43ea1?s=96&d=mm&r=g\",\"contentUrl\":\"https:\\\/\\\/secure.gravatar.com\\\/avatar\\\/948b492cce32b586ac2db0eaa926ee87024f7afe218d73b397ea5ddfc5f43ea1?s=96&d=mm&r=g\",\"caption\":\"admin\"},\"sameAs\":[\"https:\\\/\\\/encompaniastj.org\"],\"url\":\"https:\\\/\\\/encompaniastj.org\\\/pt-pt\\\/author\\\/sjdigital\\\/\"}]}<\/script>\n<!-- \/ Yoast SEO plugin. -->","yoast_head_json":{"title":"A Confer de \u00c1vila celebra a P\u00e1scoa - En Compa\u00f1\u00eda STJ","robots":{"index":"index","follow":"follow","max-snippet":"max-snippet:-1","max-image-preview":"max-image-preview:large","max-video-preview":"max-video-preview:-1"},"canonical":"https:\/\/encompaniastj.org\/pt-pt\/a-confer-de-avila-celebra-a-pascoa\/","og_locale":"pt_PT","og_type":"article","og_title":"A Confer de \u00c1vila celebra a P\u00e1scoa - En Compa\u00f1\u00eda STJ","og_description":"H\u00e1 poucos dias, reuniu-se a Dire\u00e7\u00e3o da Confer\u00eancia de \u00c1vila, de forma presencial, depois de todos estes meses sem poder faz\u00ea-lo devido \u00e0 situa\u00e7\u00e3o de sa\u00fade em que nos encontramos. [&hellip;]","og_url":"https:\/\/encompaniastj.org\/pt-pt\/a-confer-de-avila-celebra-a-pascoa\/","og_site_name":"En Compa\u00f1\u00eda STJ","article_published_time":"2021-05-21T08:26:13+00:00","article_modified_time":"2025-07-07T14:22:32+00:00","og_image":[{"width":500,"height":504,"url":"https:\/\/encompaniastj.org\/wp-content\/uploads\/2025\/05\/confer3.jpg","type":"image\/jpeg"}],"author":"admin","twitter_card":"summary_large_image","twitter_misc":{"Escrito por":"admin","Tempo estimado de leitura":"2 minutos"},"schema":{"@context":"https:\/\/schema.org","@graph":[{"@type":"Article","@id":"https:\/\/encompaniastj.org\/pt-pt\/a-confer-de-avila-celebra-a-pascoa\/#article","isPartOf":{"@id":"https:\/\/encompaniastj.org\/pt-pt\/a-confer-de-avila-celebra-a-pascoa\/"},"author":{"name":"admin","@id":"https:\/\/encompaniastj.org\/pt-pt\/#\/schema\/person\/520e7ecc314793d40091993c2a02b651"},"headline":"A Confer de \u00c1vila celebra a P\u00e1scoa","datePublished":"2021-05-21T08:26:13+00:00","dateModified":"2025-07-07T14:22:32+00:00","mainEntityOfPage":{"@id":"https:\/\/encompaniastj.org\/pt-pt\/a-confer-de-avila-celebra-a-pascoa\/"},"wordCount":285,"commentCount":0,"publisher":{"@id":"https:\/\/encompaniastj.org\/pt-pt\/#organization"},"image":{"@id":"https:\/\/encompaniastj.org\/pt-pt\/a-confer-de-avila-celebra-a-pascoa\/#primaryimage"},"thumbnailUrl":"https:\/\/encompaniastj.org\/wp-content\/uploads\/2025\/05\/confer3.jpg","articleSection":["Noticias","Otras","Outras"],"inLanguage":"pt-PT","potentialAction":[{"@type":"CommentAction","name":"Comment","target":["https:\/\/encompaniastj.org\/pt-pt\/a-confer-de-avila-celebra-a-pascoa\/#respond"]}]},{"@type":"WebPage","@id":"https:\/\/encompaniastj.org\/pt-pt\/a-confer-de-avila-celebra-a-pascoa\/","url":"https:\/\/encompaniastj.org\/pt-pt\/a-confer-de-avila-celebra-a-pascoa\/","name":"A Confer de \u00c1vila celebra a P\u00e1scoa - En Compa\u00f1\u00eda STJ","isPartOf":{"@id":"https:\/\/encompaniastj.org\/pt-pt\/#website"},"primaryImageOfPage":{"@id":"https:\/\/encompaniastj.org\/pt-pt\/a-confer-de-avila-celebra-a-pascoa\/#primaryimage"},"image":{"@id":"https:\/\/encompaniastj.org\/pt-pt\/a-confer-de-avila-celebra-a-pascoa\/#primaryimage"},"thumbnailUrl":"https:\/\/encompaniastj.org\/wp-content\/uploads\/2025\/05\/confer3.jpg","datePublished":"2021-05-21T08:26:13+00:00","dateModified":"2025-07-07T14:22:32+00:00","breadcrumb":{"@id":"https:\/\/encompaniastj.org\/pt-pt\/a-confer-de-avila-celebra-a-pascoa\/#breadcrumb"},"inLanguage":"pt-PT","potentialAction":[{"@type":"ReadAction","target":["https:\/\/encompaniastj.org\/pt-pt\/a-confer-de-avila-celebra-a-pascoa\/"]}]},{"@type":"ImageObject","inLanguage":"pt-PT","@id":"https:\/\/encompaniastj.org\/pt-pt\/a-confer-de-avila-celebra-a-pascoa\/#primaryimage","url":"https:\/\/encompaniastj.org\/wp-content\/uploads\/2025\/05\/confer3.jpg","contentUrl":"https:\/\/encompaniastj.org\/wp-content\/uploads\/2025\/05\/confer3.jpg","width":500,"height":504},{"@type":"BreadcrumbList","@id":"https:\/\/encompaniastj.org\/pt-pt\/a-confer-de-avila-celebra-a-pascoa\/#breadcrumb","itemListElement":[{"@type":"ListItem","position":1,"name":"Portada","item":"https:\/\/encompaniastj.org\/pt-pt\/"},{"@type":"ListItem","position":2,"name":"A Confer de \u00c1vila celebra a P\u00e1scoa"}]},{"@type":"WebSite","@id":"https:\/\/encompaniastj.org\/pt-pt\/#website","url":"https:\/\/encompaniastj.org\/pt-pt\/","name":"En Compa\u00f1\u00eda STJ","description":"Bolet\u00edn de la Compa\u00f1\u00eda de Santa Teresa de Jes\u00fas","publisher":{"@id":"https:\/\/encompaniastj.org\/pt-pt\/#organization"},"potentialAction":[{"@type":"SearchAction","target":{"@type":"EntryPoint","urlTemplate":"https:\/\/encompaniastj.org\/pt-pt\/?s={search_term_string}"},"query-input":{"@type":"PropertyValueSpecification","valueRequired":true,"valueName":"search_term_string"}}],"inLanguage":"pt-PT"},{"@type":"Organization","@id":"https:\/\/encompaniastj.org\/pt-pt\/#organization","name":"Compa\u00f1\u00eda de Santa Teresa de Jes\u00fas","url":"https:\/\/encompaniastj.org\/pt-pt\/","logo":{"@type":"ImageObject","inLanguage":"pt-PT","@id":"https:\/\/encompaniastj.org\/pt-pt\/#\/schema\/logo\/image\/","url":"https:\/\/encompaniastj.org\/wp-content\/uploads\/2025\/04\/logo_provincias02-1-3.png","contentUrl":"https:\/\/encompaniastj.org\/wp-content\/uploads\/2025\/04\/logo_provincias02-1-3.png","width":2368,"height":825,"caption":"Compa\u00f1\u00eda de Santa Teresa de Jes\u00fas"},"image":{"@id":"https:\/\/encompaniastj.org\/pt-pt\/#\/schema\/logo\/image\/"}},{"@type":"Person","@id":"https:\/\/encompaniastj.org\/pt-pt\/#\/schema\/person\/520e7ecc314793d40091993c2a02b651","name":"admin","image":{"@type":"ImageObject","inLanguage":"pt-PT","@id":"https:\/\/secure.gravatar.com\/avatar\/948b492cce32b586ac2db0eaa926ee87024f7afe218d73b397ea5ddfc5f43ea1?s=96&d=mm&r=g","url":"https:\/\/secure.gravatar.com\/avatar\/948b492cce32b586ac2db0eaa926ee87024f7afe218d73b397ea5ddfc5f43ea1?s=96&d=mm&r=g","contentUrl":"https:\/\/secure.gravatar.com\/avatar\/948b492cce32b586ac2db0eaa926ee87024f7afe218d73b397ea5ddfc5f43ea1?s=96&d=mm&r=g","caption":"admin"},"sameAs":["https:\/\/encompaniastj.org"],"url":"https:\/\/encompaniastj.org\/pt-pt\/author\/sjdigital\/"}]}},"_links":{"self":[{"href":"https:\/\/encompaniastj.org\/pt-pt\/wp-json\/wp\/v2\/posts\/10616","targetHints":{"allow":["GET"]}}],"collection":[{"href":"https:\/\/encompaniastj.org\/pt-pt\/wp-json\/wp\/v2\/posts"}],"about":[{"href":"https:\/\/encompaniastj.org\/pt-pt\/wp-json\/wp\/v2\/types\/post"}],"author":[{"embeddable":true,"href":"https:\/\/encompaniastj.org\/pt-pt\/wp-json\/wp\/v2\/users\/1"}],"replies":[{"embeddable":true,"href":"https:\/\/encompaniastj.org\/pt-pt\/wp-json\/wp\/v2\/comments?post=10616"}],"version-history":[{"count":1,"href":"https:\/\/encompaniastj.org\/pt-pt\/wp-json\/wp\/v2\/posts\/10616\/revisions"}],"predecessor-version":[{"id":10617,"href":"https:\/\/encompaniastj.org\/pt-pt\/wp-json\/wp\/v2\/posts\/10616\/revisions\/10617"}],"wp:featuredmedia":[{"embeddable":true,"href":"https:\/\/encompaniastj.org\/pt-pt\/wp-json\/wp\/v2\/media\/7738"}],"wp:attachment":[{"href":"https:\/\/encompaniastj.org\/pt-pt\/wp-json\/wp\/v2\/media?parent=10616"}],"wp:term":[{"taxonomy":"category","embeddable":true,"href":"https:\/\/encompaniastj.org\/pt-pt\/wp-json\/wp\/v2\/categories?post=10616"},{"taxonomy":"post_tag","embeddable":true,"href":"https:\/\/encompaniastj.org\/pt-pt\/wp-json\/wp\/v2\/tags?post=10616"}],"curies":[{"name":"wp","href":"https:\/\/api.w.org\/{rel}","templated":true}]}}