{"id":10612,"date":"2021-05-18T10:06:30","date_gmt":"2021-05-18T08:06:30","guid":{"rendered":"https:\/\/encompaniastj.org\/isaura-mendes-rodrigues-12-de-mayo-de-2021-avila-residencia-2\/"},"modified":"2025-07-07T16:22:32","modified_gmt":"2025-07-07T14:22:32","slug":"isaura-mendes-rodrigues-12-de-mayo-de-2021-avila-residencia-2","status":"publish","type":"post","link":"https:\/\/encompaniastj.org\/pt-pt\/isaura-mendes-rodrigues-12-de-mayo-de-2021-avila-residencia-2\/","title":{"rendered":"Isaura Mendes Rodrigues. 12 de mayo de 2021 (\u00c1vila-Residencia)"},"content":{"rendered":"<p>Isto se cumpriu para a nossa querida irm\u00e3 Isaura j\u00e1 que a Senhora de F\u00e1tima, t\u00e3o querida para ela, a levou na v\u00e9spera da sua festa para fazer uma grande festa no c\u00e9u. Tinha 88 anos de idade e estava na Companhia h\u00e1 67 anos.<\/p>\n<p>Nasceu no Minho (Ronfe-Guimar\u00e3es) a 16 de janeiro de 1933 e entrou no noviciado de Braga (Portugal) no grupo de S. Jos\u00e9 de 1954.<\/p>\n<p>Isaura era portuguesa, mas, desde que fez os seus primeiros votos, viveu sempre em Espanha nas comunidades de Salamanca, Oviedo, Valladolid e \u00c1vila, onde esteve nos \u00faltimos 40 anos.<\/p>\n<p>A fam\u00edlia de Isaura era numerosa. Dez irm\u00e3os e entre eles tr\u00eas teresianas: Alexandrina, que reside na Comunidade Teresiana de Salamanca, e que como Isaura sempre esteve em Espanha e Maria, (e.p.d) que sempre viveu em Portugal.<\/p>\n<p>Muitas irm\u00e3s conheceram Isaura e muitas pessoas que passaram ou trabalharam na casa de \u00c1vila, fam\u00edlias de irm\u00e3s, professoras, crian\u00e7as, todos &#8230; puderam dizer dela palavras cheias de apre\u00e7o e carinho. Entre as panelas da cozinha de Isaura o Senhor caminhava porque, al\u00e9m da sua mem\u00f3ria expl\u00edcita tantas vezes, eram abundantes os gestos de dedica\u00e7\u00e3o, disponibilidade, servi\u00e7o generoso, detalhes cheios de afeto, proximidade, preocupa\u00e7\u00e3o com o &#8220;outro&#8221; fosse quem fosse.<\/p>\n<p>Quem passasse pela cozinha onde Isaura servia Jesus, encontrava algum gesto de afeto e carinho. Nunca se sa\u00eda &#8220;sem nada&#8221;; foi uma sorte provar as suas madalenas, que se tornaram famosas em \u00c1vila.<\/p>\n<p>Temos a certeza de que o Senhor a colocou ao lado d\u2019Ele, para participar no Banquete do Reino em traje de festa, com todos os amigos de Deus. Descanse na sua paz e amor.<\/p>\n","protected":false},"excerpt":{"rendered":"<p>Isto se cumpriu para a nossa querida irm\u00e3 Isaura j\u00e1 que a Senhora de F\u00e1tima, t\u00e3o querida para ela, a levou na v\u00e9spera da sua festa para fazer uma grande [&hellip;]<\/p>\n","protected":false},"author":1,"featured_media":7405,"comment_status":"open","ping_status":"open","sticky":false,"template":"","format":"standard","meta":{"_acf_changed":false,"footnotes":""},"categories":[69,63],"tags":[],"class_list":["post-10612","post","type-post","status-publish","format-standard","has-post-thumbnail","hentry","category-falecimentos","category-fallecimientos"],"acf":[],"yoast_head":"<!-- This site is optimized with the Yoast SEO plugin v27.5 - https:\/\/yoast.com\/product\/yoast-seo-wordpress\/ -->\n<title>Isaura Mendes Rodrigues. 12 de mayo de 2021 (\u00c1vila-Residencia) - En Compa\u00f1\u00eda STJ<\/title>\n<meta name=\"robots\" content=\"index, follow, max-snippet:-1, max-image-preview:large, max-video-preview:-1\" \/>\n<link rel=\"canonical\" href=\"https:\/\/encompaniastj.org\/pt-pt\/isaura-mendes-rodrigues-12-de-mayo-de-2021-avila-residencia-2\/\" \/>\n<meta property=\"og:locale\" content=\"pt_PT\" \/>\n<meta property=\"og:type\" content=\"article\" \/>\n<meta property=\"og:title\" content=\"Isaura Mendes Rodrigues. 12 de mayo de 2021 (\u00c1vila-Residencia) - En Compa\u00f1\u00eda STJ\" \/>\n<meta property=\"og:description\" content=\"Isto se cumpriu para a nossa querida irm\u00e3 Isaura j\u00e1 que a Senhora de F\u00e1tima, t\u00e3o querida para ela, a levou na v\u00e9spera da sua festa para fazer uma grande [&hellip;]\" \/>\n<meta property=\"og:url\" content=\"https:\/\/encompaniastj.org\/pt-pt\/isaura-mendes-rodrigues-12-de-mayo-de-2021-avila-residencia-2\/\" \/>\n<meta property=\"og:site_name\" content=\"En Compa\u00f1\u00eda STJ\" \/>\n<meta property=\"article:published_time\" content=\"2021-05-18T08:06:30+00:00\" \/>\n<meta property=\"article:modified_time\" content=\"2025-07-07T14:22:32+00:00\" \/>\n<meta property=\"og:image\" content=\"https:\/\/encompaniastj.org\/wp-content\/uploads\/2025\/05\/amapola-Valeriana.jpg\" \/>\n\t<meta property=\"og:image:width\" content=\"1920\" \/>\n\t<meta property=\"og:image:height\" content=\"1279\" \/>\n\t<meta property=\"og:image:type\" content=\"image\/jpeg\" \/>\n<meta name=\"author\" content=\"admin\" \/>\n<meta name=\"twitter:card\" content=\"summary_large_image\" \/>\n<meta name=\"twitter:label1\" content=\"Escrito por\" \/>\n\t<meta name=\"twitter:data1\" content=\"admin\" \/>\n\t<meta name=\"twitter:label2\" content=\"Tempo estimado de leitura\" \/>\n\t<meta name=\"twitter:data2\" content=\"2 minutos\" \/>\n<script type=\"application\/ld+json\" class=\"yoast-schema-graph\">{\"@context\":\"https:\\\/\\\/schema.org\",\"@graph\":[{\"@type\":\"Article\",\"@id\":\"https:\\\/\\\/encompaniastj.org\\\/pt-pt\\\/isaura-mendes-rodrigues-12-de-mayo-de-2021-avila-residencia-2\\\/#article\",\"isPartOf\":{\"@id\":\"https:\\\/\\\/encompaniastj.org\\\/pt-pt\\\/isaura-mendes-rodrigues-12-de-mayo-de-2021-avila-residencia-2\\\/\"},\"author\":{\"name\":\"admin\",\"@id\":\"https:\\\/\\\/encompaniastj.org\\\/pt-pt\\\/#\\\/schema\\\/person\\\/520e7ecc314793d40091993c2a02b651\"},\"headline\":\"Isaura Mendes Rodrigues. 12 de mayo de 2021 (\u00c1vila-Residencia)\",\"datePublished\":\"2021-05-18T08:06:30+00:00\",\"dateModified\":\"2025-07-07T14:22:32+00:00\",\"mainEntityOfPage\":{\"@id\":\"https:\\\/\\\/encompaniastj.org\\\/pt-pt\\\/isaura-mendes-rodrigues-12-de-mayo-de-2021-avila-residencia-2\\\/\"},\"wordCount\":295,\"commentCount\":0,\"publisher\":{\"@id\":\"https:\\\/\\\/encompaniastj.org\\\/pt-pt\\\/#organization\"},\"image\":{\"@id\":\"https:\\\/\\\/encompaniastj.org\\\/pt-pt\\\/isaura-mendes-rodrigues-12-de-mayo-de-2021-avila-residencia-2\\\/#primaryimage\"},\"thumbnailUrl\":\"https:\\\/\\\/encompaniastj.org\\\/wp-content\\\/uploads\\\/2025\\\/05\\\/amapola-Valeriana.jpg\",\"articleSection\":[\"Falecimentos\",\"Fallecimientos\"],\"inLanguage\":\"pt-PT\",\"potentialAction\":[{\"@type\":\"CommentAction\",\"name\":\"Comment\",\"target\":[\"https:\\\/\\\/encompaniastj.org\\\/pt-pt\\\/isaura-mendes-rodrigues-12-de-mayo-de-2021-avila-residencia-2\\\/#respond\"]}]},{\"@type\":\"WebPage\",\"@id\":\"https:\\\/\\\/encompaniastj.org\\\/pt-pt\\\/isaura-mendes-rodrigues-12-de-mayo-de-2021-avila-residencia-2\\\/\",\"url\":\"https:\\\/\\\/encompaniastj.org\\\/pt-pt\\\/isaura-mendes-rodrigues-12-de-mayo-de-2021-avila-residencia-2\\\/\",\"name\":\"Isaura Mendes Rodrigues. 12 de mayo de 2021 (\u00c1vila-Residencia) - En Compa\u00f1\u00eda STJ\",\"isPartOf\":{\"@id\":\"https:\\\/\\\/encompaniastj.org\\\/pt-pt\\\/#website\"},\"primaryImageOfPage\":{\"@id\":\"https:\\\/\\\/encompaniastj.org\\\/pt-pt\\\/isaura-mendes-rodrigues-12-de-mayo-de-2021-avila-residencia-2\\\/#primaryimage\"},\"image\":{\"@id\":\"https:\\\/\\\/encompaniastj.org\\\/pt-pt\\\/isaura-mendes-rodrigues-12-de-mayo-de-2021-avila-residencia-2\\\/#primaryimage\"},\"thumbnailUrl\":\"https:\\\/\\\/encompaniastj.org\\\/wp-content\\\/uploads\\\/2025\\\/05\\\/amapola-Valeriana.jpg\",\"datePublished\":\"2021-05-18T08:06:30+00:00\",\"dateModified\":\"2025-07-07T14:22:32+00:00\",\"breadcrumb\":{\"@id\":\"https:\\\/\\\/encompaniastj.org\\\/pt-pt\\\/isaura-mendes-rodrigues-12-de-mayo-de-2021-avila-residencia-2\\\/#breadcrumb\"},\"inLanguage\":\"pt-PT\",\"potentialAction\":[{\"@type\":\"ReadAction\",\"target\":[\"https:\\\/\\\/encompaniastj.org\\\/pt-pt\\\/isaura-mendes-rodrigues-12-de-mayo-de-2021-avila-residencia-2\\\/\"]}]},{\"@type\":\"ImageObject\",\"inLanguage\":\"pt-PT\",\"@id\":\"https:\\\/\\\/encompaniastj.org\\\/pt-pt\\\/isaura-mendes-rodrigues-12-de-mayo-de-2021-avila-residencia-2\\\/#primaryimage\",\"url\":\"https:\\\/\\\/encompaniastj.org\\\/wp-content\\\/uploads\\\/2025\\\/05\\\/amapola-Valeriana.jpg\",\"contentUrl\":\"https:\\\/\\\/encompaniastj.org\\\/wp-content\\\/uploads\\\/2025\\\/05\\\/amapola-Valeriana.jpg\",\"width\":1920,\"height\":1279},{\"@type\":\"BreadcrumbList\",\"@id\":\"https:\\\/\\\/encompaniastj.org\\\/pt-pt\\\/isaura-mendes-rodrigues-12-de-mayo-de-2021-avila-residencia-2\\\/#breadcrumb\",\"itemListElement\":[{\"@type\":\"ListItem\",\"position\":1,\"name\":\"Portada\",\"item\":\"https:\\\/\\\/encompaniastj.org\\\/pt-pt\\\/\"},{\"@type\":\"ListItem\",\"position\":2,\"name\":\"Isaura Mendes Rodrigues. 12 de mayo de 2021 (\u00c1vila-Residencia)\"}]},{\"@type\":\"WebSite\",\"@id\":\"https:\\\/\\\/encompaniastj.org\\\/pt-pt\\\/#website\",\"url\":\"https:\\\/\\\/encompaniastj.org\\\/pt-pt\\\/\",\"name\":\"En Compa\u00f1\u00eda STJ\",\"description\":\"Bolet\u00edn de la Compa\u00f1\u00eda de Santa Teresa de Jes\u00fas\",\"publisher\":{\"@id\":\"https:\\\/\\\/encompaniastj.org\\\/pt-pt\\\/#organization\"},\"potentialAction\":[{\"@type\":\"SearchAction\",\"target\":{\"@type\":\"EntryPoint\",\"urlTemplate\":\"https:\\\/\\\/encompaniastj.org\\\/pt-pt\\\/?s={search_term_string}\"},\"query-input\":{\"@type\":\"PropertyValueSpecification\",\"valueRequired\":true,\"valueName\":\"search_term_string\"}}],\"inLanguage\":\"pt-PT\"},{\"@type\":\"Organization\",\"@id\":\"https:\\\/\\\/encompaniastj.org\\\/pt-pt\\\/#organization\",\"name\":\"Compa\u00f1\u00eda de Santa Teresa de Jes\u00fas\",\"url\":\"https:\\\/\\\/encompaniastj.org\\\/pt-pt\\\/\",\"logo\":{\"@type\":\"ImageObject\",\"inLanguage\":\"pt-PT\",\"@id\":\"https:\\\/\\\/encompaniastj.org\\\/pt-pt\\\/#\\\/schema\\\/logo\\\/image\\\/\",\"url\":\"https:\\\/\\\/encompaniastj.org\\\/wp-content\\\/uploads\\\/2025\\\/04\\\/logo_provincias02-1-3.png\",\"contentUrl\":\"https:\\\/\\\/encompaniastj.org\\\/wp-content\\\/uploads\\\/2025\\\/04\\\/logo_provincias02-1-3.png\",\"width\":2368,\"height\":825,\"caption\":\"Compa\u00f1\u00eda de Santa Teresa de Jes\u00fas\"},\"image\":{\"@id\":\"https:\\\/\\\/encompaniastj.org\\\/pt-pt\\\/#\\\/schema\\\/logo\\\/image\\\/\"}},{\"@type\":\"Person\",\"@id\":\"https:\\\/\\\/encompaniastj.org\\\/pt-pt\\\/#\\\/schema\\\/person\\\/520e7ecc314793d40091993c2a02b651\",\"name\":\"admin\",\"image\":{\"@type\":\"ImageObject\",\"inLanguage\":\"pt-PT\",\"@id\":\"https:\\\/\\\/secure.gravatar.com\\\/avatar\\\/948b492cce32b586ac2db0eaa926ee87024f7afe218d73b397ea5ddfc5f43ea1?s=96&d=mm&r=g\",\"url\":\"https:\\\/\\\/secure.gravatar.com\\\/avatar\\\/948b492cce32b586ac2db0eaa926ee87024f7afe218d73b397ea5ddfc5f43ea1?s=96&d=mm&r=g\",\"contentUrl\":\"https:\\\/\\\/secure.gravatar.com\\\/avatar\\\/948b492cce32b586ac2db0eaa926ee87024f7afe218d73b397ea5ddfc5f43ea1?s=96&d=mm&r=g\",\"caption\":\"admin\"},\"sameAs\":[\"https:\\\/\\\/encompaniastj.org\"],\"url\":\"https:\\\/\\\/encompaniastj.org\\\/pt-pt\\\/author\\\/sjdigital\\\/\"}]}<\/script>\n<!-- \/ Yoast SEO plugin. -->","yoast_head_json":{"title":"Isaura Mendes Rodrigues. 12 de mayo de 2021 (\u00c1vila-Residencia) - En Compa\u00f1\u00eda STJ","robots":{"index":"index","follow":"follow","max-snippet":"max-snippet:-1","max-image-preview":"max-image-preview:large","max-video-preview":"max-video-preview:-1"},"canonical":"https:\/\/encompaniastj.org\/pt-pt\/isaura-mendes-rodrigues-12-de-mayo-de-2021-avila-residencia-2\/","og_locale":"pt_PT","og_type":"article","og_title":"Isaura Mendes Rodrigues. 12 de mayo de 2021 (\u00c1vila-Residencia) - En Compa\u00f1\u00eda STJ","og_description":"Isto se cumpriu para a nossa querida irm\u00e3 Isaura j\u00e1 que a Senhora de F\u00e1tima, t\u00e3o querida para ela, a levou na v\u00e9spera da sua festa para fazer uma grande [&hellip;]","og_url":"https:\/\/encompaniastj.org\/pt-pt\/isaura-mendes-rodrigues-12-de-mayo-de-2021-avila-residencia-2\/","og_site_name":"En Compa\u00f1\u00eda STJ","article_published_time":"2021-05-18T08:06:30+00:00","article_modified_time":"2025-07-07T14:22:32+00:00","og_image":[{"width":1920,"height":1279,"url":"https:\/\/encompaniastj.org\/wp-content\/uploads\/2025\/05\/amapola-Valeriana.jpg","type":"image\/jpeg"}],"author":"admin","twitter_card":"summary_large_image","twitter_misc":{"Escrito por":"admin","Tempo estimado de leitura":"2 minutos"},"schema":{"@context":"https:\/\/schema.org","@graph":[{"@type":"Article","@id":"https:\/\/encompaniastj.org\/pt-pt\/isaura-mendes-rodrigues-12-de-mayo-de-2021-avila-residencia-2\/#article","isPartOf":{"@id":"https:\/\/encompaniastj.org\/pt-pt\/isaura-mendes-rodrigues-12-de-mayo-de-2021-avila-residencia-2\/"},"author":{"name":"admin","@id":"https:\/\/encompaniastj.org\/pt-pt\/#\/schema\/person\/520e7ecc314793d40091993c2a02b651"},"headline":"Isaura Mendes Rodrigues. 12 de mayo de 2021 (\u00c1vila-Residencia)","datePublished":"2021-05-18T08:06:30+00:00","dateModified":"2025-07-07T14:22:32+00:00","mainEntityOfPage":{"@id":"https:\/\/encompaniastj.org\/pt-pt\/isaura-mendes-rodrigues-12-de-mayo-de-2021-avila-residencia-2\/"},"wordCount":295,"commentCount":0,"publisher":{"@id":"https:\/\/encompaniastj.org\/pt-pt\/#organization"},"image":{"@id":"https:\/\/encompaniastj.org\/pt-pt\/isaura-mendes-rodrigues-12-de-mayo-de-2021-avila-residencia-2\/#primaryimage"},"thumbnailUrl":"https:\/\/encompaniastj.org\/wp-content\/uploads\/2025\/05\/amapola-Valeriana.jpg","articleSection":["Falecimentos","Fallecimientos"],"inLanguage":"pt-PT","potentialAction":[{"@type":"CommentAction","name":"Comment","target":["https:\/\/encompaniastj.org\/pt-pt\/isaura-mendes-rodrigues-12-de-mayo-de-2021-avila-residencia-2\/#respond"]}]},{"@type":"WebPage","@id":"https:\/\/encompaniastj.org\/pt-pt\/isaura-mendes-rodrigues-12-de-mayo-de-2021-avila-residencia-2\/","url":"https:\/\/encompaniastj.org\/pt-pt\/isaura-mendes-rodrigues-12-de-mayo-de-2021-avila-residencia-2\/","name":"Isaura Mendes Rodrigues. 12 de mayo de 2021 (\u00c1vila-Residencia) - En Compa\u00f1\u00eda STJ","isPartOf":{"@id":"https:\/\/encompaniastj.org\/pt-pt\/#website"},"primaryImageOfPage":{"@id":"https:\/\/encompaniastj.org\/pt-pt\/isaura-mendes-rodrigues-12-de-mayo-de-2021-avila-residencia-2\/#primaryimage"},"image":{"@id":"https:\/\/encompaniastj.org\/pt-pt\/isaura-mendes-rodrigues-12-de-mayo-de-2021-avila-residencia-2\/#primaryimage"},"thumbnailUrl":"https:\/\/encompaniastj.org\/wp-content\/uploads\/2025\/05\/amapola-Valeriana.jpg","datePublished":"2021-05-18T08:06:30+00:00","dateModified":"2025-07-07T14:22:32+00:00","breadcrumb":{"@id":"https:\/\/encompaniastj.org\/pt-pt\/isaura-mendes-rodrigues-12-de-mayo-de-2021-avila-residencia-2\/#breadcrumb"},"inLanguage":"pt-PT","potentialAction":[{"@type":"ReadAction","target":["https:\/\/encompaniastj.org\/pt-pt\/isaura-mendes-rodrigues-12-de-mayo-de-2021-avila-residencia-2\/"]}]},{"@type":"ImageObject","inLanguage":"pt-PT","@id":"https:\/\/encompaniastj.org\/pt-pt\/isaura-mendes-rodrigues-12-de-mayo-de-2021-avila-residencia-2\/#primaryimage","url":"https:\/\/encompaniastj.org\/wp-content\/uploads\/2025\/05\/amapola-Valeriana.jpg","contentUrl":"https:\/\/encompaniastj.org\/wp-content\/uploads\/2025\/05\/amapola-Valeriana.jpg","width":1920,"height":1279},{"@type":"BreadcrumbList","@id":"https:\/\/encompaniastj.org\/pt-pt\/isaura-mendes-rodrigues-12-de-mayo-de-2021-avila-residencia-2\/#breadcrumb","itemListElement":[{"@type":"ListItem","position":1,"name":"Portada","item":"https:\/\/encompaniastj.org\/pt-pt\/"},{"@type":"ListItem","position":2,"name":"Isaura Mendes Rodrigues. 12 de mayo de 2021 (\u00c1vila-Residencia)"}]},{"@type":"WebSite","@id":"https:\/\/encompaniastj.org\/pt-pt\/#website","url":"https:\/\/encompaniastj.org\/pt-pt\/","name":"En Compa\u00f1\u00eda STJ","description":"Bolet\u00edn de la Compa\u00f1\u00eda de Santa Teresa de Jes\u00fas","publisher":{"@id":"https:\/\/encompaniastj.org\/pt-pt\/#organization"},"potentialAction":[{"@type":"SearchAction","target":{"@type":"EntryPoint","urlTemplate":"https:\/\/encompaniastj.org\/pt-pt\/?s={search_term_string}"},"query-input":{"@type":"PropertyValueSpecification","valueRequired":true,"valueName":"search_term_string"}}],"inLanguage":"pt-PT"},{"@type":"Organization","@id":"https:\/\/encompaniastj.org\/pt-pt\/#organization","name":"Compa\u00f1\u00eda de Santa Teresa de Jes\u00fas","url":"https:\/\/encompaniastj.org\/pt-pt\/","logo":{"@type":"ImageObject","inLanguage":"pt-PT","@id":"https:\/\/encompaniastj.org\/pt-pt\/#\/schema\/logo\/image\/","url":"https:\/\/encompaniastj.org\/wp-content\/uploads\/2025\/04\/logo_provincias02-1-3.png","contentUrl":"https:\/\/encompaniastj.org\/wp-content\/uploads\/2025\/04\/logo_provincias02-1-3.png","width":2368,"height":825,"caption":"Compa\u00f1\u00eda de Santa Teresa de Jes\u00fas"},"image":{"@id":"https:\/\/encompaniastj.org\/pt-pt\/#\/schema\/logo\/image\/"}},{"@type":"Person","@id":"https:\/\/encompaniastj.org\/pt-pt\/#\/schema\/person\/520e7ecc314793d40091993c2a02b651","name":"admin","image":{"@type":"ImageObject","inLanguage":"pt-PT","@id":"https:\/\/secure.gravatar.com\/avatar\/948b492cce32b586ac2db0eaa926ee87024f7afe218d73b397ea5ddfc5f43ea1?s=96&d=mm&r=g","url":"https:\/\/secure.gravatar.com\/avatar\/948b492cce32b586ac2db0eaa926ee87024f7afe218d73b397ea5ddfc5f43ea1?s=96&d=mm&r=g","contentUrl":"https:\/\/secure.gravatar.com\/avatar\/948b492cce32b586ac2db0eaa926ee87024f7afe218d73b397ea5ddfc5f43ea1?s=96&d=mm&r=g","caption":"admin"},"sameAs":["https:\/\/encompaniastj.org"],"url":"https:\/\/encompaniastj.org\/pt-pt\/author\/sjdigital\/"}]}},"_links":{"self":[{"href":"https:\/\/encompaniastj.org\/pt-pt\/wp-json\/wp\/v2\/posts\/10612","targetHints":{"allow":["GET"]}}],"collection":[{"href":"https:\/\/encompaniastj.org\/pt-pt\/wp-json\/wp\/v2\/posts"}],"about":[{"href":"https:\/\/encompaniastj.org\/pt-pt\/wp-json\/wp\/v2\/types\/post"}],"author":[{"embeddable":true,"href":"https:\/\/encompaniastj.org\/pt-pt\/wp-json\/wp\/v2\/users\/1"}],"replies":[{"embeddable":true,"href":"https:\/\/encompaniastj.org\/pt-pt\/wp-json\/wp\/v2\/comments?post=10612"}],"version-history":[{"count":1,"href":"https:\/\/encompaniastj.org\/pt-pt\/wp-json\/wp\/v2\/posts\/10612\/revisions"}],"predecessor-version":[{"id":10613,"href":"https:\/\/encompaniastj.org\/pt-pt\/wp-json\/wp\/v2\/posts\/10612\/revisions\/10613"}],"wp:featuredmedia":[{"embeddable":true,"href":"https:\/\/encompaniastj.org\/pt-pt\/wp-json\/wp\/v2\/media\/7405"}],"wp:attachment":[{"href":"https:\/\/encompaniastj.org\/pt-pt\/wp-json\/wp\/v2\/media?parent=10612"}],"wp:term":[{"taxonomy":"category","embeddable":true,"href":"https:\/\/encompaniastj.org\/pt-pt\/wp-json\/wp\/v2\/categories?post=10612"},{"taxonomy":"post_tag","embeddable":true,"href":"https:\/\/encompaniastj.org\/pt-pt\/wp-json\/wp\/v2\/tags?post=10612"}],"curies":[{"name":"wp","href":"https:\/\/api.w.org\/{rel}","templated":true}]}}