{"id":10606,"date":"2021-05-17T07:04:58","date_gmt":"2021-05-17T05:04:58","guid":{"rendered":"https:\/\/encompaniastj.org\/12-e-13-de-maio-peregrinacao-a-santuario-de-fatima\/"},"modified":"2025-07-07T16:22:32","modified_gmt":"2025-07-07T14:22:32","slug":"12-e-13-de-maio-peregrinacao-a-santuario-de-fatima","status":"publish","type":"post","link":"https:\/\/encompaniastj.org\/pt-pt\/12-e-13-de-maio-peregrinacao-a-santuario-de-fatima\/","title":{"rendered":"12 e 13 de Maio \u2013 Peregrina\u00e7\u00e3o a Santu\u00e1rio de F\u00e1tima"},"content":{"rendered":"<p>Com o Tema, <strong>\u201cLouvai o Senhor que levanta os fracos\u201d,<\/strong> o Santu\u00e1rio de F\u00e1tima recebeu, \u00a0presencialmente, no recinto de ora\u00e7\u00e3o, 7500 peregrinos na Peregrina\u00e7\u00e3o Internacional de 12 e 13 de maio. Na verdade est\u00e1vamos muitos mais, pois nas periferias do recinto ficaram muitas centenas pessoas que, acomodados como podiam, participavam, com devo\u00e7\u00e3o nas celebra\u00e7\u00f5es, rezando e vendo as imagens pelo telem\u00f3vel pois, \u201co que conta \u00e9 a f\u00e9 e o sacrif\u00edcio\u201d como diziam muitos.<\/p>\n<p>De Elvas, alguns foram a p\u00e9 e eu peregrinei com 31 peregrinos do MTA, (Movimento Teresiano Apost\u00f3lico), e da fam\u00edlia teresiana.<\/p>\n<p>Cumprindo todas as regras desde o distanciamento, \u00e0 m\u00e1scara, ao gel desinfetante, etc.\u00a0 Sa\u00edmos de Elvas pelas 8h da manh\u00e3 do dia 12 e, at\u00e9 F\u00e1tima, fazendo \u00a0apenas uma pequena paragem na \u00c1rea de servi\u00e7o de Abrantes, fomos em sil\u00eancio, rezando os Mist\u00e9rio do Ros\u00e1rio, unindo-nos a todos os peregrinos que iam a p\u00e9. E levando no nosso cora\u00e7\u00e3o uma montanha de preces para colocar no rega\u00e7o de Maria: as inten\u00e7\u00f5es que o papa Francisco nos pediu que lev\u00e1ssemos como o fim da Pandemia, a paz no mundo, os irm\u00e3os privados da liberdade, os pobres que mais sofrem as consequ\u00eancias do surto pand\u00e9mico e todas as outras inten\u00e7\u00f5es particulares que cada peregrino levava no seu cora\u00e7\u00e3o..\u00a0 \u00a0\u00a0.<\/p>\n<p>Cheg\u00e1mos a F\u00e1tima pelas 11.30h e fomos acolhidos no Centro Jacinta e Francisco Marto a 6 km de F\u00e1tima. Depois do almo\u00e7o rumamos para a zona dos Valinhos onde fizemos a via sacra oferecida, este ano pelas fam\u00edlias pois estamos a celebrar a Semana da Vida com o tema:\u00a0 \u201ccuidar da vida em todas as dimens\u00f5es\u201d,\u00a0 tamb\u00e9m na vida familiar. Dois pontos de paragem muito significativos nesta via sacra \u00e9 a <strong>Loca do Cabe\u00e7o<\/strong>, local da terceira apari\u00e7\u00e3o do Anjo aos pastorinhos e a Igreja do <strong>Calv\u00e1rio H\u00fangaro<\/strong> que nos recorda a hist\u00f3ria de um povo que viveu sob a press\u00e3o da ditadura do comunismo e a persegui\u00e7\u00e3o da Igreja ap\u00f3s a II Guerra Mundial. Junto \u00e0 porta desta igreja fechada, rezamos, particularmente, pela paz.<\/p>\n<p>Finda a via sacra, tivemos um tempo de sil\u00eancio e ora\u00e7\u00e3o na capelinha das pari\u00e7\u00f5es \u00a0e no recinto da ora\u00e7\u00e3o e voltamos para o Centro que nos acolheu. Jantamos cedo para irmos, atempadamente, para o recinto do Santu\u00e1rio. Cheg\u00e1mos pelas 20h e muitos de n\u00f3s j\u00e1 n\u00e3o conseguimos entrar. Eu fui uma delas. Fizemos a experi\u00eancia da fam\u00edlia de Nazar\u00e9, \u201cque n\u00e3o tiveram lugar na hospedaria\u201d e que para n\u00f3s era, nessa noite, o recinto da ora\u00e7\u00e3o. Encostados a uma parede, junto \u00e0 entrada do \u201cMuro de Berlim\u201d, acendemos as nossas velas, rezamos o Ros\u00e1rio, participamos na Prociss\u00e3o de velas e na Celebra\u00e7\u00e3o da Palavra. Pelo telem\u00f3vel alguns conseguiram ver as imagens e ouvir melhor as palavras do Presidente da celebra\u00e7\u00e3o, o Cardeal Jos\u00e9 Tolentino Mendon\u00e7a, que na homilia da Celebra\u00e7\u00e3o da Palavra nos dizia:<\/p>\n<p>\u201c<strong><em>Que no sil\u00eancio vasto desta noite, cada um sinta como dirigida a si a voz de Jesus:\u00a0 n\u00e3o permitirei que o medo te domine, n\u00e3o te deixarei s\u00f3, ofere\u00e7o-te a minha Paz. Junto a Ti, Senhora de F\u00e1tima, pedimos que ilumines a dor de todos, sem fronteiras, sem distin\u00e7\u00f5es, crentes e n\u00e3o crentes como se fosse uma s\u00f3\u2026Pedimos-te que nos desafies, desde esse teu altar, Senhora de F\u00e1tima para o servi\u00e7o urgente de consolar, de cuidar e de<\/em><\/strong><strong><em>\u00a0reconstruir\u201d. <\/em><\/strong><\/p>\n<p>No dia 13, pelas 8h, j\u00e1 est\u00e1vamos no santu\u00e1rio e desta vez conseguimos entrar no recinto de ora\u00e7\u00e3o. Todos fic\u00e1mos, bem acomodados, nos c\u00edrculos bem perto da capelinha e em frente ao altar das celebra\u00e7\u00f5es. Depois do Ros\u00e1rio e da Prociss\u00e3o teve lugar a Eucaristia presidida pelo Cardeal Jos\u00e9 Tolentino de Mendon\u00e7a que na homilia referiu <strong><em>que \u201co mundo precisa de um \u201cnovo come\u00e7o\u201d, no p\u00f3s-pandemia, para transformar \u201ca crise em oportunidade\u201d e \u201ca calamidade em esperan\u00e7a.\u00a0<\/em><\/strong><strong><em>\u201cO amor \u00e9 o mais verdadeiro, o mais prof\u00e9tico e \u00a0o mais necess\u00e1rio desconfinamento\u201d.<\/em><\/strong><\/p>\n<p>Tamb\u00e9m n\u00f3s, peregrinos de Elvas, voltamos para casa renovados por dentro, consolados com o rega\u00e7o de Maria, que nos acolheu e recebeu os nossos medos para os transformar em sonhos. Sonhar um mundo melhor, sonhar a Paz, sonhar a F\u00e9 e a confian\u00e7a em Deus que nos desafia hoje a empenharmos, cada vez mais, na pr\u00e1tica de cuidar, \u00a0amar e servir, <strong><em>\u201ctransformando os obst\u00e1culos em caminhos e os caminhos em novas oportunidades\u201d <\/em><\/strong><\/p>\n<p><strong><em>\u00a0<\/em><\/strong><strong>Maria de F\u00e1tima <\/strong><strong>Magalh\u00e3es stj<\/strong><\/p>\n\n","protected":false},"excerpt":{"rendered":"<p>Com o Tema, \u201cLouvai o Senhor que levanta os fracos\u201d, o Santu\u00e1rio de F\u00e1tima recebeu, \u00a0presencialmente, no recinto de ora\u00e7\u00e3o, 7500 peregrinos na Peregrina\u00e7\u00e3o Internacional de 12 e 13 de [&hellip;]<\/p>\n","protected":false},"author":1,"featured_media":7734,"comment_status":"open","ping_status":"open","sticky":false,"template":"","format":"standard","meta":{"_acf_changed":false,"footnotes":""},"categories":[61,80],"tags":[],"class_list":["post-10606","post","type-post","status-publish","format-standard","has-post-thumbnail","hentry","category-noticias","category-paroquial-eclesial"],"acf":[],"yoast_head":"<!-- This site is optimized with the Yoast SEO plugin v27.5 - https:\/\/yoast.com\/product\/yoast-seo-wordpress\/ -->\n<title>12 e 13 de Maio \u2013 Peregrina\u00e7\u00e3o a Santu\u00e1rio de F\u00e1tima - En Compa\u00f1\u00eda STJ<\/title>\n<meta name=\"robots\" content=\"index, follow, max-snippet:-1, max-image-preview:large, max-video-preview:-1\" \/>\n<link rel=\"canonical\" href=\"https:\/\/encompaniastj.org\/pt-pt\/12-e-13-de-maio-peregrinacao-a-santuario-de-fatima\/\" \/>\n<meta property=\"og:locale\" content=\"pt_PT\" \/>\n<meta property=\"og:type\" content=\"article\" \/>\n<meta property=\"og:title\" content=\"12 e 13 de Maio \u2013 Peregrina\u00e7\u00e3o a Santu\u00e1rio de F\u00e1tima - En Compa\u00f1\u00eda STJ\" \/>\n<meta property=\"og:description\" content=\"Com o Tema, \u201cLouvai o Senhor que levanta os fracos\u201d, o Santu\u00e1rio de F\u00e1tima recebeu, \u00a0presencialmente, no recinto de ora\u00e7\u00e3o, 7500 peregrinos na Peregrina\u00e7\u00e3o Internacional de 12 e 13 de [&hellip;]\" \/>\n<meta property=\"og:url\" content=\"https:\/\/encompaniastj.org\/pt-pt\/12-e-13-de-maio-peregrinacao-a-santuario-de-fatima\/\" \/>\n<meta property=\"og:site_name\" content=\"En Compa\u00f1\u00eda STJ\" \/>\n<meta property=\"article:published_time\" content=\"2021-05-17T05:04:58+00:00\" \/>\n<meta property=\"article:modified_time\" content=\"2025-07-07T14:22:32+00:00\" \/>\n<meta property=\"og:image\" content=\"https:\/\/encompaniastj.org\/wp-content\/uploads\/2025\/05\/1-8.jpg\" \/>\n\t<meta property=\"og:image:width\" content=\"500\" \/>\n\t<meta property=\"og:image:height\" content=\"375\" \/>\n\t<meta property=\"og:image:type\" content=\"image\/jpeg\" \/>\n<meta name=\"author\" content=\"admin\" \/>\n<meta name=\"twitter:card\" content=\"summary_large_image\" \/>\n<meta name=\"twitter:label1\" content=\"Escrito por\" \/>\n\t<meta name=\"twitter:data1\" content=\"admin\" \/>\n\t<meta name=\"twitter:label2\" content=\"Tempo estimado de leitura\" \/>\n\t<meta name=\"twitter:data2\" content=\"4 minutos\" \/>\n<script type=\"application\/ld+json\" class=\"yoast-schema-graph\">{\"@context\":\"https:\\\/\\\/schema.org\",\"@graph\":[{\"@type\":\"Article\",\"@id\":\"https:\\\/\\\/encompaniastj.org\\\/pt-pt\\\/12-e-13-de-maio-peregrinacao-a-santuario-de-fatima\\\/#article\",\"isPartOf\":{\"@id\":\"https:\\\/\\\/encompaniastj.org\\\/pt-pt\\\/12-e-13-de-maio-peregrinacao-a-santuario-de-fatima\\\/\"},\"author\":{\"name\":\"admin\",\"@id\":\"https:\\\/\\\/encompaniastj.org\\\/pt-pt\\\/#\\\/schema\\\/person\\\/520e7ecc314793d40091993c2a02b651\"},\"headline\":\"12 e 13 de Maio \u2013 Peregrina\u00e7\u00e3o a Santu\u00e1rio de F\u00e1tima\",\"datePublished\":\"2021-05-17T05:04:58+00:00\",\"dateModified\":\"2025-07-07T14:22:32+00:00\",\"mainEntityOfPage\":{\"@id\":\"https:\\\/\\\/encompaniastj.org\\\/pt-pt\\\/12-e-13-de-maio-peregrinacao-a-santuario-de-fatima\\\/\"},\"wordCount\":860,\"commentCount\":0,\"publisher\":{\"@id\":\"https:\\\/\\\/encompaniastj.org\\\/pt-pt\\\/#organization\"},\"image\":{\"@id\":\"https:\\\/\\\/encompaniastj.org\\\/pt-pt\\\/12-e-13-de-maio-peregrinacao-a-santuario-de-fatima\\\/#primaryimage\"},\"thumbnailUrl\":\"https:\\\/\\\/encompaniastj.org\\\/wp-content\\\/uploads\\\/2025\\\/05\\\/1-8.jpg\",\"articleSection\":[\"Noticias\",\"Paroquial - eclesial\"],\"inLanguage\":\"pt-PT\",\"potentialAction\":[{\"@type\":\"CommentAction\",\"name\":\"Comment\",\"target\":[\"https:\\\/\\\/encompaniastj.org\\\/pt-pt\\\/12-e-13-de-maio-peregrinacao-a-santuario-de-fatima\\\/#respond\"]}]},{\"@type\":\"WebPage\",\"@id\":\"https:\\\/\\\/encompaniastj.org\\\/pt-pt\\\/12-e-13-de-maio-peregrinacao-a-santuario-de-fatima\\\/\",\"url\":\"https:\\\/\\\/encompaniastj.org\\\/pt-pt\\\/12-e-13-de-maio-peregrinacao-a-santuario-de-fatima\\\/\",\"name\":\"12 e 13 de Maio \u2013 Peregrina\u00e7\u00e3o a Santu\u00e1rio de F\u00e1tima - En Compa\u00f1\u00eda STJ\",\"isPartOf\":{\"@id\":\"https:\\\/\\\/encompaniastj.org\\\/pt-pt\\\/#website\"},\"primaryImageOfPage\":{\"@id\":\"https:\\\/\\\/encompaniastj.org\\\/pt-pt\\\/12-e-13-de-maio-peregrinacao-a-santuario-de-fatima\\\/#primaryimage\"},\"image\":{\"@id\":\"https:\\\/\\\/encompaniastj.org\\\/pt-pt\\\/12-e-13-de-maio-peregrinacao-a-santuario-de-fatima\\\/#primaryimage\"},\"thumbnailUrl\":\"https:\\\/\\\/encompaniastj.org\\\/wp-content\\\/uploads\\\/2025\\\/05\\\/1-8.jpg\",\"datePublished\":\"2021-05-17T05:04:58+00:00\",\"dateModified\":\"2025-07-07T14:22:32+00:00\",\"breadcrumb\":{\"@id\":\"https:\\\/\\\/encompaniastj.org\\\/pt-pt\\\/12-e-13-de-maio-peregrinacao-a-santuario-de-fatima\\\/#breadcrumb\"},\"inLanguage\":\"pt-PT\",\"potentialAction\":[{\"@type\":\"ReadAction\",\"target\":[\"https:\\\/\\\/encompaniastj.org\\\/pt-pt\\\/12-e-13-de-maio-peregrinacao-a-santuario-de-fatima\\\/\"]}]},{\"@type\":\"ImageObject\",\"inLanguage\":\"pt-PT\",\"@id\":\"https:\\\/\\\/encompaniastj.org\\\/pt-pt\\\/12-e-13-de-maio-peregrinacao-a-santuario-de-fatima\\\/#primaryimage\",\"url\":\"https:\\\/\\\/encompaniastj.org\\\/wp-content\\\/uploads\\\/2025\\\/05\\\/1-8.jpg\",\"contentUrl\":\"https:\\\/\\\/encompaniastj.org\\\/wp-content\\\/uploads\\\/2025\\\/05\\\/1-8.jpg\",\"width\":500,\"height\":375},{\"@type\":\"BreadcrumbList\",\"@id\":\"https:\\\/\\\/encompaniastj.org\\\/pt-pt\\\/12-e-13-de-maio-peregrinacao-a-santuario-de-fatima\\\/#breadcrumb\",\"itemListElement\":[{\"@type\":\"ListItem\",\"position\":1,\"name\":\"Portada\",\"item\":\"https:\\\/\\\/encompaniastj.org\\\/pt-pt\\\/\"},{\"@type\":\"ListItem\",\"position\":2,\"name\":\"12 e 13 de Maio \u2013 Peregrina\u00e7\u00e3o a Santu\u00e1rio de F\u00e1tima\"}]},{\"@type\":\"WebSite\",\"@id\":\"https:\\\/\\\/encompaniastj.org\\\/pt-pt\\\/#website\",\"url\":\"https:\\\/\\\/encompaniastj.org\\\/pt-pt\\\/\",\"name\":\"En Compa\u00f1\u00eda STJ\",\"description\":\"Bolet\u00edn de la Compa\u00f1\u00eda de Santa Teresa de Jes\u00fas\",\"publisher\":{\"@id\":\"https:\\\/\\\/encompaniastj.org\\\/pt-pt\\\/#organization\"},\"potentialAction\":[{\"@type\":\"SearchAction\",\"target\":{\"@type\":\"EntryPoint\",\"urlTemplate\":\"https:\\\/\\\/encompaniastj.org\\\/pt-pt\\\/?s={search_term_string}\"},\"query-input\":{\"@type\":\"PropertyValueSpecification\",\"valueRequired\":true,\"valueName\":\"search_term_string\"}}],\"inLanguage\":\"pt-PT\"},{\"@type\":\"Organization\",\"@id\":\"https:\\\/\\\/encompaniastj.org\\\/pt-pt\\\/#organization\",\"name\":\"Compa\u00f1\u00eda de Santa Teresa de Jes\u00fas\",\"url\":\"https:\\\/\\\/encompaniastj.org\\\/pt-pt\\\/\",\"logo\":{\"@type\":\"ImageObject\",\"inLanguage\":\"pt-PT\",\"@id\":\"https:\\\/\\\/encompaniastj.org\\\/pt-pt\\\/#\\\/schema\\\/logo\\\/image\\\/\",\"url\":\"https:\\\/\\\/encompaniastj.org\\\/wp-content\\\/uploads\\\/2025\\\/04\\\/logo_provincias02-1-3.png\",\"contentUrl\":\"https:\\\/\\\/encompaniastj.org\\\/wp-content\\\/uploads\\\/2025\\\/04\\\/logo_provincias02-1-3.png\",\"width\":2368,\"height\":825,\"caption\":\"Compa\u00f1\u00eda de Santa Teresa de Jes\u00fas\"},\"image\":{\"@id\":\"https:\\\/\\\/encompaniastj.org\\\/pt-pt\\\/#\\\/schema\\\/logo\\\/image\\\/\"}},{\"@type\":\"Person\",\"@id\":\"https:\\\/\\\/encompaniastj.org\\\/pt-pt\\\/#\\\/schema\\\/person\\\/520e7ecc314793d40091993c2a02b651\",\"name\":\"admin\",\"image\":{\"@type\":\"ImageObject\",\"inLanguage\":\"pt-PT\",\"@id\":\"https:\\\/\\\/secure.gravatar.com\\\/avatar\\\/948b492cce32b586ac2db0eaa926ee87024f7afe218d73b397ea5ddfc5f43ea1?s=96&d=mm&r=g\",\"url\":\"https:\\\/\\\/secure.gravatar.com\\\/avatar\\\/948b492cce32b586ac2db0eaa926ee87024f7afe218d73b397ea5ddfc5f43ea1?s=96&d=mm&r=g\",\"contentUrl\":\"https:\\\/\\\/secure.gravatar.com\\\/avatar\\\/948b492cce32b586ac2db0eaa926ee87024f7afe218d73b397ea5ddfc5f43ea1?s=96&d=mm&r=g\",\"caption\":\"admin\"},\"sameAs\":[\"https:\\\/\\\/encompaniastj.org\"],\"url\":\"https:\\\/\\\/encompaniastj.org\\\/pt-pt\\\/author\\\/sjdigital\\\/\"}]}<\/script>\n<!-- \/ Yoast SEO plugin. -->","yoast_head_json":{"title":"12 e 13 de Maio \u2013 Peregrina\u00e7\u00e3o a Santu\u00e1rio de F\u00e1tima - En Compa\u00f1\u00eda STJ","robots":{"index":"index","follow":"follow","max-snippet":"max-snippet:-1","max-image-preview":"max-image-preview:large","max-video-preview":"max-video-preview:-1"},"canonical":"https:\/\/encompaniastj.org\/pt-pt\/12-e-13-de-maio-peregrinacao-a-santuario-de-fatima\/","og_locale":"pt_PT","og_type":"article","og_title":"12 e 13 de Maio \u2013 Peregrina\u00e7\u00e3o a Santu\u00e1rio de F\u00e1tima - En Compa\u00f1\u00eda STJ","og_description":"Com o Tema, \u201cLouvai o Senhor que levanta os fracos\u201d, o Santu\u00e1rio de F\u00e1tima recebeu, \u00a0presencialmente, no recinto de ora\u00e7\u00e3o, 7500 peregrinos na Peregrina\u00e7\u00e3o Internacional de 12 e 13 de [&hellip;]","og_url":"https:\/\/encompaniastj.org\/pt-pt\/12-e-13-de-maio-peregrinacao-a-santuario-de-fatima\/","og_site_name":"En Compa\u00f1\u00eda STJ","article_published_time":"2021-05-17T05:04:58+00:00","article_modified_time":"2025-07-07T14:22:32+00:00","og_image":[{"width":500,"height":375,"url":"https:\/\/encompaniastj.org\/wp-content\/uploads\/2025\/05\/1-8.jpg","type":"image\/jpeg"}],"author":"admin","twitter_card":"summary_large_image","twitter_misc":{"Escrito por":"admin","Tempo estimado de leitura":"4 minutos"},"schema":{"@context":"https:\/\/schema.org","@graph":[{"@type":"Article","@id":"https:\/\/encompaniastj.org\/pt-pt\/12-e-13-de-maio-peregrinacao-a-santuario-de-fatima\/#article","isPartOf":{"@id":"https:\/\/encompaniastj.org\/pt-pt\/12-e-13-de-maio-peregrinacao-a-santuario-de-fatima\/"},"author":{"name":"admin","@id":"https:\/\/encompaniastj.org\/pt-pt\/#\/schema\/person\/520e7ecc314793d40091993c2a02b651"},"headline":"12 e 13 de Maio \u2013 Peregrina\u00e7\u00e3o a Santu\u00e1rio de F\u00e1tima","datePublished":"2021-05-17T05:04:58+00:00","dateModified":"2025-07-07T14:22:32+00:00","mainEntityOfPage":{"@id":"https:\/\/encompaniastj.org\/pt-pt\/12-e-13-de-maio-peregrinacao-a-santuario-de-fatima\/"},"wordCount":860,"commentCount":0,"publisher":{"@id":"https:\/\/encompaniastj.org\/pt-pt\/#organization"},"image":{"@id":"https:\/\/encompaniastj.org\/pt-pt\/12-e-13-de-maio-peregrinacao-a-santuario-de-fatima\/#primaryimage"},"thumbnailUrl":"https:\/\/encompaniastj.org\/wp-content\/uploads\/2025\/05\/1-8.jpg","articleSection":["Noticias","Paroquial - eclesial"],"inLanguage":"pt-PT","potentialAction":[{"@type":"CommentAction","name":"Comment","target":["https:\/\/encompaniastj.org\/pt-pt\/12-e-13-de-maio-peregrinacao-a-santuario-de-fatima\/#respond"]}]},{"@type":"WebPage","@id":"https:\/\/encompaniastj.org\/pt-pt\/12-e-13-de-maio-peregrinacao-a-santuario-de-fatima\/","url":"https:\/\/encompaniastj.org\/pt-pt\/12-e-13-de-maio-peregrinacao-a-santuario-de-fatima\/","name":"12 e 13 de Maio \u2013 Peregrina\u00e7\u00e3o a Santu\u00e1rio de F\u00e1tima - En Compa\u00f1\u00eda STJ","isPartOf":{"@id":"https:\/\/encompaniastj.org\/pt-pt\/#website"},"primaryImageOfPage":{"@id":"https:\/\/encompaniastj.org\/pt-pt\/12-e-13-de-maio-peregrinacao-a-santuario-de-fatima\/#primaryimage"},"image":{"@id":"https:\/\/encompaniastj.org\/pt-pt\/12-e-13-de-maio-peregrinacao-a-santuario-de-fatima\/#primaryimage"},"thumbnailUrl":"https:\/\/encompaniastj.org\/wp-content\/uploads\/2025\/05\/1-8.jpg","datePublished":"2021-05-17T05:04:58+00:00","dateModified":"2025-07-07T14:22:32+00:00","breadcrumb":{"@id":"https:\/\/encompaniastj.org\/pt-pt\/12-e-13-de-maio-peregrinacao-a-santuario-de-fatima\/#breadcrumb"},"inLanguage":"pt-PT","potentialAction":[{"@type":"ReadAction","target":["https:\/\/encompaniastj.org\/pt-pt\/12-e-13-de-maio-peregrinacao-a-santuario-de-fatima\/"]}]},{"@type":"ImageObject","inLanguage":"pt-PT","@id":"https:\/\/encompaniastj.org\/pt-pt\/12-e-13-de-maio-peregrinacao-a-santuario-de-fatima\/#primaryimage","url":"https:\/\/encompaniastj.org\/wp-content\/uploads\/2025\/05\/1-8.jpg","contentUrl":"https:\/\/encompaniastj.org\/wp-content\/uploads\/2025\/05\/1-8.jpg","width":500,"height":375},{"@type":"BreadcrumbList","@id":"https:\/\/encompaniastj.org\/pt-pt\/12-e-13-de-maio-peregrinacao-a-santuario-de-fatima\/#breadcrumb","itemListElement":[{"@type":"ListItem","position":1,"name":"Portada","item":"https:\/\/encompaniastj.org\/pt-pt\/"},{"@type":"ListItem","position":2,"name":"12 e 13 de Maio \u2013 Peregrina\u00e7\u00e3o a Santu\u00e1rio de F\u00e1tima"}]},{"@type":"WebSite","@id":"https:\/\/encompaniastj.org\/pt-pt\/#website","url":"https:\/\/encompaniastj.org\/pt-pt\/","name":"En Compa\u00f1\u00eda STJ","description":"Bolet\u00edn de la Compa\u00f1\u00eda de Santa Teresa de Jes\u00fas","publisher":{"@id":"https:\/\/encompaniastj.org\/pt-pt\/#organization"},"potentialAction":[{"@type":"SearchAction","target":{"@type":"EntryPoint","urlTemplate":"https:\/\/encompaniastj.org\/pt-pt\/?s={search_term_string}"},"query-input":{"@type":"PropertyValueSpecification","valueRequired":true,"valueName":"search_term_string"}}],"inLanguage":"pt-PT"},{"@type":"Organization","@id":"https:\/\/encompaniastj.org\/pt-pt\/#organization","name":"Compa\u00f1\u00eda de Santa Teresa de Jes\u00fas","url":"https:\/\/encompaniastj.org\/pt-pt\/","logo":{"@type":"ImageObject","inLanguage":"pt-PT","@id":"https:\/\/encompaniastj.org\/pt-pt\/#\/schema\/logo\/image\/","url":"https:\/\/encompaniastj.org\/wp-content\/uploads\/2025\/04\/logo_provincias02-1-3.png","contentUrl":"https:\/\/encompaniastj.org\/wp-content\/uploads\/2025\/04\/logo_provincias02-1-3.png","width":2368,"height":825,"caption":"Compa\u00f1\u00eda de Santa Teresa de Jes\u00fas"},"image":{"@id":"https:\/\/encompaniastj.org\/pt-pt\/#\/schema\/logo\/image\/"}},{"@type":"Person","@id":"https:\/\/encompaniastj.org\/pt-pt\/#\/schema\/person\/520e7ecc314793d40091993c2a02b651","name":"admin","image":{"@type":"ImageObject","inLanguage":"pt-PT","@id":"https:\/\/secure.gravatar.com\/avatar\/948b492cce32b586ac2db0eaa926ee87024f7afe218d73b397ea5ddfc5f43ea1?s=96&d=mm&r=g","url":"https:\/\/secure.gravatar.com\/avatar\/948b492cce32b586ac2db0eaa926ee87024f7afe218d73b397ea5ddfc5f43ea1?s=96&d=mm&r=g","contentUrl":"https:\/\/secure.gravatar.com\/avatar\/948b492cce32b586ac2db0eaa926ee87024f7afe218d73b397ea5ddfc5f43ea1?s=96&d=mm&r=g","caption":"admin"},"sameAs":["https:\/\/encompaniastj.org"],"url":"https:\/\/encompaniastj.org\/pt-pt\/author\/sjdigital\/"}]}},"_links":{"self":[{"href":"https:\/\/encompaniastj.org\/pt-pt\/wp-json\/wp\/v2\/posts\/10606","targetHints":{"allow":["GET"]}}],"collection":[{"href":"https:\/\/encompaniastj.org\/pt-pt\/wp-json\/wp\/v2\/posts"}],"about":[{"href":"https:\/\/encompaniastj.org\/pt-pt\/wp-json\/wp\/v2\/types\/post"}],"author":[{"embeddable":true,"href":"https:\/\/encompaniastj.org\/pt-pt\/wp-json\/wp\/v2\/users\/1"}],"replies":[{"embeddable":true,"href":"https:\/\/encompaniastj.org\/pt-pt\/wp-json\/wp\/v2\/comments?post=10606"}],"version-history":[{"count":1,"href":"https:\/\/encompaniastj.org\/pt-pt\/wp-json\/wp\/v2\/posts\/10606\/revisions"}],"predecessor-version":[{"id":10607,"href":"https:\/\/encompaniastj.org\/pt-pt\/wp-json\/wp\/v2\/posts\/10606\/revisions\/10607"}],"wp:featuredmedia":[{"embeddable":true,"href":"https:\/\/encompaniastj.org\/pt-pt\/wp-json\/wp\/v2\/media\/7734"}],"wp:attachment":[{"href":"https:\/\/encompaniastj.org\/pt-pt\/wp-json\/wp\/v2\/media?parent=10606"}],"wp:term":[{"taxonomy":"category","embeddable":true,"href":"https:\/\/encompaniastj.org\/pt-pt\/wp-json\/wp\/v2\/categories?post=10606"},{"taxonomy":"post_tag","embeddable":true,"href":"https:\/\/encompaniastj.org\/pt-pt\/wp-json\/wp\/v2\/tags?post=10606"}],"curies":[{"name":"wp","href":"https:\/\/api.w.org\/{rel}","templated":true}]}}