{"id":10604,"date":"2021-05-17T06:51:37","date_gmt":"2021-05-17T04:51:37","guid":{"rendered":"https:\/\/encompaniastj.org\/cem-anos-de-vida-e-vida-abundante\/"},"modified":"2025-07-07T16:22:32","modified_gmt":"2025-07-07T14:22:32","slug":"cem-anos-de-vida-e-vida-abundante","status":"publish","type":"post","link":"https:\/\/encompaniastj.org\/pt-pt\/cem-anos-de-vida-e-vida-abundante\/","title":{"rendered":"Cem anos de vida e vida abundante"},"content":{"rendered":"<p>As comunidades de Val\u00eancia, especialmente a sua comunidade, \u201cResid\u00eancia Irm\u00e3s, El Vedat\u201d, \u00e0s quais se uniram as irm\u00e3s da Col\u00f4mbia e da Venezuela atrav\u00e9s da ora\u00e7\u00e3o, do carinho e da proximidade que hoje os meios de comunica\u00e7\u00e3o nos facilitam, vivemos uma grande festa em grande fam\u00edlia: Os 100 anos de vida de JOSEFINA FERRER. Uniram-se a esta festa com especial carinho, os seus sobrinhos, sempre pr\u00f3ximos e generosos, e as senhoras que nos ajudam e acompanham.<\/p>\n<p>Como diz o ditado que \u201cna v\u00e9spera se reconhece a festa\u201d, na tarde anterior tivemos uma ORA\u00c7\u00c3O PARTILHADA de agradecimento por estes 100 anos. Foi um momento para lembrar e agradecer: <em>\u201cSe n\u00e3o soubermos o que recebemos, n\u00e3o nos despertaremos a amar\u201d<\/em> (Vida 10,4). <em>Tempo de <u>gra\u00e7a e de permanecer e permanecer no amor<\/u><\/em>: as palavras de Jo\u00e3o, Henrique e a can\u00e7\u00e3o de Fab\u00edola <em>\u201cFeliz o cora\u00e7\u00e3o apaixonado\u201d<\/em> introduziram um tempo de sil\u00eancio orante em que toda a comunidade teve o seu momento pessoal de \u201cfalar com o Senhor\u201d. O ritmo da nossa ora\u00e7\u00e3o vespertina dedicou o seu \u00faltimo espa\u00e7o, tendo todas muito presente a Josefina, para oferecer e entregar. De novo as palavras de Teresa nos acompanharam, rezando juntas como nosso o <em>Magnificat Teresiano.<\/em> <em>Uma releitura da Palavra de Henrique,<\/em> dedicada especialmente a Josefina, pediu-lhe <em>a f\u00e9 viva, a esperan\u00e7a ativa e o amor ardente<\/em>\u201d como VIDA que os nossos irm\u00e3os, os homens e o mundo inteiro esperam dela, de todas as irm\u00e3s da Companhia. Termin\u00e1mos a nossa ora\u00e7\u00e3o vespertina <em>suplicando ao Esp\u00edrito para sermos guiadas por Ele.<\/em><\/p>\n<p><strong>27 de abril<\/strong>, <strong>festa de Nossa Senhora de Montserrat, 100 anos de Josefina. <\/strong>Como era tradi\u00e7\u00e3o na Companhia, a <strong><em>Diana Teresiana<\/em><\/strong> foi o \u201cdespertador\u201d do grande dia, \u00e0 qual se seguiu a nossa ora\u00e7\u00e3o de <strong><em>Laudes<\/em><\/strong><em>: <u>\u201c\u00e9 tempo para agradecer\u201d<\/u><\/em>.\u00a0\u00a0 Tempo de gratid\u00e3o e louvor pela vida que nos \u00e9 dada. Tempo de gratid\u00e3o ao Pai pelos 100 anos de Josefina que foi entregando, <em>ali onde os interesses de Jesus o necessitaram: CALPE, TORTOSA, HUELVA, 0VIEDO, VALLADOLID, VENEZUELA, COL\u00d4MBIA, novamente Espanha, EL VEDAT. <\/em><strong>OBRIGADA! <\/strong><\/p>\n<p>\u00c0s 12,30h, vivemos o momento central do nosso dia de a\u00e7\u00e3o de gra\u00e7as: a <strong><em>Eucaristia. <\/em><\/strong>O nosso p\u00e1roco e um Padre Dominicano concelebraram. Participaram os <em>seus<\/em> sobrinhos, as irm\u00e3s das comunidades de Val\u00eancia, as senhoras que ajudam e partilham muita da vida da comunidade; tamb\u00e9m participou o presidente da C\u00e2mara, que est\u00e1 sempre muito presente nestes acontecimentos. Uma Eucaristia na qual se houver uma atitude-palavra que a definam \u00e9: <strong>OBRIGADA<\/strong>, com <em>celebra\u00e7\u00e3o e festa. <\/em>Agradecimento e celebra\u00e7\u00e3o pelos 100 anos de Josefina, pela sua fidelidade no amor. <strong>OBRIGADA especialmente a Jesus <\/strong>que foi tecendo esta hist\u00f3ria de amor em cada um dos presentes, e hoje muito especialmente em Josefina. Um almo\u00e7o partilhado e fraterno, rodeado de sinais de generosidade e carinho, finalizou a festa.<\/p>\n<p>Amelia P\u00e9rez de Camino stj<\/p>\n<p>Comunidade Resid\u00eancia-El Vedat-Torrent<\/p>\n\n","protected":false},"excerpt":{"rendered":"<p>As comunidades de Val\u00eancia, especialmente a sua comunidade, \u201cResid\u00eancia Irm\u00e3s, El Vedat\u201d, \u00e0s quais se uniram as irm\u00e3s da Col\u00f4mbia e da Venezuela atrav\u00e9s da ora\u00e7\u00e3o, do carinho e da [&hellip;]<\/p>\n","protected":false},"author":1,"featured_media":7728,"comment_status":"open","ping_status":"open","sticky":false,"template":"","format":"standard","meta":{"_acf_changed":false,"footnotes":""},"categories":[61,62,68],"tags":[],"class_list":["post-10604","post","type-post","status-publish","format-standard","has-post-thumbnail","hentry","category-noticias","category-otras","category-outras"],"acf":[],"yoast_head":"<!-- This site is optimized with the Yoast SEO plugin v27.5 - https:\/\/yoast.com\/product\/yoast-seo-wordpress\/ -->\n<title>Cem anos de vida e vida abundante - En Compa\u00f1\u00eda STJ<\/title>\n<meta name=\"robots\" content=\"index, follow, max-snippet:-1, max-image-preview:large, max-video-preview:-1\" \/>\n<link rel=\"canonical\" href=\"https:\/\/encompaniastj.org\/pt-pt\/cem-anos-de-vida-e-vida-abundante\/\" \/>\n<meta property=\"og:locale\" content=\"pt_PT\" \/>\n<meta property=\"og:type\" content=\"article\" \/>\n<meta property=\"og:title\" content=\"Cem anos de vida e vida abundante - En Compa\u00f1\u00eda STJ\" \/>\n<meta property=\"og:description\" content=\"As comunidades de Val\u00eancia, especialmente a sua comunidade, \u201cResid\u00eancia Irm\u00e3s, El Vedat\u201d, \u00e0s quais se uniram as irm\u00e3s da Col\u00f4mbia e da Venezuela atrav\u00e9s da ora\u00e7\u00e3o, do carinho e da [&hellip;]\" \/>\n<meta property=\"og:url\" content=\"https:\/\/encompaniastj.org\/pt-pt\/cem-anos-de-vida-e-vida-abundante\/\" \/>\n<meta property=\"og:site_name\" content=\"En Compa\u00f1\u00eda STJ\" \/>\n<meta property=\"article:published_time\" content=\"2021-05-17T04:51:37+00:00\" \/>\n<meta property=\"article:modified_time\" content=\"2025-07-07T14:22:32+00:00\" \/>\n<meta property=\"og:image\" content=\"https:\/\/encompaniastj.org\/wp-content\/uploads\/2025\/05\/hna1.jpg\" \/>\n\t<meta property=\"og:image:width\" content=\"500\" \/>\n\t<meta property=\"og:image:height\" content=\"281\" \/>\n\t<meta property=\"og:image:type\" content=\"image\/jpeg\" \/>\n<meta name=\"author\" content=\"admin\" \/>\n<meta name=\"twitter:card\" content=\"summary_large_image\" \/>\n<meta name=\"twitter:label1\" content=\"Escrito por\" \/>\n\t<meta name=\"twitter:data1\" content=\"admin\" \/>\n\t<meta name=\"twitter:label2\" content=\"Tempo estimado de leitura\" \/>\n\t<meta name=\"twitter:data2\" content=\"3 minutos\" \/>\n<script type=\"application\/ld+json\" class=\"yoast-schema-graph\">{\"@context\":\"https:\\\/\\\/schema.org\",\"@graph\":[{\"@type\":\"Article\",\"@id\":\"https:\\\/\\\/encompaniastj.org\\\/pt-pt\\\/cem-anos-de-vida-e-vida-abundante\\\/#article\",\"isPartOf\":{\"@id\":\"https:\\\/\\\/encompaniastj.org\\\/pt-pt\\\/cem-anos-de-vida-e-vida-abundante\\\/\"},\"author\":{\"name\":\"admin\",\"@id\":\"https:\\\/\\\/encompaniastj.org\\\/pt-pt\\\/#\\\/schema\\\/person\\\/520e7ecc314793d40091993c2a02b651\"},\"headline\":\"Cem anos de vida e vida abundante\",\"datePublished\":\"2021-05-17T04:51:37+00:00\",\"dateModified\":\"2025-07-07T14:22:32+00:00\",\"mainEntityOfPage\":{\"@id\":\"https:\\\/\\\/encompaniastj.org\\\/pt-pt\\\/cem-anos-de-vida-e-vida-abundante\\\/\"},\"wordCount\":617,\"commentCount\":0,\"publisher\":{\"@id\":\"https:\\\/\\\/encompaniastj.org\\\/pt-pt\\\/#organization\"},\"image\":{\"@id\":\"https:\\\/\\\/encompaniastj.org\\\/pt-pt\\\/cem-anos-de-vida-e-vida-abundante\\\/#primaryimage\"},\"thumbnailUrl\":\"https:\\\/\\\/encompaniastj.org\\\/wp-content\\\/uploads\\\/2025\\\/05\\\/hna1.jpg\",\"articleSection\":[\"Noticias\",\"Otras\",\"Outras\"],\"inLanguage\":\"pt-PT\",\"potentialAction\":[{\"@type\":\"CommentAction\",\"name\":\"Comment\",\"target\":[\"https:\\\/\\\/encompaniastj.org\\\/pt-pt\\\/cem-anos-de-vida-e-vida-abundante\\\/#respond\"]}]},{\"@type\":\"WebPage\",\"@id\":\"https:\\\/\\\/encompaniastj.org\\\/pt-pt\\\/cem-anos-de-vida-e-vida-abundante\\\/\",\"url\":\"https:\\\/\\\/encompaniastj.org\\\/pt-pt\\\/cem-anos-de-vida-e-vida-abundante\\\/\",\"name\":\"Cem anos de vida e vida abundante - En Compa\u00f1\u00eda STJ\",\"isPartOf\":{\"@id\":\"https:\\\/\\\/encompaniastj.org\\\/pt-pt\\\/#website\"},\"primaryImageOfPage\":{\"@id\":\"https:\\\/\\\/encompaniastj.org\\\/pt-pt\\\/cem-anos-de-vida-e-vida-abundante\\\/#primaryimage\"},\"image\":{\"@id\":\"https:\\\/\\\/encompaniastj.org\\\/pt-pt\\\/cem-anos-de-vida-e-vida-abundante\\\/#primaryimage\"},\"thumbnailUrl\":\"https:\\\/\\\/encompaniastj.org\\\/wp-content\\\/uploads\\\/2025\\\/05\\\/hna1.jpg\",\"datePublished\":\"2021-05-17T04:51:37+00:00\",\"dateModified\":\"2025-07-07T14:22:32+00:00\",\"breadcrumb\":{\"@id\":\"https:\\\/\\\/encompaniastj.org\\\/pt-pt\\\/cem-anos-de-vida-e-vida-abundante\\\/#breadcrumb\"},\"inLanguage\":\"pt-PT\",\"potentialAction\":[{\"@type\":\"ReadAction\",\"target\":[\"https:\\\/\\\/encompaniastj.org\\\/pt-pt\\\/cem-anos-de-vida-e-vida-abundante\\\/\"]}]},{\"@type\":\"ImageObject\",\"inLanguage\":\"pt-PT\",\"@id\":\"https:\\\/\\\/encompaniastj.org\\\/pt-pt\\\/cem-anos-de-vida-e-vida-abundante\\\/#primaryimage\",\"url\":\"https:\\\/\\\/encompaniastj.org\\\/wp-content\\\/uploads\\\/2025\\\/05\\\/hna1.jpg\",\"contentUrl\":\"https:\\\/\\\/encompaniastj.org\\\/wp-content\\\/uploads\\\/2025\\\/05\\\/hna1.jpg\",\"width\":500,\"height\":281},{\"@type\":\"BreadcrumbList\",\"@id\":\"https:\\\/\\\/encompaniastj.org\\\/pt-pt\\\/cem-anos-de-vida-e-vida-abundante\\\/#breadcrumb\",\"itemListElement\":[{\"@type\":\"ListItem\",\"position\":1,\"name\":\"Portada\",\"item\":\"https:\\\/\\\/encompaniastj.org\\\/pt-pt\\\/\"},{\"@type\":\"ListItem\",\"position\":2,\"name\":\"Cem anos de vida e vida abundante\"}]},{\"@type\":\"WebSite\",\"@id\":\"https:\\\/\\\/encompaniastj.org\\\/pt-pt\\\/#website\",\"url\":\"https:\\\/\\\/encompaniastj.org\\\/pt-pt\\\/\",\"name\":\"En Compa\u00f1\u00eda STJ\",\"description\":\"Bolet\u00edn de la Compa\u00f1\u00eda de Santa Teresa de Jes\u00fas\",\"publisher\":{\"@id\":\"https:\\\/\\\/encompaniastj.org\\\/pt-pt\\\/#organization\"},\"potentialAction\":[{\"@type\":\"SearchAction\",\"target\":{\"@type\":\"EntryPoint\",\"urlTemplate\":\"https:\\\/\\\/encompaniastj.org\\\/pt-pt\\\/?s={search_term_string}\"},\"query-input\":{\"@type\":\"PropertyValueSpecification\",\"valueRequired\":true,\"valueName\":\"search_term_string\"}}],\"inLanguage\":\"pt-PT\"},{\"@type\":\"Organization\",\"@id\":\"https:\\\/\\\/encompaniastj.org\\\/pt-pt\\\/#organization\",\"name\":\"Compa\u00f1\u00eda de Santa Teresa de Jes\u00fas\",\"url\":\"https:\\\/\\\/encompaniastj.org\\\/pt-pt\\\/\",\"logo\":{\"@type\":\"ImageObject\",\"inLanguage\":\"pt-PT\",\"@id\":\"https:\\\/\\\/encompaniastj.org\\\/pt-pt\\\/#\\\/schema\\\/logo\\\/image\\\/\",\"url\":\"https:\\\/\\\/encompaniastj.org\\\/wp-content\\\/uploads\\\/2025\\\/04\\\/logo_provincias02-1-3.png\",\"contentUrl\":\"https:\\\/\\\/encompaniastj.org\\\/wp-content\\\/uploads\\\/2025\\\/04\\\/logo_provincias02-1-3.png\",\"width\":2368,\"height\":825,\"caption\":\"Compa\u00f1\u00eda de Santa Teresa de Jes\u00fas\"},\"image\":{\"@id\":\"https:\\\/\\\/encompaniastj.org\\\/pt-pt\\\/#\\\/schema\\\/logo\\\/image\\\/\"}},{\"@type\":\"Person\",\"@id\":\"https:\\\/\\\/encompaniastj.org\\\/pt-pt\\\/#\\\/schema\\\/person\\\/520e7ecc314793d40091993c2a02b651\",\"name\":\"admin\",\"image\":{\"@type\":\"ImageObject\",\"inLanguage\":\"pt-PT\",\"@id\":\"https:\\\/\\\/secure.gravatar.com\\\/avatar\\\/948b492cce32b586ac2db0eaa926ee87024f7afe218d73b397ea5ddfc5f43ea1?s=96&d=mm&r=g\",\"url\":\"https:\\\/\\\/secure.gravatar.com\\\/avatar\\\/948b492cce32b586ac2db0eaa926ee87024f7afe218d73b397ea5ddfc5f43ea1?s=96&d=mm&r=g\",\"contentUrl\":\"https:\\\/\\\/secure.gravatar.com\\\/avatar\\\/948b492cce32b586ac2db0eaa926ee87024f7afe218d73b397ea5ddfc5f43ea1?s=96&d=mm&r=g\",\"caption\":\"admin\"},\"sameAs\":[\"https:\\\/\\\/encompaniastj.org\"],\"url\":\"https:\\\/\\\/encompaniastj.org\\\/pt-pt\\\/author\\\/sjdigital\\\/\"}]}<\/script>\n<!-- \/ Yoast SEO plugin. -->","yoast_head_json":{"title":"Cem anos de vida e vida abundante - En Compa\u00f1\u00eda STJ","robots":{"index":"index","follow":"follow","max-snippet":"max-snippet:-1","max-image-preview":"max-image-preview:large","max-video-preview":"max-video-preview:-1"},"canonical":"https:\/\/encompaniastj.org\/pt-pt\/cem-anos-de-vida-e-vida-abundante\/","og_locale":"pt_PT","og_type":"article","og_title":"Cem anos de vida e vida abundante - En Compa\u00f1\u00eda STJ","og_description":"As comunidades de Val\u00eancia, especialmente a sua comunidade, \u201cResid\u00eancia Irm\u00e3s, El Vedat\u201d, \u00e0s quais se uniram as irm\u00e3s da Col\u00f4mbia e da Venezuela atrav\u00e9s da ora\u00e7\u00e3o, do carinho e da [&hellip;]","og_url":"https:\/\/encompaniastj.org\/pt-pt\/cem-anos-de-vida-e-vida-abundante\/","og_site_name":"En Compa\u00f1\u00eda STJ","article_published_time":"2021-05-17T04:51:37+00:00","article_modified_time":"2025-07-07T14:22:32+00:00","og_image":[{"width":500,"height":281,"url":"https:\/\/encompaniastj.org\/wp-content\/uploads\/2025\/05\/hna1.jpg","type":"image\/jpeg"}],"author":"admin","twitter_card":"summary_large_image","twitter_misc":{"Escrito por":"admin","Tempo estimado de leitura":"3 minutos"},"schema":{"@context":"https:\/\/schema.org","@graph":[{"@type":"Article","@id":"https:\/\/encompaniastj.org\/pt-pt\/cem-anos-de-vida-e-vida-abundante\/#article","isPartOf":{"@id":"https:\/\/encompaniastj.org\/pt-pt\/cem-anos-de-vida-e-vida-abundante\/"},"author":{"name":"admin","@id":"https:\/\/encompaniastj.org\/pt-pt\/#\/schema\/person\/520e7ecc314793d40091993c2a02b651"},"headline":"Cem anos de vida e vida abundante","datePublished":"2021-05-17T04:51:37+00:00","dateModified":"2025-07-07T14:22:32+00:00","mainEntityOfPage":{"@id":"https:\/\/encompaniastj.org\/pt-pt\/cem-anos-de-vida-e-vida-abundante\/"},"wordCount":617,"commentCount":0,"publisher":{"@id":"https:\/\/encompaniastj.org\/pt-pt\/#organization"},"image":{"@id":"https:\/\/encompaniastj.org\/pt-pt\/cem-anos-de-vida-e-vida-abundante\/#primaryimage"},"thumbnailUrl":"https:\/\/encompaniastj.org\/wp-content\/uploads\/2025\/05\/hna1.jpg","articleSection":["Noticias","Otras","Outras"],"inLanguage":"pt-PT","potentialAction":[{"@type":"CommentAction","name":"Comment","target":["https:\/\/encompaniastj.org\/pt-pt\/cem-anos-de-vida-e-vida-abundante\/#respond"]}]},{"@type":"WebPage","@id":"https:\/\/encompaniastj.org\/pt-pt\/cem-anos-de-vida-e-vida-abundante\/","url":"https:\/\/encompaniastj.org\/pt-pt\/cem-anos-de-vida-e-vida-abundante\/","name":"Cem anos de vida e vida abundante - En Compa\u00f1\u00eda STJ","isPartOf":{"@id":"https:\/\/encompaniastj.org\/pt-pt\/#website"},"primaryImageOfPage":{"@id":"https:\/\/encompaniastj.org\/pt-pt\/cem-anos-de-vida-e-vida-abundante\/#primaryimage"},"image":{"@id":"https:\/\/encompaniastj.org\/pt-pt\/cem-anos-de-vida-e-vida-abundante\/#primaryimage"},"thumbnailUrl":"https:\/\/encompaniastj.org\/wp-content\/uploads\/2025\/05\/hna1.jpg","datePublished":"2021-05-17T04:51:37+00:00","dateModified":"2025-07-07T14:22:32+00:00","breadcrumb":{"@id":"https:\/\/encompaniastj.org\/pt-pt\/cem-anos-de-vida-e-vida-abundante\/#breadcrumb"},"inLanguage":"pt-PT","potentialAction":[{"@type":"ReadAction","target":["https:\/\/encompaniastj.org\/pt-pt\/cem-anos-de-vida-e-vida-abundante\/"]}]},{"@type":"ImageObject","inLanguage":"pt-PT","@id":"https:\/\/encompaniastj.org\/pt-pt\/cem-anos-de-vida-e-vida-abundante\/#primaryimage","url":"https:\/\/encompaniastj.org\/wp-content\/uploads\/2025\/05\/hna1.jpg","contentUrl":"https:\/\/encompaniastj.org\/wp-content\/uploads\/2025\/05\/hna1.jpg","width":500,"height":281},{"@type":"BreadcrumbList","@id":"https:\/\/encompaniastj.org\/pt-pt\/cem-anos-de-vida-e-vida-abundante\/#breadcrumb","itemListElement":[{"@type":"ListItem","position":1,"name":"Portada","item":"https:\/\/encompaniastj.org\/pt-pt\/"},{"@type":"ListItem","position":2,"name":"Cem anos de vida e vida abundante"}]},{"@type":"WebSite","@id":"https:\/\/encompaniastj.org\/pt-pt\/#website","url":"https:\/\/encompaniastj.org\/pt-pt\/","name":"En Compa\u00f1\u00eda STJ","description":"Bolet\u00edn de la Compa\u00f1\u00eda de Santa Teresa de Jes\u00fas","publisher":{"@id":"https:\/\/encompaniastj.org\/pt-pt\/#organization"},"potentialAction":[{"@type":"SearchAction","target":{"@type":"EntryPoint","urlTemplate":"https:\/\/encompaniastj.org\/pt-pt\/?s={search_term_string}"},"query-input":{"@type":"PropertyValueSpecification","valueRequired":true,"valueName":"search_term_string"}}],"inLanguage":"pt-PT"},{"@type":"Organization","@id":"https:\/\/encompaniastj.org\/pt-pt\/#organization","name":"Compa\u00f1\u00eda de Santa Teresa de Jes\u00fas","url":"https:\/\/encompaniastj.org\/pt-pt\/","logo":{"@type":"ImageObject","inLanguage":"pt-PT","@id":"https:\/\/encompaniastj.org\/pt-pt\/#\/schema\/logo\/image\/","url":"https:\/\/encompaniastj.org\/wp-content\/uploads\/2025\/04\/logo_provincias02-1-3.png","contentUrl":"https:\/\/encompaniastj.org\/wp-content\/uploads\/2025\/04\/logo_provincias02-1-3.png","width":2368,"height":825,"caption":"Compa\u00f1\u00eda de Santa Teresa de Jes\u00fas"},"image":{"@id":"https:\/\/encompaniastj.org\/pt-pt\/#\/schema\/logo\/image\/"}},{"@type":"Person","@id":"https:\/\/encompaniastj.org\/pt-pt\/#\/schema\/person\/520e7ecc314793d40091993c2a02b651","name":"admin","image":{"@type":"ImageObject","inLanguage":"pt-PT","@id":"https:\/\/secure.gravatar.com\/avatar\/948b492cce32b586ac2db0eaa926ee87024f7afe218d73b397ea5ddfc5f43ea1?s=96&d=mm&r=g","url":"https:\/\/secure.gravatar.com\/avatar\/948b492cce32b586ac2db0eaa926ee87024f7afe218d73b397ea5ddfc5f43ea1?s=96&d=mm&r=g","contentUrl":"https:\/\/secure.gravatar.com\/avatar\/948b492cce32b586ac2db0eaa926ee87024f7afe218d73b397ea5ddfc5f43ea1?s=96&d=mm&r=g","caption":"admin"},"sameAs":["https:\/\/encompaniastj.org"],"url":"https:\/\/encompaniastj.org\/pt-pt\/author\/sjdigital\/"}]}},"_links":{"self":[{"href":"https:\/\/encompaniastj.org\/pt-pt\/wp-json\/wp\/v2\/posts\/10604","targetHints":{"allow":["GET"]}}],"collection":[{"href":"https:\/\/encompaniastj.org\/pt-pt\/wp-json\/wp\/v2\/posts"}],"about":[{"href":"https:\/\/encompaniastj.org\/pt-pt\/wp-json\/wp\/v2\/types\/post"}],"author":[{"embeddable":true,"href":"https:\/\/encompaniastj.org\/pt-pt\/wp-json\/wp\/v2\/users\/1"}],"replies":[{"embeddable":true,"href":"https:\/\/encompaniastj.org\/pt-pt\/wp-json\/wp\/v2\/comments?post=10604"}],"version-history":[{"count":1,"href":"https:\/\/encompaniastj.org\/pt-pt\/wp-json\/wp\/v2\/posts\/10604\/revisions"}],"predecessor-version":[{"id":10605,"href":"https:\/\/encompaniastj.org\/pt-pt\/wp-json\/wp\/v2\/posts\/10604\/revisions\/10605"}],"wp:featuredmedia":[{"embeddable":true,"href":"https:\/\/encompaniastj.org\/pt-pt\/wp-json\/wp\/v2\/media\/7728"}],"wp:attachment":[{"href":"https:\/\/encompaniastj.org\/pt-pt\/wp-json\/wp\/v2\/media?parent=10604"}],"wp:term":[{"taxonomy":"category","embeddable":true,"href":"https:\/\/encompaniastj.org\/pt-pt\/wp-json\/wp\/v2\/categories?post=10604"},{"taxonomy":"post_tag","embeddable":true,"href":"https:\/\/encompaniastj.org\/pt-pt\/wp-json\/wp\/v2\/tags?post=10604"}],"curies":[{"name":"wp","href":"https:\/\/api.w.org\/{rel}","templated":true}]}}