{"id":10600,"date":"2021-05-13T17:54:31","date_gmt":"2021-05-13T15:54:31","guid":{"rendered":"https:\/\/encompaniastj.org\/bodas-de-ouro-de-joana-rodriguez\/"},"modified":"2025-07-07T16:22:30","modified_gmt":"2025-07-07T14:22:30","slug":"bodas-de-ouro-de-joana-rodriguez","status":"publish","type":"post","link":"https:\/\/encompaniastj.org\/pt-pt\/bodas-de-ouro-de-joana-rodriguez\/","title":{"rendered":"BODAS de OURO de Joana Rodr\u00edguez"},"content":{"rendered":"<p>No dia 1 de maio, na comunidade de Mora de Toledo, celebr\u00e1mos a Festa de a\u00e7\u00e3o de gra\u00e7as pela fidelidade de Deus na vida da nossa irm\u00e3 Joana Rodr\u00edguez P\u00e9rez. Na v\u00e9spera, a comunidade uniu-se em ora\u00e7\u00e3o para agradecer a sua entrega e a de cada uma de n\u00f3s, chamadas \u00e0 Companhia. Na Eucaristia do s\u00e1bado, celebrada com os(as) familiares que todos os dias nos acompanham, cant\u00e1mos e rez\u00e1mos para que a vida de Joana, que celebra 50 anos de perten\u00e7a a esta Fam\u00edlia Religiosa, continue sendo fiel e permanecendo no Amor a Jesus para continuar \u201cconhecendo-O e amando-O e tornando-O conhecido e amado por todos\u201d. Foi um dia festivo e de dedica\u00e7\u00e3o por parte de todas para nos alegrarmos com o agradecimento e a presen\u00e7a.<\/p>\n<p>Ela mesma nos dedica estas palavras:<\/p>\n<p>\u201cN\u00e3o posso deixar de iniciar a minha partilha convosco, sen\u00e3o desta maneira\u2026 <strong>OBRIGADA<\/strong>! e OBRIGADA por formar parte da COMPANIA que me atraiu a si e na qual vivi e partilhei tanto do nosso <strong>carisma teresiano<\/strong> herdado de Teresa de Jesus e de Henrique de Oss\u00f3. Que riqueza \u201cSabermo-nos habitadas por dentro!\u201d, \u201cConhecer a Jesus e torn\u00e1-Lo conhecido e amado\u201d \u2026tudo para o servi\u00e7o do Reino.<\/p>\n<p>Hoje, 1 de maio del 2021, \u00e9 dia de manifestar o que foi recebido e renovar o que inicialmente foi uma decis\u00e3o, o resto <strong>\u2026\u201d O TEMPO E A GRA\u00c7A<\/strong>\u2026\u201d tornar\u00e3o poss\u00edvel gozar deste DOM \u201centregando o que sou e o que tenho para manter a mem\u00f3ria de Jesus\u201d - como expressamos na f\u00f3rmula dos nossos votos.<\/p>\n<p>A pedido da CONFER de Toledo para dar testemunho da minha voca\u00e7\u00e3o, na v\u00e9spera do dia de ora\u00e7\u00e3o pelas voca\u00e7\u00f5es, levou-me a acrescentar \u00e0 prepara\u00e7\u00e3o deste acontecimento, um momento importante, p\u00f4r em evid\u00eancia e por escrito o vivido, com uma vis\u00e3o retrospetiva dos in\u00edcios da minha voca\u00e7\u00e3o.<\/p>\n<p>A prepara\u00e7\u00e3o para este acontecimento foi purificando tantas recorda\u00e7\u00f5es, tantos passos do Senhor pela minha hist\u00f3ria, tantos encontros\u2026 para dizer uma vez mais, <strong>OBRIGADA!!!<\/strong><\/p>\n<p>Convosco posso dizer o que cant\u00e1vamos no in\u00edcio da Eucaristia de hoje: <strong>\u201cSOU de CRISTO, sou FELIZ, tem sentido a minha vida. Levo dentro o manancial, onde nasce MINHA ALEGRIA\u2026\u00a0 <\/strong><\/p>\n<p>Partilhar convosco leva-me a fortalecer os la\u00e7os de perten\u00e7a, de \u201cfam\u00edlia\u201d e a caminhar com Maria num novo caminho\u201d.<\/p>\n\n","protected":false},"excerpt":{"rendered":"<p>No dia 1 de maio, na comunidade de Mora de Toledo, celebr\u00e1mos a Festa de a\u00e7\u00e3o de gra\u00e7as pela fidelidade de Deus na vida da nossa irm\u00e3 Joana Rodr\u00edguez P\u00e9rez. [&hellip;]<\/p>\n","protected":false},"author":1,"featured_media":7725,"comment_status":"open","ping_status":"open","sticky":false,"template":"","format":"standard","meta":{"_acf_changed":false,"footnotes":""},"categories":[61,62,68],"tags":[],"class_list":["post-10600","post","type-post","status-publish","format-standard","has-post-thumbnail","hentry","category-noticias","category-otras","category-outras"],"acf":[],"yoast_head":"<!-- This site is optimized with the Yoast SEO plugin v27.5 - https:\/\/yoast.com\/product\/yoast-seo-wordpress\/ -->\n<title>BODAS de OURO de Joana Rodr\u00edguez - En Compa\u00f1\u00eda STJ<\/title>\n<meta name=\"robots\" content=\"index, follow, max-snippet:-1, max-image-preview:large, max-video-preview:-1\" \/>\n<link rel=\"canonical\" href=\"https:\/\/encompaniastj.org\/pt-pt\/bodas-de-ouro-de-joana-rodriguez\/\" \/>\n<meta property=\"og:locale\" content=\"pt_PT\" \/>\n<meta property=\"og:type\" content=\"article\" \/>\n<meta property=\"og:title\" content=\"BODAS de OURO de Joana Rodr\u00edguez - En Compa\u00f1\u00eda STJ\" \/>\n<meta property=\"og:description\" content=\"No dia 1 de maio, na comunidade de Mora de Toledo, celebr\u00e1mos a Festa de a\u00e7\u00e3o de gra\u00e7as pela fidelidade de Deus na vida da nossa irm\u00e3 Joana Rodr\u00edguez P\u00e9rez. [&hellip;]\" \/>\n<meta property=\"og:url\" content=\"https:\/\/encompaniastj.org\/pt-pt\/bodas-de-ouro-de-joana-rodriguez\/\" \/>\n<meta property=\"og:site_name\" content=\"En Compa\u00f1\u00eda STJ\" \/>\n<meta property=\"article:published_time\" content=\"2021-05-13T15:54:31+00:00\" \/>\n<meta property=\"article:modified_time\" content=\"2025-07-07T14:22:30+00:00\" \/>\n<meta property=\"og:image\" content=\"https:\/\/encompaniastj.org\/wp-content\/uploads\/2025\/05\/juana1.jpeg\" \/>\n\t<meta property=\"og:image:width\" content=\"500\" \/>\n\t<meta property=\"og:image:height\" content=\"419\" \/>\n\t<meta property=\"og:image:type\" content=\"image\/jpeg\" \/>\n<meta name=\"author\" content=\"admin\" \/>\n<meta name=\"twitter:card\" content=\"summary_large_image\" \/>\n<meta name=\"twitter:label1\" content=\"Escrito por\" \/>\n\t<meta name=\"twitter:data1\" content=\"admin\" \/>\n\t<meta name=\"twitter:label2\" content=\"Tempo estimado de leitura\" \/>\n\t<meta name=\"twitter:data2\" content=\"2 minutos\" \/>\n<script type=\"application\/ld+json\" class=\"yoast-schema-graph\">{\"@context\":\"https:\\\/\\\/schema.org\",\"@graph\":[{\"@type\":\"Article\",\"@id\":\"https:\\\/\\\/encompaniastj.org\\\/pt-pt\\\/bodas-de-ouro-de-joana-rodriguez\\\/#article\",\"isPartOf\":{\"@id\":\"https:\\\/\\\/encompaniastj.org\\\/pt-pt\\\/bodas-de-ouro-de-joana-rodriguez\\\/\"},\"author\":{\"name\":\"admin\",\"@id\":\"https:\\\/\\\/encompaniastj.org\\\/pt-pt\\\/#\\\/schema\\\/person\\\/520e7ecc314793d40091993c2a02b651\"},\"headline\":\"BODAS de OURO de Joana Rodr\u00edguez\",\"datePublished\":\"2021-05-13T15:54:31+00:00\",\"dateModified\":\"2025-07-07T14:22:30+00:00\",\"mainEntityOfPage\":{\"@id\":\"https:\\\/\\\/encompaniastj.org\\\/pt-pt\\\/bodas-de-ouro-de-joana-rodriguez\\\/\"},\"wordCount\":480,\"commentCount\":0,\"publisher\":{\"@id\":\"https:\\\/\\\/encompaniastj.org\\\/pt-pt\\\/#organization\"},\"image\":{\"@id\":\"https:\\\/\\\/encompaniastj.org\\\/pt-pt\\\/bodas-de-ouro-de-joana-rodriguez\\\/#primaryimage\"},\"thumbnailUrl\":\"https:\\\/\\\/encompaniastj.org\\\/wp-content\\\/uploads\\\/2025\\\/05\\\/juana1.jpeg\",\"articleSection\":[\"Noticias\",\"Otras\",\"Outras\"],\"inLanguage\":\"pt-PT\",\"potentialAction\":[{\"@type\":\"CommentAction\",\"name\":\"Comment\",\"target\":[\"https:\\\/\\\/encompaniastj.org\\\/pt-pt\\\/bodas-de-ouro-de-joana-rodriguez\\\/#respond\"]}]},{\"@type\":\"WebPage\",\"@id\":\"https:\\\/\\\/encompaniastj.org\\\/pt-pt\\\/bodas-de-ouro-de-joana-rodriguez\\\/\",\"url\":\"https:\\\/\\\/encompaniastj.org\\\/pt-pt\\\/bodas-de-ouro-de-joana-rodriguez\\\/\",\"name\":\"BODAS de OURO de Joana Rodr\u00edguez - En Compa\u00f1\u00eda STJ\",\"isPartOf\":{\"@id\":\"https:\\\/\\\/encompaniastj.org\\\/pt-pt\\\/#website\"},\"primaryImageOfPage\":{\"@id\":\"https:\\\/\\\/encompaniastj.org\\\/pt-pt\\\/bodas-de-ouro-de-joana-rodriguez\\\/#primaryimage\"},\"image\":{\"@id\":\"https:\\\/\\\/encompaniastj.org\\\/pt-pt\\\/bodas-de-ouro-de-joana-rodriguez\\\/#primaryimage\"},\"thumbnailUrl\":\"https:\\\/\\\/encompaniastj.org\\\/wp-content\\\/uploads\\\/2025\\\/05\\\/juana1.jpeg\",\"datePublished\":\"2021-05-13T15:54:31+00:00\",\"dateModified\":\"2025-07-07T14:22:30+00:00\",\"breadcrumb\":{\"@id\":\"https:\\\/\\\/encompaniastj.org\\\/pt-pt\\\/bodas-de-ouro-de-joana-rodriguez\\\/#breadcrumb\"},\"inLanguage\":\"pt-PT\",\"potentialAction\":[{\"@type\":\"ReadAction\",\"target\":[\"https:\\\/\\\/encompaniastj.org\\\/pt-pt\\\/bodas-de-ouro-de-joana-rodriguez\\\/\"]}]},{\"@type\":\"ImageObject\",\"inLanguage\":\"pt-PT\",\"@id\":\"https:\\\/\\\/encompaniastj.org\\\/pt-pt\\\/bodas-de-ouro-de-joana-rodriguez\\\/#primaryimage\",\"url\":\"https:\\\/\\\/encompaniastj.org\\\/wp-content\\\/uploads\\\/2025\\\/05\\\/juana1.jpeg\",\"contentUrl\":\"https:\\\/\\\/encompaniastj.org\\\/wp-content\\\/uploads\\\/2025\\\/05\\\/juana1.jpeg\",\"width\":500,\"height\":419},{\"@type\":\"BreadcrumbList\",\"@id\":\"https:\\\/\\\/encompaniastj.org\\\/pt-pt\\\/bodas-de-ouro-de-joana-rodriguez\\\/#breadcrumb\",\"itemListElement\":[{\"@type\":\"ListItem\",\"position\":1,\"name\":\"Portada\",\"item\":\"https:\\\/\\\/encompaniastj.org\\\/pt-pt\\\/\"},{\"@type\":\"ListItem\",\"position\":2,\"name\":\"BODAS de OURO de Joana Rodr\u00edguez\"}]},{\"@type\":\"WebSite\",\"@id\":\"https:\\\/\\\/encompaniastj.org\\\/pt-pt\\\/#website\",\"url\":\"https:\\\/\\\/encompaniastj.org\\\/pt-pt\\\/\",\"name\":\"En Compa\u00f1\u00eda STJ\",\"description\":\"Bolet\u00edn de la Compa\u00f1\u00eda de Santa Teresa de Jes\u00fas\",\"publisher\":{\"@id\":\"https:\\\/\\\/encompaniastj.org\\\/pt-pt\\\/#organization\"},\"potentialAction\":[{\"@type\":\"SearchAction\",\"target\":{\"@type\":\"EntryPoint\",\"urlTemplate\":\"https:\\\/\\\/encompaniastj.org\\\/pt-pt\\\/?s={search_term_string}\"},\"query-input\":{\"@type\":\"PropertyValueSpecification\",\"valueRequired\":true,\"valueName\":\"search_term_string\"}}],\"inLanguage\":\"pt-PT\"},{\"@type\":\"Organization\",\"@id\":\"https:\\\/\\\/encompaniastj.org\\\/pt-pt\\\/#organization\",\"name\":\"Compa\u00f1\u00eda de Santa Teresa de Jes\u00fas\",\"url\":\"https:\\\/\\\/encompaniastj.org\\\/pt-pt\\\/\",\"logo\":{\"@type\":\"ImageObject\",\"inLanguage\":\"pt-PT\",\"@id\":\"https:\\\/\\\/encompaniastj.org\\\/pt-pt\\\/#\\\/schema\\\/logo\\\/image\\\/\",\"url\":\"https:\\\/\\\/encompaniastj.org\\\/wp-content\\\/uploads\\\/2025\\\/04\\\/logo_provincias02-1-3.png\",\"contentUrl\":\"https:\\\/\\\/encompaniastj.org\\\/wp-content\\\/uploads\\\/2025\\\/04\\\/logo_provincias02-1-3.png\",\"width\":2368,\"height\":825,\"caption\":\"Compa\u00f1\u00eda de Santa Teresa de Jes\u00fas\"},\"image\":{\"@id\":\"https:\\\/\\\/encompaniastj.org\\\/pt-pt\\\/#\\\/schema\\\/logo\\\/image\\\/\"}},{\"@type\":\"Person\",\"@id\":\"https:\\\/\\\/encompaniastj.org\\\/pt-pt\\\/#\\\/schema\\\/person\\\/520e7ecc314793d40091993c2a02b651\",\"name\":\"admin\",\"image\":{\"@type\":\"ImageObject\",\"inLanguage\":\"pt-PT\",\"@id\":\"https:\\\/\\\/secure.gravatar.com\\\/avatar\\\/948b492cce32b586ac2db0eaa926ee87024f7afe218d73b397ea5ddfc5f43ea1?s=96&d=mm&r=g\",\"url\":\"https:\\\/\\\/secure.gravatar.com\\\/avatar\\\/948b492cce32b586ac2db0eaa926ee87024f7afe218d73b397ea5ddfc5f43ea1?s=96&d=mm&r=g\",\"contentUrl\":\"https:\\\/\\\/secure.gravatar.com\\\/avatar\\\/948b492cce32b586ac2db0eaa926ee87024f7afe218d73b397ea5ddfc5f43ea1?s=96&d=mm&r=g\",\"caption\":\"admin\"},\"sameAs\":[\"https:\\\/\\\/encompaniastj.org\"],\"url\":\"https:\\\/\\\/encompaniastj.org\\\/pt-pt\\\/author\\\/sjdigital\\\/\"}]}<\/script>\n<!-- \/ Yoast SEO plugin. -->","yoast_head_json":{"title":"BODAS de OURO de Joana Rodr\u00edguez - En Compa\u00f1\u00eda STJ","robots":{"index":"index","follow":"follow","max-snippet":"max-snippet:-1","max-image-preview":"max-image-preview:large","max-video-preview":"max-video-preview:-1"},"canonical":"https:\/\/encompaniastj.org\/pt-pt\/bodas-de-ouro-de-joana-rodriguez\/","og_locale":"pt_PT","og_type":"article","og_title":"BODAS de OURO de Joana Rodr\u00edguez - En Compa\u00f1\u00eda STJ","og_description":"No dia 1 de maio, na comunidade de Mora de Toledo, celebr\u00e1mos a Festa de a\u00e7\u00e3o de gra\u00e7as pela fidelidade de Deus na vida da nossa irm\u00e3 Joana Rodr\u00edguez P\u00e9rez. [&hellip;]","og_url":"https:\/\/encompaniastj.org\/pt-pt\/bodas-de-ouro-de-joana-rodriguez\/","og_site_name":"En Compa\u00f1\u00eda STJ","article_published_time":"2021-05-13T15:54:31+00:00","article_modified_time":"2025-07-07T14:22:30+00:00","og_image":[{"width":500,"height":419,"url":"https:\/\/encompaniastj.org\/wp-content\/uploads\/2025\/05\/juana1.jpeg","type":"image\/jpeg"}],"author":"admin","twitter_card":"summary_large_image","twitter_misc":{"Escrito por":"admin","Tempo estimado de leitura":"2 minutos"},"schema":{"@context":"https:\/\/schema.org","@graph":[{"@type":"Article","@id":"https:\/\/encompaniastj.org\/pt-pt\/bodas-de-ouro-de-joana-rodriguez\/#article","isPartOf":{"@id":"https:\/\/encompaniastj.org\/pt-pt\/bodas-de-ouro-de-joana-rodriguez\/"},"author":{"name":"admin","@id":"https:\/\/encompaniastj.org\/pt-pt\/#\/schema\/person\/520e7ecc314793d40091993c2a02b651"},"headline":"BODAS de OURO de Joana Rodr\u00edguez","datePublished":"2021-05-13T15:54:31+00:00","dateModified":"2025-07-07T14:22:30+00:00","mainEntityOfPage":{"@id":"https:\/\/encompaniastj.org\/pt-pt\/bodas-de-ouro-de-joana-rodriguez\/"},"wordCount":480,"commentCount":0,"publisher":{"@id":"https:\/\/encompaniastj.org\/pt-pt\/#organization"},"image":{"@id":"https:\/\/encompaniastj.org\/pt-pt\/bodas-de-ouro-de-joana-rodriguez\/#primaryimage"},"thumbnailUrl":"https:\/\/encompaniastj.org\/wp-content\/uploads\/2025\/05\/juana1.jpeg","articleSection":["Noticias","Otras","Outras"],"inLanguage":"pt-PT","potentialAction":[{"@type":"CommentAction","name":"Comment","target":["https:\/\/encompaniastj.org\/pt-pt\/bodas-de-ouro-de-joana-rodriguez\/#respond"]}]},{"@type":"WebPage","@id":"https:\/\/encompaniastj.org\/pt-pt\/bodas-de-ouro-de-joana-rodriguez\/","url":"https:\/\/encompaniastj.org\/pt-pt\/bodas-de-ouro-de-joana-rodriguez\/","name":"BODAS de OURO de Joana Rodr\u00edguez - En Compa\u00f1\u00eda STJ","isPartOf":{"@id":"https:\/\/encompaniastj.org\/pt-pt\/#website"},"primaryImageOfPage":{"@id":"https:\/\/encompaniastj.org\/pt-pt\/bodas-de-ouro-de-joana-rodriguez\/#primaryimage"},"image":{"@id":"https:\/\/encompaniastj.org\/pt-pt\/bodas-de-ouro-de-joana-rodriguez\/#primaryimage"},"thumbnailUrl":"https:\/\/encompaniastj.org\/wp-content\/uploads\/2025\/05\/juana1.jpeg","datePublished":"2021-05-13T15:54:31+00:00","dateModified":"2025-07-07T14:22:30+00:00","breadcrumb":{"@id":"https:\/\/encompaniastj.org\/pt-pt\/bodas-de-ouro-de-joana-rodriguez\/#breadcrumb"},"inLanguage":"pt-PT","potentialAction":[{"@type":"ReadAction","target":["https:\/\/encompaniastj.org\/pt-pt\/bodas-de-ouro-de-joana-rodriguez\/"]}]},{"@type":"ImageObject","inLanguage":"pt-PT","@id":"https:\/\/encompaniastj.org\/pt-pt\/bodas-de-ouro-de-joana-rodriguez\/#primaryimage","url":"https:\/\/encompaniastj.org\/wp-content\/uploads\/2025\/05\/juana1.jpeg","contentUrl":"https:\/\/encompaniastj.org\/wp-content\/uploads\/2025\/05\/juana1.jpeg","width":500,"height":419},{"@type":"BreadcrumbList","@id":"https:\/\/encompaniastj.org\/pt-pt\/bodas-de-ouro-de-joana-rodriguez\/#breadcrumb","itemListElement":[{"@type":"ListItem","position":1,"name":"Portada","item":"https:\/\/encompaniastj.org\/pt-pt\/"},{"@type":"ListItem","position":2,"name":"BODAS de OURO de Joana Rodr\u00edguez"}]},{"@type":"WebSite","@id":"https:\/\/encompaniastj.org\/pt-pt\/#website","url":"https:\/\/encompaniastj.org\/pt-pt\/","name":"En Compa\u00f1\u00eda STJ","description":"Bolet\u00edn de la Compa\u00f1\u00eda de Santa Teresa de Jes\u00fas","publisher":{"@id":"https:\/\/encompaniastj.org\/pt-pt\/#organization"},"potentialAction":[{"@type":"SearchAction","target":{"@type":"EntryPoint","urlTemplate":"https:\/\/encompaniastj.org\/pt-pt\/?s={search_term_string}"},"query-input":{"@type":"PropertyValueSpecification","valueRequired":true,"valueName":"search_term_string"}}],"inLanguage":"pt-PT"},{"@type":"Organization","@id":"https:\/\/encompaniastj.org\/pt-pt\/#organization","name":"Compa\u00f1\u00eda de Santa Teresa de Jes\u00fas","url":"https:\/\/encompaniastj.org\/pt-pt\/","logo":{"@type":"ImageObject","inLanguage":"pt-PT","@id":"https:\/\/encompaniastj.org\/pt-pt\/#\/schema\/logo\/image\/","url":"https:\/\/encompaniastj.org\/wp-content\/uploads\/2025\/04\/logo_provincias02-1-3.png","contentUrl":"https:\/\/encompaniastj.org\/wp-content\/uploads\/2025\/04\/logo_provincias02-1-3.png","width":2368,"height":825,"caption":"Compa\u00f1\u00eda de Santa Teresa de Jes\u00fas"},"image":{"@id":"https:\/\/encompaniastj.org\/pt-pt\/#\/schema\/logo\/image\/"}},{"@type":"Person","@id":"https:\/\/encompaniastj.org\/pt-pt\/#\/schema\/person\/520e7ecc314793d40091993c2a02b651","name":"admin","image":{"@type":"ImageObject","inLanguage":"pt-PT","@id":"https:\/\/secure.gravatar.com\/avatar\/948b492cce32b586ac2db0eaa926ee87024f7afe218d73b397ea5ddfc5f43ea1?s=96&d=mm&r=g","url":"https:\/\/secure.gravatar.com\/avatar\/948b492cce32b586ac2db0eaa926ee87024f7afe218d73b397ea5ddfc5f43ea1?s=96&d=mm&r=g","contentUrl":"https:\/\/secure.gravatar.com\/avatar\/948b492cce32b586ac2db0eaa926ee87024f7afe218d73b397ea5ddfc5f43ea1?s=96&d=mm&r=g","caption":"admin"},"sameAs":["https:\/\/encompaniastj.org"],"url":"https:\/\/encompaniastj.org\/pt-pt\/author\/sjdigital\/"}]}},"_links":{"self":[{"href":"https:\/\/encompaniastj.org\/pt-pt\/wp-json\/wp\/v2\/posts\/10600","targetHints":{"allow":["GET"]}}],"collection":[{"href":"https:\/\/encompaniastj.org\/pt-pt\/wp-json\/wp\/v2\/posts"}],"about":[{"href":"https:\/\/encompaniastj.org\/pt-pt\/wp-json\/wp\/v2\/types\/post"}],"author":[{"embeddable":true,"href":"https:\/\/encompaniastj.org\/pt-pt\/wp-json\/wp\/v2\/users\/1"}],"replies":[{"embeddable":true,"href":"https:\/\/encompaniastj.org\/pt-pt\/wp-json\/wp\/v2\/comments?post=10600"}],"version-history":[{"count":1,"href":"https:\/\/encompaniastj.org\/pt-pt\/wp-json\/wp\/v2\/posts\/10600\/revisions"}],"predecessor-version":[{"id":10601,"href":"https:\/\/encompaniastj.org\/pt-pt\/wp-json\/wp\/v2\/posts\/10600\/revisions\/10601"}],"wp:featuredmedia":[{"embeddable":true,"href":"https:\/\/encompaniastj.org\/pt-pt\/wp-json\/wp\/v2\/media\/7725"}],"wp:attachment":[{"href":"https:\/\/encompaniastj.org\/pt-pt\/wp-json\/wp\/v2\/media?parent=10600"}],"wp:term":[{"taxonomy":"category","embeddable":true,"href":"https:\/\/encompaniastj.org\/pt-pt\/wp-json\/wp\/v2\/categories?post=10600"},{"taxonomy":"post_tag","embeddable":true,"href":"https:\/\/encompaniastj.org\/pt-pt\/wp-json\/wp\/v2\/tags?post=10600"}],"curies":[{"name":"wp","href":"https:\/\/api.w.org\/{rel}","templated":true}]}}