{"id":10568,"date":"2021-04-25T17:46:35","date_gmt":"2021-04-25T15:46:35","guid":{"rendered":"https:\/\/encompaniastj.org\/sempre-se-entende\/"},"modified":"2025-07-07T16:22:28","modified_gmt":"2025-07-07T14:22:28","slug":"sempre-se-entende","status":"publish","type":"post","link":"https:\/\/encompaniastj.org\/pt-pt\/sempre-se-entende\/","title":{"rendered":"SEMPRE SE ENTENDE"},"content":{"rendered":"\n<p>Que tempo cheio de vida no qual a natureza se mostra generosa em sinais de novidade e de esperan\u00e7a! Com um ritmo tranquilo as sementes n\u00e3o param de desabrochar nem a seiva de alimentar o crescimento silencioso e esperan\u00e7oso. Nesse ritmo vivemos mais uma P\u00e1scoa em pandemia e confinamento, unindo-nos ao mesmo ritmo tranquilo e \u00e0 promessa de vida e esperan\u00e7a que sonhamos para o futuro e o presente j\u00e1 vai sendo o que \u00e9 poss\u00edvel.<\/p>\n\n\n\n<p>Teresa de Jesus fala desses sinais de vida quando no ritmo quotidiano - diz ela <em>nas ocasi\u00f5es e n\u00e3o nos cantos<\/em> - aparece o concreto do amor, que <strong>sempre se entende<\/strong> e n\u00e3o se pode esconder ... como aqueles rebentos de vida. <em>Esconder-se?<\/em> Ela tamb\u00e9m diz<em>, se for mesmo amor, \u00e9 imposs\u00edvel<\/em>! <em>Se for pouco, d\u00e1-se a entender pouco; e se for muito, muito; mais pouco ou muito, se houver amor de Deus<\/em>, <strong>sempre se entende<\/strong><a href=\"#_ftn1\"><em><strong>[1]<\/strong><\/em><\/a><em>.<\/em><\/p>\n\n\n\n<p><em>Na natureza os sinais s\u00e3o o crescimento, a luz e a cor, a plenitude dos frutos, a harmonia ... os efeitos e os ganhos muito grandes, diz Teresa, s\u00e3o as virtudes, a f\u00e9 viva, a liberdade e que o amor desperta ... H\u00e1 sinais que os cegos parecem ver; eles n\u00e3o s\u00e3o secretos; Mesmo que n\u00e3o queirais entend\u00ea-los, eles gritam e fazem muito barulho: eles amam tudo o que \u00e9 bom, tudo o que \u00e9 \u00a0bom eles querem, tudo o que \u00e9 bom eles favorecem, louvam \u00a0tudo o que \u00e9 bom, juntam-se sempre com os bons e favorece-nos e defendem-nos. Eles n\u00e3o amam sen\u00e3o da al\u00e9m a verdade e algo que valha a pena amar.<\/em> <em>Al\u00e9m disso, fica feliz em receber uma oferta para demonstrar amor e coloca sua vida para entender como lhe agradar\u00e1 mais<\/em> <a href=\"#_ftn2\"><em><strong>[2]<\/strong><\/em><\/a><em>.<\/em><\/p>\n\n\n\n<p>Com tanto recebido, como n\u00e3o nos interrogamos sobre esses sinais, como nos diz o Papa Francisco: <em>Eu, que tantas vezes recebi a paz de Deus, o seu perd\u00e3o, a sua miseric\u00f3rdia, sou misericordioso para com os outros? Eu, que tantas vezes me alimentei com seu Corpo, o que fa\u00e7o para alimentar os pobres? N\u00e3o permane\u00e7amos indiferentes. N\u00e3o vivamos uma f\u00e9 a meias, que recebe, mas n\u00e3o d\u00e1, que acolhe o dom, mas n\u00e3o se torna dom. Recebemos miseric\u00f3rdia, sejamos misericordiosos. Porque se o amor acaba em n\u00f3s mesmos, a f\u00e9 se esgota em uma intimidade est\u00e9ril <\/em><a href=\"#_ftn3\"><em><strong>[3]<\/strong><\/em><\/a><em>.<\/em><\/p>\n\n\n\n<p>O amor que recebemos traz o dinamismo da vida que cresce e nos chama a sair a esse <em>mais al\u00e9m<\/em> do amor ao qual o Papa nos convida na sua proposta de um modo de vida com sabor a <em>Evangelho<\/em><a href=\"#_ftn4\"><em><strong>[4]<\/strong><\/em><\/a>: <em>mais al\u00e9m das barreiras da geografia e do espa\u00e7o <\/em>... <em>mais al\u00e9m da proximidade f\u00edsica, al\u00e9m das fronteiras que cri\u00e1mos, mais al\u00e9m da origem, cor ou religi\u00e3o ... al\u00e9m das rea\u00e7\u00f5es prim\u00e1rias, mais al\u00e9m do conforto pessoal, das pequenas seguran\u00e7as e compensa\u00e7\u00f5es que estreitam o horizonte, al\u00e9m do pr\u00f3prio grupo, mais al\u00e9m das apar\u00eancias, mais al\u00e9m dos pr\u00f3prios limites, mais al\u00e9m diferen\u00e7as ... mais al\u00e9m das boas inten\u00e7\u00f5es, mais al\u00e9m das conveni\u00eancias pessoais, mais al\u00e9m das necessidades circunstanciais ...<\/em><\/p>\n\n\n\n<p>Quem nos diz, <em>olhai as minhas m\u00e3os e os meus p\u00e9s<\/em> - provas e sinais de vida - est\u00e1 presente em quem hoje sofre as feridas da morte, nesse <em>mais al\u00e9m do amor<\/em> que me espera onde estou hoje. Onde n\u00e3o vamos sozinhos, porque sempre nos acompanha, o seu <em>Eu vos envio<\/em>, <em>levai a minha paz,<\/em> <em>curai,<\/em> <em>estou convosco todos os dias<\/em> ... Os sinais alertam-nos de onde e como estou, porque <em>o amor n\u00e3o se dissimula<\/em><a href=\"#_ftn5\"><em><strong>[5]<\/strong><\/em><\/a><em>.<\/em>. <strong>Sempre se entende.<\/strong><\/p>\n\n\n<hr class=\"wp-block-separator\" \/>\n\n\n<p><a href=\"#_ftnref1\">[1]<\/a> Teresa de Jes\u00fas, <em>Caminho de Perfei\u00e7\u00e3o n<\/em> 40,3.<\/p>\n\n\n\n<p><a href=\"#_ftnref2\">[2]<\/a> CP 40, 2-3<\/p>\n\n\n\n<p><a href=\"#_ftnref3\">[3]<\/a> Papa Francisco. <em>Homilia<\/em> 11 de abril de 2021<\/p>\n\n\n\n<p><a href=\"#_ftnref4\">[4]<\/a> Papa Francisco. <em>Fratelli tutti<\/em><\/p>\n\n\n\n<p><a href=\"#_ftnref5\">[5]<\/a> CP 41,1<\/p>\n","protected":false},"excerpt":{"rendered":"<p>Que tempo cheio de vida no qual a natureza se mostra generosa em sinais de novidade e de esperan\u00e7a! Com um ritmo tranquilo as sementes n\u00e3o param de desabrochar nem [&hellip;]<\/p>\n","protected":false},"author":1,"featured_media":7710,"comment_status":"open","ping_status":"open","sticky":false,"template":"","format":"standard","meta":{"_acf_changed":false,"footnotes":""},"categories":[77],"tags":[],"class_list":["post-10568","post","type-post","status-publish","format-standard","has-post-thumbnail","hentry","category-palabras"],"acf":[],"yoast_head":"<!-- This site is optimized with the Yoast SEO plugin v27.5 - https:\/\/yoast.com\/product\/yoast-seo-wordpress\/ -->\n<title>SEMPRE SE ENTENDE - En Compa\u00f1\u00eda STJ<\/title>\n<meta name=\"robots\" content=\"index, follow, max-snippet:-1, max-image-preview:large, max-video-preview:-1\" \/>\n<link rel=\"canonical\" href=\"https:\/\/encompaniastj.org\/pt-pt\/sempre-se-entende\/\" \/>\n<meta property=\"og:locale\" content=\"pt_PT\" \/>\n<meta property=\"og:type\" content=\"article\" \/>\n<meta property=\"og:title\" content=\"SEMPRE SE ENTENDE - En Compa\u00f1\u00eda STJ\" \/>\n<meta property=\"og:description\" content=\"Que tempo cheio de vida no qual a natureza se mostra generosa em sinais de novidade e de esperan\u00e7a! Com um ritmo tranquilo as sementes n\u00e3o param de desabrochar nem [&hellip;]\" \/>\n<meta property=\"og:url\" content=\"https:\/\/encompaniastj.org\/pt-pt\/sempre-se-entende\/\" \/>\n<meta property=\"og:site_name\" content=\"En Compa\u00f1\u00eda STJ\" \/>\n<meta property=\"article:published_time\" content=\"2021-04-25T15:46:35+00:00\" \/>\n<meta property=\"article:modified_time\" content=\"2025-07-07T14:22:28+00:00\" \/>\n<meta property=\"og:image\" content=\"https:\/\/encompaniastj.org\/wp-content\/uploads\/2025\/05\/GRANADITA.jpg\" \/>\n\t<meta property=\"og:image:width\" content=\"500\" \/>\n\t<meta property=\"og:image:height\" content=\"453\" \/>\n\t<meta property=\"og:image:type\" content=\"image\/jpeg\" \/>\n<meta name=\"author\" content=\"admin\" \/>\n<meta name=\"twitter:card\" content=\"summary_large_image\" \/>\n<meta name=\"twitter:label1\" content=\"Escrito por\" \/>\n\t<meta name=\"twitter:data1\" content=\"admin\" \/>\n\t<meta name=\"twitter:label2\" content=\"Tempo estimado de leitura\" \/>\n\t<meta name=\"twitter:data2\" content=\"3 minutos\" \/>\n<script type=\"application\/ld+json\" class=\"yoast-schema-graph\">{\"@context\":\"https:\\\/\\\/schema.org\",\"@graph\":[{\"@type\":\"Article\",\"@id\":\"https:\\\/\\\/encompaniastj.org\\\/pt-pt\\\/sempre-se-entende\\\/#article\",\"isPartOf\":{\"@id\":\"https:\\\/\\\/encompaniastj.org\\\/pt-pt\\\/sempre-se-entende\\\/\"},\"author\":{\"name\":\"admin\",\"@id\":\"https:\\\/\\\/encompaniastj.org\\\/pt-pt\\\/#\\\/schema\\\/person\\\/520e7ecc314793d40091993c2a02b651\"},\"headline\":\"SEMPRE SE ENTENDE\",\"datePublished\":\"2021-04-25T15:46:35+00:00\",\"dateModified\":\"2025-07-07T14:22:28+00:00\",\"mainEntityOfPage\":{\"@id\":\"https:\\\/\\\/encompaniastj.org\\\/pt-pt\\\/sempre-se-entende\\\/\"},\"wordCount\":660,\"commentCount\":0,\"publisher\":{\"@id\":\"https:\\\/\\\/encompaniastj.org\\\/pt-pt\\\/#organization\"},\"image\":{\"@id\":\"https:\\\/\\\/encompaniastj.org\\\/pt-pt\\\/sempre-se-entende\\\/#primaryimage\"},\"thumbnailUrl\":\"https:\\\/\\\/encompaniastj.org\\\/wp-content\\\/uploads\\\/2025\\\/05\\\/GRANADITA.jpg\",\"articleSection\":[\"Palabras\"],\"inLanguage\":\"pt-PT\",\"potentialAction\":[{\"@type\":\"CommentAction\",\"name\":\"Comment\",\"target\":[\"https:\\\/\\\/encompaniastj.org\\\/pt-pt\\\/sempre-se-entende\\\/#respond\"]}]},{\"@type\":\"WebPage\",\"@id\":\"https:\\\/\\\/encompaniastj.org\\\/pt-pt\\\/sempre-se-entende\\\/\",\"url\":\"https:\\\/\\\/encompaniastj.org\\\/pt-pt\\\/sempre-se-entende\\\/\",\"name\":\"SEMPRE SE ENTENDE - En Compa\u00f1\u00eda STJ\",\"isPartOf\":{\"@id\":\"https:\\\/\\\/encompaniastj.org\\\/pt-pt\\\/#website\"},\"primaryImageOfPage\":{\"@id\":\"https:\\\/\\\/encompaniastj.org\\\/pt-pt\\\/sempre-se-entende\\\/#primaryimage\"},\"image\":{\"@id\":\"https:\\\/\\\/encompaniastj.org\\\/pt-pt\\\/sempre-se-entende\\\/#primaryimage\"},\"thumbnailUrl\":\"https:\\\/\\\/encompaniastj.org\\\/wp-content\\\/uploads\\\/2025\\\/05\\\/GRANADITA.jpg\",\"datePublished\":\"2021-04-25T15:46:35+00:00\",\"dateModified\":\"2025-07-07T14:22:28+00:00\",\"breadcrumb\":{\"@id\":\"https:\\\/\\\/encompaniastj.org\\\/pt-pt\\\/sempre-se-entende\\\/#breadcrumb\"},\"inLanguage\":\"pt-PT\",\"potentialAction\":[{\"@type\":\"ReadAction\",\"target\":[\"https:\\\/\\\/encompaniastj.org\\\/pt-pt\\\/sempre-se-entende\\\/\"]}]},{\"@type\":\"ImageObject\",\"inLanguage\":\"pt-PT\",\"@id\":\"https:\\\/\\\/encompaniastj.org\\\/pt-pt\\\/sempre-se-entende\\\/#primaryimage\",\"url\":\"https:\\\/\\\/encompaniastj.org\\\/wp-content\\\/uploads\\\/2025\\\/05\\\/GRANADITA.jpg\",\"contentUrl\":\"https:\\\/\\\/encompaniastj.org\\\/wp-content\\\/uploads\\\/2025\\\/05\\\/GRANADITA.jpg\",\"width\":500,\"height\":453},{\"@type\":\"BreadcrumbList\",\"@id\":\"https:\\\/\\\/encompaniastj.org\\\/pt-pt\\\/sempre-se-entende\\\/#breadcrumb\",\"itemListElement\":[{\"@type\":\"ListItem\",\"position\":1,\"name\":\"Portada\",\"item\":\"https:\\\/\\\/encompaniastj.org\\\/pt-pt\\\/\"},{\"@type\":\"ListItem\",\"position\":2,\"name\":\"SEMPRE SE ENTENDE\"}]},{\"@type\":\"WebSite\",\"@id\":\"https:\\\/\\\/encompaniastj.org\\\/pt-pt\\\/#website\",\"url\":\"https:\\\/\\\/encompaniastj.org\\\/pt-pt\\\/\",\"name\":\"En Compa\u00f1\u00eda STJ\",\"description\":\"Bolet\u00edn de la Compa\u00f1\u00eda de Santa Teresa de Jes\u00fas\",\"publisher\":{\"@id\":\"https:\\\/\\\/encompaniastj.org\\\/pt-pt\\\/#organization\"},\"potentialAction\":[{\"@type\":\"SearchAction\",\"target\":{\"@type\":\"EntryPoint\",\"urlTemplate\":\"https:\\\/\\\/encompaniastj.org\\\/pt-pt\\\/?s={search_term_string}\"},\"query-input\":{\"@type\":\"PropertyValueSpecification\",\"valueRequired\":true,\"valueName\":\"search_term_string\"}}],\"inLanguage\":\"pt-PT\"},{\"@type\":\"Organization\",\"@id\":\"https:\\\/\\\/encompaniastj.org\\\/pt-pt\\\/#organization\",\"name\":\"Compa\u00f1\u00eda de Santa Teresa de Jes\u00fas\",\"url\":\"https:\\\/\\\/encompaniastj.org\\\/pt-pt\\\/\",\"logo\":{\"@type\":\"ImageObject\",\"inLanguage\":\"pt-PT\",\"@id\":\"https:\\\/\\\/encompaniastj.org\\\/pt-pt\\\/#\\\/schema\\\/logo\\\/image\\\/\",\"url\":\"https:\\\/\\\/encompaniastj.org\\\/wp-content\\\/uploads\\\/2025\\\/04\\\/logo_provincias02-1-3.png\",\"contentUrl\":\"https:\\\/\\\/encompaniastj.org\\\/wp-content\\\/uploads\\\/2025\\\/04\\\/logo_provincias02-1-3.png\",\"width\":2368,\"height\":825,\"caption\":\"Compa\u00f1\u00eda de Santa Teresa de Jes\u00fas\"},\"image\":{\"@id\":\"https:\\\/\\\/encompaniastj.org\\\/pt-pt\\\/#\\\/schema\\\/logo\\\/image\\\/\"}},{\"@type\":\"Person\",\"@id\":\"https:\\\/\\\/encompaniastj.org\\\/pt-pt\\\/#\\\/schema\\\/person\\\/520e7ecc314793d40091993c2a02b651\",\"name\":\"admin\",\"image\":{\"@type\":\"ImageObject\",\"inLanguage\":\"pt-PT\",\"@id\":\"https:\\\/\\\/secure.gravatar.com\\\/avatar\\\/948b492cce32b586ac2db0eaa926ee87024f7afe218d73b397ea5ddfc5f43ea1?s=96&d=mm&r=g\",\"url\":\"https:\\\/\\\/secure.gravatar.com\\\/avatar\\\/948b492cce32b586ac2db0eaa926ee87024f7afe218d73b397ea5ddfc5f43ea1?s=96&d=mm&r=g\",\"contentUrl\":\"https:\\\/\\\/secure.gravatar.com\\\/avatar\\\/948b492cce32b586ac2db0eaa926ee87024f7afe218d73b397ea5ddfc5f43ea1?s=96&d=mm&r=g\",\"caption\":\"admin\"},\"sameAs\":[\"https:\\\/\\\/encompaniastj.org\"],\"url\":\"https:\\\/\\\/encompaniastj.org\\\/pt-pt\\\/author\\\/sjdigital\\\/\"}]}<\/script>\n<!-- \/ Yoast SEO plugin. -->","yoast_head_json":{"title":"SEMPRE SE ENTENDE - En Compa\u00f1\u00eda STJ","robots":{"index":"index","follow":"follow","max-snippet":"max-snippet:-1","max-image-preview":"max-image-preview:large","max-video-preview":"max-video-preview:-1"},"canonical":"https:\/\/encompaniastj.org\/pt-pt\/sempre-se-entende\/","og_locale":"pt_PT","og_type":"article","og_title":"SEMPRE SE ENTENDE - En Compa\u00f1\u00eda STJ","og_description":"Que tempo cheio de vida no qual a natureza se mostra generosa em sinais de novidade e de esperan\u00e7a! Com um ritmo tranquilo as sementes n\u00e3o param de desabrochar nem [&hellip;]","og_url":"https:\/\/encompaniastj.org\/pt-pt\/sempre-se-entende\/","og_site_name":"En Compa\u00f1\u00eda STJ","article_published_time":"2021-04-25T15:46:35+00:00","article_modified_time":"2025-07-07T14:22:28+00:00","og_image":[{"width":500,"height":453,"url":"https:\/\/encompaniastj.org\/wp-content\/uploads\/2025\/05\/GRANADITA.jpg","type":"image\/jpeg"}],"author":"admin","twitter_card":"summary_large_image","twitter_misc":{"Escrito por":"admin","Tempo estimado de leitura":"3 minutos"},"schema":{"@context":"https:\/\/schema.org","@graph":[{"@type":"Article","@id":"https:\/\/encompaniastj.org\/pt-pt\/sempre-se-entende\/#article","isPartOf":{"@id":"https:\/\/encompaniastj.org\/pt-pt\/sempre-se-entende\/"},"author":{"name":"admin","@id":"https:\/\/encompaniastj.org\/pt-pt\/#\/schema\/person\/520e7ecc314793d40091993c2a02b651"},"headline":"SEMPRE SE ENTENDE","datePublished":"2021-04-25T15:46:35+00:00","dateModified":"2025-07-07T14:22:28+00:00","mainEntityOfPage":{"@id":"https:\/\/encompaniastj.org\/pt-pt\/sempre-se-entende\/"},"wordCount":660,"commentCount":0,"publisher":{"@id":"https:\/\/encompaniastj.org\/pt-pt\/#organization"},"image":{"@id":"https:\/\/encompaniastj.org\/pt-pt\/sempre-se-entende\/#primaryimage"},"thumbnailUrl":"https:\/\/encompaniastj.org\/wp-content\/uploads\/2025\/05\/GRANADITA.jpg","articleSection":["Palabras"],"inLanguage":"pt-PT","potentialAction":[{"@type":"CommentAction","name":"Comment","target":["https:\/\/encompaniastj.org\/pt-pt\/sempre-se-entende\/#respond"]}]},{"@type":"WebPage","@id":"https:\/\/encompaniastj.org\/pt-pt\/sempre-se-entende\/","url":"https:\/\/encompaniastj.org\/pt-pt\/sempre-se-entende\/","name":"SEMPRE SE ENTENDE - En Compa\u00f1\u00eda STJ","isPartOf":{"@id":"https:\/\/encompaniastj.org\/pt-pt\/#website"},"primaryImageOfPage":{"@id":"https:\/\/encompaniastj.org\/pt-pt\/sempre-se-entende\/#primaryimage"},"image":{"@id":"https:\/\/encompaniastj.org\/pt-pt\/sempre-se-entende\/#primaryimage"},"thumbnailUrl":"https:\/\/encompaniastj.org\/wp-content\/uploads\/2025\/05\/GRANADITA.jpg","datePublished":"2021-04-25T15:46:35+00:00","dateModified":"2025-07-07T14:22:28+00:00","breadcrumb":{"@id":"https:\/\/encompaniastj.org\/pt-pt\/sempre-se-entende\/#breadcrumb"},"inLanguage":"pt-PT","potentialAction":[{"@type":"ReadAction","target":["https:\/\/encompaniastj.org\/pt-pt\/sempre-se-entende\/"]}]},{"@type":"ImageObject","inLanguage":"pt-PT","@id":"https:\/\/encompaniastj.org\/pt-pt\/sempre-se-entende\/#primaryimage","url":"https:\/\/encompaniastj.org\/wp-content\/uploads\/2025\/05\/GRANADITA.jpg","contentUrl":"https:\/\/encompaniastj.org\/wp-content\/uploads\/2025\/05\/GRANADITA.jpg","width":500,"height":453},{"@type":"BreadcrumbList","@id":"https:\/\/encompaniastj.org\/pt-pt\/sempre-se-entende\/#breadcrumb","itemListElement":[{"@type":"ListItem","position":1,"name":"Portada","item":"https:\/\/encompaniastj.org\/pt-pt\/"},{"@type":"ListItem","position":2,"name":"SEMPRE SE ENTENDE"}]},{"@type":"WebSite","@id":"https:\/\/encompaniastj.org\/pt-pt\/#website","url":"https:\/\/encompaniastj.org\/pt-pt\/","name":"En Compa\u00f1\u00eda STJ","description":"Bolet\u00edn de la Compa\u00f1\u00eda de Santa Teresa de Jes\u00fas","publisher":{"@id":"https:\/\/encompaniastj.org\/pt-pt\/#organization"},"potentialAction":[{"@type":"SearchAction","target":{"@type":"EntryPoint","urlTemplate":"https:\/\/encompaniastj.org\/pt-pt\/?s={search_term_string}"},"query-input":{"@type":"PropertyValueSpecification","valueRequired":true,"valueName":"search_term_string"}}],"inLanguage":"pt-PT"},{"@type":"Organization","@id":"https:\/\/encompaniastj.org\/pt-pt\/#organization","name":"Compa\u00f1\u00eda de Santa Teresa de Jes\u00fas","url":"https:\/\/encompaniastj.org\/pt-pt\/","logo":{"@type":"ImageObject","inLanguage":"pt-PT","@id":"https:\/\/encompaniastj.org\/pt-pt\/#\/schema\/logo\/image\/","url":"https:\/\/encompaniastj.org\/wp-content\/uploads\/2025\/04\/logo_provincias02-1-3.png","contentUrl":"https:\/\/encompaniastj.org\/wp-content\/uploads\/2025\/04\/logo_provincias02-1-3.png","width":2368,"height":825,"caption":"Compa\u00f1\u00eda de Santa Teresa de Jes\u00fas"},"image":{"@id":"https:\/\/encompaniastj.org\/pt-pt\/#\/schema\/logo\/image\/"}},{"@type":"Person","@id":"https:\/\/encompaniastj.org\/pt-pt\/#\/schema\/person\/520e7ecc314793d40091993c2a02b651","name":"admin","image":{"@type":"ImageObject","inLanguage":"pt-PT","@id":"https:\/\/secure.gravatar.com\/avatar\/948b492cce32b586ac2db0eaa926ee87024f7afe218d73b397ea5ddfc5f43ea1?s=96&d=mm&r=g","url":"https:\/\/secure.gravatar.com\/avatar\/948b492cce32b586ac2db0eaa926ee87024f7afe218d73b397ea5ddfc5f43ea1?s=96&d=mm&r=g","contentUrl":"https:\/\/secure.gravatar.com\/avatar\/948b492cce32b586ac2db0eaa926ee87024f7afe218d73b397ea5ddfc5f43ea1?s=96&d=mm&r=g","caption":"admin"},"sameAs":["https:\/\/encompaniastj.org"],"url":"https:\/\/encompaniastj.org\/pt-pt\/author\/sjdigital\/"}]}},"_links":{"self":[{"href":"https:\/\/encompaniastj.org\/pt-pt\/wp-json\/wp\/v2\/posts\/10568","targetHints":{"allow":["GET"]}}],"collection":[{"href":"https:\/\/encompaniastj.org\/pt-pt\/wp-json\/wp\/v2\/posts"}],"about":[{"href":"https:\/\/encompaniastj.org\/pt-pt\/wp-json\/wp\/v2\/types\/post"}],"author":[{"embeddable":true,"href":"https:\/\/encompaniastj.org\/pt-pt\/wp-json\/wp\/v2\/users\/1"}],"replies":[{"embeddable":true,"href":"https:\/\/encompaniastj.org\/pt-pt\/wp-json\/wp\/v2\/comments?post=10568"}],"version-history":[{"count":1,"href":"https:\/\/encompaniastj.org\/pt-pt\/wp-json\/wp\/v2\/posts\/10568\/revisions"}],"predecessor-version":[{"id":10569,"href":"https:\/\/encompaniastj.org\/pt-pt\/wp-json\/wp\/v2\/posts\/10568\/revisions\/10569"}],"wp:featuredmedia":[{"embeddable":true,"href":"https:\/\/encompaniastj.org\/pt-pt\/wp-json\/wp\/v2\/media\/7710"}],"wp:attachment":[{"href":"https:\/\/encompaniastj.org\/pt-pt\/wp-json\/wp\/v2\/media?parent=10568"}],"wp:term":[{"taxonomy":"category","embeddable":true,"href":"https:\/\/encompaniastj.org\/pt-pt\/wp-json\/wp\/v2\/categories?post=10568"},{"taxonomy":"post_tag","embeddable":true,"href":"https:\/\/encompaniastj.org\/pt-pt\/wp-json\/wp\/v2\/tags?post=10568"}],"curies":[{"name":"wp","href":"https:\/\/api.w.org\/{rel}","templated":true}]}}