{"id":10560,"date":"2021-04-13T12:51:40","date_gmt":"2021-04-13T10:51:40","guid":{"rendered":"https:\/\/encompaniastj.org\/decidi-fazer-o-pouco-que-ha-em-mim-em-tempos-de-pandemia-mta\/"},"modified":"2025-07-07T16:22:27","modified_gmt":"2025-07-07T14:22:27","slug":"decidi-fazer-o-pouco-que-ha-em-mim-em-tempos-de-pandemia-mta","status":"publish","type":"post","link":"https:\/\/encompaniastj.org\/pt-pt\/decidi-fazer-o-pouco-que-ha-em-mim-em-tempos-de-pandemia-mta\/","title":{"rendered":"\u201cDecidi fazer o pouco que h\u00e1 em mim &#8230; em tempos de pandemia\u201d MTA"},"content":{"rendered":"\n<p>No dia 13 de mar\u00e7o de\n2021, o MTA da Espanha reuniu-se num encontro virtual sob o lema \u201cDecidi fazer\no pouco que h\u00e1 em mim ... em tempos de pandemia\u201d. Neste dia, ouvimos quatro\ndepoimentos de membros do MTA, que nos ajudaram a recordar este \u00faltimo ano, \u00e0\nluz do mesmo carisma, da mesma f\u00e9 e a contagiar-nos de esperan\u00e7a.<\/p>\n\n\n\n<p>Beatriz, chefe de uma\nfarm\u00e1cia hospitalar, e Maria, uma enfermeira de casa de repouso, partilharam as\ndificuldades no seu trabalho durante esta pandemia. Apesar das dificuldades\ndeste ano para elas, principalmente do trabalho na \u00e1rea da sa\u00fade, foram\nacompanhadas por Jesus e, com os seus testemunhos, transmitiram-nos a\nimport\u00e2ncia do cuidado, de n\u00e3o desesperar perante tudo o que est\u00e1 sendo feito,\ne de confiar em Deus e na solidariedade dos irm\u00e3os.<\/p>\n\n\n\n<p>Cocha, respons\u00e1vel numa\ncooperativa de trabalho inclusivo, e Maite, a partir de seu trabalho como\nvolunt\u00e1ria num refeit\u00f3rio social, encheram-nos de luz com a riqueza do encontro\ncom o outro, com quem passa pior momentos numa crise, com os mais vulner\u00e1veis.\nAs suas experi\u00eancias s\u00e3o o reflexo da entrega ao outro, da import\u00e2ncia da\nescuta com o cora\u00e7\u00e3o e da necessidade de devolver a dignidade \u00e0s pessoas que\ndela foram privadas.<\/p>\n\n\n\n<p>Gra\u00e7as \u00e0 sua f\u00e9, ao\napoio e ao calor da comunidade e aos ensinamentos de Henrique e Teresa, que\nest\u00e3o gravados nelas, estas quatro mulheres deram a melhor vers\u00e3o do seu\napostolado e puderam reconstruir-se em tempos dif\u00edceis.<\/p>\n\n\n\n<p>Ap\u00f3s os testemunhos,\ntivemos um momento de ora\u00e7\u00e3o pessoal, para reconhecer onde Deus nos fez doar-nos\naos nossos irm\u00e3os e agradecer pela f\u00e9 que nos lembra que somos habitados e\npelas pessoas que Deus nos colocou perto para nos cuidar neste tempo dif\u00edcil.\nPara terminar, partilhamos o que ressoou em n\u00f3s daquilo que vivemos no\nencontro, acompanhados das palavras de Teresa de Jesus: <em>\u201cEnfim, minhas\nirm\u00e3s, o que concluo \u00e9 que n\u00e3o fa\u00e7amos torres sem alicerces, porque o Senhor\nn\u00e3o olha tanto para a grandeza das obras como para o amor com que s\u00e3o feitas; e\n\u00e0 medida que fazemos o que podemos, Sua Majestade nos tornar\u00e1 mais e mais\ncapazes, cada dia.\u201d<\/em> (7M 4, 18)<\/p>\n\n\n\n<p>Cristina Puerta Morales.  Secretaria del MTA Espanha<\/p>\n","protected":false},"excerpt":{"rendered":"<p>No dia 13 de mar\u00e7o de 2021, o MTA da Espanha reuniu-se num encontro virtual sob o lema \u201cDecidi fazer o pouco que h\u00e1 em mim &#8230; em tempos de [&hellip;]<\/p>\n","protected":false},"author":1,"featured_media":7678,"comment_status":"open","ping_status":"open","sticky":false,"template":"","format":"standard","meta":{"_acf_changed":false,"footnotes":""},"categories":[61,64],"tags":[],"class_list":["post-10560","post","type-post","status-publish","format-standard","has-post-thumbnail","hentry","category-noticias","category-pjvt"],"acf":[],"yoast_head":"<!-- This site is optimized with the Yoast SEO plugin v27.5 - https:\/\/yoast.com\/product\/yoast-seo-wordpress\/ -->\n<title>\u201cDecidi fazer o pouco que h\u00e1 em mim ... em tempos de pandemia\u201d MTA - En Compa\u00f1\u00eda STJ<\/title>\n<meta name=\"robots\" content=\"index, follow, max-snippet:-1, max-image-preview:large, max-video-preview:-1\" \/>\n<link rel=\"canonical\" href=\"https:\/\/encompaniastj.org\/pt-pt\/decidi-fazer-o-pouco-que-ha-em-mim-em-tempos-de-pandemia-mta\/\" \/>\n<meta property=\"og:locale\" content=\"pt_PT\" \/>\n<meta property=\"og:type\" content=\"article\" \/>\n<meta property=\"og:title\" content=\"\u201cDecidi fazer o pouco que h\u00e1 em mim ... em tempos de pandemia\u201d MTA - En Compa\u00f1\u00eda STJ\" \/>\n<meta property=\"og:description\" content=\"No dia 13 de mar\u00e7o de 2021, o MTA da Espanha reuniu-se num encontro virtual sob o lema \u201cDecidi fazer o pouco que h\u00e1 em mim &#8230; em tempos de [&hellip;]\" \/>\n<meta property=\"og:url\" content=\"https:\/\/encompaniastj.org\/pt-pt\/decidi-fazer-o-pouco-que-ha-em-mim-em-tempos-de-pandemia-mta\/\" \/>\n<meta property=\"og:site_name\" content=\"En Compa\u00f1\u00eda STJ\" \/>\n<meta property=\"article:published_time\" content=\"2021-04-13T10:51:40+00:00\" \/>\n<meta property=\"article:modified_time\" content=\"2025-07-07T14:22:27+00:00\" \/>\n<meta property=\"og:image\" content=\"https:\/\/encompaniastj.org\/wp-content\/uploads\/2025\/05\/MTA-3.jpg\" \/>\n\t<meta property=\"og:image:width\" content=\"500\" \/>\n\t<meta property=\"og:image:height\" content=\"409\" \/>\n\t<meta property=\"og:image:type\" content=\"image\/jpeg\" \/>\n<meta name=\"author\" content=\"admin\" \/>\n<meta name=\"twitter:card\" content=\"summary_large_image\" \/>\n<meta name=\"twitter:label1\" content=\"Escrito por\" \/>\n\t<meta name=\"twitter:data1\" content=\"admin\" \/>\n\t<meta name=\"twitter:label2\" content=\"Tempo estimado de leitura\" \/>\n\t<meta name=\"twitter:data2\" content=\"2 minutos\" \/>\n<script type=\"application\/ld+json\" class=\"yoast-schema-graph\">{\"@context\":\"https:\\\/\\\/schema.org\",\"@graph\":[{\"@type\":\"Article\",\"@id\":\"https:\\\/\\\/encompaniastj.org\\\/pt-pt\\\/decidi-fazer-o-pouco-que-ha-em-mim-em-tempos-de-pandemia-mta\\\/#article\",\"isPartOf\":{\"@id\":\"https:\\\/\\\/encompaniastj.org\\\/pt-pt\\\/decidi-fazer-o-pouco-que-ha-em-mim-em-tempos-de-pandemia-mta\\\/\"},\"author\":{\"name\":\"admin\",\"@id\":\"https:\\\/\\\/encompaniastj.org\\\/pt-pt\\\/#\\\/schema\\\/person\\\/520e7ecc314793d40091993c2a02b651\"},\"headline\":\"\u201cDecidi fazer o pouco que h\u00e1 em mim &#8230; em tempos de pandemia\u201d MTA\",\"datePublished\":\"2021-04-13T10:51:40+00:00\",\"dateModified\":\"2025-07-07T14:22:27+00:00\",\"mainEntityOfPage\":{\"@id\":\"https:\\\/\\\/encompaniastj.org\\\/pt-pt\\\/decidi-fazer-o-pouco-que-ha-em-mim-em-tempos-de-pandemia-mta\\\/\"},\"wordCount\":397,\"commentCount\":0,\"publisher\":{\"@id\":\"https:\\\/\\\/encompaniastj.org\\\/pt-pt\\\/#organization\"},\"image\":{\"@id\":\"https:\\\/\\\/encompaniastj.org\\\/pt-pt\\\/decidi-fazer-o-pouco-que-ha-em-mim-em-tempos-de-pandemia-mta\\\/#primaryimage\"},\"thumbnailUrl\":\"https:\\\/\\\/encompaniastj.org\\\/wp-content\\\/uploads\\\/2025\\\/05\\\/MTA-3.jpg\",\"articleSection\":[\"Noticias\",\"PJVT\"],\"inLanguage\":\"pt-PT\",\"potentialAction\":[{\"@type\":\"CommentAction\",\"name\":\"Comment\",\"target\":[\"https:\\\/\\\/encompaniastj.org\\\/pt-pt\\\/decidi-fazer-o-pouco-que-ha-em-mim-em-tempos-de-pandemia-mta\\\/#respond\"]}]},{\"@type\":\"WebPage\",\"@id\":\"https:\\\/\\\/encompaniastj.org\\\/pt-pt\\\/decidi-fazer-o-pouco-que-ha-em-mim-em-tempos-de-pandemia-mta\\\/\",\"url\":\"https:\\\/\\\/encompaniastj.org\\\/pt-pt\\\/decidi-fazer-o-pouco-que-ha-em-mim-em-tempos-de-pandemia-mta\\\/\",\"name\":\"\u201cDecidi fazer o pouco que h\u00e1 em mim ... em tempos de pandemia\u201d MTA - En Compa\u00f1\u00eda STJ\",\"isPartOf\":{\"@id\":\"https:\\\/\\\/encompaniastj.org\\\/pt-pt\\\/#website\"},\"primaryImageOfPage\":{\"@id\":\"https:\\\/\\\/encompaniastj.org\\\/pt-pt\\\/decidi-fazer-o-pouco-que-ha-em-mim-em-tempos-de-pandemia-mta\\\/#primaryimage\"},\"image\":{\"@id\":\"https:\\\/\\\/encompaniastj.org\\\/pt-pt\\\/decidi-fazer-o-pouco-que-ha-em-mim-em-tempos-de-pandemia-mta\\\/#primaryimage\"},\"thumbnailUrl\":\"https:\\\/\\\/encompaniastj.org\\\/wp-content\\\/uploads\\\/2025\\\/05\\\/MTA-3.jpg\",\"datePublished\":\"2021-04-13T10:51:40+00:00\",\"dateModified\":\"2025-07-07T14:22:27+00:00\",\"breadcrumb\":{\"@id\":\"https:\\\/\\\/encompaniastj.org\\\/pt-pt\\\/decidi-fazer-o-pouco-que-ha-em-mim-em-tempos-de-pandemia-mta\\\/#breadcrumb\"},\"inLanguage\":\"pt-PT\",\"potentialAction\":[{\"@type\":\"ReadAction\",\"target\":[\"https:\\\/\\\/encompaniastj.org\\\/pt-pt\\\/decidi-fazer-o-pouco-que-ha-em-mim-em-tempos-de-pandemia-mta\\\/\"]}]},{\"@type\":\"ImageObject\",\"inLanguage\":\"pt-PT\",\"@id\":\"https:\\\/\\\/encompaniastj.org\\\/pt-pt\\\/decidi-fazer-o-pouco-que-ha-em-mim-em-tempos-de-pandemia-mta\\\/#primaryimage\",\"url\":\"https:\\\/\\\/encompaniastj.org\\\/wp-content\\\/uploads\\\/2025\\\/05\\\/MTA-3.jpg\",\"contentUrl\":\"https:\\\/\\\/encompaniastj.org\\\/wp-content\\\/uploads\\\/2025\\\/05\\\/MTA-3.jpg\",\"width\":500,\"height\":409},{\"@type\":\"BreadcrumbList\",\"@id\":\"https:\\\/\\\/encompaniastj.org\\\/pt-pt\\\/decidi-fazer-o-pouco-que-ha-em-mim-em-tempos-de-pandemia-mta\\\/#breadcrumb\",\"itemListElement\":[{\"@type\":\"ListItem\",\"position\":1,\"name\":\"Portada\",\"item\":\"https:\\\/\\\/encompaniastj.org\\\/pt-pt\\\/\"},{\"@type\":\"ListItem\",\"position\":2,\"name\":\"\u201cDecidi fazer o pouco que h\u00e1 em mim &#8230; em tempos de pandemia\u201d MTA\"}]},{\"@type\":\"WebSite\",\"@id\":\"https:\\\/\\\/encompaniastj.org\\\/pt-pt\\\/#website\",\"url\":\"https:\\\/\\\/encompaniastj.org\\\/pt-pt\\\/\",\"name\":\"En Compa\u00f1\u00eda STJ\",\"description\":\"Bolet\u00edn de la Compa\u00f1\u00eda de Santa Teresa de Jes\u00fas\",\"publisher\":{\"@id\":\"https:\\\/\\\/encompaniastj.org\\\/pt-pt\\\/#organization\"},\"potentialAction\":[{\"@type\":\"SearchAction\",\"target\":{\"@type\":\"EntryPoint\",\"urlTemplate\":\"https:\\\/\\\/encompaniastj.org\\\/pt-pt\\\/?s={search_term_string}\"},\"query-input\":{\"@type\":\"PropertyValueSpecification\",\"valueRequired\":true,\"valueName\":\"search_term_string\"}}],\"inLanguage\":\"pt-PT\"},{\"@type\":\"Organization\",\"@id\":\"https:\\\/\\\/encompaniastj.org\\\/pt-pt\\\/#organization\",\"name\":\"Compa\u00f1\u00eda de Santa Teresa de Jes\u00fas\",\"url\":\"https:\\\/\\\/encompaniastj.org\\\/pt-pt\\\/\",\"logo\":{\"@type\":\"ImageObject\",\"inLanguage\":\"pt-PT\",\"@id\":\"https:\\\/\\\/encompaniastj.org\\\/pt-pt\\\/#\\\/schema\\\/logo\\\/image\\\/\",\"url\":\"https:\\\/\\\/encompaniastj.org\\\/wp-content\\\/uploads\\\/2025\\\/04\\\/logo_provincias02-1-3.png\",\"contentUrl\":\"https:\\\/\\\/encompaniastj.org\\\/wp-content\\\/uploads\\\/2025\\\/04\\\/logo_provincias02-1-3.png\",\"width\":2368,\"height\":825,\"caption\":\"Compa\u00f1\u00eda de Santa Teresa de Jes\u00fas\"},\"image\":{\"@id\":\"https:\\\/\\\/encompaniastj.org\\\/pt-pt\\\/#\\\/schema\\\/logo\\\/image\\\/\"}},{\"@type\":\"Person\",\"@id\":\"https:\\\/\\\/encompaniastj.org\\\/pt-pt\\\/#\\\/schema\\\/person\\\/520e7ecc314793d40091993c2a02b651\",\"name\":\"admin\",\"image\":{\"@type\":\"ImageObject\",\"inLanguage\":\"pt-PT\",\"@id\":\"https:\\\/\\\/secure.gravatar.com\\\/avatar\\\/948b492cce32b586ac2db0eaa926ee87024f7afe218d73b397ea5ddfc5f43ea1?s=96&d=mm&r=g\",\"url\":\"https:\\\/\\\/secure.gravatar.com\\\/avatar\\\/948b492cce32b586ac2db0eaa926ee87024f7afe218d73b397ea5ddfc5f43ea1?s=96&d=mm&r=g\",\"contentUrl\":\"https:\\\/\\\/secure.gravatar.com\\\/avatar\\\/948b492cce32b586ac2db0eaa926ee87024f7afe218d73b397ea5ddfc5f43ea1?s=96&d=mm&r=g\",\"caption\":\"admin\"},\"sameAs\":[\"https:\\\/\\\/encompaniastj.org\"],\"url\":\"https:\\\/\\\/encompaniastj.org\\\/pt-pt\\\/author\\\/sjdigital\\\/\"}]}<\/script>\n<!-- \/ Yoast SEO plugin. -->","yoast_head_json":{"title":"\u201cDecidi fazer o pouco que h\u00e1 em mim ... em tempos de pandemia\u201d MTA - En Compa\u00f1\u00eda STJ","robots":{"index":"index","follow":"follow","max-snippet":"max-snippet:-1","max-image-preview":"max-image-preview:large","max-video-preview":"max-video-preview:-1"},"canonical":"https:\/\/encompaniastj.org\/pt-pt\/decidi-fazer-o-pouco-que-ha-em-mim-em-tempos-de-pandemia-mta\/","og_locale":"pt_PT","og_type":"article","og_title":"\u201cDecidi fazer o pouco que h\u00e1 em mim ... em tempos de pandemia\u201d MTA - En Compa\u00f1\u00eda STJ","og_description":"No dia 13 de mar\u00e7o de 2021, o MTA da Espanha reuniu-se num encontro virtual sob o lema \u201cDecidi fazer o pouco que h\u00e1 em mim &#8230; em tempos de [&hellip;]","og_url":"https:\/\/encompaniastj.org\/pt-pt\/decidi-fazer-o-pouco-que-ha-em-mim-em-tempos-de-pandemia-mta\/","og_site_name":"En Compa\u00f1\u00eda STJ","article_published_time":"2021-04-13T10:51:40+00:00","article_modified_time":"2025-07-07T14:22:27+00:00","og_image":[{"width":500,"height":409,"url":"https:\/\/encompaniastj.org\/wp-content\/uploads\/2025\/05\/MTA-3.jpg","type":"image\/jpeg"}],"author":"admin","twitter_card":"summary_large_image","twitter_misc":{"Escrito por":"admin","Tempo estimado de leitura":"2 minutos"},"schema":{"@context":"https:\/\/schema.org","@graph":[{"@type":"Article","@id":"https:\/\/encompaniastj.org\/pt-pt\/decidi-fazer-o-pouco-que-ha-em-mim-em-tempos-de-pandemia-mta\/#article","isPartOf":{"@id":"https:\/\/encompaniastj.org\/pt-pt\/decidi-fazer-o-pouco-que-ha-em-mim-em-tempos-de-pandemia-mta\/"},"author":{"name":"admin","@id":"https:\/\/encompaniastj.org\/pt-pt\/#\/schema\/person\/520e7ecc314793d40091993c2a02b651"},"headline":"\u201cDecidi fazer o pouco que h\u00e1 em mim &#8230; em tempos de pandemia\u201d MTA","datePublished":"2021-04-13T10:51:40+00:00","dateModified":"2025-07-07T14:22:27+00:00","mainEntityOfPage":{"@id":"https:\/\/encompaniastj.org\/pt-pt\/decidi-fazer-o-pouco-que-ha-em-mim-em-tempos-de-pandemia-mta\/"},"wordCount":397,"commentCount":0,"publisher":{"@id":"https:\/\/encompaniastj.org\/pt-pt\/#organization"},"image":{"@id":"https:\/\/encompaniastj.org\/pt-pt\/decidi-fazer-o-pouco-que-ha-em-mim-em-tempos-de-pandemia-mta\/#primaryimage"},"thumbnailUrl":"https:\/\/encompaniastj.org\/wp-content\/uploads\/2025\/05\/MTA-3.jpg","articleSection":["Noticias","PJVT"],"inLanguage":"pt-PT","potentialAction":[{"@type":"CommentAction","name":"Comment","target":["https:\/\/encompaniastj.org\/pt-pt\/decidi-fazer-o-pouco-que-ha-em-mim-em-tempos-de-pandemia-mta\/#respond"]}]},{"@type":"WebPage","@id":"https:\/\/encompaniastj.org\/pt-pt\/decidi-fazer-o-pouco-que-ha-em-mim-em-tempos-de-pandemia-mta\/","url":"https:\/\/encompaniastj.org\/pt-pt\/decidi-fazer-o-pouco-que-ha-em-mim-em-tempos-de-pandemia-mta\/","name":"\u201cDecidi fazer o pouco que h\u00e1 em mim ... em tempos de pandemia\u201d MTA - En Compa\u00f1\u00eda STJ","isPartOf":{"@id":"https:\/\/encompaniastj.org\/pt-pt\/#website"},"primaryImageOfPage":{"@id":"https:\/\/encompaniastj.org\/pt-pt\/decidi-fazer-o-pouco-que-ha-em-mim-em-tempos-de-pandemia-mta\/#primaryimage"},"image":{"@id":"https:\/\/encompaniastj.org\/pt-pt\/decidi-fazer-o-pouco-que-ha-em-mim-em-tempos-de-pandemia-mta\/#primaryimage"},"thumbnailUrl":"https:\/\/encompaniastj.org\/wp-content\/uploads\/2025\/05\/MTA-3.jpg","datePublished":"2021-04-13T10:51:40+00:00","dateModified":"2025-07-07T14:22:27+00:00","breadcrumb":{"@id":"https:\/\/encompaniastj.org\/pt-pt\/decidi-fazer-o-pouco-que-ha-em-mim-em-tempos-de-pandemia-mta\/#breadcrumb"},"inLanguage":"pt-PT","potentialAction":[{"@type":"ReadAction","target":["https:\/\/encompaniastj.org\/pt-pt\/decidi-fazer-o-pouco-que-ha-em-mim-em-tempos-de-pandemia-mta\/"]}]},{"@type":"ImageObject","inLanguage":"pt-PT","@id":"https:\/\/encompaniastj.org\/pt-pt\/decidi-fazer-o-pouco-que-ha-em-mim-em-tempos-de-pandemia-mta\/#primaryimage","url":"https:\/\/encompaniastj.org\/wp-content\/uploads\/2025\/05\/MTA-3.jpg","contentUrl":"https:\/\/encompaniastj.org\/wp-content\/uploads\/2025\/05\/MTA-3.jpg","width":500,"height":409},{"@type":"BreadcrumbList","@id":"https:\/\/encompaniastj.org\/pt-pt\/decidi-fazer-o-pouco-que-ha-em-mim-em-tempos-de-pandemia-mta\/#breadcrumb","itemListElement":[{"@type":"ListItem","position":1,"name":"Portada","item":"https:\/\/encompaniastj.org\/pt-pt\/"},{"@type":"ListItem","position":2,"name":"\u201cDecidi fazer o pouco que h\u00e1 em mim &#8230; em tempos de pandemia\u201d MTA"}]},{"@type":"WebSite","@id":"https:\/\/encompaniastj.org\/pt-pt\/#website","url":"https:\/\/encompaniastj.org\/pt-pt\/","name":"En Compa\u00f1\u00eda STJ","description":"Bolet\u00edn de la Compa\u00f1\u00eda de Santa Teresa de Jes\u00fas","publisher":{"@id":"https:\/\/encompaniastj.org\/pt-pt\/#organization"},"potentialAction":[{"@type":"SearchAction","target":{"@type":"EntryPoint","urlTemplate":"https:\/\/encompaniastj.org\/pt-pt\/?s={search_term_string}"},"query-input":{"@type":"PropertyValueSpecification","valueRequired":true,"valueName":"search_term_string"}}],"inLanguage":"pt-PT"},{"@type":"Organization","@id":"https:\/\/encompaniastj.org\/pt-pt\/#organization","name":"Compa\u00f1\u00eda de Santa Teresa de Jes\u00fas","url":"https:\/\/encompaniastj.org\/pt-pt\/","logo":{"@type":"ImageObject","inLanguage":"pt-PT","@id":"https:\/\/encompaniastj.org\/pt-pt\/#\/schema\/logo\/image\/","url":"https:\/\/encompaniastj.org\/wp-content\/uploads\/2025\/04\/logo_provincias02-1-3.png","contentUrl":"https:\/\/encompaniastj.org\/wp-content\/uploads\/2025\/04\/logo_provincias02-1-3.png","width":2368,"height":825,"caption":"Compa\u00f1\u00eda de Santa Teresa de Jes\u00fas"},"image":{"@id":"https:\/\/encompaniastj.org\/pt-pt\/#\/schema\/logo\/image\/"}},{"@type":"Person","@id":"https:\/\/encompaniastj.org\/pt-pt\/#\/schema\/person\/520e7ecc314793d40091993c2a02b651","name":"admin","image":{"@type":"ImageObject","inLanguage":"pt-PT","@id":"https:\/\/secure.gravatar.com\/avatar\/948b492cce32b586ac2db0eaa926ee87024f7afe218d73b397ea5ddfc5f43ea1?s=96&d=mm&r=g","url":"https:\/\/secure.gravatar.com\/avatar\/948b492cce32b586ac2db0eaa926ee87024f7afe218d73b397ea5ddfc5f43ea1?s=96&d=mm&r=g","contentUrl":"https:\/\/secure.gravatar.com\/avatar\/948b492cce32b586ac2db0eaa926ee87024f7afe218d73b397ea5ddfc5f43ea1?s=96&d=mm&r=g","caption":"admin"},"sameAs":["https:\/\/encompaniastj.org"],"url":"https:\/\/encompaniastj.org\/pt-pt\/author\/sjdigital\/"}]}},"_links":{"self":[{"href":"https:\/\/encompaniastj.org\/pt-pt\/wp-json\/wp\/v2\/posts\/10560","targetHints":{"allow":["GET"]}}],"collection":[{"href":"https:\/\/encompaniastj.org\/pt-pt\/wp-json\/wp\/v2\/posts"}],"about":[{"href":"https:\/\/encompaniastj.org\/pt-pt\/wp-json\/wp\/v2\/types\/post"}],"author":[{"embeddable":true,"href":"https:\/\/encompaniastj.org\/pt-pt\/wp-json\/wp\/v2\/users\/1"}],"replies":[{"embeddable":true,"href":"https:\/\/encompaniastj.org\/pt-pt\/wp-json\/wp\/v2\/comments?post=10560"}],"version-history":[{"count":1,"href":"https:\/\/encompaniastj.org\/pt-pt\/wp-json\/wp\/v2\/posts\/10560\/revisions"}],"predecessor-version":[{"id":10561,"href":"https:\/\/encompaniastj.org\/pt-pt\/wp-json\/wp\/v2\/posts\/10560\/revisions\/10561"}],"wp:featuredmedia":[{"embeddable":true,"href":"https:\/\/encompaniastj.org\/pt-pt\/wp-json\/wp\/v2\/media\/7678"}],"wp:attachment":[{"href":"https:\/\/encompaniastj.org\/pt-pt\/wp-json\/wp\/v2\/media?parent=10560"}],"wp:term":[{"taxonomy":"category","embeddable":true,"href":"https:\/\/encompaniastj.org\/pt-pt\/wp-json\/wp\/v2\/categories?post=10560"},{"taxonomy":"post_tag","embeddable":true,"href":"https:\/\/encompaniastj.org\/pt-pt\/wp-json\/wp\/v2\/tags?post=10560"}],"curies":[{"name":"wp","href":"https:\/\/api.w.org\/{rel}","templated":true}]}}