{"id":10550,"date":"2021-01-31T10:48:29","date_gmt":"2021-01-31T09:48:29","guid":{"rendered":"https:\/\/encompaniastj.org\/dia-internacional-da-eliminacao-da-discriminacao-racial\/"},"modified":"2025-07-07T16:22:14","modified_gmt":"2025-07-07T14:22:14","slug":"dia-internacional-da-eliminacao-da-discriminacao-racial","status":"publish","type":"post","link":"https:\/\/encompaniastj.org\/pt-pt\/dia-internacional-da-eliminacao-da-discriminacao-racial\/","title":{"rendered":"Dia Internacional da Elimina\u00e7\u00e3o da Discrimina\u00e7\u00e3o Racial"},"content":{"rendered":"\n<p>No dia 21 de mar\u00e7o\ncelebr\u00e1mos o Dia Internacional da Elimina\u00e7\u00e3o da Discrimina\u00e7\u00e3o Racial, oxal\u00e1 que\nem breve seja realmente uma comemora\u00e7\u00e3o ... agora temos muitos desafios pela\nfrente, muitos medos com que \u201csaber lidar\u201d para n\u00e3o deixar de ver as pessoas em\nlugar de as perceber como \"amea\u00e7as\" para o nosso bem-estar.<\/p>\n\n\n\n<p>A partir da equipa\nde a\u00e7\u00e3o social da prov\u00edncia queremos partilhar a curta-metragem<\/p>\n\n\n\n<p>\"Migrar la mirada\",\ncriado pela Funda\u00e7\u00e3o Adsis para desafiar as maldades e os estigmas aos quais\nest\u00e3o expostas as pessoas migrantes e para nos convidar a ter um olhar mais\nemp\u00e1tico e sens\u00edvel sobre as suas realidades. Este document\u00e1rio faz parte do\nprojeto Meraki, uma iniciativa do voluntariado de Funda\u00e7\u00e3o Adsis nas Ilhas\nCan\u00e1rias, que oferece recursos educativos a jovens, meninas e meninos\nmigrantes, como ferramentas b\u00e1sicas da l\u00edngua, da cultura, das TICs, assim como\ndos seus direitos e deveres. Tudo isso acompanhado de um apoio sobre quest\u00f5es\nadministrativas e de recursos assistenciais que os aproximem de uma vida digna,\nlonge da exclus\u00e3o.<\/p>\n\n\n\n<figure class=\"wp-block-embed-youtube wp-block-embed is-type-video is-provider-youtube wp-embed-aspect-16-9 wp-has-aspect-ratio\"><div class=\"wp-block-embed__wrapper\">\n<iframe loading=\"lazy\" title=\"Migrar la mirada - #LuchemosContraElRacismo\" width=\"1080\" height=\"608\" src=\"https:\/\/www.youtube.com\/embed\/Bks3x5MICJ4?start=22&feature=oembed\"  allow=\"accelerometer; autoplay; clipboard-write; encrypted-media; gyroscope; picture-in-picture; web-share\" referrerpolicy=\"strict-origin-when-cross-origin\" allowfullscreen><\/iframe>\n<\/div><\/figure>\n","protected":false},"excerpt":{"rendered":"<p>No dia 21 de mar\u00e7o celebr\u00e1mos o Dia Internacional da Elimina\u00e7\u00e3o da Discrimina\u00e7\u00e3o Racial, oxal\u00e1 que em breve seja realmente uma comemora\u00e7\u00e3o &#8230; agora temos muitos desafios pela frente, muitos [&hellip;]<\/p>\n","protected":false},"author":1,"featured_media":7703,"comment_status":"open","ping_status":"open","sticky":false,"template":"","format":"standard","meta":{"_acf_changed":false,"footnotes":""},"categories":[76,69,63,61],"tags":[],"class_list":["post-10550","post","type-post","status-publish","format-standard","has-post-thumbnail","hentry","category-acao-social","category-falecimentos","category-fallecimientos","category-noticias"],"acf":[],"yoast_head":"<!-- This site is optimized with the Yoast SEO plugin v27.5 - https:\/\/yoast.com\/product\/yoast-seo-wordpress\/ -->\n<title>Dia Internacional da Elimina\u00e7\u00e3o da Discrimina\u00e7\u00e3o Racial - En Compa\u00f1\u00eda STJ<\/title>\n<meta name=\"robots\" content=\"index, follow, max-snippet:-1, max-image-preview:large, max-video-preview:-1\" \/>\n<link rel=\"canonical\" href=\"https:\/\/encompaniastj.org\/pt-pt\/dia-internacional-da-eliminacao-da-discriminacao-racial\/\" \/>\n<meta property=\"og:locale\" content=\"pt_PT\" \/>\n<meta property=\"og:type\" content=\"article\" \/>\n<meta property=\"og:title\" content=\"Dia Internacional da Elimina\u00e7\u00e3o da Discrimina\u00e7\u00e3o Racial - En Compa\u00f1\u00eda STJ\" \/>\n<meta property=\"og:description\" content=\"No dia 21 de mar\u00e7o celebr\u00e1mos o Dia Internacional da Elimina\u00e7\u00e3o da Discrimina\u00e7\u00e3o Racial, oxal\u00e1 que em breve seja realmente uma comemora\u00e7\u00e3o &#8230; agora temos muitos desafios pela frente, muitos [&hellip;]\" \/>\n<meta property=\"og:url\" content=\"https:\/\/encompaniastj.org\/pt-pt\/dia-internacional-da-eliminacao-da-discriminacao-racial\/\" \/>\n<meta property=\"og:site_name\" content=\"En Compa\u00f1\u00eda STJ\" \/>\n<meta property=\"article:published_time\" content=\"2021-01-31T09:48:29+00:00\" \/>\n<meta property=\"article:modified_time\" content=\"2025-07-07T14:22:14+00:00\" \/>\n<meta property=\"og:image\" content=\"https:\/\/encompaniastj.org\/wp-content\/uploads\/2025\/05\/play-figures-4541727_640.jpg\" \/>\n\t<meta property=\"og:image:width\" content=\"640\" \/>\n\t<meta property=\"og:image:height\" content=\"426\" \/>\n\t<meta property=\"og:image:type\" content=\"image\/jpeg\" \/>\n<meta name=\"author\" content=\"admin\" \/>\n<meta name=\"twitter:card\" content=\"summary_large_image\" \/>\n<meta name=\"twitter:label1\" content=\"Escrito por\" \/>\n\t<meta name=\"twitter:data1\" content=\"admin\" \/>\n\t<meta name=\"twitter:label2\" content=\"Tempo estimado de leitura\" \/>\n\t<meta name=\"twitter:data2\" content=\"1 minuto\" \/>\n<script type=\"application\/ld+json\" class=\"yoast-schema-graph\">{\"@context\":\"https:\\\/\\\/schema.org\",\"@graph\":[{\"@type\":\"Article\",\"@id\":\"https:\\\/\\\/encompaniastj.org\\\/pt-pt\\\/dia-internacional-da-eliminacao-da-discriminacao-racial\\\/#article\",\"isPartOf\":{\"@id\":\"https:\\\/\\\/encompaniastj.org\\\/pt-pt\\\/dia-internacional-da-eliminacao-da-discriminacao-racial\\\/\"},\"author\":{\"name\":\"admin\",\"@id\":\"https:\\\/\\\/encompaniastj.org\\\/pt-pt\\\/#\\\/schema\\\/person\\\/520e7ecc314793d40091993c2a02b651\"},\"headline\":\"Dia Internacional da Elimina\u00e7\u00e3o da Discrimina\u00e7\u00e3o Racial\",\"datePublished\":\"2021-01-31T09:48:29+00:00\",\"dateModified\":\"2025-07-07T14:22:14+00:00\",\"mainEntityOfPage\":{\"@id\":\"https:\\\/\\\/encompaniastj.org\\\/pt-pt\\\/dia-internacional-da-eliminacao-da-discriminacao-racial\\\/\"},\"wordCount\":208,\"commentCount\":0,\"publisher\":{\"@id\":\"https:\\\/\\\/encompaniastj.org\\\/pt-pt\\\/#organization\"},\"image\":{\"@id\":\"https:\\\/\\\/encompaniastj.org\\\/pt-pt\\\/dia-internacional-da-eliminacao-da-discriminacao-racial\\\/#primaryimage\"},\"thumbnailUrl\":\"https:\\\/\\\/encompaniastj.org\\\/wp-content\\\/uploads\\\/2025\\\/05\\\/play-figures-4541727_640.jpg\",\"articleSection\":[\"A\u00e7\u00e3o Social\",\"Falecimentos\",\"Fallecimientos\",\"Noticias\"],\"inLanguage\":\"pt-PT\",\"potentialAction\":[{\"@type\":\"CommentAction\",\"name\":\"Comment\",\"target\":[\"https:\\\/\\\/encompaniastj.org\\\/pt-pt\\\/dia-internacional-da-eliminacao-da-discriminacao-racial\\\/#respond\"]}]},{\"@type\":\"WebPage\",\"@id\":\"https:\\\/\\\/encompaniastj.org\\\/pt-pt\\\/dia-internacional-da-eliminacao-da-discriminacao-racial\\\/\",\"url\":\"https:\\\/\\\/encompaniastj.org\\\/pt-pt\\\/dia-internacional-da-eliminacao-da-discriminacao-racial\\\/\",\"name\":\"Dia Internacional da Elimina\u00e7\u00e3o da Discrimina\u00e7\u00e3o Racial - En Compa\u00f1\u00eda STJ\",\"isPartOf\":{\"@id\":\"https:\\\/\\\/encompaniastj.org\\\/pt-pt\\\/#website\"},\"primaryImageOfPage\":{\"@id\":\"https:\\\/\\\/encompaniastj.org\\\/pt-pt\\\/dia-internacional-da-eliminacao-da-discriminacao-racial\\\/#primaryimage\"},\"image\":{\"@id\":\"https:\\\/\\\/encompaniastj.org\\\/pt-pt\\\/dia-internacional-da-eliminacao-da-discriminacao-racial\\\/#primaryimage\"},\"thumbnailUrl\":\"https:\\\/\\\/encompaniastj.org\\\/wp-content\\\/uploads\\\/2025\\\/05\\\/play-figures-4541727_640.jpg\",\"datePublished\":\"2021-01-31T09:48:29+00:00\",\"dateModified\":\"2025-07-07T14:22:14+00:00\",\"breadcrumb\":{\"@id\":\"https:\\\/\\\/encompaniastj.org\\\/pt-pt\\\/dia-internacional-da-eliminacao-da-discriminacao-racial\\\/#breadcrumb\"},\"inLanguage\":\"pt-PT\",\"potentialAction\":[{\"@type\":\"ReadAction\",\"target\":[\"https:\\\/\\\/encompaniastj.org\\\/pt-pt\\\/dia-internacional-da-eliminacao-da-discriminacao-racial\\\/\"]}]},{\"@type\":\"ImageObject\",\"inLanguage\":\"pt-PT\",\"@id\":\"https:\\\/\\\/encompaniastj.org\\\/pt-pt\\\/dia-internacional-da-eliminacao-da-discriminacao-racial\\\/#primaryimage\",\"url\":\"https:\\\/\\\/encompaniastj.org\\\/wp-content\\\/uploads\\\/2025\\\/05\\\/play-figures-4541727_640.jpg\",\"contentUrl\":\"https:\\\/\\\/encompaniastj.org\\\/wp-content\\\/uploads\\\/2025\\\/05\\\/play-figures-4541727_640.jpg\",\"width\":640,\"height\":426},{\"@type\":\"BreadcrumbList\",\"@id\":\"https:\\\/\\\/encompaniastj.org\\\/pt-pt\\\/dia-internacional-da-eliminacao-da-discriminacao-racial\\\/#breadcrumb\",\"itemListElement\":[{\"@type\":\"ListItem\",\"position\":1,\"name\":\"Portada\",\"item\":\"https:\\\/\\\/encompaniastj.org\\\/pt-pt\\\/\"},{\"@type\":\"ListItem\",\"position\":2,\"name\":\"Dia Internacional da Elimina\u00e7\u00e3o da Discrimina\u00e7\u00e3o Racial\"}]},{\"@type\":\"WebSite\",\"@id\":\"https:\\\/\\\/encompaniastj.org\\\/pt-pt\\\/#website\",\"url\":\"https:\\\/\\\/encompaniastj.org\\\/pt-pt\\\/\",\"name\":\"En Compa\u00f1\u00eda STJ\",\"description\":\"Bolet\u00edn de la Compa\u00f1\u00eda de Santa Teresa de Jes\u00fas\",\"publisher\":{\"@id\":\"https:\\\/\\\/encompaniastj.org\\\/pt-pt\\\/#organization\"},\"potentialAction\":[{\"@type\":\"SearchAction\",\"target\":{\"@type\":\"EntryPoint\",\"urlTemplate\":\"https:\\\/\\\/encompaniastj.org\\\/pt-pt\\\/?s={search_term_string}\"},\"query-input\":{\"@type\":\"PropertyValueSpecification\",\"valueRequired\":true,\"valueName\":\"search_term_string\"}}],\"inLanguage\":\"pt-PT\"},{\"@type\":\"Organization\",\"@id\":\"https:\\\/\\\/encompaniastj.org\\\/pt-pt\\\/#organization\",\"name\":\"Compa\u00f1\u00eda de Santa Teresa de Jes\u00fas\",\"url\":\"https:\\\/\\\/encompaniastj.org\\\/pt-pt\\\/\",\"logo\":{\"@type\":\"ImageObject\",\"inLanguage\":\"pt-PT\",\"@id\":\"https:\\\/\\\/encompaniastj.org\\\/pt-pt\\\/#\\\/schema\\\/logo\\\/image\\\/\",\"url\":\"https:\\\/\\\/encompaniastj.org\\\/wp-content\\\/uploads\\\/2025\\\/04\\\/logo_provincias02-1-3.png\",\"contentUrl\":\"https:\\\/\\\/encompaniastj.org\\\/wp-content\\\/uploads\\\/2025\\\/04\\\/logo_provincias02-1-3.png\",\"width\":2368,\"height\":825,\"caption\":\"Compa\u00f1\u00eda de Santa Teresa de Jes\u00fas\"},\"image\":{\"@id\":\"https:\\\/\\\/encompaniastj.org\\\/pt-pt\\\/#\\\/schema\\\/logo\\\/image\\\/\"}},{\"@type\":\"Person\",\"@id\":\"https:\\\/\\\/encompaniastj.org\\\/pt-pt\\\/#\\\/schema\\\/person\\\/520e7ecc314793d40091993c2a02b651\",\"name\":\"admin\",\"image\":{\"@type\":\"ImageObject\",\"inLanguage\":\"pt-PT\",\"@id\":\"https:\\\/\\\/secure.gravatar.com\\\/avatar\\\/948b492cce32b586ac2db0eaa926ee87024f7afe218d73b397ea5ddfc5f43ea1?s=96&d=mm&r=g\",\"url\":\"https:\\\/\\\/secure.gravatar.com\\\/avatar\\\/948b492cce32b586ac2db0eaa926ee87024f7afe218d73b397ea5ddfc5f43ea1?s=96&d=mm&r=g\",\"contentUrl\":\"https:\\\/\\\/secure.gravatar.com\\\/avatar\\\/948b492cce32b586ac2db0eaa926ee87024f7afe218d73b397ea5ddfc5f43ea1?s=96&d=mm&r=g\",\"caption\":\"admin\"},\"sameAs\":[\"https:\\\/\\\/encompaniastj.org\"],\"url\":\"https:\\\/\\\/encompaniastj.org\\\/pt-pt\\\/author\\\/sjdigital\\\/\"}]}<\/script>\n<!-- \/ Yoast SEO plugin. -->","yoast_head_json":{"title":"Dia Internacional da Elimina\u00e7\u00e3o da Discrimina\u00e7\u00e3o Racial - En Compa\u00f1\u00eda STJ","robots":{"index":"index","follow":"follow","max-snippet":"max-snippet:-1","max-image-preview":"max-image-preview:large","max-video-preview":"max-video-preview:-1"},"canonical":"https:\/\/encompaniastj.org\/pt-pt\/dia-internacional-da-eliminacao-da-discriminacao-racial\/","og_locale":"pt_PT","og_type":"article","og_title":"Dia Internacional da Elimina\u00e7\u00e3o da Discrimina\u00e7\u00e3o Racial - En Compa\u00f1\u00eda STJ","og_description":"No dia 21 de mar\u00e7o celebr\u00e1mos o Dia Internacional da Elimina\u00e7\u00e3o da Discrimina\u00e7\u00e3o Racial, oxal\u00e1 que em breve seja realmente uma comemora\u00e7\u00e3o &#8230; agora temos muitos desafios pela frente, muitos [&hellip;]","og_url":"https:\/\/encompaniastj.org\/pt-pt\/dia-internacional-da-eliminacao-da-discriminacao-racial\/","og_site_name":"En Compa\u00f1\u00eda STJ","article_published_time":"2021-01-31T09:48:29+00:00","article_modified_time":"2025-07-07T14:22:14+00:00","og_image":[{"width":640,"height":426,"url":"https:\/\/encompaniastj.org\/wp-content\/uploads\/2025\/05\/play-figures-4541727_640.jpg","type":"image\/jpeg"}],"author":"admin","twitter_card":"summary_large_image","twitter_misc":{"Escrito por":"admin","Tempo estimado de leitura":"1 minuto"},"schema":{"@context":"https:\/\/schema.org","@graph":[{"@type":"Article","@id":"https:\/\/encompaniastj.org\/pt-pt\/dia-internacional-da-eliminacao-da-discriminacao-racial\/#article","isPartOf":{"@id":"https:\/\/encompaniastj.org\/pt-pt\/dia-internacional-da-eliminacao-da-discriminacao-racial\/"},"author":{"name":"admin","@id":"https:\/\/encompaniastj.org\/pt-pt\/#\/schema\/person\/520e7ecc314793d40091993c2a02b651"},"headline":"Dia Internacional da Elimina\u00e7\u00e3o da Discrimina\u00e7\u00e3o Racial","datePublished":"2021-01-31T09:48:29+00:00","dateModified":"2025-07-07T14:22:14+00:00","mainEntityOfPage":{"@id":"https:\/\/encompaniastj.org\/pt-pt\/dia-internacional-da-eliminacao-da-discriminacao-racial\/"},"wordCount":208,"commentCount":0,"publisher":{"@id":"https:\/\/encompaniastj.org\/pt-pt\/#organization"},"image":{"@id":"https:\/\/encompaniastj.org\/pt-pt\/dia-internacional-da-eliminacao-da-discriminacao-racial\/#primaryimage"},"thumbnailUrl":"https:\/\/encompaniastj.org\/wp-content\/uploads\/2025\/05\/play-figures-4541727_640.jpg","articleSection":["A\u00e7\u00e3o Social","Falecimentos","Fallecimientos","Noticias"],"inLanguage":"pt-PT","potentialAction":[{"@type":"CommentAction","name":"Comment","target":["https:\/\/encompaniastj.org\/pt-pt\/dia-internacional-da-eliminacao-da-discriminacao-racial\/#respond"]}]},{"@type":"WebPage","@id":"https:\/\/encompaniastj.org\/pt-pt\/dia-internacional-da-eliminacao-da-discriminacao-racial\/","url":"https:\/\/encompaniastj.org\/pt-pt\/dia-internacional-da-eliminacao-da-discriminacao-racial\/","name":"Dia Internacional da Elimina\u00e7\u00e3o da Discrimina\u00e7\u00e3o Racial - En Compa\u00f1\u00eda STJ","isPartOf":{"@id":"https:\/\/encompaniastj.org\/pt-pt\/#website"},"primaryImageOfPage":{"@id":"https:\/\/encompaniastj.org\/pt-pt\/dia-internacional-da-eliminacao-da-discriminacao-racial\/#primaryimage"},"image":{"@id":"https:\/\/encompaniastj.org\/pt-pt\/dia-internacional-da-eliminacao-da-discriminacao-racial\/#primaryimage"},"thumbnailUrl":"https:\/\/encompaniastj.org\/wp-content\/uploads\/2025\/05\/play-figures-4541727_640.jpg","datePublished":"2021-01-31T09:48:29+00:00","dateModified":"2025-07-07T14:22:14+00:00","breadcrumb":{"@id":"https:\/\/encompaniastj.org\/pt-pt\/dia-internacional-da-eliminacao-da-discriminacao-racial\/#breadcrumb"},"inLanguage":"pt-PT","potentialAction":[{"@type":"ReadAction","target":["https:\/\/encompaniastj.org\/pt-pt\/dia-internacional-da-eliminacao-da-discriminacao-racial\/"]}]},{"@type":"ImageObject","inLanguage":"pt-PT","@id":"https:\/\/encompaniastj.org\/pt-pt\/dia-internacional-da-eliminacao-da-discriminacao-racial\/#primaryimage","url":"https:\/\/encompaniastj.org\/wp-content\/uploads\/2025\/05\/play-figures-4541727_640.jpg","contentUrl":"https:\/\/encompaniastj.org\/wp-content\/uploads\/2025\/05\/play-figures-4541727_640.jpg","width":640,"height":426},{"@type":"BreadcrumbList","@id":"https:\/\/encompaniastj.org\/pt-pt\/dia-internacional-da-eliminacao-da-discriminacao-racial\/#breadcrumb","itemListElement":[{"@type":"ListItem","position":1,"name":"Portada","item":"https:\/\/encompaniastj.org\/pt-pt\/"},{"@type":"ListItem","position":2,"name":"Dia Internacional da Elimina\u00e7\u00e3o da Discrimina\u00e7\u00e3o Racial"}]},{"@type":"WebSite","@id":"https:\/\/encompaniastj.org\/pt-pt\/#website","url":"https:\/\/encompaniastj.org\/pt-pt\/","name":"En Compa\u00f1\u00eda STJ","description":"Bolet\u00edn de la Compa\u00f1\u00eda de Santa Teresa de Jes\u00fas","publisher":{"@id":"https:\/\/encompaniastj.org\/pt-pt\/#organization"},"potentialAction":[{"@type":"SearchAction","target":{"@type":"EntryPoint","urlTemplate":"https:\/\/encompaniastj.org\/pt-pt\/?s={search_term_string}"},"query-input":{"@type":"PropertyValueSpecification","valueRequired":true,"valueName":"search_term_string"}}],"inLanguage":"pt-PT"},{"@type":"Organization","@id":"https:\/\/encompaniastj.org\/pt-pt\/#organization","name":"Compa\u00f1\u00eda de Santa Teresa de Jes\u00fas","url":"https:\/\/encompaniastj.org\/pt-pt\/","logo":{"@type":"ImageObject","inLanguage":"pt-PT","@id":"https:\/\/encompaniastj.org\/pt-pt\/#\/schema\/logo\/image\/","url":"https:\/\/encompaniastj.org\/wp-content\/uploads\/2025\/04\/logo_provincias02-1-3.png","contentUrl":"https:\/\/encompaniastj.org\/wp-content\/uploads\/2025\/04\/logo_provincias02-1-3.png","width":2368,"height":825,"caption":"Compa\u00f1\u00eda de Santa Teresa de Jes\u00fas"},"image":{"@id":"https:\/\/encompaniastj.org\/pt-pt\/#\/schema\/logo\/image\/"}},{"@type":"Person","@id":"https:\/\/encompaniastj.org\/pt-pt\/#\/schema\/person\/520e7ecc314793d40091993c2a02b651","name":"admin","image":{"@type":"ImageObject","inLanguage":"pt-PT","@id":"https:\/\/secure.gravatar.com\/avatar\/948b492cce32b586ac2db0eaa926ee87024f7afe218d73b397ea5ddfc5f43ea1?s=96&d=mm&r=g","url":"https:\/\/secure.gravatar.com\/avatar\/948b492cce32b586ac2db0eaa926ee87024f7afe218d73b397ea5ddfc5f43ea1?s=96&d=mm&r=g","contentUrl":"https:\/\/secure.gravatar.com\/avatar\/948b492cce32b586ac2db0eaa926ee87024f7afe218d73b397ea5ddfc5f43ea1?s=96&d=mm&r=g","caption":"admin"},"sameAs":["https:\/\/encompaniastj.org"],"url":"https:\/\/encompaniastj.org\/pt-pt\/author\/sjdigital\/"}]}},"_links":{"self":[{"href":"https:\/\/encompaniastj.org\/pt-pt\/wp-json\/wp\/v2\/posts\/10550","targetHints":{"allow":["GET"]}}],"collection":[{"href":"https:\/\/encompaniastj.org\/pt-pt\/wp-json\/wp\/v2\/posts"}],"about":[{"href":"https:\/\/encompaniastj.org\/pt-pt\/wp-json\/wp\/v2\/types\/post"}],"author":[{"embeddable":true,"href":"https:\/\/encompaniastj.org\/pt-pt\/wp-json\/wp\/v2\/users\/1"}],"replies":[{"embeddable":true,"href":"https:\/\/encompaniastj.org\/pt-pt\/wp-json\/wp\/v2\/comments?post=10550"}],"version-history":[{"count":1,"href":"https:\/\/encompaniastj.org\/pt-pt\/wp-json\/wp\/v2\/posts\/10550\/revisions"}],"predecessor-version":[{"id":10551,"href":"https:\/\/encompaniastj.org\/pt-pt\/wp-json\/wp\/v2\/posts\/10550\/revisions\/10551"}],"wp:featuredmedia":[{"embeddable":true,"href":"https:\/\/encompaniastj.org\/pt-pt\/wp-json\/wp\/v2\/media\/7703"}],"wp:attachment":[{"href":"https:\/\/encompaniastj.org\/pt-pt\/wp-json\/wp\/v2\/media?parent=10550"}],"wp:term":[{"taxonomy":"category","embeddable":true,"href":"https:\/\/encompaniastj.org\/pt-pt\/wp-json\/wp\/v2\/categories?post=10550"},{"taxonomy":"post_tag","embeddable":true,"href":"https:\/\/encompaniastj.org\/pt-pt\/wp-json\/wp\/v2\/tags?post=10550"}],"curies":[{"name":"wp","href":"https:\/\/api.w.org\/{rel}","templated":true}]}}