{"id":10534,"date":"2021-04-01T10:05:27","date_gmt":"2021-04-01T08:05:27","guid":{"rendered":"https:\/\/encompaniastj.org\/comunidade-casa-de-acolhimento-espiritualidade-de-avila\/"},"modified":"2025-07-07T16:22:25","modified_gmt":"2025-07-07T14:22:25","slug":"comunidade-casa-de-acolhimento-espiritualidade-de-avila","status":"publish","type":"post","link":"https:\/\/encompaniastj.org\/pt-pt\/comunidade-casa-de-acolhimento-espiritualidade-de-avila\/","title":{"rendered":"Comunidade casa de acolhimento-espiritualidade de \u00c1vila"},"content":{"rendered":"\n<p>A nossa\ncomunidade, no momento, \u00e9 formada por seis irm\u00e3s: J\u00falia Hern\u00e1ndez, M\u00aa Jos\u00e9\nMaestro, Pura Mart\u00edn, Guadalupe Hoyos, Teresa Gil e Virg\u00ednia Mozo.<\/p>\n\n\n\n<p>Moramos na\nperiferia de \u00c1vila, em frente a um belo parque da cidade chamado El Soto. Toda\nesta zona, nestes tempos de pandemia, tornou-se um local muito frequentado por fam\u00edlias,\ndesportistas, caminhantes ...<\/p>\n\n\n\n<p>Dividimos parte do\npr\u00e9dio com a Comunidade de Enfermaria. Outra parte do pr\u00e9dio \u00e9 dedicada \u00e0 Casa\nde Espiritualidade e na \u00e1rea de habita\u00e7\u00e3o da comunidade temos quatro quartos\npara acolher as pessoas que v\u00eam partilhar connosco alguns dias de ora\u00e7\u00e3o,\ndescanso, forma\u00e7\u00e3o, etc.<\/p>\n\n\n\n<p>Recebemos a\nmiss\u00e3o de ser CASA DE ACOLHIMENTO e ESPIRITUALIDADE e acreditamos que n\u00e3o se\ntrata apenas de uma tarefa, mas, acima de tudo, de um estilo de vida.<\/p>\n\n\n\n<p>Tamb\u00e9m\nrealizamos outras tarefas ou servi\u00e7os noutros espa\u00e7os, que nos ajudam a\nrelacionar-nos com os outros e a colocar-nos com simplicidade entre os nossos\nirm\u00e3os: como desde o Centro Social, a par\u00f3quia, a nossa enfermaria, na FET,\nServi\u00e7o de Governo na Prov\u00edncia, CITeS, Universidade de Comillas, C\u00e1tedra \u201cHenrique\nde Oss\u00f3\u201d, Projeto Nudo, etc.<\/p>\n\n\n\n<p>Sentimo-nos\nprivilegiados por poder viver nesta cidade que cheira a Teresa de Jesus e de \u201cir\nfazendo o pouco que h\u00e1 em cada uma de n\u00f3s\u201d para \u201cconhecer e amar Jesus e\nfaz\u00ea-lo conhecer e amar\u201d.\n\nTamb\u00e9m sabeis que este lugar tem um sabor especial de encontro de fam\u00edlia.\nMuitos s\u00e3o os eventos que temos partilhado como Irm\u00e3s e como Fam\u00edlia Teresiana\ne que se t\u00eam celebrado neste espa\u00e7o - assembleias, cursos, retiros ou\nexerc\u00edcios. Esta \u00e9 a vossa casa!\n\n\n\n<\/p>\n","protected":false},"excerpt":{"rendered":"<p>A nossa comunidade, no momento, \u00e9 formada por seis irm\u00e3s: J\u00falia Hern\u00e1ndez, M\u00aa Jos\u00e9 Maestro, Pura Mart\u00edn, Guadalupe Hoyos, Teresa Gil e Virg\u00ednia Mozo. Moramos na periferia de \u00c1vila, em [&hellip;]<\/p>\n","protected":false},"author":1,"featured_media":7701,"comment_status":"open","ping_status":"open","sticky":false,"template":"","format":"standard","meta":{"_acf_changed":false,"footnotes":""},"categories":[67,66],"tags":[],"class_list":["post-10534","post","type-post","status-publish","format-standard","has-post-thumbnail","hentry","category-comunidades-conhecemo-nos","category-conhecemo-nos"],"acf":[],"yoast_head":"<!-- This site is optimized with the Yoast SEO plugin v27.5 - https:\/\/yoast.com\/product\/yoast-seo-wordpress\/ -->\n<title>Comunidade casa de acolhimento-espiritualidade de \u00c1vila - En Compa\u00f1\u00eda STJ<\/title>\n<meta name=\"robots\" content=\"index, follow, max-snippet:-1, max-image-preview:large, max-video-preview:-1\" \/>\n<link rel=\"canonical\" href=\"https:\/\/encompaniastj.org\/pt-pt\/comunidade-casa-de-acolhimento-espiritualidade-de-avila\/\" \/>\n<meta property=\"og:locale\" content=\"pt_PT\" \/>\n<meta property=\"og:type\" content=\"article\" \/>\n<meta property=\"og:title\" content=\"Comunidade casa de acolhimento-espiritualidade de \u00c1vila - En Compa\u00f1\u00eda STJ\" \/>\n<meta property=\"og:description\" content=\"A nossa comunidade, no momento, \u00e9 formada por seis irm\u00e3s: J\u00falia Hern\u00e1ndez, M\u00aa Jos\u00e9 Maestro, Pura Mart\u00edn, Guadalupe Hoyos, Teresa Gil e Virg\u00ednia Mozo. Moramos na periferia de \u00c1vila, em [&hellip;]\" \/>\n<meta property=\"og:url\" content=\"https:\/\/encompaniastj.org\/pt-pt\/comunidade-casa-de-acolhimento-espiritualidade-de-avila\/\" \/>\n<meta property=\"og:site_name\" content=\"En Compa\u00f1\u00eda STJ\" \/>\n<meta property=\"article:published_time\" content=\"2021-04-01T08:05:27+00:00\" \/>\n<meta property=\"article:modified_time\" content=\"2025-07-07T14:22:25+00:00\" \/>\n<meta property=\"og:image\" content=\"https:\/\/encompaniastj.org\/wp-content\/uploads\/2025\/05\/Avila.jpg\" \/>\n\t<meta property=\"og:image:width\" content=\"500\" \/>\n\t<meta property=\"og:image:height\" content=\"375\" \/>\n\t<meta property=\"og:image:type\" content=\"image\/jpeg\" \/>\n<meta name=\"author\" content=\"admin\" \/>\n<meta name=\"twitter:card\" content=\"summary_large_image\" \/>\n<meta name=\"twitter:label1\" content=\"Escrito por\" \/>\n\t<meta name=\"twitter:data1\" content=\"admin\" \/>\n\t<meta name=\"twitter:label2\" content=\"Tempo estimado de leitura\" \/>\n\t<meta name=\"twitter:data2\" content=\"1 minuto\" \/>\n<script type=\"application\/ld+json\" class=\"yoast-schema-graph\">{\"@context\":\"https:\\\/\\\/schema.org\",\"@graph\":[{\"@type\":\"Article\",\"@id\":\"https:\\\/\\\/encompaniastj.org\\\/pt-pt\\\/comunidade-casa-de-acolhimento-espiritualidade-de-avila\\\/#article\",\"isPartOf\":{\"@id\":\"https:\\\/\\\/encompaniastj.org\\\/pt-pt\\\/comunidade-casa-de-acolhimento-espiritualidade-de-avila\\\/\"},\"author\":{\"name\":\"admin\",\"@id\":\"https:\\\/\\\/encompaniastj.org\\\/pt-pt\\\/#\\\/schema\\\/person\\\/520e7ecc314793d40091993c2a02b651\"},\"headline\":\"Comunidade casa de acolhimento-espiritualidade de \u00c1vila\",\"datePublished\":\"2021-04-01T08:05:27+00:00\",\"dateModified\":\"2025-07-07T14:22:25+00:00\",\"mainEntityOfPage\":{\"@id\":\"https:\\\/\\\/encompaniastj.org\\\/pt-pt\\\/comunidade-casa-de-acolhimento-espiritualidade-de-avila\\\/\"},\"wordCount\":296,\"commentCount\":0,\"publisher\":{\"@id\":\"https:\\\/\\\/encompaniastj.org\\\/pt-pt\\\/#organization\"},\"image\":{\"@id\":\"https:\\\/\\\/encompaniastj.org\\\/pt-pt\\\/comunidade-casa-de-acolhimento-espiritualidade-de-avila\\\/#primaryimage\"},\"thumbnailUrl\":\"https:\\\/\\\/encompaniastj.org\\\/wp-content\\\/uploads\\\/2025\\\/05\\\/Avila.jpg\",\"articleSection\":[\"Comunidades\",\"Conhecemo-nos\"],\"inLanguage\":\"pt-PT\",\"potentialAction\":[{\"@type\":\"CommentAction\",\"name\":\"Comment\",\"target\":[\"https:\\\/\\\/encompaniastj.org\\\/pt-pt\\\/comunidade-casa-de-acolhimento-espiritualidade-de-avila\\\/#respond\"]}]},{\"@type\":\"WebPage\",\"@id\":\"https:\\\/\\\/encompaniastj.org\\\/pt-pt\\\/comunidade-casa-de-acolhimento-espiritualidade-de-avila\\\/\",\"url\":\"https:\\\/\\\/encompaniastj.org\\\/pt-pt\\\/comunidade-casa-de-acolhimento-espiritualidade-de-avila\\\/\",\"name\":\"Comunidade casa de acolhimento-espiritualidade de \u00c1vila - En Compa\u00f1\u00eda STJ\",\"isPartOf\":{\"@id\":\"https:\\\/\\\/encompaniastj.org\\\/pt-pt\\\/#website\"},\"primaryImageOfPage\":{\"@id\":\"https:\\\/\\\/encompaniastj.org\\\/pt-pt\\\/comunidade-casa-de-acolhimento-espiritualidade-de-avila\\\/#primaryimage\"},\"image\":{\"@id\":\"https:\\\/\\\/encompaniastj.org\\\/pt-pt\\\/comunidade-casa-de-acolhimento-espiritualidade-de-avila\\\/#primaryimage\"},\"thumbnailUrl\":\"https:\\\/\\\/encompaniastj.org\\\/wp-content\\\/uploads\\\/2025\\\/05\\\/Avila.jpg\",\"datePublished\":\"2021-04-01T08:05:27+00:00\",\"dateModified\":\"2025-07-07T14:22:25+00:00\",\"breadcrumb\":{\"@id\":\"https:\\\/\\\/encompaniastj.org\\\/pt-pt\\\/comunidade-casa-de-acolhimento-espiritualidade-de-avila\\\/#breadcrumb\"},\"inLanguage\":\"pt-PT\",\"potentialAction\":[{\"@type\":\"ReadAction\",\"target\":[\"https:\\\/\\\/encompaniastj.org\\\/pt-pt\\\/comunidade-casa-de-acolhimento-espiritualidade-de-avila\\\/\"]}]},{\"@type\":\"ImageObject\",\"inLanguage\":\"pt-PT\",\"@id\":\"https:\\\/\\\/encompaniastj.org\\\/pt-pt\\\/comunidade-casa-de-acolhimento-espiritualidade-de-avila\\\/#primaryimage\",\"url\":\"https:\\\/\\\/encompaniastj.org\\\/wp-content\\\/uploads\\\/2025\\\/05\\\/Avila.jpg\",\"contentUrl\":\"https:\\\/\\\/encompaniastj.org\\\/wp-content\\\/uploads\\\/2025\\\/05\\\/Avila.jpg\",\"width\":500,\"height\":375},{\"@type\":\"BreadcrumbList\",\"@id\":\"https:\\\/\\\/encompaniastj.org\\\/pt-pt\\\/comunidade-casa-de-acolhimento-espiritualidade-de-avila\\\/#breadcrumb\",\"itemListElement\":[{\"@type\":\"ListItem\",\"position\":1,\"name\":\"Portada\",\"item\":\"https:\\\/\\\/encompaniastj.org\\\/pt-pt\\\/\"},{\"@type\":\"ListItem\",\"position\":2,\"name\":\"Comunidade casa de acolhimento-espiritualidade de \u00c1vila\"}]},{\"@type\":\"WebSite\",\"@id\":\"https:\\\/\\\/encompaniastj.org\\\/pt-pt\\\/#website\",\"url\":\"https:\\\/\\\/encompaniastj.org\\\/pt-pt\\\/\",\"name\":\"En Compa\u00f1\u00eda STJ\",\"description\":\"Bolet\u00edn de la Compa\u00f1\u00eda de Santa Teresa de Jes\u00fas\",\"publisher\":{\"@id\":\"https:\\\/\\\/encompaniastj.org\\\/pt-pt\\\/#organization\"},\"potentialAction\":[{\"@type\":\"SearchAction\",\"target\":{\"@type\":\"EntryPoint\",\"urlTemplate\":\"https:\\\/\\\/encompaniastj.org\\\/pt-pt\\\/?s={search_term_string}\"},\"query-input\":{\"@type\":\"PropertyValueSpecification\",\"valueRequired\":true,\"valueName\":\"search_term_string\"}}],\"inLanguage\":\"pt-PT\"},{\"@type\":\"Organization\",\"@id\":\"https:\\\/\\\/encompaniastj.org\\\/pt-pt\\\/#organization\",\"name\":\"Compa\u00f1\u00eda de Santa Teresa de Jes\u00fas\",\"url\":\"https:\\\/\\\/encompaniastj.org\\\/pt-pt\\\/\",\"logo\":{\"@type\":\"ImageObject\",\"inLanguage\":\"pt-PT\",\"@id\":\"https:\\\/\\\/encompaniastj.org\\\/pt-pt\\\/#\\\/schema\\\/logo\\\/image\\\/\",\"url\":\"https:\\\/\\\/encompaniastj.org\\\/wp-content\\\/uploads\\\/2025\\\/04\\\/logo_provincias02-1-3.png\",\"contentUrl\":\"https:\\\/\\\/encompaniastj.org\\\/wp-content\\\/uploads\\\/2025\\\/04\\\/logo_provincias02-1-3.png\",\"width\":2368,\"height\":825,\"caption\":\"Compa\u00f1\u00eda de Santa Teresa de Jes\u00fas\"},\"image\":{\"@id\":\"https:\\\/\\\/encompaniastj.org\\\/pt-pt\\\/#\\\/schema\\\/logo\\\/image\\\/\"}},{\"@type\":\"Person\",\"@id\":\"https:\\\/\\\/encompaniastj.org\\\/pt-pt\\\/#\\\/schema\\\/person\\\/520e7ecc314793d40091993c2a02b651\",\"name\":\"admin\",\"image\":{\"@type\":\"ImageObject\",\"inLanguage\":\"pt-PT\",\"@id\":\"https:\\\/\\\/secure.gravatar.com\\\/avatar\\\/948b492cce32b586ac2db0eaa926ee87024f7afe218d73b397ea5ddfc5f43ea1?s=96&d=mm&r=g\",\"url\":\"https:\\\/\\\/secure.gravatar.com\\\/avatar\\\/948b492cce32b586ac2db0eaa926ee87024f7afe218d73b397ea5ddfc5f43ea1?s=96&d=mm&r=g\",\"contentUrl\":\"https:\\\/\\\/secure.gravatar.com\\\/avatar\\\/948b492cce32b586ac2db0eaa926ee87024f7afe218d73b397ea5ddfc5f43ea1?s=96&d=mm&r=g\",\"caption\":\"admin\"},\"sameAs\":[\"https:\\\/\\\/encompaniastj.org\"],\"url\":\"https:\\\/\\\/encompaniastj.org\\\/pt-pt\\\/author\\\/sjdigital\\\/\"}]}<\/script>\n<!-- \/ Yoast SEO plugin. -->","yoast_head_json":{"title":"Comunidade casa de acolhimento-espiritualidade de \u00c1vila - En Compa\u00f1\u00eda STJ","robots":{"index":"index","follow":"follow","max-snippet":"max-snippet:-1","max-image-preview":"max-image-preview:large","max-video-preview":"max-video-preview:-1"},"canonical":"https:\/\/encompaniastj.org\/pt-pt\/comunidade-casa-de-acolhimento-espiritualidade-de-avila\/","og_locale":"pt_PT","og_type":"article","og_title":"Comunidade casa de acolhimento-espiritualidade de \u00c1vila - En Compa\u00f1\u00eda STJ","og_description":"A nossa comunidade, no momento, \u00e9 formada por seis irm\u00e3s: J\u00falia Hern\u00e1ndez, M\u00aa Jos\u00e9 Maestro, Pura Mart\u00edn, Guadalupe Hoyos, Teresa Gil e Virg\u00ednia Mozo. Moramos na periferia de \u00c1vila, em [&hellip;]","og_url":"https:\/\/encompaniastj.org\/pt-pt\/comunidade-casa-de-acolhimento-espiritualidade-de-avila\/","og_site_name":"En Compa\u00f1\u00eda STJ","article_published_time":"2021-04-01T08:05:27+00:00","article_modified_time":"2025-07-07T14:22:25+00:00","og_image":[{"width":500,"height":375,"url":"https:\/\/encompaniastj.org\/wp-content\/uploads\/2025\/05\/Avila.jpg","type":"image\/jpeg"}],"author":"admin","twitter_card":"summary_large_image","twitter_misc":{"Escrito por":"admin","Tempo estimado de leitura":"1 minuto"},"schema":{"@context":"https:\/\/schema.org","@graph":[{"@type":"Article","@id":"https:\/\/encompaniastj.org\/pt-pt\/comunidade-casa-de-acolhimento-espiritualidade-de-avila\/#article","isPartOf":{"@id":"https:\/\/encompaniastj.org\/pt-pt\/comunidade-casa-de-acolhimento-espiritualidade-de-avila\/"},"author":{"name":"admin","@id":"https:\/\/encompaniastj.org\/pt-pt\/#\/schema\/person\/520e7ecc314793d40091993c2a02b651"},"headline":"Comunidade casa de acolhimento-espiritualidade de \u00c1vila","datePublished":"2021-04-01T08:05:27+00:00","dateModified":"2025-07-07T14:22:25+00:00","mainEntityOfPage":{"@id":"https:\/\/encompaniastj.org\/pt-pt\/comunidade-casa-de-acolhimento-espiritualidade-de-avila\/"},"wordCount":296,"commentCount":0,"publisher":{"@id":"https:\/\/encompaniastj.org\/pt-pt\/#organization"},"image":{"@id":"https:\/\/encompaniastj.org\/pt-pt\/comunidade-casa-de-acolhimento-espiritualidade-de-avila\/#primaryimage"},"thumbnailUrl":"https:\/\/encompaniastj.org\/wp-content\/uploads\/2025\/05\/Avila.jpg","articleSection":["Comunidades","Conhecemo-nos"],"inLanguage":"pt-PT","potentialAction":[{"@type":"CommentAction","name":"Comment","target":["https:\/\/encompaniastj.org\/pt-pt\/comunidade-casa-de-acolhimento-espiritualidade-de-avila\/#respond"]}]},{"@type":"WebPage","@id":"https:\/\/encompaniastj.org\/pt-pt\/comunidade-casa-de-acolhimento-espiritualidade-de-avila\/","url":"https:\/\/encompaniastj.org\/pt-pt\/comunidade-casa-de-acolhimento-espiritualidade-de-avila\/","name":"Comunidade casa de acolhimento-espiritualidade de \u00c1vila - En Compa\u00f1\u00eda STJ","isPartOf":{"@id":"https:\/\/encompaniastj.org\/pt-pt\/#website"},"primaryImageOfPage":{"@id":"https:\/\/encompaniastj.org\/pt-pt\/comunidade-casa-de-acolhimento-espiritualidade-de-avila\/#primaryimage"},"image":{"@id":"https:\/\/encompaniastj.org\/pt-pt\/comunidade-casa-de-acolhimento-espiritualidade-de-avila\/#primaryimage"},"thumbnailUrl":"https:\/\/encompaniastj.org\/wp-content\/uploads\/2025\/05\/Avila.jpg","datePublished":"2021-04-01T08:05:27+00:00","dateModified":"2025-07-07T14:22:25+00:00","breadcrumb":{"@id":"https:\/\/encompaniastj.org\/pt-pt\/comunidade-casa-de-acolhimento-espiritualidade-de-avila\/#breadcrumb"},"inLanguage":"pt-PT","potentialAction":[{"@type":"ReadAction","target":["https:\/\/encompaniastj.org\/pt-pt\/comunidade-casa-de-acolhimento-espiritualidade-de-avila\/"]}]},{"@type":"ImageObject","inLanguage":"pt-PT","@id":"https:\/\/encompaniastj.org\/pt-pt\/comunidade-casa-de-acolhimento-espiritualidade-de-avila\/#primaryimage","url":"https:\/\/encompaniastj.org\/wp-content\/uploads\/2025\/05\/Avila.jpg","contentUrl":"https:\/\/encompaniastj.org\/wp-content\/uploads\/2025\/05\/Avila.jpg","width":500,"height":375},{"@type":"BreadcrumbList","@id":"https:\/\/encompaniastj.org\/pt-pt\/comunidade-casa-de-acolhimento-espiritualidade-de-avila\/#breadcrumb","itemListElement":[{"@type":"ListItem","position":1,"name":"Portada","item":"https:\/\/encompaniastj.org\/pt-pt\/"},{"@type":"ListItem","position":2,"name":"Comunidade casa de acolhimento-espiritualidade de \u00c1vila"}]},{"@type":"WebSite","@id":"https:\/\/encompaniastj.org\/pt-pt\/#website","url":"https:\/\/encompaniastj.org\/pt-pt\/","name":"En Compa\u00f1\u00eda STJ","description":"Bolet\u00edn de la Compa\u00f1\u00eda de Santa Teresa de Jes\u00fas","publisher":{"@id":"https:\/\/encompaniastj.org\/pt-pt\/#organization"},"potentialAction":[{"@type":"SearchAction","target":{"@type":"EntryPoint","urlTemplate":"https:\/\/encompaniastj.org\/pt-pt\/?s={search_term_string}"},"query-input":{"@type":"PropertyValueSpecification","valueRequired":true,"valueName":"search_term_string"}}],"inLanguage":"pt-PT"},{"@type":"Organization","@id":"https:\/\/encompaniastj.org\/pt-pt\/#organization","name":"Compa\u00f1\u00eda de Santa Teresa de Jes\u00fas","url":"https:\/\/encompaniastj.org\/pt-pt\/","logo":{"@type":"ImageObject","inLanguage":"pt-PT","@id":"https:\/\/encompaniastj.org\/pt-pt\/#\/schema\/logo\/image\/","url":"https:\/\/encompaniastj.org\/wp-content\/uploads\/2025\/04\/logo_provincias02-1-3.png","contentUrl":"https:\/\/encompaniastj.org\/wp-content\/uploads\/2025\/04\/logo_provincias02-1-3.png","width":2368,"height":825,"caption":"Compa\u00f1\u00eda de Santa Teresa de Jes\u00fas"},"image":{"@id":"https:\/\/encompaniastj.org\/pt-pt\/#\/schema\/logo\/image\/"}},{"@type":"Person","@id":"https:\/\/encompaniastj.org\/pt-pt\/#\/schema\/person\/520e7ecc314793d40091993c2a02b651","name":"admin","image":{"@type":"ImageObject","inLanguage":"pt-PT","@id":"https:\/\/secure.gravatar.com\/avatar\/948b492cce32b586ac2db0eaa926ee87024f7afe218d73b397ea5ddfc5f43ea1?s=96&d=mm&r=g","url":"https:\/\/secure.gravatar.com\/avatar\/948b492cce32b586ac2db0eaa926ee87024f7afe218d73b397ea5ddfc5f43ea1?s=96&d=mm&r=g","contentUrl":"https:\/\/secure.gravatar.com\/avatar\/948b492cce32b586ac2db0eaa926ee87024f7afe218d73b397ea5ddfc5f43ea1?s=96&d=mm&r=g","caption":"admin"},"sameAs":["https:\/\/encompaniastj.org"],"url":"https:\/\/encompaniastj.org\/pt-pt\/author\/sjdigital\/"}]}},"_links":{"self":[{"href":"https:\/\/encompaniastj.org\/pt-pt\/wp-json\/wp\/v2\/posts\/10534","targetHints":{"allow":["GET"]}}],"collection":[{"href":"https:\/\/encompaniastj.org\/pt-pt\/wp-json\/wp\/v2\/posts"}],"about":[{"href":"https:\/\/encompaniastj.org\/pt-pt\/wp-json\/wp\/v2\/types\/post"}],"author":[{"embeddable":true,"href":"https:\/\/encompaniastj.org\/pt-pt\/wp-json\/wp\/v2\/users\/1"}],"replies":[{"embeddable":true,"href":"https:\/\/encompaniastj.org\/pt-pt\/wp-json\/wp\/v2\/comments?post=10534"}],"version-history":[{"count":1,"href":"https:\/\/encompaniastj.org\/pt-pt\/wp-json\/wp\/v2\/posts\/10534\/revisions"}],"predecessor-version":[{"id":10535,"href":"https:\/\/encompaniastj.org\/pt-pt\/wp-json\/wp\/v2\/posts\/10534\/revisions\/10535"}],"wp:featuredmedia":[{"embeddable":true,"href":"https:\/\/encompaniastj.org\/pt-pt\/wp-json\/wp\/v2\/media\/7701"}],"wp:attachment":[{"href":"https:\/\/encompaniastj.org\/pt-pt\/wp-json\/wp\/v2\/media?parent=10534"}],"wp:term":[{"taxonomy":"category","embeddable":true,"href":"https:\/\/encompaniastj.org\/pt-pt\/wp-json\/wp\/v2\/categories?post=10534"},{"taxonomy":"post_tag","embeddable":true,"href":"https:\/\/encompaniastj.org\/pt-pt\/wp-json\/wp\/v2\/tags?post=10534"}],"curies":[{"name":"wp","href":"https:\/\/api.w.org\/{rel}","templated":true}]}}